{"id":1005,"date":"2023-03-09T21:59:09","date_gmt":"2023-03-09T21:59:09","guid":{"rendered":"https:\/\/cacaunews.com\/?p=1005"},"modified":"2023-03-09T21:59:07","modified_gmt":"2023-03-09T21:59:07","slug":"psb-bate-o-martelo-sobre-federacao-com-pdt-e-solidariedade","status":"publish","type":"post","link":"https:\/\/cacaunews.com\/?p=1005","title":{"rendered":"PSB bate o martelo sobre federa\u00e7\u00e3o com PDT e Solidariedade."},"content":{"rendered":"\n<p>O PSB aprovou forma\u00e7\u00e3o de uma federa\u00e7\u00e3o partid\u00e1ria com o PDT e o Solidariedade, durante reuni\u00e3o da Executiva Nacional nesta quinta-feira (9). De acordo com o presidente da sigla, Carlos Siqueira, esta uni\u00e3o ir\u00e1 representar \u201cuma nova for\u00e7a de centro-esquerda\u201d.<br><br>\u201cAcredito que podemos ampliar a base de apoio ao campo progressista nas elei\u00e7\u00f5es de 2024 e 2026\u201d, disse em documento ap\u00f3s o encontro.<br><br>A decis\u00e3o foi proferida por maioria dos presentes. Entre eles estava o vice-presidente da Rep\u00fablica, Geraldo Alckmin, o ministro M\u00e1rcio Fran\u00e7a (Portos e Aeroportos), e os governadores Jo\u00e3o Azevedo (PB) e Renato Casagrande (ES).<\/p>\n\n\n\n<p>O PSB teve um desempenho aqu\u00e9m do esperado nas elei\u00e7\u00f5es do ano passado. Apenas cinco estados alcan\u00e7aram o desempenho exigido pela Justi\u00e7a Eleitoral e elegeu apenas 14 deputados federais. Em 2018 eram 32.<br><br><br>\u201cA realidade do sistema pol\u00edtico exige uma racionaliza\u00e7\u00e3o do n\u00famero de partidos no pa\u00eds, que apresentem programas mais claros \u00e0 sociedade e, com isso, acredito que podemos ampliar a base de apoio ao campo progressista nas elei\u00e7\u00f5es de 2024 e 2026\u201d, avalia Siqueira.<br><br>No documento os socialistas ainda defendem que uma federa\u00e7\u00e3o com partidos como o PDT e Solidariedade permitiria um equil\u00edbrio necess\u00e1rio \u00e0 tomada de decis\u00f5es e respeito \u00e0 autonomia.<\/p>\n\n\n\n<p>Com informa\u00e7\u00f5es O Antagonista.<\/p>\n","protected":false},"excerpt":{"rendered":"<p>O PSB aprovou forma\u00e7\u00e3o de uma federa\u00e7\u00e3o partid\u00e1ria com o PDT e o Solidariedade, durante&#8230;<\/p>\n","protected":false},"author":1,"featured_media":1004,"comment_status":"open","ping_status":"open","sticky":false,"template":"","format":"standard","meta":{"footnotes":""},"categories":[5],"tags":[368,370,367,369],"yoast_head":"<!-- This site is optimized with the Yoast SEO plugin v21.7 - https:\/\/yoast.com\/wordpress\/plugins\/seo\/ -->\n<title>PSB bate o martelo sobre federa\u00e7\u00e3o com PDT e Solidariedade. - Cacau News<\/title>\n<meta name=\"robots\" content=\"index, follow, max-snippet:-1, max-image-preview:large, max-video-preview:-1\" \/>\n<link rel=\"canonical\" href=\"https:\/\/cacaunews.com\/?p=1005\" \/>\n<meta property=\"og:locale\" content=\"pt_BR\" \/>\n<meta property=\"og:type\" content=\"article\" \/>\n<meta property=\"og:title\" content=\"PSB bate o martelo sobre federa\u00e7\u00e3o com PDT e Solidariedade. - Cacau News\" \/>\n<meta property=\"og:description\" content=\"O PSB aprovou forma\u00e7\u00e3o de uma federa\u00e7\u00e3o partid\u00e1ria com o PDT e o Solidariedade, durante...\" \/>\n<meta property=\"og:url\" content=\"https:\/\/cacaunews.com\/?p=1005\" \/>\n<meta property=\"og:site_name\" content=\"Cacau News\" \/>\n<meta property=\"article:published_time\" content=\"2023-03-09T21:59:09+00:00\" \/>\n<meta property=\"article:modified_time\" content=\"2023-03-09T21:59:07+00:00\" \/>\n<meta property=\"og:image\" content=\"https:\/\/cacaunews.com\/wp-content\/uploads\/2023\/03\/Carlos-Siqueira-1-1024x576-1.jpg\" \/>\n\t<meta property=\"og:image:width\" content=\"1024\" \/>\n\t<meta property=\"og:image:height\" content=\"576\" \/>\n\t<meta property=\"og:image:type\" content=\"image\/jpeg\" \/>\n<meta name=\"author\" content=\"Reda\u00e7\u00e3o Cacau News\" \/>\n<meta name=\"twitter:card\" content=\"summary_large_image\" \/>\n<meta name=\"twitter:label1\" content=\"Escrito por\" \/>\n\t<meta name=\"twitter:data1\" content=\"Reda\u00e7\u00e3o Cacau News\" \/>\n\t<meta name=\"twitter:label2\" content=\"Est. tempo de leitura\" \/>\n\t<meta name=\"twitter:data2\" content=\"1 minuto\" \/>\n<script type=\"application\/ld+json\" class=\"yoast-schema-graph\">{\"@context\":\"https:\/\/schema.org\",\"@graph\":[{\"@type\":\"Article\",\"@id\":\"https:\/\/cacaunews.com\/?p=1005#article\",\"isPartOf\":{\"@id\":\"https:\/\/cacaunews.com\/?p=1005\"},\"author\":{\"name\":\"Reda\u00e7\u00e3o Cacau News\",\"@id\":\"https:\/\/cacaunews.com\/#\/schema\/person\/ea69703103e606ad347ccd64bd72ef79\"},\"headline\":\"PSB bate o martelo sobre federa\u00e7\u00e3o com PDT e Solidariedade.\",\"datePublished\":\"2023-03-09T21:59:09+00:00\",\"dateModified\":\"2023-03-09T21:59:07+00:00\",\"mainEntityOfPage\":{\"@id\":\"https:\/\/cacaunews.com\/?p=1005\"},\"wordCount\":232,\"commentCount\":0,\"publisher\":{\"@id\":\"https:\/\/cacaunews.com\/#organization\"},\"keywords\":[\"federa\u00e7\u00e3o\",\"PDT\",\"PSB\",\"SD\"],\"articleSection\":[\"Politica\"],\"inLanguage\":\"pt-BR\",\"potentialAction\":[{\"@type\":\"CommentAction\",\"name\":\"Comment\",\"target\":[\"https:\/\/cacaunews.com\/?p=1005#respond\"]}]},{\"@type\":\"WebPage\",\"@id\":\"https:\/\/cacaunews.com\/?p=1005\",\"url\":\"https:\/\/cacaunews.com\/?p=1005\",\"name\":\"PSB bate o martelo sobre federa\u00e7\u00e3o com PDT e Solidariedade. - Cacau News\",\"isPartOf\":{\"@id\":\"https:\/\/cacaunews.com\/#website\"},\"datePublished\":\"2023-03-09T21:59:09+00:00\",\"dateModified\":\"2023-03-09T21:59:07+00:00\",\"breadcrumb\":{\"@id\":\"https:\/\/cacaunews.com\/?p=1005#breadcrumb\"},\"inLanguage\":\"pt-BR\",\"potentialAction\":[{\"@type\":\"ReadAction\",\"target\":[\"https:\/\/cacaunews.com\/?p=1005\"]}]},{\"@type\":\"BreadcrumbList\",\"@id\":\"https:\/\/cacaunews.com\/?p=1005#breadcrumb\",\"itemListElement\":[{\"@type\":\"ListItem\",\"position\":1,\"name\":\"In\u00edcio\",\"item\":\"https:\/\/cacaunews.com\/\"},{\"@type\":\"ListItem\",\"position\":2,\"name\":\"PSB bate o martelo sobre federa\u00e7\u00e3o com PDT e Solidariedade.\"}]},{\"@type\":\"WebSite\",\"@id\":\"https:\/\/cacaunews.com\/#website\",\"url\":\"https:\/\/cacaunews.com\/\",\"name\":\"Cacau News\",\"description\":\"A Informa\u00e7\u00e3o que voc\u00ea precisa!\",\"publisher\":{\"@id\":\"https:\/\/cacaunews.com\/#organization\"},\"potentialAction\":[{\"@type\":\"SearchAction\",\"target\":{\"@type\":\"EntryPoint\",\"urlTemplate\":\"https:\/\/cacaunews.com\/?s={search_term_string}\"},\"query-input\":\"required name=search_term_string\"}],\"inLanguage\":\"pt-BR\"},{\"@type\":\"Organization\",\"@id\":\"https:\/\/cacaunews.com\/#organization\",\"name\":\"Cacau News\",\"url\":\"https:\/\/cacaunews.com\/\",\"logo\":{\"@type\":\"ImageObject\",\"inLanguage\":\"pt-BR\",\"@id\":\"https:\/\/cacaunews.com\/#\/schema\/logo\/image\/\",\"url\":\"https:\/\/cacaunews.com\/wp-content\/uploads\/2025\/01\/cropped-LOGO-NOVA.png\",\"contentUrl\":\"https:\/\/cacaunews.com\/wp-content\/uploads\/2025\/01\/cropped-LOGO-NOVA.png\",\"width\":813,\"height\":813,\"caption\":\"Cacau News\"},\"image\":{\"@id\":\"https:\/\/cacaunews.com\/#\/schema\/logo\/image\/\"},\"sameAs\":[\"https:\/\/www.instagram.com\/cacaunews.online\/\",\"https:\/\/youtube.com\/@cacaunews?si=0VXLnjl08SrWbVG9\"]},{\"@type\":\"Person\",\"@id\":\"https:\/\/cacaunews.com\/#\/schema\/person\/ea69703103e606ad347ccd64bd72ef79\",\"name\":\"Reda\u00e7\u00e3o Cacau News\",\"image\":{\"@type\":\"ImageObject\",\"inLanguage\":\"pt-BR\",\"@id\":\"https:\/\/cacaunews.com\/#\/schema\/person\/image\/\",\"url\":\"https:\/\/secure.gravatar.com\/avatar\/d79227a2a7b6cc42e8d7a8f7c284cd3a?s=96&d=mm&r=g\",\"contentUrl\":\"https:\/\/secure.gravatar.com\/avatar\/d79227a2a7b6cc42e8d7a8f7c284cd3a?s=96&d=mm&r=g\",\"caption\":\"Reda\u00e7\u00e3o Cacau News\"},\"sameAs\":[\"https:\/\/cacaunews.com\"],\"url\":\"https:\/\/cacaunews.com\/?author=1\"}]}<\/script>\n<!-- \/ Yoast SEO plugin. -->","yoast_head_json":{"title":"PSB bate o martelo sobre federa\u00e7\u00e3o com PDT e Solidariedade. - Cacau News","robots":{"index":"index","follow":"follow","max-snippet":"max-snippet:-1","max-image-preview":"max-image-preview:large","max-video-preview":"max-video-preview:-1"},"canonical":"https:\/\/cacaunews.com\/?p=1005","og_locale":"pt_BR","og_type":"article","og_title":"PSB bate o martelo sobre federa\u00e7\u00e3o com PDT e Solidariedade. - Cacau News","og_description":"O PSB aprovou forma\u00e7\u00e3o de uma federa\u00e7\u00e3o partid\u00e1ria com o PDT e o Solidariedade, durante...","og_url":"https:\/\/cacaunews.com\/?p=1005","og_site_name":"Cacau News","article_published_time":"2023-03-09T21:59:09+00:00","article_modified_time":"2023-03-09T21:59:07+00:00","og_image":[{"width":1024,"height":576,"url":"https:\/\/cacaunews.com\/wp-content\/uploads\/2023\/03\/Carlos-Siqueira-1-1024x576-1.jpg","type":"image\/jpeg"}],"author":"Reda\u00e7\u00e3o Cacau News","twitter_card":"summary_large_image","twitter_misc":{"Escrito por":"Reda\u00e7\u00e3o Cacau News","Est. tempo de leitura":"1 minuto"},"schema":{"@context":"https:\/\/schema.org","@graph":[{"@type":"Article","@id":"https:\/\/cacaunews.com\/?p=1005#article","isPartOf":{"@id":"https:\/\/cacaunews.com\/?p=1005"},"author":{"name":"Reda\u00e7\u00e3o Cacau News","@id":"https:\/\/cacaunews.com\/#\/schema\/person\/ea69703103e606ad347ccd64bd72ef79"},"headline":"PSB bate o martelo sobre federa\u00e7\u00e3o com PDT e Solidariedade.","datePublished":"2023-03-09T21:59:09+00:00","dateModified":"2023-03-09T21:59:07+00:00","mainEntityOfPage":{"@id":"https:\/\/cacaunews.com\/?p=1005"},"wordCount":232,"commentCount":0,"publisher":{"@id":"https:\/\/cacaunews.com\/#organization"},"keywords":["federa\u00e7\u00e3o","PDT","PSB","SD"],"articleSection":["Politica"],"inLanguage":"pt-BR","potentialAction":[{"@type":"CommentAction","name":"Comment","target":["https:\/\/cacaunews.com\/?p=1005#respond"]}]},{"@type":"WebPage","@id":"https:\/\/cacaunews.com\/?p=1005","url":"https:\/\/cacaunews.com\/?p=1005","name":"PSB bate o martelo sobre federa\u00e7\u00e3o com PDT e Solidariedade. - Cacau News","isPartOf":{"@id":"https:\/\/cacaunews.com\/#website"},"datePublished":"2023-03-09T21:59:09+00:00","dateModified":"2023-03-09T21:59:07+00:00","breadcrumb":{"@id":"https:\/\/cacaunews.com\/?p=1005#breadcrumb"},"inLanguage":"pt-BR","potentialAction":[{"@type":"ReadAction","target":["https:\/\/cacaunews.com\/?p=1005"]}]},{"@type":"BreadcrumbList","@id":"https:\/\/cacaunews.com\/?p=1005#breadcrumb","itemListElement":[{"@type":"ListItem","position":1,"name":"In\u00edcio","item":"https:\/\/cacaunews.com\/"},{"@type":"ListItem","position":2,"name":"PSB bate o martelo sobre federa\u00e7\u00e3o com PDT e Solidariedade."}]},{"@type":"WebSite","@id":"https:\/\/cacaunews.com\/#website","url":"https:\/\/cacaunews.com\/","name":"Cacau News","description":"A Informa\u00e7\u00e3o que voc\u00ea precisa!","publisher":{"@id":"https:\/\/cacaunews.com\/#organization"},"potentialAction":[{"@type":"SearchAction","target":{"@type":"EntryPoint","urlTemplate":"https:\/\/cacaunews.com\/?s={search_term_string}"},"query-input":"required name=search_term_string"}],"inLanguage":"pt-BR"},{"@type":"Organization","@id":"https:\/\/cacaunews.com\/#organization","name":"Cacau News","url":"https:\/\/cacaunews.com\/","logo":{"@type":"ImageObject","inLanguage":"pt-BR","@id":"https:\/\/cacaunews.com\/#\/schema\/logo\/image\/","url":"https:\/\/cacaunews.com\/wp-content\/uploads\/2025\/01\/cropped-LOGO-NOVA.png","contentUrl":"https:\/\/cacaunews.com\/wp-content\/uploads\/2025\/01\/cropped-LOGO-NOVA.png","width":813,"height":813,"caption":"Cacau News"},"image":{"@id":"https:\/\/cacaunews.com\/#\/schema\/logo\/image\/"},"sameAs":["https:\/\/www.instagram.com\/cacaunews.online\/","https:\/\/youtube.com\/@cacaunews?si=0VXLnjl08SrWbVG9"]},{"@type":"Person","@id":"https:\/\/cacaunews.com\/#\/schema\/person\/ea69703103e606ad347ccd64bd72ef79","name":"Reda\u00e7\u00e3o Cacau News","image":{"@type":"ImageObject","inLanguage":"pt-BR","@id":"https:\/\/cacaunews.com\/#\/schema\/person\/image\/","url":"https:\/\/secure.gravatar.com\/avatar\/d79227a2a7b6cc42e8d7a8f7c284cd3a?s=96&d=mm&r=g","contentUrl":"https:\/\/secure.gravatar.com\/avatar\/d79227a2a7b6cc42e8d7a8f7c284cd3a?s=96&d=mm&r=g","caption":"Reda\u00e7\u00e3o Cacau News"},"sameAs":["https:\/\/cacaunews.com"],"url":"https:\/\/cacaunews.com\/?author=1"}]}},"jetpack_sharing_enabled":true,"jetpack_featured_media_url":"https:\/\/cacaunews.com\/wp-content\/uploads\/2023\/03\/Carlos-Siqueira-1-1024x576-1.jpg","_links":{"self":[{"href":"https:\/\/cacaunews.com\/index.php?rest_route=\/wp\/v2\/posts\/1005"}],"collection":[{"href":"https:\/\/cacaunews.com\/index.php?rest_route=\/wp\/v2\/posts"}],"about":[{"href":"https:\/\/cacaunews.com\/index.php?rest_route=\/wp\/v2\/types\/post"}],"author":[{"embeddable":true,"href":"https:\/\/cacaunews.com\/index.php?rest_route=\/wp\/v2\/users\/1"}],"replies":[{"embeddable":true,"href":"https:\/\/cacaunews.com\/index.php?rest_route=%2Fwp%2Fv2%2Fcomments&post=1005"}],"version-history":[{"count":1,"href":"https:\/\/cacaunews.com\/index.php?rest_route=\/wp\/v2\/posts\/1005\/revisions"}],"predecessor-version":[{"id":1007,"href":"https:\/\/cacaunews.com\/index.php?rest_route=\/wp\/v2\/posts\/1005\/revisions\/1007"}],"wp:featuredmedia":[{"embeddable":true,"href":"https:\/\/cacaunews.com\/index.php?rest_route=\/wp\/v2\/media\/1004"}],"wp:attachment":[{"href":"https:\/\/cacaunews.com\/index.php?rest_route=%2Fwp%2Fv2%2Fmedia&parent=1005"}],"wp:term":[{"taxonomy":"category","embeddable":true,"href":"https:\/\/cacaunews.com\/index.php?rest_route=%2Fwp%2Fv2%2Fcategories&post=1005"},{"taxonomy":"post_tag","embeddable":true,"href":"https:\/\/cacaunews.com\/index.php?rest_route=%2Fwp%2Fv2%2Ftags&post=1005"}],"curies":[{"name":"wp","href":"https:\/\/api.w.org\/{rel}","templated":true}]}}