{"id":1021,"date":"2023-03-13T13:11:35","date_gmt":"2023-03-13T13:11:35","guid":{"rendered":"https:\/\/cacaunews.com\/?p=1021"},"modified":"2023-03-13T13:11:33","modified_gmt":"2023-03-13T13:11:33","slug":"ilheus-adolescente-desaparece-apos-se-afogar-em-praia","status":"publish","type":"post","link":"https:\/\/cacaunews.com\/?p=1021","title":{"rendered":"Ilh\u00e9us: Adolescente desaparece ap\u00f3s se afogar em praia."},"content":{"rendered":"\n<p>Um adolescente de 17 anos est\u00e1 desaparecido desde a tarde de s\u00e1bado (12), ap\u00f3s se afogar na praia da Avenida, no Centro de Ilh\u00e9us, no sul da Bahia. As informa\u00e7\u00f5es s\u00e3o do Corpo de Bombeiros da cidade.<br><br>O adolescente e o irm\u00e3o, de 15 anos, entraram no mar na regi\u00e3o da Avenida Soares Lopes, na regi\u00e3o do porto, no come\u00e7o da tarde. Por volta de 14h40, os bombeiros foram acionados para ajudar em uma ocorr\u00eancia de afogamento dos irm\u00e3os.<br><br>Um deles, o de 15 anos, foi resgatado. N\u00e3o h\u00e1 informa\u00e7\u00f5es sobre o estado de sa\u00fade do jovem. J\u00e1 o adolescente de 17 anos n\u00e3o foi encontrado pelos militares. Desde ent\u00e3o, bombeiros realizam buscas na regi\u00e3o da praia onde os jovens estavam.<\/p>\n\n\n\n<p>Segundo os agentes, a ocorr\u00eancia est\u00e1 em andamento, e n\u00e3o \u00e9 poss\u00edvel informar mais detalhes. Nas buscas, os bombeiros t\u00eam utilizado diversos recursos, como moto aqu\u00e1ticas.<br><br>Outros agentes de seguran\u00e7a e sa\u00fade, como policiais militares e profissionais do Servi\u00e7o de Atendimento M\u00f3vel de Urg\u00eancia (Samu), auxiliam nas atividades de buscas.<\/p>\n\n\n\n<p>Com informa\u00e7\u00f5es G1 Bahia.<\/p>\n","protected":false},"excerpt":{"rendered":"<p>Um adolescente de 17 anos est\u00e1 desaparecido desde a tarde de s\u00e1bado (12), ap\u00f3s se&#8230;<\/p>\n","protected":false},"author":1,"featured_media":1020,"comment_status":"open","ping_status":"open","sticky":false,"template":"","format":"standard","meta":{"footnotes":""},"categories":[18,11],"tags":[81,372,37],"yoast_head":"<!-- This site is optimized with the Yoast SEO plugin v21.7 - https:\/\/yoast.com\/wordpress\/plugins\/seo\/ -->\n<title>Ilh\u00e9us: Adolescente desaparece ap\u00f3s se afogar em praia. - Cacau News<\/title>\n<meta name=\"robots\" content=\"index, follow, max-snippet:-1, max-image-preview:large, max-video-preview:-1\" \/>\n<link rel=\"canonical\" href=\"https:\/\/cacaunews.com\/?p=1021\" \/>\n<meta property=\"og:locale\" content=\"pt_BR\" \/>\n<meta property=\"og:type\" content=\"article\" \/>\n<meta property=\"og:title\" content=\"Ilh\u00e9us: Adolescente desaparece ap\u00f3s se afogar em praia. - Cacau News\" \/>\n<meta property=\"og:description\" content=\"Um adolescente de 17 anos est\u00e1 desaparecido desde a tarde de s\u00e1bado (12), ap\u00f3s se...\" \/>\n<meta property=\"og:url\" content=\"https:\/\/cacaunews.com\/?p=1021\" \/>\n<meta property=\"og:site_name\" content=\"Cacau News\" \/>\n<meta property=\"article:published_time\" content=\"2023-03-13T13:11:35+00:00\" \/>\n<meta property=\"article:modified_time\" content=\"2023-03-13T13:11:33+00:00\" \/>\n<meta property=\"og:image\" content=\"https:\/\/cacaunews.com\/wp-content\/uploads\/2023\/03\/jovemdesaparecido.jpeg\" \/>\n\t<meta property=\"og:image:width\" content=\"640\" \/>\n\t<meta property=\"og:image:height\" content=\"359\" \/>\n\t<meta property=\"og:image:type\" content=\"image\/jpeg\" \/>\n<meta name=\"author\" content=\"Reda\u00e7\u00e3o Cacau News\" \/>\n<meta name=\"twitter:card\" content=\"summary_large_image\" \/>\n<meta name=\"twitter:label1\" content=\"Escrito por\" \/>\n\t<meta name=\"twitter:data1\" content=\"Reda\u00e7\u00e3o Cacau News\" \/>\n\t<meta name=\"twitter:label2\" content=\"Est. tempo de leitura\" \/>\n\t<meta name=\"twitter:data2\" content=\"1 minuto\" \/>\n<script type=\"application\/ld+json\" class=\"yoast-schema-graph\">{\"@context\":\"https:\/\/schema.org\",\"@graph\":[{\"@type\":\"Article\",\"@id\":\"https:\/\/cacaunews.com\/?p=1021#article\",\"isPartOf\":{\"@id\":\"https:\/\/cacaunews.com\/?p=1021\"},\"author\":{\"name\":\"Reda\u00e7\u00e3o Cacau News\",\"@id\":\"https:\/\/cacaunews.com\/#\/schema\/person\/ea69703103e606ad347ccd64bd72ef79\"},\"headline\":\"Ilh\u00e9us: Adolescente desaparece ap\u00f3s se afogar em praia.\",\"datePublished\":\"2023-03-13T13:11:35+00:00\",\"dateModified\":\"2023-03-13T13:11:33+00:00\",\"mainEntityOfPage\":{\"@id\":\"https:\/\/cacaunews.com\/?p=1021\"},\"wordCount\":207,\"commentCount\":0,\"publisher\":{\"@id\":\"https:\/\/cacaunews.com\/#organization\"},\"keywords\":[\"adolescente\",\"afogamento\",\"ilheus\"],\"articleSection\":[\"cidades\",\"Jornalismo\"],\"inLanguage\":\"pt-BR\",\"potentialAction\":[{\"@type\":\"CommentAction\",\"name\":\"Comment\",\"target\":[\"https:\/\/cacaunews.com\/?p=1021#respond\"]}]},{\"@type\":\"WebPage\",\"@id\":\"https:\/\/cacaunews.com\/?p=1021\",\"url\":\"https:\/\/cacaunews.com\/?p=1021\",\"name\":\"Ilh\u00e9us: Adolescente desaparece ap\u00f3s se afogar em praia. - Cacau News\",\"isPartOf\":{\"@id\":\"https:\/\/cacaunews.com\/#website\"},\"datePublished\":\"2023-03-13T13:11:35+00:00\",\"dateModified\":\"2023-03-13T13:11:33+00:00\",\"breadcrumb\":{\"@id\":\"https:\/\/cacaunews.com\/?p=1021#breadcrumb\"},\"inLanguage\":\"pt-BR\",\"potentialAction\":[{\"@type\":\"ReadAction\",\"target\":[\"https:\/\/cacaunews.com\/?p=1021\"]}]},{\"@type\":\"BreadcrumbList\",\"@id\":\"https:\/\/cacaunews.com\/?p=1021#breadcrumb\",\"itemListElement\":[{\"@type\":\"ListItem\",\"position\":1,\"name\":\"In\u00edcio\",\"item\":\"https:\/\/cacaunews.com\/\"},{\"@type\":\"ListItem\",\"position\":2,\"name\":\"Ilh\u00e9us: Adolescente desaparece ap\u00f3s se afogar em praia.\"}]},{\"@type\":\"WebSite\",\"@id\":\"https:\/\/cacaunews.com\/#website\",\"url\":\"https:\/\/cacaunews.com\/\",\"name\":\"Cacau News\",\"description\":\"A Informa\u00e7\u00e3o que voc\u00ea precisa!\",\"publisher\":{\"@id\":\"https:\/\/cacaunews.com\/#organization\"},\"potentialAction\":[{\"@type\":\"SearchAction\",\"target\":{\"@type\":\"EntryPoint\",\"urlTemplate\":\"https:\/\/cacaunews.com\/?s={search_term_string}\"},\"query-input\":\"required name=search_term_string\"}],\"inLanguage\":\"pt-BR\"},{\"@type\":\"Organization\",\"@id\":\"https:\/\/cacaunews.com\/#organization\",\"name\":\"Cacau News\",\"url\":\"https:\/\/cacaunews.com\/\",\"logo\":{\"@type\":\"ImageObject\",\"inLanguage\":\"pt-BR\",\"@id\":\"https:\/\/cacaunews.com\/#\/schema\/logo\/image\/\",\"url\":\"https:\/\/cacaunews.com\/wp-content\/uploads\/2025\/01\/cropped-LOGO-NOVA.png\",\"contentUrl\":\"https:\/\/cacaunews.com\/wp-content\/uploads\/2025\/01\/cropped-LOGO-NOVA.png\",\"width\":813,\"height\":813,\"caption\":\"Cacau News\"},\"image\":{\"@id\":\"https:\/\/cacaunews.com\/#\/schema\/logo\/image\/\"},\"sameAs\":[\"https:\/\/www.instagram.com\/cacaunews.online\/\",\"https:\/\/youtube.com\/@cacaunews?si=0VXLnjl08SrWbVG9\"]},{\"@type\":\"Person\",\"@id\":\"https:\/\/cacaunews.com\/#\/schema\/person\/ea69703103e606ad347ccd64bd72ef79\",\"name\":\"Reda\u00e7\u00e3o Cacau News\",\"image\":{\"@type\":\"ImageObject\",\"inLanguage\":\"pt-BR\",\"@id\":\"https:\/\/cacaunews.com\/#\/schema\/person\/image\/\",\"url\":\"https:\/\/secure.gravatar.com\/avatar\/d79227a2a7b6cc42e8d7a8f7c284cd3a?s=96&d=mm&r=g\",\"contentUrl\":\"https:\/\/secure.gravatar.com\/avatar\/d79227a2a7b6cc42e8d7a8f7c284cd3a?s=96&d=mm&r=g\",\"caption\":\"Reda\u00e7\u00e3o Cacau News\"},\"sameAs\":[\"https:\/\/cacaunews.com\"],\"url\":\"https:\/\/cacaunews.com\/?author=1\"}]}<\/script>\n<!-- \/ Yoast SEO plugin. -->","yoast_head_json":{"title":"Ilh\u00e9us: Adolescente desaparece ap\u00f3s se afogar em praia. - Cacau News","robots":{"index":"index","follow":"follow","max-snippet":"max-snippet:-1","max-image-preview":"max-image-preview:large","max-video-preview":"max-video-preview:-1"},"canonical":"https:\/\/cacaunews.com\/?p=1021","og_locale":"pt_BR","og_type":"article","og_title":"Ilh\u00e9us: Adolescente desaparece ap\u00f3s se afogar em praia. - Cacau News","og_description":"Um adolescente de 17 anos est\u00e1 desaparecido desde a tarde de s\u00e1bado (12), ap\u00f3s se...","og_url":"https:\/\/cacaunews.com\/?p=1021","og_site_name":"Cacau News","article_published_time":"2023-03-13T13:11:35+00:00","article_modified_time":"2023-03-13T13:11:33+00:00","og_image":[{"width":640,"height":359,"url":"https:\/\/cacaunews.com\/wp-content\/uploads\/2023\/03\/jovemdesaparecido.jpeg","type":"image\/jpeg"}],"author":"Reda\u00e7\u00e3o Cacau News","twitter_card":"summary_large_image","twitter_misc":{"Escrito por":"Reda\u00e7\u00e3o Cacau News","Est. tempo de leitura":"1 minuto"},"schema":{"@context":"https:\/\/schema.org","@graph":[{"@type":"Article","@id":"https:\/\/cacaunews.com\/?p=1021#article","isPartOf":{"@id":"https:\/\/cacaunews.com\/?p=1021"},"author":{"name":"Reda\u00e7\u00e3o Cacau News","@id":"https:\/\/cacaunews.com\/#\/schema\/person\/ea69703103e606ad347ccd64bd72ef79"},"headline":"Ilh\u00e9us: Adolescente desaparece ap\u00f3s se afogar em praia.","datePublished":"2023-03-13T13:11:35+00:00","dateModified":"2023-03-13T13:11:33+00:00","mainEntityOfPage":{"@id":"https:\/\/cacaunews.com\/?p=1021"},"wordCount":207,"commentCount":0,"publisher":{"@id":"https:\/\/cacaunews.com\/#organization"},"keywords":["adolescente","afogamento","ilheus"],"articleSection":["cidades","Jornalismo"],"inLanguage":"pt-BR","potentialAction":[{"@type":"CommentAction","name":"Comment","target":["https:\/\/cacaunews.com\/?p=1021#respond"]}]},{"@type":"WebPage","@id":"https:\/\/cacaunews.com\/?p=1021","url":"https:\/\/cacaunews.com\/?p=1021","name":"Ilh\u00e9us: Adolescente desaparece ap\u00f3s se afogar em praia. - Cacau News","isPartOf":{"@id":"https:\/\/cacaunews.com\/#website"},"datePublished":"2023-03-13T13:11:35+00:00","dateModified":"2023-03-13T13:11:33+00:00","breadcrumb":{"@id":"https:\/\/cacaunews.com\/?p=1021#breadcrumb"},"inLanguage":"pt-BR","potentialAction":[{"@type":"ReadAction","target":["https:\/\/cacaunews.com\/?p=1021"]}]},{"@type":"BreadcrumbList","@id":"https:\/\/cacaunews.com\/?p=1021#breadcrumb","itemListElement":[{"@type":"ListItem","position":1,"name":"In\u00edcio","item":"https:\/\/cacaunews.com\/"},{"@type":"ListItem","position":2,"name":"Ilh\u00e9us: Adolescente desaparece ap\u00f3s se afogar em praia."}]},{"@type":"WebSite","@id":"https:\/\/cacaunews.com\/#website","url":"https:\/\/cacaunews.com\/","name":"Cacau News","description":"A Informa\u00e7\u00e3o que voc\u00ea precisa!","publisher":{"@id":"https:\/\/cacaunews.com\/#organization"},"potentialAction":[{"@type":"SearchAction","target":{"@type":"EntryPoint","urlTemplate":"https:\/\/cacaunews.com\/?s={search_term_string}"},"query-input":"required name=search_term_string"}],"inLanguage":"pt-BR"},{"@type":"Organization","@id":"https:\/\/cacaunews.com\/#organization","name":"Cacau News","url":"https:\/\/cacaunews.com\/","logo":{"@type":"ImageObject","inLanguage":"pt-BR","@id":"https:\/\/cacaunews.com\/#\/schema\/logo\/image\/","url":"https:\/\/cacaunews.com\/wp-content\/uploads\/2025\/01\/cropped-LOGO-NOVA.png","contentUrl":"https:\/\/cacaunews.com\/wp-content\/uploads\/2025\/01\/cropped-LOGO-NOVA.png","width":813,"height":813,"caption":"Cacau News"},"image":{"@id":"https:\/\/cacaunews.com\/#\/schema\/logo\/image\/"},"sameAs":["https:\/\/www.instagram.com\/cacaunews.online\/","https:\/\/youtube.com\/@cacaunews?si=0VXLnjl08SrWbVG9"]},{"@type":"Person","@id":"https:\/\/cacaunews.com\/#\/schema\/person\/ea69703103e606ad347ccd64bd72ef79","name":"Reda\u00e7\u00e3o Cacau News","image":{"@type":"ImageObject","inLanguage":"pt-BR","@id":"https:\/\/cacaunews.com\/#\/schema\/person\/image\/","url":"https:\/\/secure.gravatar.com\/avatar\/d79227a2a7b6cc42e8d7a8f7c284cd3a?s=96&d=mm&r=g","contentUrl":"https:\/\/secure.gravatar.com\/avatar\/d79227a2a7b6cc42e8d7a8f7c284cd3a?s=96&d=mm&r=g","caption":"Reda\u00e7\u00e3o Cacau News"},"sameAs":["https:\/\/cacaunews.com"],"url":"https:\/\/cacaunews.com\/?author=1"}]}},"jetpack_sharing_enabled":true,"jetpack_featured_media_url":"https:\/\/cacaunews.com\/wp-content\/uploads\/2023\/03\/jovemdesaparecido.jpeg","_links":{"self":[{"href":"https:\/\/cacaunews.com\/index.php?rest_route=\/wp\/v2\/posts\/1021"}],"collection":[{"href":"https:\/\/cacaunews.com\/index.php?rest_route=\/wp\/v2\/posts"}],"about":[{"href":"https:\/\/cacaunews.com\/index.php?rest_route=\/wp\/v2\/types\/post"}],"author":[{"embeddable":true,"href":"https:\/\/cacaunews.com\/index.php?rest_route=\/wp\/v2\/users\/1"}],"replies":[{"embeddable":true,"href":"https:\/\/cacaunews.com\/index.php?rest_route=%2Fwp%2Fv2%2Fcomments&post=1021"}],"version-history":[{"count":1,"href":"https:\/\/cacaunews.com\/index.php?rest_route=\/wp\/v2\/posts\/1021\/revisions"}],"predecessor-version":[{"id":1025,"href":"https:\/\/cacaunews.com\/index.php?rest_route=\/wp\/v2\/posts\/1021\/revisions\/1025"}],"wp:featuredmedia":[{"embeddable":true,"href":"https:\/\/cacaunews.com\/index.php?rest_route=\/wp\/v2\/media\/1020"}],"wp:attachment":[{"href":"https:\/\/cacaunews.com\/index.php?rest_route=%2Fwp%2Fv2%2Fmedia&parent=1021"}],"wp:term":[{"taxonomy":"category","embeddable":true,"href":"https:\/\/cacaunews.com\/index.php?rest_route=%2Fwp%2Fv2%2Fcategories&post=1021"},{"taxonomy":"post_tag","embeddable":true,"href":"https:\/\/cacaunews.com\/index.php?rest_route=%2Fwp%2Fv2%2Ftags&post=1021"}],"curies":[{"name":"wp","href":"https:\/\/api.w.org\/{rel}","templated":true}]}}