{"id":1053,"date":"2023-03-16T14:32:53","date_gmt":"2023-03-16T14:32:53","guid":{"rendered":"https:\/\/cacaunews.com\/?p=1053"},"modified":"2023-03-16T14:32:52","modified_gmt":"2023-03-16T14:32:52","slug":"ilheus-camara-e-ministerio-publico-da-bahia-discutem-proximas-etapas-para-realizacao-do-concurso-publico","status":"publish","type":"post","link":"https:\/\/cacaunews.com\/?p=1053","title":{"rendered":"Ilh\u00e9us: C\u00e2mara e Minist\u00e9rio P\u00fablico da Bahia discutem pr\u00f3ximas etapas para realiza\u00e7\u00e3o do Concurso P\u00fablico."},"content":{"rendered":"\n<p>Na \u00faltima ter\u00e7a-feira, 14, o presidente da C\u00e2mara de Vereadores de Ilh\u00e9us, Abraao, juntamente com os vereadores membros da Mesa Diretora, IVo Evangelista, Fabr\u00edcio Nascimento e C\u00e9sar Porto, se reuniu com a promotora de justi\u00e7a do Estado da Bahia, Alicia Violeta Botelho, para discutir sobre as primeiras medidas que devem ser tomadas para cumprimento do TAC \u2013 relacionado ao Concurso P\u00fablico.<br><br>Durante a reuni\u00e3o, a mesa diretora se comprometeu com o cumprimento do cronograma para a realiza\u00e7\u00e3o do concurso, sendo a pr\u00f3xima etapa a an\u00e1lise e aprova\u00e7\u00e3o do novo projeto de Lei que cria as vagas necess\u00e1rias e previstas para compor o quadro de efetivos da Institui\u00e7\u00e3o.<br><br>Ainda no encontro, os vereadores trataram sobre a necessidade da reforma do pr\u00e9dio sede da C\u00e2mara de Vereadores, para que ele possua condi\u00e7\u00f5es estruturais para receber e acomodar os novos funcion\u00e1rios.<\/p>\n\n\n\n<p>TERMO DE AJUSTAMENTO DE CONDUTA (TAC)<br><br>Em ato in\u00e9dito em Ilh\u00e9us, a C\u00e2mara de Vereadores e o Minist\u00e9rio P\u00fablico do estado da Bahia assinaram um Termo de Ajustamento de Conduta (TAC) para realiza\u00e7\u00e3o de Concurso P\u00fablico pelo Legislativo Ilheense. O ato aconteceu em dezembro de 2022, onde a C\u00e2mara de Vereadores de Ilh\u00e9us se comprometeu a cumprir rigorosamente o cronograma que foi apresentado pelo MP para a realiza\u00e7\u00e3o do concurso p\u00fablico. A C\u00e2mara foi representada pelo ent\u00e3o presidente na \u00e9poca, o vereador Jerbson Moraes.<br><br>Com base no cronograma apresentado, a partir da data limite de 21 de fevereiro de 2025, n\u00e3o pode mais haver, nos quadros da Casa Legislativa, nenhum servidor que n\u00e3o tenha sido selecionado atrav\u00e9s de concurso p\u00fablico de provas, ou de provas e t\u00edtulos, exceto os que ficar\u00e3o exclusivamente vinculados \u00e0s fun\u00e7\u00f5es destinadas a dire\u00e7\u00e3o, chefia ou assessoramento. Ainda de acordo com o cronograma, o concurso ser\u00e1 realizado com previs\u00e3o at\u00e9 2024, cumprindo todas as etapas impostas no TAC.<\/p>\n\n\n\n<p>Com Informa\u00e7\u00f5es Ilh\u00e9us.net<\/p>\n","protected":false},"excerpt":{"rendered":"<p>Na \u00faltima ter\u00e7a-feira, 14, o presidente da C\u00e2mara de Vereadores de Ilh\u00e9us, Abraao, juntamente com&#8230;<\/p>\n","protected":false},"author":1,"featured_media":1052,"comment_status":"open","ping_status":"open","sticky":false,"template":"","format":"standard","meta":{"footnotes":""},"categories":[18,11],"tags":[56,177,37,387],"yoast_head":"<!-- This site is optimized with the Yoast SEO plugin v21.7 - https:\/\/yoast.com\/wordpress\/plugins\/seo\/ -->\n<title>Ilh\u00e9us: C\u00e2mara e Minist\u00e9rio P\u00fablico da Bahia discutem pr\u00f3ximas etapas para realiza\u00e7\u00e3o do Concurso P\u00fablico. - Cacau News<\/title>\n<meta name=\"robots\" content=\"index, follow, max-snippet:-1, max-image-preview:large, max-video-preview:-1\" \/>\n<link rel=\"canonical\" href=\"https:\/\/cacaunews.com\/?p=1053\" \/>\n<meta property=\"og:locale\" content=\"pt_BR\" \/>\n<meta property=\"og:type\" content=\"article\" \/>\n<meta property=\"og:title\" content=\"Ilh\u00e9us: C\u00e2mara e Minist\u00e9rio P\u00fablico da Bahia discutem pr\u00f3ximas etapas para realiza\u00e7\u00e3o do Concurso P\u00fablico. - Cacau News\" \/>\n<meta property=\"og:description\" content=\"Na \u00faltima ter\u00e7a-feira, 14, o presidente da C\u00e2mara de Vereadores de Ilh\u00e9us, Abraao, juntamente com...\" \/>\n<meta property=\"og:url\" content=\"https:\/\/cacaunews.com\/?p=1053\" \/>\n<meta property=\"og:site_name\" content=\"Cacau News\" \/>\n<meta property=\"article:published_time\" content=\"2023-03-16T14:32:53+00:00\" \/>\n<meta property=\"article:modified_time\" content=\"2023-03-16T14:32:52+00:00\" \/>\n<meta property=\"og:image\" content=\"https:\/\/cacaunews.com\/wp-content\/uploads\/2023\/03\/Screenshot_2023-03-15-17-28-26-579-edit_com.whatsapp-611x492-1.jpg\" \/>\n\t<meta property=\"og:image:width\" content=\"611\" \/>\n\t<meta property=\"og:image:height\" content=\"492\" \/>\n\t<meta property=\"og:image:type\" content=\"image\/jpeg\" \/>\n<meta name=\"author\" content=\"Reda\u00e7\u00e3o Cacau News\" \/>\n<meta name=\"twitter:card\" content=\"summary_large_image\" \/>\n<meta name=\"twitter:label1\" content=\"Escrito por\" \/>\n\t<meta name=\"twitter:data1\" content=\"Reda\u00e7\u00e3o Cacau News\" \/>\n\t<meta name=\"twitter:label2\" content=\"Est. tempo de leitura\" \/>\n\t<meta name=\"twitter:data2\" content=\"2 minutos\" \/>\n<script type=\"application\/ld+json\" class=\"yoast-schema-graph\">{\"@context\":\"https:\/\/schema.org\",\"@graph\":[{\"@type\":\"Article\",\"@id\":\"https:\/\/cacaunews.com\/?p=1053#article\",\"isPartOf\":{\"@id\":\"https:\/\/cacaunews.com\/?p=1053\"},\"author\":{\"name\":\"Reda\u00e7\u00e3o Cacau News\",\"@id\":\"https:\/\/cacaunews.com\/#\/schema\/person\/ea69703103e606ad347ccd64bd72ef79\"},\"headline\":\"Ilh\u00e9us: C\u00e2mara e Minist\u00e9rio P\u00fablico da Bahia discutem pr\u00f3ximas etapas para realiza\u00e7\u00e3o do Concurso P\u00fablico.\",\"datePublished\":\"2023-03-16T14:32:53+00:00\",\"dateModified\":\"2023-03-16T14:32:52+00:00\",\"mainEntityOfPage\":{\"@id\":\"https:\/\/cacaunews.com\/?p=1053\"},\"wordCount\":362,\"commentCount\":0,\"publisher\":{\"@id\":\"https:\/\/cacaunews.com\/#organization\"},\"keywords\":[\"c\u00e2mara\",\"concurso\",\"ilheus\",\"TAC\"],\"articleSection\":[\"cidades\",\"Jornalismo\"],\"inLanguage\":\"pt-BR\",\"potentialAction\":[{\"@type\":\"CommentAction\",\"name\":\"Comment\",\"target\":[\"https:\/\/cacaunews.com\/?p=1053#respond\"]}]},{\"@type\":\"WebPage\",\"@id\":\"https:\/\/cacaunews.com\/?p=1053\",\"url\":\"https:\/\/cacaunews.com\/?p=1053\",\"name\":\"Ilh\u00e9us: C\u00e2mara e Minist\u00e9rio P\u00fablico da Bahia discutem pr\u00f3ximas etapas para realiza\u00e7\u00e3o do Concurso P\u00fablico. - Cacau News\",\"isPartOf\":{\"@id\":\"https:\/\/cacaunews.com\/#website\"},\"datePublished\":\"2023-03-16T14:32:53+00:00\",\"dateModified\":\"2023-03-16T14:32:52+00:00\",\"breadcrumb\":{\"@id\":\"https:\/\/cacaunews.com\/?p=1053#breadcrumb\"},\"inLanguage\":\"pt-BR\",\"potentialAction\":[{\"@type\":\"ReadAction\",\"target\":[\"https:\/\/cacaunews.com\/?p=1053\"]}]},{\"@type\":\"BreadcrumbList\",\"@id\":\"https:\/\/cacaunews.com\/?p=1053#breadcrumb\",\"itemListElement\":[{\"@type\":\"ListItem\",\"position\":1,\"name\":\"In\u00edcio\",\"item\":\"https:\/\/cacaunews.com\/\"},{\"@type\":\"ListItem\",\"position\":2,\"name\":\"Ilh\u00e9us: C\u00e2mara e Minist\u00e9rio P\u00fablico da Bahia discutem pr\u00f3ximas etapas para realiza\u00e7\u00e3o do Concurso P\u00fablico.\"}]},{\"@type\":\"WebSite\",\"@id\":\"https:\/\/cacaunews.com\/#website\",\"url\":\"https:\/\/cacaunews.com\/\",\"name\":\"Cacau News\",\"description\":\"A Informa\u00e7\u00e3o que voc\u00ea precisa!\",\"publisher\":{\"@id\":\"https:\/\/cacaunews.com\/#organization\"},\"potentialAction\":[{\"@type\":\"SearchAction\",\"target\":{\"@type\":\"EntryPoint\",\"urlTemplate\":\"https:\/\/cacaunews.com\/?s={search_term_string}\"},\"query-input\":\"required name=search_term_string\"}],\"inLanguage\":\"pt-BR\"},{\"@type\":\"Organization\",\"@id\":\"https:\/\/cacaunews.com\/#organization\",\"name\":\"Cacau News\",\"url\":\"https:\/\/cacaunews.com\/\",\"logo\":{\"@type\":\"ImageObject\",\"inLanguage\":\"pt-BR\",\"@id\":\"https:\/\/cacaunews.com\/#\/schema\/logo\/image\/\",\"url\":\"https:\/\/cacaunews.com\/wp-content\/uploads\/2025\/01\/cropped-LOGO-NOVA.png\",\"contentUrl\":\"https:\/\/cacaunews.com\/wp-content\/uploads\/2025\/01\/cropped-LOGO-NOVA.png\",\"width\":813,\"height\":813,\"caption\":\"Cacau News\"},\"image\":{\"@id\":\"https:\/\/cacaunews.com\/#\/schema\/logo\/image\/\"},\"sameAs\":[\"https:\/\/www.instagram.com\/cacaunews.online\/\",\"https:\/\/youtube.com\/@cacaunews?si=0VXLnjl08SrWbVG9\"]},{\"@type\":\"Person\",\"@id\":\"https:\/\/cacaunews.com\/#\/schema\/person\/ea69703103e606ad347ccd64bd72ef79\",\"name\":\"Reda\u00e7\u00e3o Cacau News\",\"image\":{\"@type\":\"ImageObject\",\"inLanguage\":\"pt-BR\",\"@id\":\"https:\/\/cacaunews.com\/#\/schema\/person\/image\/\",\"url\":\"https:\/\/secure.gravatar.com\/avatar\/d79227a2a7b6cc42e8d7a8f7c284cd3a?s=96&d=mm&r=g\",\"contentUrl\":\"https:\/\/secure.gravatar.com\/avatar\/d79227a2a7b6cc42e8d7a8f7c284cd3a?s=96&d=mm&r=g\",\"caption\":\"Reda\u00e7\u00e3o Cacau News\"},\"sameAs\":[\"https:\/\/cacaunews.com\"],\"url\":\"https:\/\/cacaunews.com\/?author=1\"}]}<\/script>\n<!-- \/ Yoast SEO plugin. -->","yoast_head_json":{"title":"Ilh\u00e9us: C\u00e2mara e Minist\u00e9rio P\u00fablico da Bahia discutem pr\u00f3ximas etapas para realiza\u00e7\u00e3o do Concurso P\u00fablico. - Cacau News","robots":{"index":"index","follow":"follow","max-snippet":"max-snippet:-1","max-image-preview":"max-image-preview:large","max-video-preview":"max-video-preview:-1"},"canonical":"https:\/\/cacaunews.com\/?p=1053","og_locale":"pt_BR","og_type":"article","og_title":"Ilh\u00e9us: C\u00e2mara e Minist\u00e9rio P\u00fablico da Bahia discutem pr\u00f3ximas etapas para realiza\u00e7\u00e3o do Concurso P\u00fablico. - Cacau News","og_description":"Na \u00faltima ter\u00e7a-feira, 14, o presidente da C\u00e2mara de Vereadores de Ilh\u00e9us, Abraao, juntamente com...","og_url":"https:\/\/cacaunews.com\/?p=1053","og_site_name":"Cacau News","article_published_time":"2023-03-16T14:32:53+00:00","article_modified_time":"2023-03-16T14:32:52+00:00","og_image":[{"width":611,"height":492,"url":"https:\/\/cacaunews.com\/wp-content\/uploads\/2023\/03\/Screenshot_2023-03-15-17-28-26-579-edit_com.whatsapp-611x492-1.jpg","type":"image\/jpeg"}],"author":"Reda\u00e7\u00e3o Cacau News","twitter_card":"summary_large_image","twitter_misc":{"Escrito por":"Reda\u00e7\u00e3o Cacau News","Est. tempo de leitura":"2 minutos"},"schema":{"@context":"https:\/\/schema.org","@graph":[{"@type":"Article","@id":"https:\/\/cacaunews.com\/?p=1053#article","isPartOf":{"@id":"https:\/\/cacaunews.com\/?p=1053"},"author":{"name":"Reda\u00e7\u00e3o Cacau News","@id":"https:\/\/cacaunews.com\/#\/schema\/person\/ea69703103e606ad347ccd64bd72ef79"},"headline":"Ilh\u00e9us: C\u00e2mara e Minist\u00e9rio P\u00fablico da Bahia discutem pr\u00f3ximas etapas para realiza\u00e7\u00e3o do Concurso P\u00fablico.","datePublished":"2023-03-16T14:32:53+00:00","dateModified":"2023-03-16T14:32:52+00:00","mainEntityOfPage":{"@id":"https:\/\/cacaunews.com\/?p=1053"},"wordCount":362,"commentCount":0,"publisher":{"@id":"https:\/\/cacaunews.com\/#organization"},"keywords":["c\u00e2mara","concurso","ilheus","TAC"],"articleSection":["cidades","Jornalismo"],"inLanguage":"pt-BR","potentialAction":[{"@type":"CommentAction","name":"Comment","target":["https:\/\/cacaunews.com\/?p=1053#respond"]}]},{"@type":"WebPage","@id":"https:\/\/cacaunews.com\/?p=1053","url":"https:\/\/cacaunews.com\/?p=1053","name":"Ilh\u00e9us: C\u00e2mara e Minist\u00e9rio P\u00fablico da Bahia discutem pr\u00f3ximas etapas para realiza\u00e7\u00e3o do Concurso P\u00fablico. - Cacau News","isPartOf":{"@id":"https:\/\/cacaunews.com\/#website"},"datePublished":"2023-03-16T14:32:53+00:00","dateModified":"2023-03-16T14:32:52+00:00","breadcrumb":{"@id":"https:\/\/cacaunews.com\/?p=1053#breadcrumb"},"inLanguage":"pt-BR","potentialAction":[{"@type":"ReadAction","target":["https:\/\/cacaunews.com\/?p=1053"]}]},{"@type":"BreadcrumbList","@id":"https:\/\/cacaunews.com\/?p=1053#breadcrumb","itemListElement":[{"@type":"ListItem","position":1,"name":"In\u00edcio","item":"https:\/\/cacaunews.com\/"},{"@type":"ListItem","position":2,"name":"Ilh\u00e9us: C\u00e2mara e Minist\u00e9rio P\u00fablico da Bahia discutem pr\u00f3ximas etapas para realiza\u00e7\u00e3o do Concurso P\u00fablico."}]},{"@type":"WebSite","@id":"https:\/\/cacaunews.com\/#website","url":"https:\/\/cacaunews.com\/","name":"Cacau News","description":"A Informa\u00e7\u00e3o que voc\u00ea precisa!","publisher":{"@id":"https:\/\/cacaunews.com\/#organization"},"potentialAction":[{"@type":"SearchAction","target":{"@type":"EntryPoint","urlTemplate":"https:\/\/cacaunews.com\/?s={search_term_string}"},"query-input":"required name=search_term_string"}],"inLanguage":"pt-BR"},{"@type":"Organization","@id":"https:\/\/cacaunews.com\/#organization","name":"Cacau News","url":"https:\/\/cacaunews.com\/","logo":{"@type":"ImageObject","inLanguage":"pt-BR","@id":"https:\/\/cacaunews.com\/#\/schema\/logo\/image\/","url":"https:\/\/cacaunews.com\/wp-content\/uploads\/2025\/01\/cropped-LOGO-NOVA.png","contentUrl":"https:\/\/cacaunews.com\/wp-content\/uploads\/2025\/01\/cropped-LOGO-NOVA.png","width":813,"height":813,"caption":"Cacau News"},"image":{"@id":"https:\/\/cacaunews.com\/#\/schema\/logo\/image\/"},"sameAs":["https:\/\/www.instagram.com\/cacaunews.online\/","https:\/\/youtube.com\/@cacaunews?si=0VXLnjl08SrWbVG9"]},{"@type":"Person","@id":"https:\/\/cacaunews.com\/#\/schema\/person\/ea69703103e606ad347ccd64bd72ef79","name":"Reda\u00e7\u00e3o Cacau News","image":{"@type":"ImageObject","inLanguage":"pt-BR","@id":"https:\/\/cacaunews.com\/#\/schema\/person\/image\/","url":"https:\/\/secure.gravatar.com\/avatar\/d79227a2a7b6cc42e8d7a8f7c284cd3a?s=96&d=mm&r=g","contentUrl":"https:\/\/secure.gravatar.com\/avatar\/d79227a2a7b6cc42e8d7a8f7c284cd3a?s=96&d=mm&r=g","caption":"Reda\u00e7\u00e3o Cacau News"},"sameAs":["https:\/\/cacaunews.com"],"url":"https:\/\/cacaunews.com\/?author=1"}]}},"jetpack_sharing_enabled":true,"jetpack_featured_media_url":"https:\/\/cacaunews.com\/wp-content\/uploads\/2023\/03\/Screenshot_2023-03-15-17-28-26-579-edit_com.whatsapp-611x492-1.jpg","_links":{"self":[{"href":"https:\/\/cacaunews.com\/index.php?rest_route=\/wp\/v2\/posts\/1053"}],"collection":[{"href":"https:\/\/cacaunews.com\/index.php?rest_route=\/wp\/v2\/posts"}],"about":[{"href":"https:\/\/cacaunews.com\/index.php?rest_route=\/wp\/v2\/types\/post"}],"author":[{"embeddable":true,"href":"https:\/\/cacaunews.com\/index.php?rest_route=\/wp\/v2\/users\/1"}],"replies":[{"embeddable":true,"href":"https:\/\/cacaunews.com\/index.php?rest_route=%2Fwp%2Fv2%2Fcomments&post=1053"}],"version-history":[{"count":1,"href":"https:\/\/cacaunews.com\/index.php?rest_route=\/wp\/v2\/posts\/1053\/revisions"}],"predecessor-version":[{"id":1060,"href":"https:\/\/cacaunews.com\/index.php?rest_route=\/wp\/v2\/posts\/1053\/revisions\/1060"}],"wp:featuredmedia":[{"embeddable":true,"href":"https:\/\/cacaunews.com\/index.php?rest_route=\/wp\/v2\/media\/1052"}],"wp:attachment":[{"href":"https:\/\/cacaunews.com\/index.php?rest_route=%2Fwp%2Fv2%2Fmedia&parent=1053"}],"wp:term":[{"taxonomy":"category","embeddable":true,"href":"https:\/\/cacaunews.com\/index.php?rest_route=%2Fwp%2Fv2%2Fcategories&post=1053"},{"taxonomy":"post_tag","embeddable":true,"href":"https:\/\/cacaunews.com\/index.php?rest_route=%2Fwp%2Fv2%2Ftags&post=1053"}],"curies":[{"name":"wp","href":"https:\/\/api.w.org\/{rel}","templated":true}]}}