{"id":1056,"date":"2023-03-16T18:50:59","date_gmt":"2023-03-16T18:50:59","guid":{"rendered":"https:\/\/cacaunews.com\/?p=1056"},"modified":"2023-03-16T18:50:54","modified_gmt":"2023-03-16T18:50:54","slug":"salvador-novo-trecho-do-metro-iniciara-operacao-em-maio-garante-sedur","status":"publish","type":"post","link":"https:\/\/cacaunews.com\/?p=1056","title":{"rendered":"Salvador: Novo trecho do metr\u00f4 iniciar\u00e1 opera\u00e7\u00e3o em maio, garante Sedur."},"content":{"rendered":"\n<p><strong>A opera\u00e7\u00e3o comercial do Tramo 3 do Sistema Metrovi\u00e1rio de Salvador vai se iniciar em dois meses. A promessa foi feita pela secret\u00e1ria de Desenvolvimento Urbano da Bahia (Sedur), Jusmari Oliveira, em conversa com o Bahia Not\u00edcias na manh\u00e3 desta segunda-feira (13).&nbsp;<\/strong><\/p>\n\n\n\n<p><strong>&#8220;Vamos estar no m\u00eas de maio operando no Tramo 3 em toda sua totalidade. Vamos come\u00e7ar as opera\u00e7\u00f5es experimentais at\u00e9 o final de mar\u00e7o. Em abril estaremos operando at\u00e9 Campinas de Piraj\u00e1 e em maio vamos estar com ele pronto&#8221;, disse Jusmari.&nbsp;<\/strong><\/p>\n\n\n\n<p><strong>No in\u00edcio de mar\u00e7o, o governador Jer\u00f4nimo Rodrigues realizou uma vistoria nas obras do sistema. A previs\u00e3o \u00e9 de que a partir da pr\u00f3xima sexta-feira (17) o novo trecho passe por duas semanas de testes dos trens e suas estruturas.<\/strong><\/p>\n\n\n\n<p><strong>O novo trecho do metr\u00f4 de Salvador possui uma extens\u00e3o de cinco quil\u00f4metros e duas novas esta\u00e7\u00f5es, em Campinas de Piraj\u00e1, na localidade da Brasilg\u00e1s, e no bairro de \u00c1guas Claras. Com a amplia\u00e7\u00e3o do transporte p\u00fablico, ele passa de 33 quil\u00f4metros em opera\u00e7\u00e3o para quase 38 quil\u00f4metros.<\/strong><\/p>\n\n\n\n<p><strong>VLT<\/strong><\/p>\n\n\n\n<p><strong>Jusmari Oliveira tamb\u00e9m atualizou o andamento das obras do Veiculo Leve de Transporte (VLT). Apesar dos problemas em torno da interven\u00e7\u00e3o, a secret\u00e1ria garantiu que o contrato com a&nbsp;Concession\u00e1ria Skyrail Bahia &#8211; um dos bra\u00e7os da montadora chinesa BYD &#8211; n\u00e3o ser\u00e1 desfeito.&nbsp;<\/strong><\/p>\n\n\n\n<p><strong>Um dos questionamentos feitos em rela\u00e7\u00e3o \u00e0 obra \u00e9 financeiro. O or\u00e7amento inicial era de R$ 1,5 bilh\u00e3o. No ano passado, o contrato do VLT do Sub\u00farbio sofreu um reajuste e chegou a R$ 5,2 bilh\u00f5es.&nbsp;<\/strong><\/p>\n\n\n\n<p><strong>&#8220;Devido a pandemia tudo mudou e \u00e9 claro que o contrato do VLT n\u00e3o seria diferente. Estamos discutindo o contrato com a mesma empresa e temos expectativa de que nos pr\u00f3ximos dias n\u00f3s teremos o acordo final de todos os itens e podermos retomar aquela obra. A empresa BYD renovou a ap\u00f3lice de seguro e renovou todas as suas obriga\u00e7\u00f5es contratuais. Estamos trabalhando firmes, com muito otimismo e certo de que vamos retomar a obra com a mesma empresa&#8221;, garantiu Jusmari.&nbsp;<\/strong><\/p>\n\n\n\n<p><strong>De acordo com o governo, a\u00a0previs\u00e3o \u00e9 que o VLT esteja com 100{d198c3dc95c114d29e6edcd8e5c7a06443a0378d575a71ac9e4690242a1c641b} do projeto conclu\u00eddo no segundo semestre de 2024. Em 2023, no primeiro semestre do ano, est\u00e1 prevista a entrega de um trecho de pouco mais de quatro quil\u00f4metros que dever\u00e1 chegar at\u00e9 a parada Lobato.<\/strong><\/p>\n\n\n\n<p>Com informa\u00e7\u00f5es Bahia Not\u00edcias <\/p>\n","protected":false},"excerpt":{"rendered":"<p>A opera\u00e7\u00e3o comercial do Tramo 3 do Sistema Metrovi\u00e1rio de Salvador vai se iniciar em&#8230;<\/p>\n","protected":false},"author":1,"featured_media":1055,"comment_status":"open","ping_status":"open","sticky":false,"template":"","format":"standard","meta":{"footnotes":""},"categories":[18,11],"tags":[388,266,389],"yoast_head":"<!-- This site is optimized with the Yoast SEO plugin v21.7 - https:\/\/yoast.com\/wordpress\/plugins\/seo\/ -->\n<title>Salvador: Novo trecho do metr\u00f4 iniciar\u00e1 opera\u00e7\u00e3o em maio, garante Sedur. - Cacau News<\/title>\n<meta name=\"robots\" content=\"index, follow, max-snippet:-1, max-image-preview:large, max-video-preview:-1\" \/>\n<link rel=\"canonical\" href=\"https:\/\/cacaunews.com\/?p=1056\" \/>\n<meta property=\"og:locale\" content=\"pt_BR\" \/>\n<meta property=\"og:type\" content=\"article\" \/>\n<meta property=\"og:title\" content=\"Salvador: Novo trecho do metr\u00f4 iniciar\u00e1 opera\u00e7\u00e3o em maio, garante Sedur. - Cacau News\" \/>\n<meta property=\"og:description\" content=\"A opera\u00e7\u00e3o comercial do Tramo 3 do Sistema Metrovi\u00e1rio de Salvador vai se iniciar em...\" \/>\n<meta property=\"og:url\" content=\"https:\/\/cacaunews.com\/?p=1056\" \/>\n<meta property=\"og:site_name\" content=\"Cacau News\" \/>\n<meta property=\"article:published_time\" content=\"2023-03-16T18:50:59+00:00\" \/>\n<meta property=\"article:modified_time\" content=\"2023-03-16T18:50:54+00:00\" \/>\n<meta property=\"og:image\" content=\"https:\/\/cacaunews.com\/wp-content\/uploads\/2023\/03\/images283329.jpeg\" \/>\n\t<meta property=\"og:image:width\" content=\"678\" \/>\n\t<meta property=\"og:image:height\" content=\"452\" \/>\n\t<meta property=\"og:image:type\" content=\"image\/jpeg\" \/>\n<meta name=\"author\" content=\"Reda\u00e7\u00e3o Cacau News\" \/>\n<meta name=\"twitter:card\" content=\"summary_large_image\" \/>\n<meta name=\"twitter:label1\" content=\"Escrito por\" \/>\n\t<meta name=\"twitter:data1\" content=\"Reda\u00e7\u00e3o Cacau News\" \/>\n\t<meta name=\"twitter:label2\" content=\"Est. tempo de leitura\" \/>\n\t<meta name=\"twitter:data2\" content=\"2 minutos\" \/>\n<script type=\"application\/ld+json\" class=\"yoast-schema-graph\">{\"@context\":\"https:\/\/schema.org\",\"@graph\":[{\"@type\":\"Article\",\"@id\":\"https:\/\/cacaunews.com\/?p=1056#article\",\"isPartOf\":{\"@id\":\"https:\/\/cacaunews.com\/?p=1056\"},\"author\":{\"name\":\"Reda\u00e7\u00e3o Cacau News\",\"@id\":\"https:\/\/cacaunews.com\/#\/schema\/person\/ea69703103e606ad347ccd64bd72ef79\"},\"headline\":\"Salvador: Novo trecho do metr\u00f4 iniciar\u00e1 opera\u00e7\u00e3o em maio, garante Sedur.\",\"datePublished\":\"2023-03-16T18:50:59+00:00\",\"dateModified\":\"2023-03-16T18:50:54+00:00\",\"mainEntityOfPage\":{\"@id\":\"https:\/\/cacaunews.com\/?p=1056\"},\"wordCount\":450,\"commentCount\":0,\"publisher\":{\"@id\":\"https:\/\/cacaunews.com\/#organization\"},\"keywords\":[\"metr\u00f4\",\"Salvador\",\"sedur\"],\"articleSection\":[\"cidades\",\"Jornalismo\"],\"inLanguage\":\"pt-BR\",\"potentialAction\":[{\"@type\":\"CommentAction\",\"name\":\"Comment\",\"target\":[\"https:\/\/cacaunews.com\/?p=1056#respond\"]}]},{\"@type\":\"WebPage\",\"@id\":\"https:\/\/cacaunews.com\/?p=1056\",\"url\":\"https:\/\/cacaunews.com\/?p=1056\",\"name\":\"Salvador: Novo trecho do metr\u00f4 iniciar\u00e1 opera\u00e7\u00e3o em maio, garante Sedur. - Cacau News\",\"isPartOf\":{\"@id\":\"https:\/\/cacaunews.com\/#website\"},\"datePublished\":\"2023-03-16T18:50:59+00:00\",\"dateModified\":\"2023-03-16T18:50:54+00:00\",\"breadcrumb\":{\"@id\":\"https:\/\/cacaunews.com\/?p=1056#breadcrumb\"},\"inLanguage\":\"pt-BR\",\"potentialAction\":[{\"@type\":\"ReadAction\",\"target\":[\"https:\/\/cacaunews.com\/?p=1056\"]}]},{\"@type\":\"BreadcrumbList\",\"@id\":\"https:\/\/cacaunews.com\/?p=1056#breadcrumb\",\"itemListElement\":[{\"@type\":\"ListItem\",\"position\":1,\"name\":\"In\u00edcio\",\"item\":\"https:\/\/cacaunews.com\/\"},{\"@type\":\"ListItem\",\"position\":2,\"name\":\"Salvador: Novo trecho do metr\u00f4 iniciar\u00e1 opera\u00e7\u00e3o em maio, garante Sedur.\"}]},{\"@type\":\"WebSite\",\"@id\":\"https:\/\/cacaunews.com\/#website\",\"url\":\"https:\/\/cacaunews.com\/\",\"name\":\"Cacau News\",\"description\":\"A Informa\u00e7\u00e3o que voc\u00ea precisa!\",\"publisher\":{\"@id\":\"https:\/\/cacaunews.com\/#organization\"},\"potentialAction\":[{\"@type\":\"SearchAction\",\"target\":{\"@type\":\"EntryPoint\",\"urlTemplate\":\"https:\/\/cacaunews.com\/?s={search_term_string}\"},\"query-input\":\"required name=search_term_string\"}],\"inLanguage\":\"pt-BR\"},{\"@type\":\"Organization\",\"@id\":\"https:\/\/cacaunews.com\/#organization\",\"name\":\"Cacau News\",\"url\":\"https:\/\/cacaunews.com\/\",\"logo\":{\"@type\":\"ImageObject\",\"inLanguage\":\"pt-BR\",\"@id\":\"https:\/\/cacaunews.com\/#\/schema\/logo\/image\/\",\"url\":\"https:\/\/cacaunews.com\/wp-content\/uploads\/2025\/01\/cropped-LOGO-NOVA.png\",\"contentUrl\":\"https:\/\/cacaunews.com\/wp-content\/uploads\/2025\/01\/cropped-LOGO-NOVA.png\",\"width\":813,\"height\":813,\"caption\":\"Cacau News\"},\"image\":{\"@id\":\"https:\/\/cacaunews.com\/#\/schema\/logo\/image\/\"},\"sameAs\":[\"https:\/\/www.instagram.com\/cacaunews.online\/\",\"https:\/\/youtube.com\/@cacaunews?si=0VXLnjl08SrWbVG9\"]},{\"@type\":\"Person\",\"@id\":\"https:\/\/cacaunews.com\/#\/schema\/person\/ea69703103e606ad347ccd64bd72ef79\",\"name\":\"Reda\u00e7\u00e3o Cacau News\",\"image\":{\"@type\":\"ImageObject\",\"inLanguage\":\"pt-BR\",\"@id\":\"https:\/\/cacaunews.com\/#\/schema\/person\/image\/\",\"url\":\"https:\/\/secure.gravatar.com\/avatar\/d79227a2a7b6cc42e8d7a8f7c284cd3a?s=96&d=mm&r=g\",\"contentUrl\":\"https:\/\/secure.gravatar.com\/avatar\/d79227a2a7b6cc42e8d7a8f7c284cd3a?s=96&d=mm&r=g\",\"caption\":\"Reda\u00e7\u00e3o Cacau News\"},\"sameAs\":[\"https:\/\/cacaunews.com\"],\"url\":\"https:\/\/cacaunews.com\/?author=1\"}]}<\/script>\n<!-- \/ Yoast SEO plugin. -->","yoast_head_json":{"title":"Salvador: Novo trecho do metr\u00f4 iniciar\u00e1 opera\u00e7\u00e3o em maio, garante Sedur. - Cacau News","robots":{"index":"index","follow":"follow","max-snippet":"max-snippet:-1","max-image-preview":"max-image-preview:large","max-video-preview":"max-video-preview:-1"},"canonical":"https:\/\/cacaunews.com\/?p=1056","og_locale":"pt_BR","og_type":"article","og_title":"Salvador: Novo trecho do metr\u00f4 iniciar\u00e1 opera\u00e7\u00e3o em maio, garante Sedur. - Cacau News","og_description":"A opera\u00e7\u00e3o comercial do Tramo 3 do Sistema Metrovi\u00e1rio de Salvador vai se iniciar em...","og_url":"https:\/\/cacaunews.com\/?p=1056","og_site_name":"Cacau News","article_published_time":"2023-03-16T18:50:59+00:00","article_modified_time":"2023-03-16T18:50:54+00:00","og_image":[{"width":678,"height":452,"url":"https:\/\/cacaunews.com\/wp-content\/uploads\/2023\/03\/images283329.jpeg","type":"image\/jpeg"}],"author":"Reda\u00e7\u00e3o Cacau News","twitter_card":"summary_large_image","twitter_misc":{"Escrito por":"Reda\u00e7\u00e3o Cacau News","Est. tempo de leitura":"2 minutos"},"schema":{"@context":"https:\/\/schema.org","@graph":[{"@type":"Article","@id":"https:\/\/cacaunews.com\/?p=1056#article","isPartOf":{"@id":"https:\/\/cacaunews.com\/?p=1056"},"author":{"name":"Reda\u00e7\u00e3o Cacau News","@id":"https:\/\/cacaunews.com\/#\/schema\/person\/ea69703103e606ad347ccd64bd72ef79"},"headline":"Salvador: Novo trecho do metr\u00f4 iniciar\u00e1 opera\u00e7\u00e3o em maio, garante Sedur.","datePublished":"2023-03-16T18:50:59+00:00","dateModified":"2023-03-16T18:50:54+00:00","mainEntityOfPage":{"@id":"https:\/\/cacaunews.com\/?p=1056"},"wordCount":450,"commentCount":0,"publisher":{"@id":"https:\/\/cacaunews.com\/#organization"},"keywords":["metr\u00f4","Salvador","sedur"],"articleSection":["cidades","Jornalismo"],"inLanguage":"pt-BR","potentialAction":[{"@type":"CommentAction","name":"Comment","target":["https:\/\/cacaunews.com\/?p=1056#respond"]}]},{"@type":"WebPage","@id":"https:\/\/cacaunews.com\/?p=1056","url":"https:\/\/cacaunews.com\/?p=1056","name":"Salvador: Novo trecho do metr\u00f4 iniciar\u00e1 opera\u00e7\u00e3o em maio, garante Sedur. - Cacau News","isPartOf":{"@id":"https:\/\/cacaunews.com\/#website"},"datePublished":"2023-03-16T18:50:59+00:00","dateModified":"2023-03-16T18:50:54+00:00","breadcrumb":{"@id":"https:\/\/cacaunews.com\/?p=1056#breadcrumb"},"inLanguage":"pt-BR","potentialAction":[{"@type":"ReadAction","target":["https:\/\/cacaunews.com\/?p=1056"]}]},{"@type":"BreadcrumbList","@id":"https:\/\/cacaunews.com\/?p=1056#breadcrumb","itemListElement":[{"@type":"ListItem","position":1,"name":"In\u00edcio","item":"https:\/\/cacaunews.com\/"},{"@type":"ListItem","position":2,"name":"Salvador: Novo trecho do metr\u00f4 iniciar\u00e1 opera\u00e7\u00e3o em maio, garante Sedur."}]},{"@type":"WebSite","@id":"https:\/\/cacaunews.com\/#website","url":"https:\/\/cacaunews.com\/","name":"Cacau News","description":"A Informa\u00e7\u00e3o que voc\u00ea precisa!","publisher":{"@id":"https:\/\/cacaunews.com\/#organization"},"potentialAction":[{"@type":"SearchAction","target":{"@type":"EntryPoint","urlTemplate":"https:\/\/cacaunews.com\/?s={search_term_string}"},"query-input":"required name=search_term_string"}],"inLanguage":"pt-BR"},{"@type":"Organization","@id":"https:\/\/cacaunews.com\/#organization","name":"Cacau News","url":"https:\/\/cacaunews.com\/","logo":{"@type":"ImageObject","inLanguage":"pt-BR","@id":"https:\/\/cacaunews.com\/#\/schema\/logo\/image\/","url":"https:\/\/cacaunews.com\/wp-content\/uploads\/2025\/01\/cropped-LOGO-NOVA.png","contentUrl":"https:\/\/cacaunews.com\/wp-content\/uploads\/2025\/01\/cropped-LOGO-NOVA.png","width":813,"height":813,"caption":"Cacau News"},"image":{"@id":"https:\/\/cacaunews.com\/#\/schema\/logo\/image\/"},"sameAs":["https:\/\/www.instagram.com\/cacaunews.online\/","https:\/\/youtube.com\/@cacaunews?si=0VXLnjl08SrWbVG9"]},{"@type":"Person","@id":"https:\/\/cacaunews.com\/#\/schema\/person\/ea69703103e606ad347ccd64bd72ef79","name":"Reda\u00e7\u00e3o Cacau News","image":{"@type":"ImageObject","inLanguage":"pt-BR","@id":"https:\/\/cacaunews.com\/#\/schema\/person\/image\/","url":"https:\/\/secure.gravatar.com\/avatar\/d79227a2a7b6cc42e8d7a8f7c284cd3a?s=96&d=mm&r=g","contentUrl":"https:\/\/secure.gravatar.com\/avatar\/d79227a2a7b6cc42e8d7a8f7c284cd3a?s=96&d=mm&r=g","caption":"Reda\u00e7\u00e3o Cacau News"},"sameAs":["https:\/\/cacaunews.com"],"url":"https:\/\/cacaunews.com\/?author=1"}]}},"jetpack_sharing_enabled":true,"jetpack_featured_media_url":"https:\/\/cacaunews.com\/wp-content\/uploads\/2023\/03\/images283329.jpeg","_links":{"self":[{"href":"https:\/\/cacaunews.com\/index.php?rest_route=\/wp\/v2\/posts\/1056"}],"collection":[{"href":"https:\/\/cacaunews.com\/index.php?rest_route=\/wp\/v2\/posts"}],"about":[{"href":"https:\/\/cacaunews.com\/index.php?rest_route=\/wp\/v2\/types\/post"}],"author":[{"embeddable":true,"href":"https:\/\/cacaunews.com\/index.php?rest_route=\/wp\/v2\/users\/1"}],"replies":[{"embeddable":true,"href":"https:\/\/cacaunews.com\/index.php?rest_route=%2Fwp%2Fv2%2Fcomments&post=1056"}],"version-history":[{"count":1,"href":"https:\/\/cacaunews.com\/index.php?rest_route=\/wp\/v2\/posts\/1056\/revisions"}],"predecessor-version":[{"id":1064,"href":"https:\/\/cacaunews.com\/index.php?rest_route=\/wp\/v2\/posts\/1056\/revisions\/1064"}],"wp:featuredmedia":[{"embeddable":true,"href":"https:\/\/cacaunews.com\/index.php?rest_route=\/wp\/v2\/media\/1055"}],"wp:attachment":[{"href":"https:\/\/cacaunews.com\/index.php?rest_route=%2Fwp%2Fv2%2Fmedia&parent=1056"}],"wp:term":[{"taxonomy":"category","embeddable":true,"href":"https:\/\/cacaunews.com\/index.php?rest_route=%2Fwp%2Fv2%2Fcategories&post=1056"},{"taxonomy":"post_tag","embeddable":true,"href":"https:\/\/cacaunews.com\/index.php?rest_route=%2Fwp%2Fv2%2Ftags&post=1056"}],"curies":[{"name":"wp","href":"https:\/\/api.w.org\/{rel}","templated":true}]}}