{"id":1077,"date":"2023-03-21T13:54:38","date_gmt":"2023-03-21T13:54:38","guid":{"rendered":"https:\/\/cacaunews.com\/?p=1077"},"modified":"2023-03-21T13:54:40","modified_gmt":"2023-03-21T13:54:40","slug":"salvador-saiba-detalhes-de-tunel-subterraneo-que-a-prefeitura-quer-construir-entre-o-campo-da-polvora-e-o-comercio","status":"publish","type":"post","link":"https:\/\/cacaunews.com\/?p=1077","title":{"rendered":"Salvador: Saiba detalhes de t\u00fanel subterr\u00e2neo que a prefeitura  quer construir entre o Campo da P\u00f3lvora e o Com\u00e9rcio"},"content":{"rendered":"\n<p>A prefeitura de Salvador est\u00e1 estudando a constru\u00e7\u00e3o de um t\u00fanel subterr\u00e2neo de 960 metros de extens\u00e3o para pedestres, ligando o Campo da P\u00f3lvora \u2013 nas proximidades da Arena Fonte Nova \u2013 ao bairro do Com\u00e9rcio, pr\u00f3ximo ao Plano Inclinado Gon\u00e7alves. A ideia \u00e9 ligar toda essa regi\u00e3o, onde se localiza o porto da cidade, o Elevador Lacerda e o Mercado Modelo, ao metr\u00f4 de Salvador.<br><br> <br><br>O Bahia Not\u00edcias teve acesso ao resultado de estudos realizados pela Sanehatem Consultoria e Projetos Ltda, empresa contratada pela gest\u00e3o municipal para a elabora\u00e7\u00e3o de um diagn\u00f3stico urban\u00edstico, paisag\u00edstico, patrimonial e de mobilidade urbana inicial ao desenvolvimento do projeto, que \u00e9 chamado de \u201cT\u00fanel A\u201d pela Secretaria Municipal de Infraestrutura e Obras P\u00fablicas (Seinfra).<\/p>\n\n\n\n<p>De acordo com o projeto em desenvolvimento, a passagem subterr\u00e2nea deve contar tamb\u00e9m um acesso intermedi\u00e1rio, na regi\u00e3o da Baixa dos Sapateiros. A inten\u00e7\u00e3o, de acordo com a Sanehatem, \u00e9 atender \u00e0 demanda por deslocamentos gerada e atra\u00edda pelo complexo tur\u00edstico do Pelourinho e de todo o Centro Antigo de Salvador.<\/p>\n\n\n\n<p>Durante todos os 960 metros de extens\u00e3o do t\u00fanel, o projeto prev\u00ea, al\u00e9m de pain\u00e9is de publicidade, placas coloridas, fazendo refer\u00eancia \u00e0s fitas do Senhor do Bonfim, consideradas uma grande tradi\u00e7\u00e3o da cidade. Tamb\u00e9m est\u00e1 prevista a instala\u00e7\u00e3o de quatro esteiras rolantes de 50 metros e outras cinco de 90 metros em cada sentido de deslocamento, encurtando o percurso.<br><br> <br><br>No acesso intermedi\u00e1rio da Baixa dos Sapateiros, dever\u00e1 ser instalada outra esteira rolante, s\u00f3 que externa, fazendo a liga\u00e7\u00e3o entre a passagem subterr\u00e2nea e o Largo do Pelourinho. Esse espa\u00e7o, entre a Av. Jos\u00e9 Joaquim Seabra e a Rua 12 de Outubro, deve ser coberto. De acordo com o estudo, a ideia \u00e9 permitir \u201cque os pedestres transitem em seguran\u00e7a em um local considerado perigoso\u201d.<\/p>\n\n\n\n<p>Ainda conforme o documento elaborado pela Sanehatem, na sa\u00edda do t\u00fanel localizada no bairro Com\u00e9rcio \u2013 especificamente, na Rua Guindaste dos Padres \u2013,  deve ser constru\u00eddo um \u201cedif\u00edcio de apoio\u201d para a opera\u00e7\u00e3o da passagem subterr\u00e2nea. Para a constru\u00e7\u00e3o, o estudo prev\u00ea a desapropria\u00e7\u00e3o de tr\u00eas lotes na regi\u00e3o.<\/p>\n\n\n\n<p>A edifica\u00e7\u00e3o, que abrigar\u00e1 a sa\u00edda da passagem subterr\u00e2nea, tamb\u00e9m dever\u00e1 ter cafeterias, sanit\u00e1rios com acessibilidade, lojas e uma \u00e1rea administrativa. A ideia \u00e9 que o local seja a porta de entrada de um \u201cboulevard\u201d: uma esp\u00e9cie de \u00e1rea de tr\u00e2nsito preferencial de pedestres, admitindo, eventualmente, o tr\u00e1fego local de ve\u00edculos, semelhante \u00e0s \u201cramblas\u201d de Barcelona.<br><br> <br><br>O Boulevard, que tem projetos de ilumina\u00e7\u00e3o, arboriza\u00e7\u00e3o e mobili\u00e1rio pr\u00f3prios, possuiria ainda travessias elevadas, para separar das vias que d\u00e3o acesso a ele, de modo a reduzir a velocidade dos ve\u00edculos que transitam por ali, visando garantir mais seguran\u00e7a aos transeuntes do local.<\/p>\n\n\n\n<p>Para a Sanehatem, o projeto \u00e9 vi\u00e1vel e provoca mais impactos positivos do que negativos. A empresa avalia ainda que a constru\u00e7\u00e3o da passagem subterr\u00e2nea \u00e9 necess\u00e1ria e enumera medidas que possam mitigar os problemas citados no relat\u00f3rio, como realizar as obras em dias \u00fateis e hor\u00e1rios comerciais, para impedir que a gera\u00e7\u00e3o de ru\u00eddos incomode moradores e transeuntes.<br><br> <br><br>Sem aprofundar, o relat\u00f3rio fala ainda de um \u201cT\u00fanel B\u201d, que ligaria a Esta\u00e7\u00e3o da Lapa \u2013 entre o Vale dos Barris e o bairro do Toror\u00f3 \u2013 ao Terminal da Barroquinha, na boca do Centro Hist\u00f3rico de Salvador. A ideia dessa segunda passagem subterr\u00e2nea visa aprofundar a revitaliza\u00e7\u00e3o da \u00e1rea, que j\u00e1 foi vital para o com\u00e9rcio da capital baiana e hoje se encontra esvaziado.<\/p>\n\n\n\n<p>Com informa\u00e7\u00f5es BN<\/p>\n","protected":false},"excerpt":{"rendered":"<p>A prefeitura de Salvador est\u00e1 estudando a constru\u00e7\u00e3o de um t\u00fanel subterr\u00e2neo de 960 metros&#8230;<\/p>\n","protected":false},"author":1,"featured_media":1076,"comment_status":"open","ping_status":"open","sticky":false,"template":"","format":"standard","meta":{"footnotes":""},"categories":[18,11],"tags":[401,266,400],"yoast_head":"<!-- This site is optimized with the Yoast SEO plugin v21.7 - https:\/\/yoast.com\/wordpress\/plugins\/seo\/ -->\n<title>Salvador: Saiba detalhes de t\u00fanel subterr\u00e2neo que a prefeitura quer construir entre o Campo da P\u00f3lvora e o Com\u00e9rcio - Cacau News<\/title>\n<meta name=\"robots\" content=\"index, follow, max-snippet:-1, max-image-preview:large, max-video-preview:-1\" \/>\n<link rel=\"canonical\" href=\"https:\/\/cacaunews.com\/?p=1077\" \/>\n<meta property=\"og:locale\" content=\"pt_BR\" \/>\n<meta property=\"og:type\" content=\"article\" \/>\n<meta property=\"og:title\" content=\"Salvador: Saiba detalhes de t\u00fanel subterr\u00e2neo que a prefeitura quer construir entre o Campo da P\u00f3lvora e o Com\u00e9rcio - Cacau News\" \/>\n<meta property=\"og:description\" content=\"A prefeitura de Salvador est\u00e1 estudando a constru\u00e7\u00e3o de um t\u00fanel subterr\u00e2neo de 960 metros...\" \/>\n<meta property=\"og:url\" content=\"https:\/\/cacaunews.com\/?p=1077\" \/>\n<meta property=\"og:site_name\" content=\"Cacau News\" \/>\n<meta property=\"article:published_time\" content=\"2023-03-21T13:54:38+00:00\" \/>\n<meta property=\"article:modified_time\" content=\"2023-03-21T13:54:40+00:00\" \/>\n<meta property=\"og:image\" content=\"https:\/\/cacaunews.com\/wp-content\/uploads\/2023\/03\/IMAGEM_NOTICIA_528229.jpeg\" \/>\n\t<meta property=\"og:image:width\" content=\"597\" \/>\n\t<meta property=\"og:image:height\" content=\"380\" \/>\n\t<meta property=\"og:image:type\" content=\"image\/jpeg\" \/>\n<meta name=\"author\" content=\"Reda\u00e7\u00e3o Cacau News\" \/>\n<meta name=\"twitter:card\" content=\"summary_large_image\" \/>\n<meta name=\"twitter:label1\" content=\"Escrito por\" \/>\n\t<meta name=\"twitter:data1\" content=\"Reda\u00e7\u00e3o Cacau News\" \/>\n\t<meta name=\"twitter:label2\" content=\"Est. tempo de leitura\" \/>\n\t<meta name=\"twitter:data2\" content=\"3 minutos\" \/>\n<script type=\"application\/ld+json\" class=\"yoast-schema-graph\">{\"@context\":\"https:\/\/schema.org\",\"@graph\":[{\"@type\":\"Article\",\"@id\":\"https:\/\/cacaunews.com\/?p=1077#article\",\"isPartOf\":{\"@id\":\"https:\/\/cacaunews.com\/?p=1077\"},\"author\":{\"name\":\"Reda\u00e7\u00e3o Cacau News\",\"@id\":\"https:\/\/cacaunews.com\/#\/schema\/person\/ea69703103e606ad347ccd64bd72ef79\"},\"headline\":\"Salvador: Saiba detalhes de t\u00fanel subterr\u00e2neo que a prefeitura quer construir entre o Campo da P\u00f3lvora e o Com\u00e9rcio\",\"datePublished\":\"2023-03-21T13:54:38+00:00\",\"dateModified\":\"2023-03-21T13:54:40+00:00\",\"mainEntityOfPage\":{\"@id\":\"https:\/\/cacaunews.com\/?p=1077\"},\"wordCount\":656,\"commentCount\":0,\"publisher\":{\"@id\":\"https:\/\/cacaunews.com\/#organization\"},\"keywords\":[\"mobilidade\",\"Salvador\",\"t\u00fanel\"],\"articleSection\":[\"cidades\",\"Jornalismo\"],\"inLanguage\":\"pt-BR\",\"potentialAction\":[{\"@type\":\"CommentAction\",\"name\":\"Comment\",\"target\":[\"https:\/\/cacaunews.com\/?p=1077#respond\"]}]},{\"@type\":\"WebPage\",\"@id\":\"https:\/\/cacaunews.com\/?p=1077\",\"url\":\"https:\/\/cacaunews.com\/?p=1077\",\"name\":\"Salvador: Saiba detalhes de t\u00fanel subterr\u00e2neo que a prefeitura quer construir entre o Campo da P\u00f3lvora e o Com\u00e9rcio - Cacau News\",\"isPartOf\":{\"@id\":\"https:\/\/cacaunews.com\/#website\"},\"datePublished\":\"2023-03-21T13:54:38+00:00\",\"dateModified\":\"2023-03-21T13:54:40+00:00\",\"breadcrumb\":{\"@id\":\"https:\/\/cacaunews.com\/?p=1077#breadcrumb\"},\"inLanguage\":\"pt-BR\",\"potentialAction\":[{\"@type\":\"ReadAction\",\"target\":[\"https:\/\/cacaunews.com\/?p=1077\"]}]},{\"@type\":\"BreadcrumbList\",\"@id\":\"https:\/\/cacaunews.com\/?p=1077#breadcrumb\",\"itemListElement\":[{\"@type\":\"ListItem\",\"position\":1,\"name\":\"In\u00edcio\",\"item\":\"https:\/\/cacaunews.com\/\"},{\"@type\":\"ListItem\",\"position\":2,\"name\":\"Salvador: Saiba detalhes de t\u00fanel subterr\u00e2neo que a prefeitura quer construir entre o Campo da P\u00f3lvora e o Com\u00e9rcio\"}]},{\"@type\":\"WebSite\",\"@id\":\"https:\/\/cacaunews.com\/#website\",\"url\":\"https:\/\/cacaunews.com\/\",\"name\":\"Cacau News\",\"description\":\"A Informa\u00e7\u00e3o que voc\u00ea precisa!\",\"publisher\":{\"@id\":\"https:\/\/cacaunews.com\/#organization\"},\"potentialAction\":[{\"@type\":\"SearchAction\",\"target\":{\"@type\":\"EntryPoint\",\"urlTemplate\":\"https:\/\/cacaunews.com\/?s={search_term_string}\"},\"query-input\":\"required name=search_term_string\"}],\"inLanguage\":\"pt-BR\"},{\"@type\":\"Organization\",\"@id\":\"https:\/\/cacaunews.com\/#organization\",\"name\":\"Cacau News\",\"url\":\"https:\/\/cacaunews.com\/\",\"logo\":{\"@type\":\"ImageObject\",\"inLanguage\":\"pt-BR\",\"@id\":\"https:\/\/cacaunews.com\/#\/schema\/logo\/image\/\",\"url\":\"https:\/\/cacaunews.com\/wp-content\/uploads\/2025\/01\/cropped-LOGO-NOVA.png\",\"contentUrl\":\"https:\/\/cacaunews.com\/wp-content\/uploads\/2025\/01\/cropped-LOGO-NOVA.png\",\"width\":813,\"height\":813,\"caption\":\"Cacau News\"},\"image\":{\"@id\":\"https:\/\/cacaunews.com\/#\/schema\/logo\/image\/\"},\"sameAs\":[\"https:\/\/www.instagram.com\/cacaunews.online\/\",\"https:\/\/youtube.com\/@cacaunews?si=0VXLnjl08SrWbVG9\"]},{\"@type\":\"Person\",\"@id\":\"https:\/\/cacaunews.com\/#\/schema\/person\/ea69703103e606ad347ccd64bd72ef79\",\"name\":\"Reda\u00e7\u00e3o Cacau News\",\"image\":{\"@type\":\"ImageObject\",\"inLanguage\":\"pt-BR\",\"@id\":\"https:\/\/cacaunews.com\/#\/schema\/person\/image\/\",\"url\":\"https:\/\/secure.gravatar.com\/avatar\/d79227a2a7b6cc42e8d7a8f7c284cd3a?s=96&d=mm&r=g\",\"contentUrl\":\"https:\/\/secure.gravatar.com\/avatar\/d79227a2a7b6cc42e8d7a8f7c284cd3a?s=96&d=mm&r=g\",\"caption\":\"Reda\u00e7\u00e3o Cacau News\"},\"sameAs\":[\"https:\/\/cacaunews.com\"],\"url\":\"https:\/\/cacaunews.com\/?author=1\"}]}<\/script>\n<!-- \/ Yoast SEO plugin. -->","yoast_head_json":{"title":"Salvador: Saiba detalhes de t\u00fanel subterr\u00e2neo que a prefeitura quer construir entre o Campo da P\u00f3lvora e o Com\u00e9rcio - Cacau News","robots":{"index":"index","follow":"follow","max-snippet":"max-snippet:-1","max-image-preview":"max-image-preview:large","max-video-preview":"max-video-preview:-1"},"canonical":"https:\/\/cacaunews.com\/?p=1077","og_locale":"pt_BR","og_type":"article","og_title":"Salvador: Saiba detalhes de t\u00fanel subterr\u00e2neo que a prefeitura quer construir entre o Campo da P\u00f3lvora e o Com\u00e9rcio - Cacau News","og_description":"A prefeitura de Salvador est\u00e1 estudando a constru\u00e7\u00e3o de um t\u00fanel subterr\u00e2neo de 960 metros...","og_url":"https:\/\/cacaunews.com\/?p=1077","og_site_name":"Cacau News","article_published_time":"2023-03-21T13:54:38+00:00","article_modified_time":"2023-03-21T13:54:40+00:00","og_image":[{"width":597,"height":380,"url":"https:\/\/cacaunews.com\/wp-content\/uploads\/2023\/03\/IMAGEM_NOTICIA_528229.jpeg","type":"image\/jpeg"}],"author":"Reda\u00e7\u00e3o Cacau News","twitter_card":"summary_large_image","twitter_misc":{"Escrito por":"Reda\u00e7\u00e3o Cacau News","Est. tempo de leitura":"3 minutos"},"schema":{"@context":"https:\/\/schema.org","@graph":[{"@type":"Article","@id":"https:\/\/cacaunews.com\/?p=1077#article","isPartOf":{"@id":"https:\/\/cacaunews.com\/?p=1077"},"author":{"name":"Reda\u00e7\u00e3o Cacau News","@id":"https:\/\/cacaunews.com\/#\/schema\/person\/ea69703103e606ad347ccd64bd72ef79"},"headline":"Salvador: Saiba detalhes de t\u00fanel subterr\u00e2neo que a prefeitura quer construir entre o Campo da P\u00f3lvora e o Com\u00e9rcio","datePublished":"2023-03-21T13:54:38+00:00","dateModified":"2023-03-21T13:54:40+00:00","mainEntityOfPage":{"@id":"https:\/\/cacaunews.com\/?p=1077"},"wordCount":656,"commentCount":0,"publisher":{"@id":"https:\/\/cacaunews.com\/#organization"},"keywords":["mobilidade","Salvador","t\u00fanel"],"articleSection":["cidades","Jornalismo"],"inLanguage":"pt-BR","potentialAction":[{"@type":"CommentAction","name":"Comment","target":["https:\/\/cacaunews.com\/?p=1077#respond"]}]},{"@type":"WebPage","@id":"https:\/\/cacaunews.com\/?p=1077","url":"https:\/\/cacaunews.com\/?p=1077","name":"Salvador: Saiba detalhes de t\u00fanel subterr\u00e2neo que a prefeitura quer construir entre o Campo da P\u00f3lvora e o Com\u00e9rcio - Cacau News","isPartOf":{"@id":"https:\/\/cacaunews.com\/#website"},"datePublished":"2023-03-21T13:54:38+00:00","dateModified":"2023-03-21T13:54:40+00:00","breadcrumb":{"@id":"https:\/\/cacaunews.com\/?p=1077#breadcrumb"},"inLanguage":"pt-BR","potentialAction":[{"@type":"ReadAction","target":["https:\/\/cacaunews.com\/?p=1077"]}]},{"@type":"BreadcrumbList","@id":"https:\/\/cacaunews.com\/?p=1077#breadcrumb","itemListElement":[{"@type":"ListItem","position":1,"name":"In\u00edcio","item":"https:\/\/cacaunews.com\/"},{"@type":"ListItem","position":2,"name":"Salvador: Saiba detalhes de t\u00fanel subterr\u00e2neo que a prefeitura quer construir entre o Campo da P\u00f3lvora e o Com\u00e9rcio"}]},{"@type":"WebSite","@id":"https:\/\/cacaunews.com\/#website","url":"https:\/\/cacaunews.com\/","name":"Cacau News","description":"A Informa\u00e7\u00e3o que voc\u00ea precisa!","publisher":{"@id":"https:\/\/cacaunews.com\/#organization"},"potentialAction":[{"@type":"SearchAction","target":{"@type":"EntryPoint","urlTemplate":"https:\/\/cacaunews.com\/?s={search_term_string}"},"query-input":"required name=search_term_string"}],"inLanguage":"pt-BR"},{"@type":"Organization","@id":"https:\/\/cacaunews.com\/#organization","name":"Cacau News","url":"https:\/\/cacaunews.com\/","logo":{"@type":"ImageObject","inLanguage":"pt-BR","@id":"https:\/\/cacaunews.com\/#\/schema\/logo\/image\/","url":"https:\/\/cacaunews.com\/wp-content\/uploads\/2025\/01\/cropped-LOGO-NOVA.png","contentUrl":"https:\/\/cacaunews.com\/wp-content\/uploads\/2025\/01\/cropped-LOGO-NOVA.png","width":813,"height":813,"caption":"Cacau News"},"image":{"@id":"https:\/\/cacaunews.com\/#\/schema\/logo\/image\/"},"sameAs":["https:\/\/www.instagram.com\/cacaunews.online\/","https:\/\/youtube.com\/@cacaunews?si=0VXLnjl08SrWbVG9"]},{"@type":"Person","@id":"https:\/\/cacaunews.com\/#\/schema\/person\/ea69703103e606ad347ccd64bd72ef79","name":"Reda\u00e7\u00e3o Cacau News","image":{"@type":"ImageObject","inLanguage":"pt-BR","@id":"https:\/\/cacaunews.com\/#\/schema\/person\/image\/","url":"https:\/\/secure.gravatar.com\/avatar\/d79227a2a7b6cc42e8d7a8f7c284cd3a?s=96&d=mm&r=g","contentUrl":"https:\/\/secure.gravatar.com\/avatar\/d79227a2a7b6cc42e8d7a8f7c284cd3a?s=96&d=mm&r=g","caption":"Reda\u00e7\u00e3o Cacau News"},"sameAs":["https:\/\/cacaunews.com"],"url":"https:\/\/cacaunews.com\/?author=1"}]}},"jetpack_sharing_enabled":true,"jetpack_featured_media_url":"https:\/\/cacaunews.com\/wp-content\/uploads\/2023\/03\/IMAGEM_NOTICIA_528229.jpeg","_links":{"self":[{"href":"https:\/\/cacaunews.com\/index.php?rest_route=\/wp\/v2\/posts\/1077"}],"collection":[{"href":"https:\/\/cacaunews.com\/index.php?rest_route=\/wp\/v2\/posts"}],"about":[{"href":"https:\/\/cacaunews.com\/index.php?rest_route=\/wp\/v2\/types\/post"}],"author":[{"embeddable":true,"href":"https:\/\/cacaunews.com\/index.php?rest_route=\/wp\/v2\/users\/1"}],"replies":[{"embeddable":true,"href":"https:\/\/cacaunews.com\/index.php?rest_route=%2Fwp%2Fv2%2Fcomments&post=1077"}],"version-history":[{"count":1,"href":"https:\/\/cacaunews.com\/index.php?rest_route=\/wp\/v2\/posts\/1077\/revisions"}],"predecessor-version":[{"id":1102,"href":"https:\/\/cacaunews.com\/index.php?rest_route=\/wp\/v2\/posts\/1077\/revisions\/1102"}],"wp:featuredmedia":[{"embeddable":true,"href":"https:\/\/cacaunews.com\/index.php?rest_route=\/wp\/v2\/media\/1076"}],"wp:attachment":[{"href":"https:\/\/cacaunews.com\/index.php?rest_route=%2Fwp%2Fv2%2Fmedia&parent=1077"}],"wp:term":[{"taxonomy":"category","embeddable":true,"href":"https:\/\/cacaunews.com\/index.php?rest_route=%2Fwp%2Fv2%2Fcategories&post=1077"},{"taxonomy":"post_tag","embeddable":true,"href":"https:\/\/cacaunews.com\/index.php?rest_route=%2Fwp%2Fv2%2Ftags&post=1077"}],"curies":[{"name":"wp","href":"https:\/\/api.w.org\/{rel}","templated":true}]}}