{"id":1122,"date":"2023-03-26T01:30:34","date_gmt":"2023-03-26T01:30:34","guid":{"rendered":"https:\/\/cacaunews.com\/?p=1122"},"modified":"2023-03-26T01:30:24","modified_gmt":"2023-03-26T01:30:24","slug":"um-divisor-de-aguas-declara-prefeito-durante-entrega-da-1a-escola-de-tempo-integral-em-ilheus","status":"publish","type":"post","link":"https:\/\/cacaunews.com\/?p=1122","title":{"rendered":"&#8216;Um divisor de \u00e1guas&#8217;, declara prefeito durante entrega da 1\u00aa escola de tempo integral em Ilh\u00e9us."},"content":{"rendered":"\n<p>Um passo hist\u00f3rico na educa\u00e7\u00e3o de Ilh\u00e9us. A primeira escola de tempo integral da cidade j\u00e1 \u00e9 uma realidade para os alunos da rede p\u00fablica de ensino. O Col\u00e9gio Estadual Professor Carlos Roberto Arl\u00e9o Barbosa, no Centro Social Urbano (CSU), na Barra do Ita\u00edpe, foi inaugurado na tarde desta quinta-feira (23).<br><br>O ato contou com as presen\u00e7as do governador Jer\u00f4nimo Rodrigues, do prefeito M\u00e1rio Alexandre, do vice-prefeito Bebeto, da secret\u00e1ria estadual da Educa\u00e7\u00e3o, Ad\u00e9lia Pinheiro, da deputada estadual Soane Galv\u00e3o, da ministra do Esporte, Ana Moser, lideran\u00e7as pol\u00edticas, imprensa e comunidade local, que foram recepcionados ao som do grupo Batuca GG e da fanfarra Guerreiros da Bahia.<\/p>\n\n\n\n<p>Com estrutura e padr\u00e3o de excel\u00eancia, a escola recebeu um investimento de R$ 27 milh\u00f5es do Governo da Bahia. A unidade disp\u00f5e de 24 salas climatizadas, quatro laborat\u00f3rios, sala de dan\u00e7a, de m\u00fasica, teatro com capacidade para 175 pessoas, audit\u00f3rio, biblioteca, refeit\u00f3rio, espa\u00e7o maker, quadra poliesportiva coberta com arquibancada, piscina semiol\u00edmpica, teatro, entre outros espa\u00e7os. <br><br>O equipamento \u00e9 fruto da parceria exitosa entre a Prefeitura e o Estado. Al\u00e9m de ser integral para estudantes do Ensino M\u00e9dio, a nova escola espa\u00e7o possui forma\u00e7\u00e3o t\u00e9cnica, incluindo aulas da Educa\u00e7\u00e3o de Jovens e Adultos (EJA) e jornadas de 7 a 9 horas.<\/p>\n\n\n\n<p>A unidade \u00e9 a 11\u00aa constru\u00edda e entregue pelo governo estadual. Jer\u00f4nimo Rodrigues enfatizou o trabalho realizado de forma conjunta com a atual gest\u00e3o para potencializar os resultados positivos. <br><br>\u201cEncerramos uma agenda maravilhosa, grandiosa, do tamanho de Ilh\u00e9us. Realizamos a entrega de mais uma escola de alto padr\u00e3o e tudo isso \u00e9 feito porque a gente gosta de cuidar de gente. O governo tem esse compromisso, mas \u00e9 fundamental destacar essa parceria com o Munic\u00edpio. N\u00f3s sabemos do esfor\u00e7o que a Prefeitura de Ilh\u00e9us fez e far\u00e1 para garantir mais benef\u00edcios para a popula\u00e7\u00e3o\u201d.<\/p>\n\n\n\n<p>Secom\/Ilh\u00e9us<\/p>\n","protected":false},"excerpt":{"rendered":"<p>Um passo hist\u00f3rico na educa\u00e7\u00e3o de Ilh\u00e9us. A primeira escola de tempo integral da cidade&#8230;<\/p>\n","protected":false},"author":1,"featured_media":1121,"comment_status":"open","ping_status":"open","sticky":false,"template":"","format":"standard","meta":{"footnotes":""},"categories":[18,11],"tags":[418,419,37,417],"yoast_head":"<!-- This site is optimized with the Yoast SEO plugin v21.7 - https:\/\/yoast.com\/wordpress\/plugins\/seo\/ -->\n<title>&#039;Um divisor de \u00e1guas&#039;, declara prefeito durante entrega da 1\u00aa escola de tempo integral em Ilh\u00e9us. - Cacau News<\/title>\n<meta name=\"robots\" content=\"index, follow, max-snippet:-1, max-image-preview:large, max-video-preview:-1\" \/>\n<link rel=\"canonical\" href=\"https:\/\/cacaunews.com\/?p=1122\" \/>\n<meta property=\"og:locale\" content=\"pt_BR\" \/>\n<meta property=\"og:type\" content=\"article\" \/>\n<meta property=\"og:title\" content=\"&#039;Um divisor de \u00e1guas&#039;, declara prefeito durante entrega da 1\u00aa escola de tempo integral em Ilh\u00e9us. - Cacau News\" \/>\n<meta property=\"og:description\" content=\"Um passo hist\u00f3rico na educa\u00e7\u00e3o de Ilh\u00e9us. A primeira escola de tempo integral da cidade...\" \/>\n<meta property=\"og:url\" content=\"https:\/\/cacaunews.com\/?p=1122\" \/>\n<meta property=\"og:site_name\" content=\"Cacau News\" \/>\n<meta property=\"article:published_time\" content=\"2023-03-26T01:30:34+00:00\" \/>\n<meta property=\"article:modified_time\" content=\"2023-03-26T01:30:24+00:00\" \/>\n<meta property=\"og:image\" content=\"https:\/\/cacaunews.com\/wp-content\/uploads\/2023\/03\/IMG-20230323-WA0253.jpg\" \/>\n\t<meta property=\"og:image:width\" content=\"1600\" \/>\n\t<meta property=\"og:image:height\" content=\"1066\" \/>\n\t<meta property=\"og:image:type\" content=\"image\/jpeg\" \/>\n<meta name=\"author\" content=\"Reda\u00e7\u00e3o Cacau News\" \/>\n<meta name=\"twitter:card\" content=\"summary_large_image\" \/>\n<meta name=\"twitter:label1\" content=\"Escrito por\" \/>\n\t<meta name=\"twitter:data1\" content=\"Reda\u00e7\u00e3o Cacau News\" \/>\n\t<meta name=\"twitter:label2\" content=\"Est. tempo de leitura\" \/>\n\t<meta name=\"twitter:data2\" content=\"2 minutos\" \/>\n<script type=\"application\/ld+json\" class=\"yoast-schema-graph\">{\"@context\":\"https:\/\/schema.org\",\"@graph\":[{\"@type\":\"Article\",\"@id\":\"https:\/\/cacaunews.com\/?p=1122#article\",\"isPartOf\":{\"@id\":\"https:\/\/cacaunews.com\/?p=1122\"},\"author\":{\"name\":\"Reda\u00e7\u00e3o Cacau News\",\"@id\":\"https:\/\/cacaunews.com\/#\/schema\/person\/ea69703103e606ad347ccd64bd72ef79\"},\"headline\":\"&#8216;Um divisor de \u00e1guas&#8217;, declara prefeito durante entrega da 1\u00aa escola de tempo integral em Ilh\u00e9us.\",\"datePublished\":\"2023-03-26T01:30:34+00:00\",\"dateModified\":\"2023-03-26T01:30:24+00:00\",\"mainEntityOfPage\":{\"@id\":\"https:\/\/cacaunews.com\/?p=1122\"},\"wordCount\":353,\"commentCount\":0,\"publisher\":{\"@id\":\"https:\/\/cacaunews.com\/#organization\"},\"keywords\":[\"escolas\",\"estado\",\"ilheus\",\"tempo integral\"],\"articleSection\":[\"cidades\",\"Jornalismo\"],\"inLanguage\":\"pt-BR\",\"potentialAction\":[{\"@type\":\"CommentAction\",\"name\":\"Comment\",\"target\":[\"https:\/\/cacaunews.com\/?p=1122#respond\"]}]},{\"@type\":\"WebPage\",\"@id\":\"https:\/\/cacaunews.com\/?p=1122\",\"url\":\"https:\/\/cacaunews.com\/?p=1122\",\"name\":\"'Um divisor de \u00e1guas', declara prefeito durante entrega da 1\u00aa escola de tempo integral em Ilh\u00e9us. - Cacau News\",\"isPartOf\":{\"@id\":\"https:\/\/cacaunews.com\/#website\"},\"datePublished\":\"2023-03-26T01:30:34+00:00\",\"dateModified\":\"2023-03-26T01:30:24+00:00\",\"breadcrumb\":{\"@id\":\"https:\/\/cacaunews.com\/?p=1122#breadcrumb\"},\"inLanguage\":\"pt-BR\",\"potentialAction\":[{\"@type\":\"ReadAction\",\"target\":[\"https:\/\/cacaunews.com\/?p=1122\"]}]},{\"@type\":\"BreadcrumbList\",\"@id\":\"https:\/\/cacaunews.com\/?p=1122#breadcrumb\",\"itemListElement\":[{\"@type\":\"ListItem\",\"position\":1,\"name\":\"In\u00edcio\",\"item\":\"https:\/\/cacaunews.com\/\"},{\"@type\":\"ListItem\",\"position\":2,\"name\":\"&#8216;Um divisor de \u00e1guas&#8217;, declara prefeito durante entrega da 1\u00aa escola de tempo integral em Ilh\u00e9us.\"}]},{\"@type\":\"WebSite\",\"@id\":\"https:\/\/cacaunews.com\/#website\",\"url\":\"https:\/\/cacaunews.com\/\",\"name\":\"Cacau News\",\"description\":\"A Informa\u00e7\u00e3o que voc\u00ea precisa!\",\"publisher\":{\"@id\":\"https:\/\/cacaunews.com\/#organization\"},\"potentialAction\":[{\"@type\":\"SearchAction\",\"target\":{\"@type\":\"EntryPoint\",\"urlTemplate\":\"https:\/\/cacaunews.com\/?s={search_term_string}\"},\"query-input\":\"required name=search_term_string\"}],\"inLanguage\":\"pt-BR\"},{\"@type\":\"Organization\",\"@id\":\"https:\/\/cacaunews.com\/#organization\",\"name\":\"Cacau News\",\"url\":\"https:\/\/cacaunews.com\/\",\"logo\":{\"@type\":\"ImageObject\",\"inLanguage\":\"pt-BR\",\"@id\":\"https:\/\/cacaunews.com\/#\/schema\/logo\/image\/\",\"url\":\"https:\/\/cacaunews.com\/wp-content\/uploads\/2025\/01\/cropped-LOGO-NOVA.png\",\"contentUrl\":\"https:\/\/cacaunews.com\/wp-content\/uploads\/2025\/01\/cropped-LOGO-NOVA.png\",\"width\":813,\"height\":813,\"caption\":\"Cacau News\"},\"image\":{\"@id\":\"https:\/\/cacaunews.com\/#\/schema\/logo\/image\/\"},\"sameAs\":[\"https:\/\/www.instagram.com\/cacaunews.online\/\",\"https:\/\/youtube.com\/@cacaunews?si=0VXLnjl08SrWbVG9\"]},{\"@type\":\"Person\",\"@id\":\"https:\/\/cacaunews.com\/#\/schema\/person\/ea69703103e606ad347ccd64bd72ef79\",\"name\":\"Reda\u00e7\u00e3o Cacau News\",\"image\":{\"@type\":\"ImageObject\",\"inLanguage\":\"pt-BR\",\"@id\":\"https:\/\/cacaunews.com\/#\/schema\/person\/image\/\",\"url\":\"https:\/\/secure.gravatar.com\/avatar\/d79227a2a7b6cc42e8d7a8f7c284cd3a?s=96&d=mm&r=g\",\"contentUrl\":\"https:\/\/secure.gravatar.com\/avatar\/d79227a2a7b6cc42e8d7a8f7c284cd3a?s=96&d=mm&r=g\",\"caption\":\"Reda\u00e7\u00e3o Cacau News\"},\"sameAs\":[\"https:\/\/cacaunews.com\"],\"url\":\"https:\/\/cacaunews.com\/?author=1\"}]}<\/script>\n<!-- \/ Yoast SEO plugin. -->","yoast_head_json":{"title":"'Um divisor de \u00e1guas', declara prefeito durante entrega da 1\u00aa escola de tempo integral em Ilh\u00e9us. - Cacau News","robots":{"index":"index","follow":"follow","max-snippet":"max-snippet:-1","max-image-preview":"max-image-preview:large","max-video-preview":"max-video-preview:-1"},"canonical":"https:\/\/cacaunews.com\/?p=1122","og_locale":"pt_BR","og_type":"article","og_title":"'Um divisor de \u00e1guas', declara prefeito durante entrega da 1\u00aa escola de tempo integral em Ilh\u00e9us. - Cacau News","og_description":"Um passo hist\u00f3rico na educa\u00e7\u00e3o de Ilh\u00e9us. A primeira escola de tempo integral da cidade...","og_url":"https:\/\/cacaunews.com\/?p=1122","og_site_name":"Cacau News","article_published_time":"2023-03-26T01:30:34+00:00","article_modified_time":"2023-03-26T01:30:24+00:00","og_image":[{"width":1600,"height":1066,"url":"https:\/\/cacaunews.com\/wp-content\/uploads\/2023\/03\/IMG-20230323-WA0253.jpg","type":"image\/jpeg"}],"author":"Reda\u00e7\u00e3o Cacau News","twitter_card":"summary_large_image","twitter_misc":{"Escrito por":"Reda\u00e7\u00e3o Cacau News","Est. tempo de leitura":"2 minutos"},"schema":{"@context":"https:\/\/schema.org","@graph":[{"@type":"Article","@id":"https:\/\/cacaunews.com\/?p=1122#article","isPartOf":{"@id":"https:\/\/cacaunews.com\/?p=1122"},"author":{"name":"Reda\u00e7\u00e3o Cacau News","@id":"https:\/\/cacaunews.com\/#\/schema\/person\/ea69703103e606ad347ccd64bd72ef79"},"headline":"&#8216;Um divisor de \u00e1guas&#8217;, declara prefeito durante entrega da 1\u00aa escola de tempo integral em Ilh\u00e9us.","datePublished":"2023-03-26T01:30:34+00:00","dateModified":"2023-03-26T01:30:24+00:00","mainEntityOfPage":{"@id":"https:\/\/cacaunews.com\/?p=1122"},"wordCount":353,"commentCount":0,"publisher":{"@id":"https:\/\/cacaunews.com\/#organization"},"keywords":["escolas","estado","ilheus","tempo integral"],"articleSection":["cidades","Jornalismo"],"inLanguage":"pt-BR","potentialAction":[{"@type":"CommentAction","name":"Comment","target":["https:\/\/cacaunews.com\/?p=1122#respond"]}]},{"@type":"WebPage","@id":"https:\/\/cacaunews.com\/?p=1122","url":"https:\/\/cacaunews.com\/?p=1122","name":"'Um divisor de \u00e1guas', declara prefeito durante entrega da 1\u00aa escola de tempo integral em Ilh\u00e9us. - Cacau News","isPartOf":{"@id":"https:\/\/cacaunews.com\/#website"},"datePublished":"2023-03-26T01:30:34+00:00","dateModified":"2023-03-26T01:30:24+00:00","breadcrumb":{"@id":"https:\/\/cacaunews.com\/?p=1122#breadcrumb"},"inLanguage":"pt-BR","potentialAction":[{"@type":"ReadAction","target":["https:\/\/cacaunews.com\/?p=1122"]}]},{"@type":"BreadcrumbList","@id":"https:\/\/cacaunews.com\/?p=1122#breadcrumb","itemListElement":[{"@type":"ListItem","position":1,"name":"In\u00edcio","item":"https:\/\/cacaunews.com\/"},{"@type":"ListItem","position":2,"name":"&#8216;Um divisor de \u00e1guas&#8217;, declara prefeito durante entrega da 1\u00aa escola de tempo integral em Ilh\u00e9us."}]},{"@type":"WebSite","@id":"https:\/\/cacaunews.com\/#website","url":"https:\/\/cacaunews.com\/","name":"Cacau News","description":"A Informa\u00e7\u00e3o que voc\u00ea precisa!","publisher":{"@id":"https:\/\/cacaunews.com\/#organization"},"potentialAction":[{"@type":"SearchAction","target":{"@type":"EntryPoint","urlTemplate":"https:\/\/cacaunews.com\/?s={search_term_string}"},"query-input":"required name=search_term_string"}],"inLanguage":"pt-BR"},{"@type":"Organization","@id":"https:\/\/cacaunews.com\/#organization","name":"Cacau News","url":"https:\/\/cacaunews.com\/","logo":{"@type":"ImageObject","inLanguage":"pt-BR","@id":"https:\/\/cacaunews.com\/#\/schema\/logo\/image\/","url":"https:\/\/cacaunews.com\/wp-content\/uploads\/2025\/01\/cropped-LOGO-NOVA.png","contentUrl":"https:\/\/cacaunews.com\/wp-content\/uploads\/2025\/01\/cropped-LOGO-NOVA.png","width":813,"height":813,"caption":"Cacau News"},"image":{"@id":"https:\/\/cacaunews.com\/#\/schema\/logo\/image\/"},"sameAs":["https:\/\/www.instagram.com\/cacaunews.online\/","https:\/\/youtube.com\/@cacaunews?si=0VXLnjl08SrWbVG9"]},{"@type":"Person","@id":"https:\/\/cacaunews.com\/#\/schema\/person\/ea69703103e606ad347ccd64bd72ef79","name":"Reda\u00e7\u00e3o Cacau News","image":{"@type":"ImageObject","inLanguage":"pt-BR","@id":"https:\/\/cacaunews.com\/#\/schema\/person\/image\/","url":"https:\/\/secure.gravatar.com\/avatar\/d79227a2a7b6cc42e8d7a8f7c284cd3a?s=96&d=mm&r=g","contentUrl":"https:\/\/secure.gravatar.com\/avatar\/d79227a2a7b6cc42e8d7a8f7c284cd3a?s=96&d=mm&r=g","caption":"Reda\u00e7\u00e3o Cacau News"},"sameAs":["https:\/\/cacaunews.com"],"url":"https:\/\/cacaunews.com\/?author=1"}]}},"jetpack_sharing_enabled":true,"jetpack_featured_media_url":"https:\/\/cacaunews.com\/wp-content\/uploads\/2023\/03\/IMG-20230323-WA0253.jpg","_links":{"self":[{"href":"https:\/\/cacaunews.com\/index.php?rest_route=\/wp\/v2\/posts\/1122"}],"collection":[{"href":"https:\/\/cacaunews.com\/index.php?rest_route=\/wp\/v2\/posts"}],"about":[{"href":"https:\/\/cacaunews.com\/index.php?rest_route=\/wp\/v2\/types\/post"}],"author":[{"embeddable":true,"href":"https:\/\/cacaunews.com\/index.php?rest_route=\/wp\/v2\/users\/1"}],"replies":[{"embeddable":true,"href":"https:\/\/cacaunews.com\/index.php?rest_route=%2Fwp%2Fv2%2Fcomments&post=1122"}],"version-history":[{"count":1,"href":"https:\/\/cacaunews.com\/index.php?rest_route=\/wp\/v2\/posts\/1122\/revisions"}],"predecessor-version":[{"id":1123,"href":"https:\/\/cacaunews.com\/index.php?rest_route=\/wp\/v2\/posts\/1122\/revisions\/1123"}],"wp:featuredmedia":[{"embeddable":true,"href":"https:\/\/cacaunews.com\/index.php?rest_route=\/wp\/v2\/media\/1121"}],"wp:attachment":[{"href":"https:\/\/cacaunews.com\/index.php?rest_route=%2Fwp%2Fv2%2Fmedia&parent=1122"}],"wp:term":[{"taxonomy":"category","embeddable":true,"href":"https:\/\/cacaunews.com\/index.php?rest_route=%2Fwp%2Fv2%2Fcategories&post=1122"},{"taxonomy":"post_tag","embeddable":true,"href":"https:\/\/cacaunews.com\/index.php?rest_route=%2Fwp%2Fv2%2Ftags&post=1122"}],"curies":[{"name":"wp","href":"https:\/\/api.w.org\/{rel}","templated":true}]}}