{"id":1177,"date":"2023-03-30T13:33:08","date_gmt":"2023-03-30T13:33:08","guid":{"rendered":"https:\/\/cacaunews.com\/?p=1177"},"modified":"2023-03-30T16:04:31","modified_gmt":"2023-03-30T16:04:31","slug":"artistas-grapiunas-celebram-requalificacao-do-centro-cultural-adonias-filho","status":"publish","type":"post","link":"https:\/\/cacaunews.com\/?p=1177","title":{"rendered":"Artistas grapi\u00fanas celebram requalifica\u00e7\u00e3o do Centro Cultural Adonias Filho."},"content":{"rendered":"\n<p>O Governo da Bahia est\u00e1 concluindo as obras de requalifica\u00e7\u00e3o do Centro Cultural Adonias Filho, em Itabuna. As interven\u00e7\u00f5es, com investimentos de R$ 3,6 milh\u00f5es na estrutura f\u00edsica, incluem a reforma completa no audit\u00f3rio com capacidade para 300 pessoas, que recebeu novas poltronas de couro em substitui\u00e7\u00e3o aos assentos de pl\u00e1stico, ilumina\u00e7\u00e3o c\u00eanica e ar condicionado central, al\u00e9m da recupera\u00e7\u00e3o do telhado, pintura e substitui\u00e7\u00e3o das instala\u00e7\u00f5es el\u00e9tricas e hidr\u00e1ulicas.<\/p>\n\n\n\n<p>\u201cO Centro de Cultura \u00e9 a nossa casa. Para n\u00f3s artistas, esse \u00e9 um espa\u00e7o fundamental para que a gente possa apresentar nossa produ\u00e7\u00e3o e receber artistas de outras regi\u00f5es. \u00c9 uma refer\u00eancia para todos os que amam a cultura grapi\u00fana\u201d, afirma o m\u00fasico Jaffer Ornellas. Para o ator Lucas Oliveira \u201cprecisamos do retorno das atividades do centro cultural para a perman\u00eancia das atividades culturais e a volta das oficinas e cursos t\u00e3o importantes \u00e0 nossa cidadania\u201d<\/p>\n\n\n\n<figure class=\"wp-block-image size-large\"><img fetchpriority=\"high\" decoding=\"async\" width=\"636\" height=\"381\" src=\"https:\/\/cacaunews.com\/wp-content\/uploads\/2023\/03\/img-20230330-wa00236450349249880521354.jpg\" alt=\"\" class=\"wp-image-1175\" srcset=\"https:\/\/cacaunews.com\/wp-content\/uploads\/2023\/03\/img-20230330-wa00236450349249880521354.jpg 636w, https:\/\/cacaunews.com\/wp-content\/uploads\/2023\/03\/img-20230330-wa00236450349249880521354-300x180.jpg 300w\" sizes=\"(max-width: 636px) 100vw, 636px\" \/><\/figure>\n\n\n\n<p>O Centro Cultural de Itabuna possui audit\u00f3rio para pe\u00e7as teatrais e shows musicais, foyer para exposi\u00e7\u00f5es, tr\u00eas salas multiuso para aulas da dan\u00e7a, capoeira e reuni\u00f5es, um anfiteatro para apresenta\u00e7\u00f5es ao ar livre e uma \u00e1rea externa onde s\u00e3o realizadas atividades como feiras, festivais liter\u00e1rios etc.<\/p>\n\n\n\n<p><strong>TEMPLO DA ARTE REGIONAL<\/strong><\/p>\n\n\n\n<p>De acordo com o poeta Walmir do Carmo, \u201co Centro de Cultura \u00e9 um templo da arte regional est\u00e1 fazendo muita falta para a produ\u00e7\u00e3o de espet\u00e1culos. Essa requalifica\u00e7\u00e3o \u00e9 muito importante para que os artistas voltem a ocupar um espa\u00e7o fundamental para a arte e a cultura em Itabuna\u201d.<\/p>\n\n\n\n<p>\u201cTodo artista deve estar onde o povo est\u00e1, cantou Milton Nascimento. Por estar localizado no centro da cidade, esse espa\u00e7o se torna mais acess\u00edvel para o p\u00fablico. Fa\u00e7o rever\u00eancia a essa reabertura, porque valoriza a arte e os artistas grapi\u00fanas\u201d, ressalta a atriz Alba Cristina.<\/p>\n\n\n\n<p>O produtor cultural Claudio Lyrio afirma que \u201co Centro de Cultura Adonias Filho \u00e9 um importante equipamento cultural do estado, v\u00e1rios artistas j\u00e1 passaram por aquele palco. Al\u00e9m disso, tem a quest\u00e3o da amplitude territorial que abrange todas as cidades do litoral sul. Seu retorno \u00e0s atividades \u00e9 esperado por gestores e toda comunidade art\u00edstica cultural grapi\u00fana\u201d.<\/p>\n\n\n\n<p>\u201cA Secretaria de Cultura e o Governo do Estado da Bahia tem plena consci\u00eancia sobre a import\u00e2ncia do Centro Cultural Adonias Filho para a popula\u00e7\u00e3o de Itabuna e de toda a regi\u00e3o. Estamos no processo final de requalifica\u00e7\u00e3o desse importante equipamento cultural do nosso estado para entreg\u00e1-lo \u00e0 popula\u00e7\u00e3o reformado e modernizado  como espa\u00e7o fundamental de produ\u00e7\u00e3o e realiza\u00e7\u00e3o da nossa cultura e que integra a pol\u00edtica dessa gest\u00e3o de ampliar a territorializa\u00e7\u00e3o da cultura, possibilitando apoio, investimentos e todo tipo de pol\u00edtica p\u00fablica que fortale\u00e7a as express\u00f5es culturais que acontecem nos munic\u00edpios e nos territ\u00f3rios de identidade\u201d, secret\u00e1rio de Cultura Bruno Monteiro.<\/p>\n","protected":false},"excerpt":{"rendered":"<p>O Governo da Bahia est\u00e1 concluindo as obras de requalifica\u00e7\u00e3o do Centro Cultural Adonias Filho,&#8230;<\/p>\n","protected":false},"author":1,"featured_media":1176,"comment_status":"open","ping_status":"open","sticky":false,"template":"","format":"standard","meta":{"footnotes":""},"categories":[18,31,11],"tags":[444,443,34,197],"yoast_head":"<!-- This site is optimized with the Yoast SEO plugin v21.7 - https:\/\/yoast.com\/wordpress\/plugins\/seo\/ -->\n<title>Artistas grapi\u00fanas celebram requalifica\u00e7\u00e3o do Centro Cultural Adonias Filho. - Cacau News<\/title>\n<meta name=\"robots\" content=\"index, follow, max-snippet:-1, max-image-preview:large, max-video-preview:-1\" \/>\n<link rel=\"canonical\" href=\"https:\/\/cacaunews.com\/?p=1177\" \/>\n<meta property=\"og:locale\" content=\"pt_BR\" \/>\n<meta property=\"og:type\" content=\"article\" \/>\n<meta property=\"og:title\" content=\"Artistas grapi\u00fanas celebram requalifica\u00e7\u00e3o do Centro Cultural Adonias Filho. - Cacau News\" \/>\n<meta property=\"og:description\" content=\"O Governo da Bahia est\u00e1 concluindo as obras de requalifica\u00e7\u00e3o do Centro Cultural Adonias Filho,...\" \/>\n<meta property=\"og:url\" content=\"https:\/\/cacaunews.com\/?p=1177\" \/>\n<meta property=\"og:site_name\" content=\"Cacau News\" \/>\n<meta property=\"article:published_time\" content=\"2023-03-30T13:33:08+00:00\" \/>\n<meta property=\"article:modified_time\" content=\"2023-03-30T16:04:31+00:00\" \/>\n<meta property=\"og:image\" content=\"https:\/\/cacaunews.com\/wp-content\/uploads\/2023\/03\/IMG_20230330_102929.jpg\" \/>\n\t<meta property=\"og:image:width\" content=\"1080\" \/>\n\t<meta property=\"og:image:height\" content=\"600\" \/>\n\t<meta property=\"og:image:type\" content=\"image\/jpeg\" \/>\n<meta name=\"author\" content=\"Reda\u00e7\u00e3o Cacau News\" \/>\n<meta name=\"twitter:card\" content=\"summary_large_image\" \/>\n<meta name=\"twitter:label1\" content=\"Escrito por\" \/>\n\t<meta name=\"twitter:data1\" content=\"Reda\u00e7\u00e3o Cacau News\" \/>\n\t<meta name=\"twitter:label2\" content=\"Est. tempo de leitura\" \/>\n\t<meta name=\"twitter:data2\" content=\"3 minutos\" \/>\n<script type=\"application\/ld+json\" class=\"yoast-schema-graph\">{\"@context\":\"https:\/\/schema.org\",\"@graph\":[{\"@type\":\"Article\",\"@id\":\"https:\/\/cacaunews.com\/?p=1177#article\",\"isPartOf\":{\"@id\":\"https:\/\/cacaunews.com\/?p=1177\"},\"author\":{\"name\":\"Reda\u00e7\u00e3o Cacau News\",\"@id\":\"https:\/\/cacaunews.com\/#\/schema\/person\/ea69703103e606ad347ccd64bd72ef79\"},\"headline\":\"Artistas grapi\u00fanas celebram requalifica\u00e7\u00e3o do Centro Cultural Adonias Filho.\",\"datePublished\":\"2023-03-30T13:33:08+00:00\",\"dateModified\":\"2023-03-30T16:04:31+00:00\",\"mainEntityOfPage\":{\"@id\":\"https:\/\/cacaunews.com\/?p=1177\"},\"wordCount\":520,\"commentCount\":0,\"publisher\":{\"@id\":\"https:\/\/cacaunews.com\/#organization\"},\"keywords\":[\"Adonias Filho\",\"centro de cultura\",\"cultura\",\"reforma\"],\"articleSection\":[\"cidades\",\"Cultura\",\"Jornalismo\"],\"inLanguage\":\"pt-BR\",\"potentialAction\":[{\"@type\":\"CommentAction\",\"name\":\"Comment\",\"target\":[\"https:\/\/cacaunews.com\/?p=1177#respond\"]}]},{\"@type\":\"WebPage\",\"@id\":\"https:\/\/cacaunews.com\/?p=1177\",\"url\":\"https:\/\/cacaunews.com\/?p=1177\",\"name\":\"Artistas grapi\u00fanas celebram requalifica\u00e7\u00e3o do Centro Cultural Adonias Filho. - Cacau News\",\"isPartOf\":{\"@id\":\"https:\/\/cacaunews.com\/#website\"},\"datePublished\":\"2023-03-30T13:33:08+00:00\",\"dateModified\":\"2023-03-30T16:04:31+00:00\",\"breadcrumb\":{\"@id\":\"https:\/\/cacaunews.com\/?p=1177#breadcrumb\"},\"inLanguage\":\"pt-BR\",\"potentialAction\":[{\"@type\":\"ReadAction\",\"target\":[\"https:\/\/cacaunews.com\/?p=1177\"]}]},{\"@type\":\"BreadcrumbList\",\"@id\":\"https:\/\/cacaunews.com\/?p=1177#breadcrumb\",\"itemListElement\":[{\"@type\":\"ListItem\",\"position\":1,\"name\":\"In\u00edcio\",\"item\":\"https:\/\/cacaunews.com\/\"},{\"@type\":\"ListItem\",\"position\":2,\"name\":\"Artistas grapi\u00fanas celebram requalifica\u00e7\u00e3o do Centro Cultural Adonias Filho.\"}]},{\"@type\":\"WebSite\",\"@id\":\"https:\/\/cacaunews.com\/#website\",\"url\":\"https:\/\/cacaunews.com\/\",\"name\":\"Cacau News\",\"description\":\"A Informa\u00e7\u00e3o que voc\u00ea precisa!\",\"publisher\":{\"@id\":\"https:\/\/cacaunews.com\/#organization\"},\"potentialAction\":[{\"@type\":\"SearchAction\",\"target\":{\"@type\":\"EntryPoint\",\"urlTemplate\":\"https:\/\/cacaunews.com\/?s={search_term_string}\"},\"query-input\":\"required name=search_term_string\"}],\"inLanguage\":\"pt-BR\"},{\"@type\":\"Organization\",\"@id\":\"https:\/\/cacaunews.com\/#organization\",\"name\":\"Cacau News\",\"url\":\"https:\/\/cacaunews.com\/\",\"logo\":{\"@type\":\"ImageObject\",\"inLanguage\":\"pt-BR\",\"@id\":\"https:\/\/cacaunews.com\/#\/schema\/logo\/image\/\",\"url\":\"https:\/\/cacaunews.com\/wp-content\/uploads\/2025\/01\/cropped-LOGO-NOVA.png\",\"contentUrl\":\"https:\/\/cacaunews.com\/wp-content\/uploads\/2025\/01\/cropped-LOGO-NOVA.png\",\"width\":813,\"height\":813,\"caption\":\"Cacau News\"},\"image\":{\"@id\":\"https:\/\/cacaunews.com\/#\/schema\/logo\/image\/\"},\"sameAs\":[\"https:\/\/www.instagram.com\/cacaunews.online\/\",\"https:\/\/youtube.com\/@cacaunews?si=0VXLnjl08SrWbVG9\"]},{\"@type\":\"Person\",\"@id\":\"https:\/\/cacaunews.com\/#\/schema\/person\/ea69703103e606ad347ccd64bd72ef79\",\"name\":\"Reda\u00e7\u00e3o Cacau News\",\"image\":{\"@type\":\"ImageObject\",\"inLanguage\":\"pt-BR\",\"@id\":\"https:\/\/cacaunews.com\/#\/schema\/person\/image\/\",\"url\":\"https:\/\/secure.gravatar.com\/avatar\/d79227a2a7b6cc42e8d7a8f7c284cd3a?s=96&d=mm&r=g\",\"contentUrl\":\"https:\/\/secure.gravatar.com\/avatar\/d79227a2a7b6cc42e8d7a8f7c284cd3a?s=96&d=mm&r=g\",\"caption\":\"Reda\u00e7\u00e3o Cacau News\"},\"sameAs\":[\"https:\/\/cacaunews.com\"],\"url\":\"https:\/\/cacaunews.com\/?author=1\"}]}<\/script>\n<!-- \/ Yoast SEO plugin. -->","yoast_head_json":{"title":"Artistas grapi\u00fanas celebram requalifica\u00e7\u00e3o do Centro Cultural Adonias Filho. - Cacau News","robots":{"index":"index","follow":"follow","max-snippet":"max-snippet:-1","max-image-preview":"max-image-preview:large","max-video-preview":"max-video-preview:-1"},"canonical":"https:\/\/cacaunews.com\/?p=1177","og_locale":"pt_BR","og_type":"article","og_title":"Artistas grapi\u00fanas celebram requalifica\u00e7\u00e3o do Centro Cultural Adonias Filho. - Cacau News","og_description":"O Governo da Bahia est\u00e1 concluindo as obras de requalifica\u00e7\u00e3o do Centro Cultural Adonias Filho,...","og_url":"https:\/\/cacaunews.com\/?p=1177","og_site_name":"Cacau News","article_published_time":"2023-03-30T13:33:08+00:00","article_modified_time":"2023-03-30T16:04:31+00:00","og_image":[{"width":1080,"height":600,"url":"https:\/\/cacaunews.com\/wp-content\/uploads\/2023\/03\/IMG_20230330_102929.jpg","type":"image\/jpeg"}],"author":"Reda\u00e7\u00e3o Cacau News","twitter_card":"summary_large_image","twitter_misc":{"Escrito por":"Reda\u00e7\u00e3o Cacau News","Est. tempo de leitura":"3 minutos"},"schema":{"@context":"https:\/\/schema.org","@graph":[{"@type":"Article","@id":"https:\/\/cacaunews.com\/?p=1177#article","isPartOf":{"@id":"https:\/\/cacaunews.com\/?p=1177"},"author":{"name":"Reda\u00e7\u00e3o Cacau News","@id":"https:\/\/cacaunews.com\/#\/schema\/person\/ea69703103e606ad347ccd64bd72ef79"},"headline":"Artistas grapi\u00fanas celebram requalifica\u00e7\u00e3o do Centro Cultural Adonias Filho.","datePublished":"2023-03-30T13:33:08+00:00","dateModified":"2023-03-30T16:04:31+00:00","mainEntityOfPage":{"@id":"https:\/\/cacaunews.com\/?p=1177"},"wordCount":520,"commentCount":0,"publisher":{"@id":"https:\/\/cacaunews.com\/#organization"},"keywords":["Adonias Filho","centro de cultura","cultura","reforma"],"articleSection":["cidades","Cultura","Jornalismo"],"inLanguage":"pt-BR","potentialAction":[{"@type":"CommentAction","name":"Comment","target":["https:\/\/cacaunews.com\/?p=1177#respond"]}]},{"@type":"WebPage","@id":"https:\/\/cacaunews.com\/?p=1177","url":"https:\/\/cacaunews.com\/?p=1177","name":"Artistas grapi\u00fanas celebram requalifica\u00e7\u00e3o do Centro Cultural Adonias Filho. - Cacau News","isPartOf":{"@id":"https:\/\/cacaunews.com\/#website"},"datePublished":"2023-03-30T13:33:08+00:00","dateModified":"2023-03-30T16:04:31+00:00","breadcrumb":{"@id":"https:\/\/cacaunews.com\/?p=1177#breadcrumb"},"inLanguage":"pt-BR","potentialAction":[{"@type":"ReadAction","target":["https:\/\/cacaunews.com\/?p=1177"]}]},{"@type":"BreadcrumbList","@id":"https:\/\/cacaunews.com\/?p=1177#breadcrumb","itemListElement":[{"@type":"ListItem","position":1,"name":"In\u00edcio","item":"https:\/\/cacaunews.com\/"},{"@type":"ListItem","position":2,"name":"Artistas grapi\u00fanas celebram requalifica\u00e7\u00e3o do Centro Cultural Adonias Filho."}]},{"@type":"WebSite","@id":"https:\/\/cacaunews.com\/#website","url":"https:\/\/cacaunews.com\/","name":"Cacau News","description":"A Informa\u00e7\u00e3o que voc\u00ea precisa!","publisher":{"@id":"https:\/\/cacaunews.com\/#organization"},"potentialAction":[{"@type":"SearchAction","target":{"@type":"EntryPoint","urlTemplate":"https:\/\/cacaunews.com\/?s={search_term_string}"},"query-input":"required name=search_term_string"}],"inLanguage":"pt-BR"},{"@type":"Organization","@id":"https:\/\/cacaunews.com\/#organization","name":"Cacau News","url":"https:\/\/cacaunews.com\/","logo":{"@type":"ImageObject","inLanguage":"pt-BR","@id":"https:\/\/cacaunews.com\/#\/schema\/logo\/image\/","url":"https:\/\/cacaunews.com\/wp-content\/uploads\/2025\/01\/cropped-LOGO-NOVA.png","contentUrl":"https:\/\/cacaunews.com\/wp-content\/uploads\/2025\/01\/cropped-LOGO-NOVA.png","width":813,"height":813,"caption":"Cacau News"},"image":{"@id":"https:\/\/cacaunews.com\/#\/schema\/logo\/image\/"},"sameAs":["https:\/\/www.instagram.com\/cacaunews.online\/","https:\/\/youtube.com\/@cacaunews?si=0VXLnjl08SrWbVG9"]},{"@type":"Person","@id":"https:\/\/cacaunews.com\/#\/schema\/person\/ea69703103e606ad347ccd64bd72ef79","name":"Reda\u00e7\u00e3o Cacau News","image":{"@type":"ImageObject","inLanguage":"pt-BR","@id":"https:\/\/cacaunews.com\/#\/schema\/person\/image\/","url":"https:\/\/secure.gravatar.com\/avatar\/d79227a2a7b6cc42e8d7a8f7c284cd3a?s=96&d=mm&r=g","contentUrl":"https:\/\/secure.gravatar.com\/avatar\/d79227a2a7b6cc42e8d7a8f7c284cd3a?s=96&d=mm&r=g","caption":"Reda\u00e7\u00e3o Cacau News"},"sameAs":["https:\/\/cacaunews.com"],"url":"https:\/\/cacaunews.com\/?author=1"}]}},"jetpack_sharing_enabled":true,"jetpack_featured_media_url":"https:\/\/cacaunews.com\/wp-content\/uploads\/2023\/03\/IMG_20230330_102929.jpg","_links":{"self":[{"href":"https:\/\/cacaunews.com\/index.php?rest_route=\/wp\/v2\/posts\/1177"}],"collection":[{"href":"https:\/\/cacaunews.com\/index.php?rest_route=\/wp\/v2\/posts"}],"about":[{"href":"https:\/\/cacaunews.com\/index.php?rest_route=\/wp\/v2\/types\/post"}],"author":[{"embeddable":true,"href":"https:\/\/cacaunews.com\/index.php?rest_route=\/wp\/v2\/users\/1"}],"replies":[{"embeddable":true,"href":"https:\/\/cacaunews.com\/index.php?rest_route=%2Fwp%2Fv2%2Fcomments&post=1177"}],"version-history":[{"count":3,"href":"https:\/\/cacaunews.com\/index.php?rest_route=\/wp\/v2\/posts\/1177\/revisions"}],"predecessor-version":[{"id":1180,"href":"https:\/\/cacaunews.com\/index.php?rest_route=\/wp\/v2\/posts\/1177\/revisions\/1180"}],"wp:featuredmedia":[{"embeddable":true,"href":"https:\/\/cacaunews.com\/index.php?rest_route=\/wp\/v2\/media\/1176"}],"wp:attachment":[{"href":"https:\/\/cacaunews.com\/index.php?rest_route=%2Fwp%2Fv2%2Fmedia&parent=1177"}],"wp:term":[{"taxonomy":"category","embeddable":true,"href":"https:\/\/cacaunews.com\/index.php?rest_route=%2Fwp%2Fv2%2Fcategories&post=1177"},{"taxonomy":"post_tag","embeddable":true,"href":"https:\/\/cacaunews.com\/index.php?rest_route=%2Fwp%2Fv2%2Ftags&post=1177"}],"curies":[{"name":"wp","href":"https:\/\/api.w.org\/{rel}","templated":true}]}}