{"id":1250,"date":"2023-04-05T20:24:37","date_gmt":"2023-04-05T20:24:37","guid":{"rendered":"https:\/\/cacaunews.com\/?p=1250"},"modified":"2023-04-05T20:24:19","modified_gmt":"2023-04-05T20:24:19","slug":"itabuna-em-nota-associacao-de-pais-de-autistas-repudia-a-secretaria-de-saude","status":"publish","type":"post","link":"https:\/\/cacaunews.com\/?p=1250","title":{"rendered":"Itabuna: Em nota, Associa\u00e7\u00e3o de Pais de Autistas repudia a secretaria de sa\u00fade."},"content":{"rendered":"\n<p>A Associa\u00e7\u00e3o de Pais de Autistas divulgou hoje (05) em suas redes sociais uma nota de rep\u00fadio a Secretaria Municipal de Sa\u00fade, a nota se deu por conta de um v\u00eddeo veiculado pela gest\u00e3o no in\u00edcio do m\u00eas.<\/p>\n\n\n\n<p>Leia na integra a nota:<\/p>\n\n\n\n<p>NOTA DE REP\u00daDIO <\/p>\n\n\n\n<p>A AMA Associa\u00e7\u00e3o de Pais e Amigos do Autista de Itabuna, vem a p\u00fablico manifestar seu rep\u00fadio em decorr\u00eancia do v\u00eddeo veiculado no dia 02 de abril de 2023 &#8211; Dia Mundial de Conscientiza\u00e7\u00e3o do Autismo na rede social Instagram @sec.saudeitabuna &#8211; Prefeitura Municipal de Itabuna.<br><br>O v\u00eddeo, que referencia a unidade CREADH como o espa\u00e7o de atendimento &#8220;ideal&#8221;, atualmente ofertado para crian\u00e7as e adolescentes com diagn\u00f3stico do Transtorno do Espectro Autista &#8211; TEA pela rede SUS no munic\u00edpio, n\u00e3o condiz com a realidade vivenciada por nossas fam\u00edlias associadas e representadas, no qual lutamos juntos e seguimos nesta linha de frente, h\u00e1 anos, de forma aguerrida, especialmente desde outubro de 2022 quando esse servi\u00e7o foi transferido do Caps Infantil.<br><br>O d\u00e9ficit de profissionais contratados e especializados na equipe TEA para atua\u00e7\u00e3o multidisciplinar devida; o d\u00e9ficit de infraestrutura espec\u00edfica ao autismo na unidade com demandas sobrecarregadas j\u00e1 existentes e al\u00e9m dos munic\u00edpios pactuados; o d\u00e9ficit de carga hor\u00e1ria devida para ter de fato uma interven\u00e7\u00e3o intensiva e ampliada com maior estimula\u00e7\u00e3o; fila de espera prolongada; a inexist\u00eancia da aplica\u00e7\u00e3o ABA &#8211; An\u00e1lise do Comportamento Aplicada, considerando sua estrutura e efic\u00e1cia cientificamente comprovada e a falta de acessibilidade at\u00e9 a unidade pela falta de transportes p\u00fablicos e para portadores de defici\u00eancias, s\u00e3o realidades presentes no dia-a-dia de quem depende do servi\u00e7o.<br><br>Apoiamos os esfor\u00e7os e a aten\u00e7\u00e3o mais ampliada ao m\u00eas de conscientiza\u00e7\u00e3o do autismo pela atual gest\u00e3o, diante da alta preval\u00eancia diagn\u00f3stica, diversas demandas e mobiliza\u00e7\u00f5es em torno do autismo na cidade, como entendemos que a\u00e7\u00f5es efetivas e emergenciais em prol da estrutura\u00e7\u00e3o dessa unidade e equipe, continuar\u00e3o sendo de suma import\u00e2ncia a todos.<br><br>Entretanto, dentro de nossas atribui\u00e7\u00f5es, continuaremos a fazer tudo o que estiver ao nosso alcance para assegurar melhores condi\u00e7\u00f5es e atendimento humanizado, seguindo atentos \u00e0s express\u00f5es ou a\u00e7\u00f5es de qualquer natureza que de algum modo possam minimizar ou relativizar os desafios existentes e enfrentados com tantas sequelas, ang\u00fastias e sofrimentos por parte dos nossos associados ou a dificultar o entendimento da sociedade como um todo.<br><br><br>Salientamos que enquanto uma organiza\u00e7\u00e3o civil, regularmente registrada e reconhecida como utilidade p\u00fablica municipal, continuaremos a fazer tudo o que estiver ao nosso alcance para contribuir coletivamente \u00e0 causa, para que pessoas autistas e seus familiares no munic\u00edpio de Itabuna, recebam de fato todo o amparo necess\u00e1rio e seus direitos resguardados e garantidos.<br><br>JUNTOS NESSA LUTA! JUNTOS, H\u00c1 6 ANOS EM PROL DO CENTRO ESPECIALIZADO DO AUTISMO EM ITABUNA-BA.<br><br>Itabuna, 05 de abril de 2023<br><br>Jislayne F Caldas.                                                    Presidente Ama Itabuna Gest\u00e3o 2018\/2023.<\/p>\n\n\n\n<p><\/p>\n","protected":false},"excerpt":{"rendered":"<p>A Associa\u00e7\u00e3o de Pais de Autistas divulgou hoje (05) em suas redes sociais uma nota&#8230;<\/p>\n","protected":false},"author":1,"featured_media":1249,"comment_status":"open","ping_status":"open","sticky":false,"template":"","format":"standard","meta":{"footnotes":""},"categories":[18,11],"tags":[477,415,27,13],"yoast_head":"<!-- This site is optimized with the Yoast SEO plugin v21.7 - https:\/\/yoast.com\/wordpress\/plugins\/seo\/ -->\n<title>Itabuna: Em nota, Associa\u00e7\u00e3o de Pais de Autistas repudia a secretaria de sa\u00fade. - Cacau News<\/title>\n<meta name=\"robots\" content=\"index, follow, max-snippet:-1, max-image-preview:large, max-video-preview:-1\" \/>\n<link rel=\"canonical\" href=\"https:\/\/cacaunews.com\/?p=1250\" \/>\n<meta property=\"og:locale\" content=\"pt_BR\" \/>\n<meta property=\"og:type\" content=\"article\" \/>\n<meta property=\"og:title\" content=\"Itabuna: Em nota, Associa\u00e7\u00e3o de Pais de Autistas repudia a secretaria de sa\u00fade. - Cacau News\" \/>\n<meta property=\"og:description\" content=\"A Associa\u00e7\u00e3o de Pais de Autistas divulgou hoje (05) em suas redes sociais uma nota...\" \/>\n<meta property=\"og:url\" content=\"https:\/\/cacaunews.com\/?p=1250\" \/>\n<meta property=\"og:site_name\" content=\"Cacau News\" \/>\n<meta property=\"article:published_time\" content=\"2023-04-05T20:24:37+00:00\" \/>\n<meta property=\"article:modified_time\" content=\"2023-04-05T20:24:19+00:00\" \/>\n<meta property=\"og:image\" content=\"https:\/\/cacaunews.com\/wp-content\/uploads\/2023\/04\/IMG_20230405_172051.jpg\" \/>\n\t<meta property=\"og:image:width\" content=\"1080\" \/>\n\t<meta property=\"og:image:height\" content=\"1053\" \/>\n\t<meta property=\"og:image:type\" content=\"image\/jpeg\" \/>\n<meta name=\"author\" content=\"Reda\u00e7\u00e3o Cacau News\" \/>\n<meta name=\"twitter:card\" content=\"summary_large_image\" \/>\n<meta name=\"twitter:label1\" content=\"Escrito por\" \/>\n\t<meta name=\"twitter:data1\" content=\"Reda\u00e7\u00e3o Cacau News\" \/>\n\t<meta name=\"twitter:label2\" content=\"Est. tempo de leitura\" \/>\n\t<meta name=\"twitter:data2\" content=\"3 minutos\" \/>\n<script type=\"application\/ld+json\" class=\"yoast-schema-graph\">{\"@context\":\"https:\/\/schema.org\",\"@graph\":[{\"@type\":\"Article\",\"@id\":\"https:\/\/cacaunews.com\/?p=1250#article\",\"isPartOf\":{\"@id\":\"https:\/\/cacaunews.com\/?p=1250\"},\"author\":{\"name\":\"Reda\u00e7\u00e3o Cacau News\",\"@id\":\"https:\/\/cacaunews.com\/#\/schema\/person\/ea69703103e606ad347ccd64bd72ef79\"},\"headline\":\"Itabuna: Em nota, Associa\u00e7\u00e3o de Pais de Autistas repudia a secretaria de sa\u00fade.\",\"datePublished\":\"2023-04-05T20:24:37+00:00\",\"dateModified\":\"2023-04-05T20:24:19+00:00\",\"mainEntityOfPage\":{\"@id\":\"https:\/\/cacaunews.com\/?p=1250\"},\"wordCount\":536,\"commentCount\":1,\"publisher\":{\"@id\":\"https:\/\/cacaunews.com\/#organization\"},\"keywords\":[\"ama\",\"autistas\",\"itabuna\",\"sa\u00fade\"],\"articleSection\":[\"cidades\",\"Jornalismo\"],\"inLanguage\":\"pt-BR\",\"potentialAction\":[{\"@type\":\"CommentAction\",\"name\":\"Comment\",\"target\":[\"https:\/\/cacaunews.com\/?p=1250#respond\"]}]},{\"@type\":\"WebPage\",\"@id\":\"https:\/\/cacaunews.com\/?p=1250\",\"url\":\"https:\/\/cacaunews.com\/?p=1250\",\"name\":\"Itabuna: Em nota, Associa\u00e7\u00e3o de Pais de Autistas repudia a secretaria de sa\u00fade. - Cacau News\",\"isPartOf\":{\"@id\":\"https:\/\/cacaunews.com\/#website\"},\"datePublished\":\"2023-04-05T20:24:37+00:00\",\"dateModified\":\"2023-04-05T20:24:19+00:00\",\"breadcrumb\":{\"@id\":\"https:\/\/cacaunews.com\/?p=1250#breadcrumb\"},\"inLanguage\":\"pt-BR\",\"potentialAction\":[{\"@type\":\"ReadAction\",\"target\":[\"https:\/\/cacaunews.com\/?p=1250\"]}]},{\"@type\":\"BreadcrumbList\",\"@id\":\"https:\/\/cacaunews.com\/?p=1250#breadcrumb\",\"itemListElement\":[{\"@type\":\"ListItem\",\"position\":1,\"name\":\"In\u00edcio\",\"item\":\"https:\/\/cacaunews.com\/\"},{\"@type\":\"ListItem\",\"position\":2,\"name\":\"Itabuna: Em nota, Associa\u00e7\u00e3o de Pais de Autistas repudia a secretaria de sa\u00fade.\"}]},{\"@type\":\"WebSite\",\"@id\":\"https:\/\/cacaunews.com\/#website\",\"url\":\"https:\/\/cacaunews.com\/\",\"name\":\"Cacau News\",\"description\":\"A Informa\u00e7\u00e3o que voc\u00ea precisa!\",\"publisher\":{\"@id\":\"https:\/\/cacaunews.com\/#organization\"},\"potentialAction\":[{\"@type\":\"SearchAction\",\"target\":{\"@type\":\"EntryPoint\",\"urlTemplate\":\"https:\/\/cacaunews.com\/?s={search_term_string}\"},\"query-input\":\"required name=search_term_string\"}],\"inLanguage\":\"pt-BR\"},{\"@type\":\"Organization\",\"@id\":\"https:\/\/cacaunews.com\/#organization\",\"name\":\"Cacau News\",\"url\":\"https:\/\/cacaunews.com\/\",\"logo\":{\"@type\":\"ImageObject\",\"inLanguage\":\"pt-BR\",\"@id\":\"https:\/\/cacaunews.com\/#\/schema\/logo\/image\/\",\"url\":\"https:\/\/cacaunews.com\/wp-content\/uploads\/2025\/01\/cropped-LOGO-NOVA.png\",\"contentUrl\":\"https:\/\/cacaunews.com\/wp-content\/uploads\/2025\/01\/cropped-LOGO-NOVA.png\",\"width\":813,\"height\":813,\"caption\":\"Cacau News\"},\"image\":{\"@id\":\"https:\/\/cacaunews.com\/#\/schema\/logo\/image\/\"},\"sameAs\":[\"https:\/\/www.instagram.com\/cacaunews.online\/\",\"https:\/\/youtube.com\/@cacaunews?si=0VXLnjl08SrWbVG9\"]},{\"@type\":\"Person\",\"@id\":\"https:\/\/cacaunews.com\/#\/schema\/person\/ea69703103e606ad347ccd64bd72ef79\",\"name\":\"Reda\u00e7\u00e3o Cacau News\",\"image\":{\"@type\":\"ImageObject\",\"inLanguage\":\"pt-BR\",\"@id\":\"https:\/\/cacaunews.com\/#\/schema\/person\/image\/\",\"url\":\"https:\/\/secure.gravatar.com\/avatar\/d79227a2a7b6cc42e8d7a8f7c284cd3a?s=96&d=mm&r=g\",\"contentUrl\":\"https:\/\/secure.gravatar.com\/avatar\/d79227a2a7b6cc42e8d7a8f7c284cd3a?s=96&d=mm&r=g\",\"caption\":\"Reda\u00e7\u00e3o Cacau News\"},\"sameAs\":[\"https:\/\/cacaunews.com\"],\"url\":\"https:\/\/cacaunews.com\/?author=1\"}]}<\/script>\n<!-- \/ Yoast SEO plugin. -->","yoast_head_json":{"title":"Itabuna: Em nota, Associa\u00e7\u00e3o de Pais de Autistas repudia a secretaria de sa\u00fade. - Cacau News","robots":{"index":"index","follow":"follow","max-snippet":"max-snippet:-1","max-image-preview":"max-image-preview:large","max-video-preview":"max-video-preview:-1"},"canonical":"https:\/\/cacaunews.com\/?p=1250","og_locale":"pt_BR","og_type":"article","og_title":"Itabuna: Em nota, Associa\u00e7\u00e3o de Pais de Autistas repudia a secretaria de sa\u00fade. - Cacau News","og_description":"A Associa\u00e7\u00e3o de Pais de Autistas divulgou hoje (05) em suas redes sociais uma nota...","og_url":"https:\/\/cacaunews.com\/?p=1250","og_site_name":"Cacau News","article_published_time":"2023-04-05T20:24:37+00:00","article_modified_time":"2023-04-05T20:24:19+00:00","og_image":[{"width":1080,"height":1053,"url":"https:\/\/cacaunews.com\/wp-content\/uploads\/2023\/04\/IMG_20230405_172051.jpg","type":"image\/jpeg"}],"author":"Reda\u00e7\u00e3o Cacau News","twitter_card":"summary_large_image","twitter_misc":{"Escrito por":"Reda\u00e7\u00e3o Cacau News","Est. tempo de leitura":"3 minutos"},"schema":{"@context":"https:\/\/schema.org","@graph":[{"@type":"Article","@id":"https:\/\/cacaunews.com\/?p=1250#article","isPartOf":{"@id":"https:\/\/cacaunews.com\/?p=1250"},"author":{"name":"Reda\u00e7\u00e3o Cacau News","@id":"https:\/\/cacaunews.com\/#\/schema\/person\/ea69703103e606ad347ccd64bd72ef79"},"headline":"Itabuna: Em nota, Associa\u00e7\u00e3o de Pais de Autistas repudia a secretaria de sa\u00fade.","datePublished":"2023-04-05T20:24:37+00:00","dateModified":"2023-04-05T20:24:19+00:00","mainEntityOfPage":{"@id":"https:\/\/cacaunews.com\/?p=1250"},"wordCount":536,"commentCount":1,"publisher":{"@id":"https:\/\/cacaunews.com\/#organization"},"keywords":["ama","autistas","itabuna","sa\u00fade"],"articleSection":["cidades","Jornalismo"],"inLanguage":"pt-BR","potentialAction":[{"@type":"CommentAction","name":"Comment","target":["https:\/\/cacaunews.com\/?p=1250#respond"]}]},{"@type":"WebPage","@id":"https:\/\/cacaunews.com\/?p=1250","url":"https:\/\/cacaunews.com\/?p=1250","name":"Itabuna: Em nota, Associa\u00e7\u00e3o de Pais de Autistas repudia a secretaria de sa\u00fade. - Cacau News","isPartOf":{"@id":"https:\/\/cacaunews.com\/#website"},"datePublished":"2023-04-05T20:24:37+00:00","dateModified":"2023-04-05T20:24:19+00:00","breadcrumb":{"@id":"https:\/\/cacaunews.com\/?p=1250#breadcrumb"},"inLanguage":"pt-BR","potentialAction":[{"@type":"ReadAction","target":["https:\/\/cacaunews.com\/?p=1250"]}]},{"@type":"BreadcrumbList","@id":"https:\/\/cacaunews.com\/?p=1250#breadcrumb","itemListElement":[{"@type":"ListItem","position":1,"name":"In\u00edcio","item":"https:\/\/cacaunews.com\/"},{"@type":"ListItem","position":2,"name":"Itabuna: Em nota, Associa\u00e7\u00e3o de Pais de Autistas repudia a secretaria de sa\u00fade."}]},{"@type":"WebSite","@id":"https:\/\/cacaunews.com\/#website","url":"https:\/\/cacaunews.com\/","name":"Cacau News","description":"A Informa\u00e7\u00e3o que voc\u00ea precisa!","publisher":{"@id":"https:\/\/cacaunews.com\/#organization"},"potentialAction":[{"@type":"SearchAction","target":{"@type":"EntryPoint","urlTemplate":"https:\/\/cacaunews.com\/?s={search_term_string}"},"query-input":"required name=search_term_string"}],"inLanguage":"pt-BR"},{"@type":"Organization","@id":"https:\/\/cacaunews.com\/#organization","name":"Cacau News","url":"https:\/\/cacaunews.com\/","logo":{"@type":"ImageObject","inLanguage":"pt-BR","@id":"https:\/\/cacaunews.com\/#\/schema\/logo\/image\/","url":"https:\/\/cacaunews.com\/wp-content\/uploads\/2025\/01\/cropped-LOGO-NOVA.png","contentUrl":"https:\/\/cacaunews.com\/wp-content\/uploads\/2025\/01\/cropped-LOGO-NOVA.png","width":813,"height":813,"caption":"Cacau News"},"image":{"@id":"https:\/\/cacaunews.com\/#\/schema\/logo\/image\/"},"sameAs":["https:\/\/www.instagram.com\/cacaunews.online\/","https:\/\/youtube.com\/@cacaunews?si=0VXLnjl08SrWbVG9"]},{"@type":"Person","@id":"https:\/\/cacaunews.com\/#\/schema\/person\/ea69703103e606ad347ccd64bd72ef79","name":"Reda\u00e7\u00e3o Cacau News","image":{"@type":"ImageObject","inLanguage":"pt-BR","@id":"https:\/\/cacaunews.com\/#\/schema\/person\/image\/","url":"https:\/\/secure.gravatar.com\/avatar\/d79227a2a7b6cc42e8d7a8f7c284cd3a?s=96&d=mm&r=g","contentUrl":"https:\/\/secure.gravatar.com\/avatar\/d79227a2a7b6cc42e8d7a8f7c284cd3a?s=96&d=mm&r=g","caption":"Reda\u00e7\u00e3o Cacau News"},"sameAs":["https:\/\/cacaunews.com"],"url":"https:\/\/cacaunews.com\/?author=1"}]}},"jetpack_sharing_enabled":true,"jetpack_featured_media_url":"https:\/\/cacaunews.com\/wp-content\/uploads\/2023\/04\/IMG_20230405_172051.jpg","_links":{"self":[{"href":"https:\/\/cacaunews.com\/index.php?rest_route=\/wp\/v2\/posts\/1250"}],"collection":[{"href":"https:\/\/cacaunews.com\/index.php?rest_route=\/wp\/v2\/posts"}],"about":[{"href":"https:\/\/cacaunews.com\/index.php?rest_route=\/wp\/v2\/types\/post"}],"author":[{"embeddable":true,"href":"https:\/\/cacaunews.com\/index.php?rest_route=\/wp\/v2\/users\/1"}],"replies":[{"embeddable":true,"href":"https:\/\/cacaunews.com\/index.php?rest_route=%2Fwp%2Fv2%2Fcomments&post=1250"}],"version-history":[{"count":1,"href":"https:\/\/cacaunews.com\/index.php?rest_route=\/wp\/v2\/posts\/1250\/revisions"}],"predecessor-version":[{"id":1251,"href":"https:\/\/cacaunews.com\/index.php?rest_route=\/wp\/v2\/posts\/1250\/revisions\/1251"}],"wp:featuredmedia":[{"embeddable":true,"href":"https:\/\/cacaunews.com\/index.php?rest_route=\/wp\/v2\/media\/1249"}],"wp:attachment":[{"href":"https:\/\/cacaunews.com\/index.php?rest_route=%2Fwp%2Fv2%2Fmedia&parent=1250"}],"wp:term":[{"taxonomy":"category","embeddable":true,"href":"https:\/\/cacaunews.com\/index.php?rest_route=%2Fwp%2Fv2%2Fcategories&post=1250"},{"taxonomy":"post_tag","embeddable":true,"href":"https:\/\/cacaunews.com\/index.php?rest_route=%2Fwp%2Fv2%2Ftags&post=1250"}],"curies":[{"name":"wp","href":"https:\/\/api.w.org\/{rel}","templated":true}]}}