{"id":1279,"date":"2023-04-11T16:02:51","date_gmt":"2023-04-11T16:02:51","guid":{"rendered":"https:\/\/cacaunews.com\/?p=1279"},"modified":"2023-04-11T16:22:50","modified_gmt":"2023-04-11T16:22:50","slug":"salvador-prefeitura-envia-para-camara-projeto-que-amplia-idade-maxima-de-veiculos-de-taxi-mototaxi-e-aplicativos","status":"publish","type":"post","link":"https:\/\/cacaunews.com\/?p=1279","title":{"rendered":"Salvador: Prefeitura envia para C\u00e2mara projeto que amplia idade m\u00e1xima de ve\u00edculos de t\u00e1xi, motot\u00e1xi e aplicativos"},"content":{"rendered":"\n<p>Um projeto de lei que prop\u00f5e a amplia\u00e7\u00e3o da idade m\u00e1xima de ve\u00edculos de t\u00e1xi, motot\u00e1xi e aplicativos de transporte foi enviado pela Prefeitura de Salvador \u00e0 C\u00e2mara Municipal de Vereadores nesta segunda-feira (10). A proposta prev\u00ea o aumento de oito para dez anos o tempo limite dos ve\u00edculos que s\u00e3o utilizados por estas categorias &#8211; tanto para motos quanto para carros.<br><br> <br><br>De acordo com a gest\u00e3o municipal, o projeto chega para mitigar os efeitos negativos deixados pela pandemia no setor de transporte, tendo durabilidade de 24 meses, para possibilitar que os permission\u00e1rios adquiram novos ve\u00edculos.<br><br> <br><br>\u201cA pandemia trouxe um aumento expressivo a todos os custos do transporte, incluindo o pre\u00e7o dos ve\u00edculos novos e usados, dificultando assim a troca de carros e motos por parte dessas categorias. Ent\u00e3o, a nossa proposta \u00e9 abrir uma janela para que essa exig\u00eancia seja flexibilizada por dois anos, at\u00e9 que a conjuntura econ\u00f4mica mude\u201d, explicou o secret\u00e1rio de Mobilidade de Salvador (Semob), Fabr\u00edzzio Muller.<\/p>\n\n\n\n<p>O prefeito Bruno Reis pontuou que o documento \u00e9 resultado de audi\u00eancias p\u00fablicas com as categorias. \u201cEsse projeto foi criado em conjunto. Ouvimos todas as categorias e buscamos reunir na proposta as principais demandas dos profissionais para enfrentar esse momento em que os reflexos da pandemia ainda imp\u00f5em dificuldades ao transporte urbano como um todo. Reunimos esses pedidos numa proposi\u00e7\u00e3o consistente, que n\u00e3o vai levar preju\u00edzo \u00e0 qualidade dos servi\u00e7os. Tenho certeza que os vereadores v\u00e3o avaliar e v\u00e3o entender a necessidade de flexibilizar temporariamente algumas exig\u00eancias\u201d, afirmou o gestor.<br><br> <br><br>O texto ainda prev\u00ea que o prazo de validade dos crach\u00e1s dos taxistas seja vinculado \u00e0s suas carteiras de habilita\u00e7\u00e3o. Portanto, se o condutor tiver acabado de renovar a sua CNH, a licen\u00e7a do taxista pode durar at\u00e9 10 anos, conforme nova regra definida pelo Governo Federal. A concess\u00e3o s\u00f3 ser\u00e1 feita pela Semob apenas para os donos dos alvar\u00e1s de t\u00e1xis. Para os condutores auxiliares, a regra permanecer\u00e1 a mesma, sendo que o prazo limite do crach\u00e1 ser\u00e1 de 24 meses.<br><br> <br><br>No documento, a prefeitura ainda busca retirar a exig\u00eancia de capacidade m\u00ednima dos porta-malas dos t\u00e1xis. Na legisla\u00e7\u00e3o atual, os ve\u00edculos precisam ter um bagageiro de pelo menos 280 litros, limitando os motoristas a circularem apenas com ve\u00edculos maiores e, portanto, mais caros.<br><br> <br><br>\u201cNas audi\u00eancias, chegamos \u00e0 conclus\u00e3o de que n\u00e3o h\u00e1 mais a necessidade de limitar um tamanho de bagageiro. A proposta \u00e9 que essa escolha agora seja do pr\u00f3prio motorista, de acordo com o servi\u00e7o que ele deseja prestar. \u00c9 claro que o profissional que optar por um porta-malas menor ter\u00e1 uma limita\u00e7\u00e3o maior dos servi\u00e7os que pode prestar\u201d, acrescentou o chefe da Semob.<\/p>\n","protected":false},"excerpt":{"rendered":"<p>Um projeto de lei que prop\u00f5e a amplia\u00e7\u00e3o da idade m\u00e1xima de ve\u00edculos de t\u00e1xi,&#8230;<\/p>\n","protected":false},"author":1,"featured_media":1278,"comment_status":"open","ping_status":"open","sticky":false,"template":"","format":"standard","meta":{"footnotes":""},"categories":[18,11],"tags":[56,492,266,491],"yoast_head":"<!-- This site is optimized with the Yoast SEO plugin v21.7 - https:\/\/yoast.com\/wordpress\/plugins\/seo\/ -->\n<title>Salvador: Prefeitura envia para C\u00e2mara projeto que amplia idade m\u00e1xima de ve\u00edculos de t\u00e1xi, motot\u00e1xi e aplicativos - Cacau News<\/title>\n<meta name=\"robots\" content=\"index, follow, max-snippet:-1, max-image-preview:large, max-video-preview:-1\" \/>\n<link rel=\"canonical\" href=\"https:\/\/cacaunews.com\/?p=1279\" \/>\n<meta property=\"og:locale\" content=\"pt_BR\" \/>\n<meta property=\"og:type\" content=\"article\" \/>\n<meta property=\"og:title\" content=\"Salvador: Prefeitura envia para C\u00e2mara projeto que amplia idade m\u00e1xima de ve\u00edculos de t\u00e1xi, motot\u00e1xi e aplicativos - Cacau News\" \/>\n<meta property=\"og:description\" content=\"Um projeto de lei que prop\u00f5e a amplia\u00e7\u00e3o da idade m\u00e1xima de ve\u00edculos de t\u00e1xi,...\" \/>\n<meta property=\"og:url\" content=\"https:\/\/cacaunews.com\/?p=1279\" \/>\n<meta property=\"og:site_name\" content=\"Cacau News\" \/>\n<meta property=\"article:published_time\" content=\"2023-04-11T16:02:51+00:00\" \/>\n<meta property=\"article:modified_time\" content=\"2023-04-11T16:22:50+00:00\" \/>\n<meta property=\"og:image\" content=\"https:\/\/cacaunews.com\/wp-content\/uploads\/2023\/04\/IMAGEM_NOTICIA_528429.jpeg\" \/>\n\t<meta property=\"og:image:width\" content=\"597\" \/>\n\t<meta property=\"og:image:height\" content=\"380\" \/>\n\t<meta property=\"og:image:type\" content=\"image\/jpeg\" \/>\n<meta name=\"author\" content=\"Reda\u00e7\u00e3o Cacau News\" \/>\n<meta name=\"twitter:card\" content=\"summary_large_image\" \/>\n<meta name=\"twitter:label1\" content=\"Escrito por\" \/>\n\t<meta name=\"twitter:data1\" content=\"Reda\u00e7\u00e3o Cacau News\" \/>\n\t<meta name=\"twitter:label2\" content=\"Est. tempo de leitura\" \/>\n\t<meta name=\"twitter:data2\" content=\"2 minutos\" \/>\n<script type=\"application\/ld+json\" class=\"yoast-schema-graph\">{\"@context\":\"https:\/\/schema.org\",\"@graph\":[{\"@type\":\"Article\",\"@id\":\"https:\/\/cacaunews.com\/?p=1279#article\",\"isPartOf\":{\"@id\":\"https:\/\/cacaunews.com\/?p=1279\"},\"author\":{\"name\":\"Reda\u00e7\u00e3o Cacau News\",\"@id\":\"https:\/\/cacaunews.com\/#\/schema\/person\/ea69703103e606ad347ccd64bd72ef79\"},\"headline\":\"Salvador: Prefeitura envia para C\u00e2mara projeto que amplia idade m\u00e1xima de ve\u00edculos de t\u00e1xi, motot\u00e1xi e aplicativos\",\"datePublished\":\"2023-04-11T16:02:51+00:00\",\"dateModified\":\"2023-04-11T16:22:50+00:00\",\"mainEntityOfPage\":{\"@id\":\"https:\/\/cacaunews.com\/?p=1279\"},\"wordCount\":497,\"commentCount\":0,\"publisher\":{\"@id\":\"https:\/\/cacaunews.com\/#organization\"},\"keywords\":[\"c\u00e2mara\",\"lei\",\"Salvador\",\"t\u00e1xi\"],\"articleSection\":[\"cidades\",\"Jornalismo\"],\"inLanguage\":\"pt-BR\",\"potentialAction\":[{\"@type\":\"CommentAction\",\"name\":\"Comment\",\"target\":[\"https:\/\/cacaunews.com\/?p=1279#respond\"]}]},{\"@type\":\"WebPage\",\"@id\":\"https:\/\/cacaunews.com\/?p=1279\",\"url\":\"https:\/\/cacaunews.com\/?p=1279\",\"name\":\"Salvador: Prefeitura envia para C\u00e2mara projeto que amplia idade m\u00e1xima de ve\u00edculos de t\u00e1xi, motot\u00e1xi e aplicativos - Cacau News\",\"isPartOf\":{\"@id\":\"https:\/\/cacaunews.com\/#website\"},\"datePublished\":\"2023-04-11T16:02:51+00:00\",\"dateModified\":\"2023-04-11T16:22:50+00:00\",\"breadcrumb\":{\"@id\":\"https:\/\/cacaunews.com\/?p=1279#breadcrumb\"},\"inLanguage\":\"pt-BR\",\"potentialAction\":[{\"@type\":\"ReadAction\",\"target\":[\"https:\/\/cacaunews.com\/?p=1279\"]}]},{\"@type\":\"BreadcrumbList\",\"@id\":\"https:\/\/cacaunews.com\/?p=1279#breadcrumb\",\"itemListElement\":[{\"@type\":\"ListItem\",\"position\":1,\"name\":\"In\u00edcio\",\"item\":\"https:\/\/cacaunews.com\/\"},{\"@type\":\"ListItem\",\"position\":2,\"name\":\"Salvador: Prefeitura envia para C\u00e2mara projeto que amplia idade m\u00e1xima de ve\u00edculos de t\u00e1xi, motot\u00e1xi e aplicativos\"}]},{\"@type\":\"WebSite\",\"@id\":\"https:\/\/cacaunews.com\/#website\",\"url\":\"https:\/\/cacaunews.com\/\",\"name\":\"Cacau News\",\"description\":\"A Informa\u00e7\u00e3o que voc\u00ea precisa!\",\"publisher\":{\"@id\":\"https:\/\/cacaunews.com\/#organization\"},\"potentialAction\":[{\"@type\":\"SearchAction\",\"target\":{\"@type\":\"EntryPoint\",\"urlTemplate\":\"https:\/\/cacaunews.com\/?s={search_term_string}\"},\"query-input\":\"required name=search_term_string\"}],\"inLanguage\":\"pt-BR\"},{\"@type\":\"Organization\",\"@id\":\"https:\/\/cacaunews.com\/#organization\",\"name\":\"Cacau News\",\"url\":\"https:\/\/cacaunews.com\/\",\"logo\":{\"@type\":\"ImageObject\",\"inLanguage\":\"pt-BR\",\"@id\":\"https:\/\/cacaunews.com\/#\/schema\/logo\/image\/\",\"url\":\"https:\/\/cacaunews.com\/wp-content\/uploads\/2025\/01\/cropped-LOGO-NOVA.png\",\"contentUrl\":\"https:\/\/cacaunews.com\/wp-content\/uploads\/2025\/01\/cropped-LOGO-NOVA.png\",\"width\":813,\"height\":813,\"caption\":\"Cacau News\"},\"image\":{\"@id\":\"https:\/\/cacaunews.com\/#\/schema\/logo\/image\/\"},\"sameAs\":[\"https:\/\/www.instagram.com\/cacaunews.online\/\",\"https:\/\/youtube.com\/@cacaunews?si=0VXLnjl08SrWbVG9\"]},{\"@type\":\"Person\",\"@id\":\"https:\/\/cacaunews.com\/#\/schema\/person\/ea69703103e606ad347ccd64bd72ef79\",\"name\":\"Reda\u00e7\u00e3o Cacau News\",\"image\":{\"@type\":\"ImageObject\",\"inLanguage\":\"pt-BR\",\"@id\":\"https:\/\/cacaunews.com\/#\/schema\/person\/image\/\",\"url\":\"https:\/\/secure.gravatar.com\/avatar\/d79227a2a7b6cc42e8d7a8f7c284cd3a?s=96&d=mm&r=g\",\"contentUrl\":\"https:\/\/secure.gravatar.com\/avatar\/d79227a2a7b6cc42e8d7a8f7c284cd3a?s=96&d=mm&r=g\",\"caption\":\"Reda\u00e7\u00e3o Cacau News\"},\"sameAs\":[\"https:\/\/cacaunews.com\"],\"url\":\"https:\/\/cacaunews.com\/?author=1\"}]}<\/script>\n<!-- \/ Yoast SEO plugin. -->","yoast_head_json":{"title":"Salvador: Prefeitura envia para C\u00e2mara projeto que amplia idade m\u00e1xima de ve\u00edculos de t\u00e1xi, motot\u00e1xi e aplicativos - Cacau News","robots":{"index":"index","follow":"follow","max-snippet":"max-snippet:-1","max-image-preview":"max-image-preview:large","max-video-preview":"max-video-preview:-1"},"canonical":"https:\/\/cacaunews.com\/?p=1279","og_locale":"pt_BR","og_type":"article","og_title":"Salvador: Prefeitura envia para C\u00e2mara projeto que amplia idade m\u00e1xima de ve\u00edculos de t\u00e1xi, motot\u00e1xi e aplicativos - Cacau News","og_description":"Um projeto de lei que prop\u00f5e a amplia\u00e7\u00e3o da idade m\u00e1xima de ve\u00edculos de t\u00e1xi,...","og_url":"https:\/\/cacaunews.com\/?p=1279","og_site_name":"Cacau News","article_published_time":"2023-04-11T16:02:51+00:00","article_modified_time":"2023-04-11T16:22:50+00:00","og_image":[{"width":597,"height":380,"url":"https:\/\/cacaunews.com\/wp-content\/uploads\/2023\/04\/IMAGEM_NOTICIA_528429.jpeg","type":"image\/jpeg"}],"author":"Reda\u00e7\u00e3o Cacau News","twitter_card":"summary_large_image","twitter_misc":{"Escrito por":"Reda\u00e7\u00e3o Cacau News","Est. tempo de leitura":"2 minutos"},"schema":{"@context":"https:\/\/schema.org","@graph":[{"@type":"Article","@id":"https:\/\/cacaunews.com\/?p=1279#article","isPartOf":{"@id":"https:\/\/cacaunews.com\/?p=1279"},"author":{"name":"Reda\u00e7\u00e3o Cacau News","@id":"https:\/\/cacaunews.com\/#\/schema\/person\/ea69703103e606ad347ccd64bd72ef79"},"headline":"Salvador: Prefeitura envia para C\u00e2mara projeto que amplia idade m\u00e1xima de ve\u00edculos de t\u00e1xi, motot\u00e1xi e aplicativos","datePublished":"2023-04-11T16:02:51+00:00","dateModified":"2023-04-11T16:22:50+00:00","mainEntityOfPage":{"@id":"https:\/\/cacaunews.com\/?p=1279"},"wordCount":497,"commentCount":0,"publisher":{"@id":"https:\/\/cacaunews.com\/#organization"},"keywords":["c\u00e2mara","lei","Salvador","t\u00e1xi"],"articleSection":["cidades","Jornalismo"],"inLanguage":"pt-BR","potentialAction":[{"@type":"CommentAction","name":"Comment","target":["https:\/\/cacaunews.com\/?p=1279#respond"]}]},{"@type":"WebPage","@id":"https:\/\/cacaunews.com\/?p=1279","url":"https:\/\/cacaunews.com\/?p=1279","name":"Salvador: Prefeitura envia para C\u00e2mara projeto que amplia idade m\u00e1xima de ve\u00edculos de t\u00e1xi, motot\u00e1xi e aplicativos - Cacau News","isPartOf":{"@id":"https:\/\/cacaunews.com\/#website"},"datePublished":"2023-04-11T16:02:51+00:00","dateModified":"2023-04-11T16:22:50+00:00","breadcrumb":{"@id":"https:\/\/cacaunews.com\/?p=1279#breadcrumb"},"inLanguage":"pt-BR","potentialAction":[{"@type":"ReadAction","target":["https:\/\/cacaunews.com\/?p=1279"]}]},{"@type":"BreadcrumbList","@id":"https:\/\/cacaunews.com\/?p=1279#breadcrumb","itemListElement":[{"@type":"ListItem","position":1,"name":"In\u00edcio","item":"https:\/\/cacaunews.com\/"},{"@type":"ListItem","position":2,"name":"Salvador: Prefeitura envia para C\u00e2mara projeto que amplia idade m\u00e1xima de ve\u00edculos de t\u00e1xi, motot\u00e1xi e aplicativos"}]},{"@type":"WebSite","@id":"https:\/\/cacaunews.com\/#website","url":"https:\/\/cacaunews.com\/","name":"Cacau News","description":"A Informa\u00e7\u00e3o que voc\u00ea precisa!","publisher":{"@id":"https:\/\/cacaunews.com\/#organization"},"potentialAction":[{"@type":"SearchAction","target":{"@type":"EntryPoint","urlTemplate":"https:\/\/cacaunews.com\/?s={search_term_string}"},"query-input":"required name=search_term_string"}],"inLanguage":"pt-BR"},{"@type":"Organization","@id":"https:\/\/cacaunews.com\/#organization","name":"Cacau News","url":"https:\/\/cacaunews.com\/","logo":{"@type":"ImageObject","inLanguage":"pt-BR","@id":"https:\/\/cacaunews.com\/#\/schema\/logo\/image\/","url":"https:\/\/cacaunews.com\/wp-content\/uploads\/2025\/01\/cropped-LOGO-NOVA.png","contentUrl":"https:\/\/cacaunews.com\/wp-content\/uploads\/2025\/01\/cropped-LOGO-NOVA.png","width":813,"height":813,"caption":"Cacau News"},"image":{"@id":"https:\/\/cacaunews.com\/#\/schema\/logo\/image\/"},"sameAs":["https:\/\/www.instagram.com\/cacaunews.online\/","https:\/\/youtube.com\/@cacaunews?si=0VXLnjl08SrWbVG9"]},{"@type":"Person","@id":"https:\/\/cacaunews.com\/#\/schema\/person\/ea69703103e606ad347ccd64bd72ef79","name":"Reda\u00e7\u00e3o Cacau News","image":{"@type":"ImageObject","inLanguage":"pt-BR","@id":"https:\/\/cacaunews.com\/#\/schema\/person\/image\/","url":"https:\/\/secure.gravatar.com\/avatar\/d79227a2a7b6cc42e8d7a8f7c284cd3a?s=96&d=mm&r=g","contentUrl":"https:\/\/secure.gravatar.com\/avatar\/d79227a2a7b6cc42e8d7a8f7c284cd3a?s=96&d=mm&r=g","caption":"Reda\u00e7\u00e3o Cacau News"},"sameAs":["https:\/\/cacaunews.com"],"url":"https:\/\/cacaunews.com\/?author=1"}]}},"jetpack_sharing_enabled":true,"jetpack_featured_media_url":"https:\/\/cacaunews.com\/wp-content\/uploads\/2023\/04\/IMAGEM_NOTICIA_528429.jpeg","_links":{"self":[{"href":"https:\/\/cacaunews.com\/index.php?rest_route=\/wp\/v2\/posts\/1279"}],"collection":[{"href":"https:\/\/cacaunews.com\/index.php?rest_route=\/wp\/v2\/posts"}],"about":[{"href":"https:\/\/cacaunews.com\/index.php?rest_route=\/wp\/v2\/types\/post"}],"author":[{"embeddable":true,"href":"https:\/\/cacaunews.com\/index.php?rest_route=\/wp\/v2\/users\/1"}],"replies":[{"embeddable":true,"href":"https:\/\/cacaunews.com\/index.php?rest_route=%2Fwp%2Fv2%2Fcomments&post=1279"}],"version-history":[{"count":2,"href":"https:\/\/cacaunews.com\/index.php?rest_route=\/wp\/v2\/posts\/1279\/revisions"}],"predecessor-version":[{"id":1283,"href":"https:\/\/cacaunews.com\/index.php?rest_route=\/wp\/v2\/posts\/1279\/revisions\/1283"}],"wp:featuredmedia":[{"embeddable":true,"href":"https:\/\/cacaunews.com\/index.php?rest_route=\/wp\/v2\/media\/1278"}],"wp:attachment":[{"href":"https:\/\/cacaunews.com\/index.php?rest_route=%2Fwp%2Fv2%2Fmedia&parent=1279"}],"wp:term":[{"taxonomy":"category","embeddable":true,"href":"https:\/\/cacaunews.com\/index.php?rest_route=%2Fwp%2Fv2%2Fcategories&post=1279"},{"taxonomy":"post_tag","embeddable":true,"href":"https:\/\/cacaunews.com\/index.php?rest_route=%2Fwp%2Fv2%2Ftags&post=1279"}],"curies":[{"name":"wp","href":"https:\/\/api.w.org\/{rel}","templated":true}]}}