{"id":1288,"date":"2023-04-11T20:05:26","date_gmt":"2023-04-11T20:05:26","guid":{"rendered":"https:\/\/cacaunews.com\/?p=1288"},"modified":"2023-04-11T20:05:02","modified_gmt":"2023-04-11T20:05:02","slug":"lancado-no-crea-ba-seminario-internacional-de-construcao-de-baixo-carbono","status":"publish","type":"post","link":"https:\/\/cacaunews.com\/?p=1288","title":{"rendered":"Lan\u00e7ado no Crea-BA Semin\u00e1rio Internacional de Constru\u00e7\u00e3o de Baixo Carbono."},"content":{"rendered":"\n<p>Foi lan\u00e7ado na manh\u00e3 desta ter\u00e7a-feira (11), no audit\u00f3rio do Crea-BA, o Semin\u00e1rio Internacional de Constru\u00e7\u00e3o de Baixo Carbono, evento que ser\u00e1 realizado nos dias 24 e 25 de abril, em Ilh\u00e9us. Prestigiaram o encontro o secret\u00e1rio de Turismo do Governo da Bahia, Maur\u00edcio Bacellar; o presidente do Crea-BA, engenheiro Joseval Carqueija; o representante da Secretaria de Agricultura, Claudemir Nonato; o presidente do Conselho de Arquitetura e Urbanismo, Neilton D\u00f3rea; e o professor da Universidade Estadual de Santa Cruz, Luiz Augusto.<br><br>Organizado pelo Centro Brasileiro de Inova\u00e7\u00e3o e Sustentabilidade, o evento que \u00e9 apoiado pelo Crea-BA, tem o objetivo de aprimorar o entendimento do conceito GreenBuilding, que trata da estrutura e aplica\u00e7\u00e3o de processos que s\u00e3o sustent\u00e1veis, ambientalmente e eficientes ao longo do ciclo de vida da constru\u00e7\u00e3o: do planejamento ao projeto, constru\u00e7\u00e3o, opera\u00e7\u00e3o, manuten\u00e7\u00e3o, renova\u00e7\u00e3o e demoli\u00e7\u00e3o. Para a presidente do Centro Brasileiro, Katiane Gouv\u00eaa, a Bahia tem condi\u00e7\u00e3o e potencial de se tornar refer\u00eancia mundial em constru\u00e7\u00e3o sustent\u00e1vel, a partir da constru\u00e7\u00e3o civil privilegiando as mat\u00e9rias-primas locais como o bambu.<\/p>\n\n\n\n<p>O presidente do Crea-BA, Joseval Carqueija, destacou o apoio do Conselho a iniciativa e falou sobre a satisfa\u00e7\u00e3o de o pontap\u00e9 inicial do evento tenha sido dado nas depend\u00eancias da institui\u00e7\u00e3o. \u201cTemos orgulho em fazer parte dessa discuss\u00e3o, que mostra a utilidade para o bambu na constru\u00e7\u00e3o civil. Isso \u00e9 novidade pra gente, mas l\u00e1 fora j\u00e1 se usa muito o material nesta \u00e1rea\u201d, complementa o gestor.<br><br>O secret\u00e1rio de turismo, que \u00e9 engenheiro civil por forma\u00e7\u00e3o, Maur\u00edcio Bacellar, apresentou alguns n\u00fameros da sua pasta e informou que no Ver\u00e3o de 2023 visitaram a Bahia 6,2 milh\u00f5es de turistas, injetando R$ 9 bilh\u00f5es. At\u00e9 abril o estado vai receber 400 mil cruzeiros. \u201cFica na Bahia 10{d198c3dc95c114d29e6edcd8e5c7a06443a0378d575a71ac9e4690242a1c641b} do que se gasta no turismo nacional. Esse evento internacional \u00e9 bem-vindo e vai movimentar o Centro de Conven\u00e7\u00f5es de Ilh\u00e9us, dando visibilidade a Costa do Ded\u00ea\u201d, finalizou.<br><br>Neilton D\u00f3rea, presidente do CAU, tamb\u00e9m externou sua satisfa\u00e7\u00e3o em participar da iniciativa por acreditar que a arquitetura deve estar relacionada \u00e0s pesquisas em novas tecnologias construtivas. \u201cPrecisamos abrir percep\u00e7\u00f5es para produ\u00e7\u00e3o com mais agilidade e sustentabilidade e eu tenho certeza que esse semin\u00e1rio apresentar\u00e1 muita coisa interessante. Estamos abertos para discutir processos novos\u201d, ressalta.<\/p>\n\n\n\n<p>O representante da Secretaria de Agricultura, Claudemir Nonato, falou sobre a necessidade de a Bahia ter o primeiro Plano Estadual de Florestas. \u201cPrecisamos fortalecer a produ\u00e7\u00e3o do eucalipto, seringueira e agora bamboo, com os produtos da floresta para agregar valor ao setor, gerar emprego e fortalecer ind\u00fastria\u201d.<br><br>O professor da UESC, Luiz Augusto, disse que a institui\u00e7\u00e3o de ensino est\u00e1 inserida na Mata Atl\u00e2ntica e que possui v\u00e1rios cursos de gradua\u00e7\u00e3o e p\u00f3s-gradua\u00e7\u00e3o, al\u00e9m de licenciaturas e EAD, com projetos vinculados \u00e0 sustentabilidade. \u201cN\u00e3o poder\u00edamos estar de fora dessa inciativa\u201d, refor\u00e7a.<br><br>Ap\u00f3s a participa\u00e7\u00e3o das autoridades, a presidente do Centro Brasileiro de Inova\u00e7\u00e3o e Sustentabilidade, Katiane Gouv\u00eaa, apresentou todas as informa\u00e7\u00f5es sobre o Semin\u00e1rio Internacional, que podem ser obtidas por meio do site cebis@cebis.org.br.<\/p>\n","protected":false},"excerpt":{"rendered":"<p>Foi lan\u00e7ado na manh\u00e3 desta ter\u00e7a-feira (11), no audit\u00f3rio do Crea-BA, o Semin\u00e1rio Internacional de&#8230;<\/p>\n","protected":false},"author":1,"featured_media":1287,"comment_status":"open","ping_status":"open","sticky":false,"template":"","format":"standard","meta":{"footnotes":""},"categories":[18,11],"tags":[39,494,496,495],"yoast_head":"<!-- This site is optimized with the Yoast SEO plugin v21.7 - https:\/\/yoast.com\/wordpress\/plugins\/seo\/ -->\n<title>Lan\u00e7ado no Crea-BA Semin\u00e1rio Internacional de Constru\u00e7\u00e3o de Baixo Carbono. - Cacau News<\/title>\n<meta name=\"robots\" content=\"index, follow, max-snippet:-1, max-image-preview:large, max-video-preview:-1\" \/>\n<link rel=\"canonical\" href=\"https:\/\/cacaunews.com\/?p=1288\" \/>\n<meta property=\"og:locale\" content=\"pt_BR\" \/>\n<meta property=\"og:type\" content=\"article\" \/>\n<meta property=\"og:title\" content=\"Lan\u00e7ado no Crea-BA Semin\u00e1rio Internacional de Constru\u00e7\u00e3o de Baixo Carbono. - Cacau News\" \/>\n<meta property=\"og:description\" content=\"Foi lan\u00e7ado na manh\u00e3 desta ter\u00e7a-feira (11), no audit\u00f3rio do Crea-BA, o Semin\u00e1rio Internacional de...\" \/>\n<meta property=\"og:url\" content=\"https:\/\/cacaunews.com\/?p=1288\" \/>\n<meta property=\"og:site_name\" content=\"Cacau News\" \/>\n<meta property=\"article:published_time\" content=\"2023-04-11T20:05:26+00:00\" \/>\n<meta property=\"article:modified_time\" content=\"2023-04-11T20:05:02+00:00\" \/>\n<meta property=\"og:image\" content=\"https:\/\/cacaunews.com\/wp-content\/uploads\/2023\/04\/IMG-20230411-WA0068.jpg\" \/>\n\t<meta property=\"og:image:width\" content=\"1600\" \/>\n\t<meta property=\"og:image:height\" content=\"1200\" \/>\n\t<meta property=\"og:image:type\" content=\"image\/jpeg\" \/>\n<meta name=\"author\" content=\"Reda\u00e7\u00e3o Cacau News\" \/>\n<meta name=\"twitter:card\" content=\"summary_large_image\" \/>\n<meta name=\"twitter:label1\" content=\"Escrito por\" \/>\n\t<meta name=\"twitter:data1\" content=\"Reda\u00e7\u00e3o Cacau News\" \/>\n\t<meta name=\"twitter:label2\" content=\"Est. tempo de leitura\" \/>\n\t<meta name=\"twitter:data2\" content=\"3 minutos\" \/>\n<script type=\"application\/ld+json\" class=\"yoast-schema-graph\">{\"@context\":\"https:\/\/schema.org\",\"@graph\":[{\"@type\":\"Article\",\"@id\":\"https:\/\/cacaunews.com\/?p=1288#article\",\"isPartOf\":{\"@id\":\"https:\/\/cacaunews.com\/?p=1288\"},\"author\":{\"name\":\"Reda\u00e7\u00e3o Cacau News\",\"@id\":\"https:\/\/cacaunews.com\/#\/schema\/person\/ea69703103e606ad347ccd64bd72ef79\"},\"headline\":\"Lan\u00e7ado no Crea-BA Semin\u00e1rio Internacional de Constru\u00e7\u00e3o de Baixo Carbono.\",\"datePublished\":\"2023-04-11T20:05:26+00:00\",\"dateModified\":\"2023-04-11T20:05:02+00:00\",\"mainEntityOfPage\":{\"@id\":\"https:\/\/cacaunews.com\/?p=1288\"},\"wordCount\":580,\"commentCount\":0,\"publisher\":{\"@id\":\"https:\/\/cacaunews.com\/#organization\"},\"keywords\":[\"bahia\",\"CREA\",\"internacional\",\"semin\u00e1rio\"],\"articleSection\":[\"cidades\",\"Jornalismo\"],\"inLanguage\":\"pt-BR\",\"potentialAction\":[{\"@type\":\"CommentAction\",\"name\":\"Comment\",\"target\":[\"https:\/\/cacaunews.com\/?p=1288#respond\"]}]},{\"@type\":\"WebPage\",\"@id\":\"https:\/\/cacaunews.com\/?p=1288\",\"url\":\"https:\/\/cacaunews.com\/?p=1288\",\"name\":\"Lan\u00e7ado no Crea-BA Semin\u00e1rio Internacional de Constru\u00e7\u00e3o de Baixo Carbono. - Cacau News\",\"isPartOf\":{\"@id\":\"https:\/\/cacaunews.com\/#website\"},\"datePublished\":\"2023-04-11T20:05:26+00:00\",\"dateModified\":\"2023-04-11T20:05:02+00:00\",\"breadcrumb\":{\"@id\":\"https:\/\/cacaunews.com\/?p=1288#breadcrumb\"},\"inLanguage\":\"pt-BR\",\"potentialAction\":[{\"@type\":\"ReadAction\",\"target\":[\"https:\/\/cacaunews.com\/?p=1288\"]}]},{\"@type\":\"BreadcrumbList\",\"@id\":\"https:\/\/cacaunews.com\/?p=1288#breadcrumb\",\"itemListElement\":[{\"@type\":\"ListItem\",\"position\":1,\"name\":\"In\u00edcio\",\"item\":\"https:\/\/cacaunews.com\/\"},{\"@type\":\"ListItem\",\"position\":2,\"name\":\"Lan\u00e7ado no Crea-BA Semin\u00e1rio Internacional de Constru\u00e7\u00e3o de Baixo Carbono.\"}]},{\"@type\":\"WebSite\",\"@id\":\"https:\/\/cacaunews.com\/#website\",\"url\":\"https:\/\/cacaunews.com\/\",\"name\":\"Cacau News\",\"description\":\"A Informa\u00e7\u00e3o que voc\u00ea precisa!\",\"publisher\":{\"@id\":\"https:\/\/cacaunews.com\/#organization\"},\"potentialAction\":[{\"@type\":\"SearchAction\",\"target\":{\"@type\":\"EntryPoint\",\"urlTemplate\":\"https:\/\/cacaunews.com\/?s={search_term_string}\"},\"query-input\":\"required name=search_term_string\"}],\"inLanguage\":\"pt-BR\"},{\"@type\":\"Organization\",\"@id\":\"https:\/\/cacaunews.com\/#organization\",\"name\":\"Cacau News\",\"url\":\"https:\/\/cacaunews.com\/\",\"logo\":{\"@type\":\"ImageObject\",\"inLanguage\":\"pt-BR\",\"@id\":\"https:\/\/cacaunews.com\/#\/schema\/logo\/image\/\",\"url\":\"https:\/\/cacaunews.com\/wp-content\/uploads\/2025\/01\/cropped-LOGO-NOVA.png\",\"contentUrl\":\"https:\/\/cacaunews.com\/wp-content\/uploads\/2025\/01\/cropped-LOGO-NOVA.png\",\"width\":813,\"height\":813,\"caption\":\"Cacau News\"},\"image\":{\"@id\":\"https:\/\/cacaunews.com\/#\/schema\/logo\/image\/\"},\"sameAs\":[\"https:\/\/www.instagram.com\/cacaunews.online\/\",\"https:\/\/youtube.com\/@cacaunews?si=0VXLnjl08SrWbVG9\"]},{\"@type\":\"Person\",\"@id\":\"https:\/\/cacaunews.com\/#\/schema\/person\/ea69703103e606ad347ccd64bd72ef79\",\"name\":\"Reda\u00e7\u00e3o Cacau News\",\"image\":{\"@type\":\"ImageObject\",\"inLanguage\":\"pt-BR\",\"@id\":\"https:\/\/cacaunews.com\/#\/schema\/person\/image\/\",\"url\":\"https:\/\/secure.gravatar.com\/avatar\/d79227a2a7b6cc42e8d7a8f7c284cd3a?s=96&d=mm&r=g\",\"contentUrl\":\"https:\/\/secure.gravatar.com\/avatar\/d79227a2a7b6cc42e8d7a8f7c284cd3a?s=96&d=mm&r=g\",\"caption\":\"Reda\u00e7\u00e3o Cacau News\"},\"sameAs\":[\"https:\/\/cacaunews.com\"],\"url\":\"https:\/\/cacaunews.com\/?author=1\"}]}<\/script>\n<!-- \/ Yoast SEO plugin. -->","yoast_head_json":{"title":"Lan\u00e7ado no Crea-BA Semin\u00e1rio Internacional de Constru\u00e7\u00e3o de Baixo Carbono. - Cacau News","robots":{"index":"index","follow":"follow","max-snippet":"max-snippet:-1","max-image-preview":"max-image-preview:large","max-video-preview":"max-video-preview:-1"},"canonical":"https:\/\/cacaunews.com\/?p=1288","og_locale":"pt_BR","og_type":"article","og_title":"Lan\u00e7ado no Crea-BA Semin\u00e1rio Internacional de Constru\u00e7\u00e3o de Baixo Carbono. - Cacau News","og_description":"Foi lan\u00e7ado na manh\u00e3 desta ter\u00e7a-feira (11), no audit\u00f3rio do Crea-BA, o Semin\u00e1rio Internacional de...","og_url":"https:\/\/cacaunews.com\/?p=1288","og_site_name":"Cacau News","article_published_time":"2023-04-11T20:05:26+00:00","article_modified_time":"2023-04-11T20:05:02+00:00","og_image":[{"width":1600,"height":1200,"url":"https:\/\/cacaunews.com\/wp-content\/uploads\/2023\/04\/IMG-20230411-WA0068.jpg","type":"image\/jpeg"}],"author":"Reda\u00e7\u00e3o Cacau News","twitter_card":"summary_large_image","twitter_misc":{"Escrito por":"Reda\u00e7\u00e3o Cacau News","Est. tempo de leitura":"3 minutos"},"schema":{"@context":"https:\/\/schema.org","@graph":[{"@type":"Article","@id":"https:\/\/cacaunews.com\/?p=1288#article","isPartOf":{"@id":"https:\/\/cacaunews.com\/?p=1288"},"author":{"name":"Reda\u00e7\u00e3o Cacau News","@id":"https:\/\/cacaunews.com\/#\/schema\/person\/ea69703103e606ad347ccd64bd72ef79"},"headline":"Lan\u00e7ado no Crea-BA Semin\u00e1rio Internacional de Constru\u00e7\u00e3o de Baixo Carbono.","datePublished":"2023-04-11T20:05:26+00:00","dateModified":"2023-04-11T20:05:02+00:00","mainEntityOfPage":{"@id":"https:\/\/cacaunews.com\/?p=1288"},"wordCount":580,"commentCount":0,"publisher":{"@id":"https:\/\/cacaunews.com\/#organization"},"keywords":["bahia","CREA","internacional","semin\u00e1rio"],"articleSection":["cidades","Jornalismo"],"inLanguage":"pt-BR","potentialAction":[{"@type":"CommentAction","name":"Comment","target":["https:\/\/cacaunews.com\/?p=1288#respond"]}]},{"@type":"WebPage","@id":"https:\/\/cacaunews.com\/?p=1288","url":"https:\/\/cacaunews.com\/?p=1288","name":"Lan\u00e7ado no Crea-BA Semin\u00e1rio Internacional de Constru\u00e7\u00e3o de Baixo Carbono. - Cacau News","isPartOf":{"@id":"https:\/\/cacaunews.com\/#website"},"datePublished":"2023-04-11T20:05:26+00:00","dateModified":"2023-04-11T20:05:02+00:00","breadcrumb":{"@id":"https:\/\/cacaunews.com\/?p=1288#breadcrumb"},"inLanguage":"pt-BR","potentialAction":[{"@type":"ReadAction","target":["https:\/\/cacaunews.com\/?p=1288"]}]},{"@type":"BreadcrumbList","@id":"https:\/\/cacaunews.com\/?p=1288#breadcrumb","itemListElement":[{"@type":"ListItem","position":1,"name":"In\u00edcio","item":"https:\/\/cacaunews.com\/"},{"@type":"ListItem","position":2,"name":"Lan\u00e7ado no Crea-BA Semin\u00e1rio Internacional de Constru\u00e7\u00e3o de Baixo Carbono."}]},{"@type":"WebSite","@id":"https:\/\/cacaunews.com\/#website","url":"https:\/\/cacaunews.com\/","name":"Cacau News","description":"A Informa\u00e7\u00e3o que voc\u00ea precisa!","publisher":{"@id":"https:\/\/cacaunews.com\/#organization"},"potentialAction":[{"@type":"SearchAction","target":{"@type":"EntryPoint","urlTemplate":"https:\/\/cacaunews.com\/?s={search_term_string}"},"query-input":"required name=search_term_string"}],"inLanguage":"pt-BR"},{"@type":"Organization","@id":"https:\/\/cacaunews.com\/#organization","name":"Cacau News","url":"https:\/\/cacaunews.com\/","logo":{"@type":"ImageObject","inLanguage":"pt-BR","@id":"https:\/\/cacaunews.com\/#\/schema\/logo\/image\/","url":"https:\/\/cacaunews.com\/wp-content\/uploads\/2025\/01\/cropped-LOGO-NOVA.png","contentUrl":"https:\/\/cacaunews.com\/wp-content\/uploads\/2025\/01\/cropped-LOGO-NOVA.png","width":813,"height":813,"caption":"Cacau News"},"image":{"@id":"https:\/\/cacaunews.com\/#\/schema\/logo\/image\/"},"sameAs":["https:\/\/www.instagram.com\/cacaunews.online\/","https:\/\/youtube.com\/@cacaunews?si=0VXLnjl08SrWbVG9"]},{"@type":"Person","@id":"https:\/\/cacaunews.com\/#\/schema\/person\/ea69703103e606ad347ccd64bd72ef79","name":"Reda\u00e7\u00e3o Cacau News","image":{"@type":"ImageObject","inLanguage":"pt-BR","@id":"https:\/\/cacaunews.com\/#\/schema\/person\/image\/","url":"https:\/\/secure.gravatar.com\/avatar\/d79227a2a7b6cc42e8d7a8f7c284cd3a?s=96&d=mm&r=g","contentUrl":"https:\/\/secure.gravatar.com\/avatar\/d79227a2a7b6cc42e8d7a8f7c284cd3a?s=96&d=mm&r=g","caption":"Reda\u00e7\u00e3o Cacau News"},"sameAs":["https:\/\/cacaunews.com"],"url":"https:\/\/cacaunews.com\/?author=1"}]}},"jetpack_sharing_enabled":true,"jetpack_featured_media_url":"https:\/\/cacaunews.com\/wp-content\/uploads\/2023\/04\/IMG-20230411-WA0068.jpg","_links":{"self":[{"href":"https:\/\/cacaunews.com\/index.php?rest_route=\/wp\/v2\/posts\/1288"}],"collection":[{"href":"https:\/\/cacaunews.com\/index.php?rest_route=\/wp\/v2\/posts"}],"about":[{"href":"https:\/\/cacaunews.com\/index.php?rest_route=\/wp\/v2\/types\/post"}],"author":[{"embeddable":true,"href":"https:\/\/cacaunews.com\/index.php?rest_route=\/wp\/v2\/users\/1"}],"replies":[{"embeddable":true,"href":"https:\/\/cacaunews.com\/index.php?rest_route=%2Fwp%2Fv2%2Fcomments&post=1288"}],"version-history":[{"count":1,"href":"https:\/\/cacaunews.com\/index.php?rest_route=\/wp\/v2\/posts\/1288\/revisions"}],"predecessor-version":[{"id":1289,"href":"https:\/\/cacaunews.com\/index.php?rest_route=\/wp\/v2\/posts\/1288\/revisions\/1289"}],"wp:featuredmedia":[{"embeddable":true,"href":"https:\/\/cacaunews.com\/index.php?rest_route=\/wp\/v2\/media\/1287"}],"wp:attachment":[{"href":"https:\/\/cacaunews.com\/index.php?rest_route=%2Fwp%2Fv2%2Fmedia&parent=1288"}],"wp:term":[{"taxonomy":"category","embeddable":true,"href":"https:\/\/cacaunews.com\/index.php?rest_route=%2Fwp%2Fv2%2Fcategories&post=1288"},{"taxonomy":"post_tag","embeddable":true,"href":"https:\/\/cacaunews.com\/index.php?rest_route=%2Fwp%2Fv2%2Ftags&post=1288"}],"curies":[{"name":"wp","href":"https:\/\/api.w.org\/{rel}","templated":true}]}}