{"id":1308,"date":"2023-04-14T03:58:40","date_gmt":"2023-04-14T03:58:40","guid":{"rendered":"https:\/\/cacaunews.com\/?p=1308"},"modified":"2023-04-14T03:59:34","modified_gmt":"2023-04-14T03:59:34","slug":"itabuna-filho-do-ex-prefeito-fernando-gomes-e-transferido-para-conjunto-penal-da-cidade","status":"publish","type":"post","link":"https:\/\/cacaunews.com\/?p=1308","title":{"rendered":"Itabuna: Filho do ex-prefeito Fernando Gomes \u00e9 transferido para conjunto penal da cidade."},"content":{"rendered":"\n<p>O filho do prefeito do ex-prefeito de Itabuna, Markson Gomes, conhecido como Marcos Gomes, foi transferido para o Conjunto Penal da cidade nesta quinta-feira (13). O empres\u00e1rio foi preso em 2022, na cidade de Aracaju, por um crime cometido em 2006.<br><br>Marcos foi acusado de torturar e matar o vaqueiro Alexandro Honorato na cidade de Floresta Azul, tamb\u00e9m no sul do estado. Ele foi preso pelo crime pela primeira vez em 2020, mas acabou sendo liberado pela Justi\u00e7a.<\/p>\n\n\n\n<p>Em 2022, o empres\u00e1rio foi preso por novo mandando de pris\u00e3o, cumprido em um condom\u00ednio na cidade de Aracaju, onde ele morava h\u00e1 cerca de dois meses.<\/p>\n\n\n\n<p>O pedido de pris\u00e3o definitiva em regime fechado foi feito pela Vara Criminal de Ibicara\u00ed, respons\u00e1vel por esse caso. Marcos foi indiciado pelos crimes de tortura, c\u00e1rcere privado, homic\u00eddio qualificado e oculta\u00e7\u00e3o de cad\u00e1ver.<br \/><br \/>O acusado ficou no pres\u00eddio de Aracaju entre os meses de outubro e abril deste ano. Segundo a assessoria do Conjunto Penal de Itabuna, ele deveria ter chegado no local na quarta-feira (12), mas houve um acidente durante a transfer\u00eancia, que n\u00e3o foi especificado.<br \/><br \/><strong>Relembre o caso<\/strong>.  <\/p>\n\n\n\n<p><br \/>Em dezembro de 2006, o vaqueiro foi torturado e morto em dezembro de 2006;<\/p>\n\n\n\n<p><br \/>No mesmo ano, Marcos prestou depoimento \u00e0 pol\u00edcia e foi liberado;<\/p>\n\n\n\n<p><br \/>Em janeiro de 2007, a pol\u00edcia concluiu o inqu\u00e9rito e Marcos foi indiciado. O documento foi encaminhado ao MP de Ibicara\u00ed, que ficou encarregado de oferecer ou n\u00e3o den\u00fancia \u00e0 Justi\u00e7a;<\/p>\n\n\n\n<p><br \/>De acordo com o Minist\u00e9rio P\u00fablico, o mandado de pris\u00e3o preventiva expedido contra o filho do prefeito, foi datado em 8 de fevereiro de 2007 e tinha validade de 1\u00b0 de dezembro de 2026;<\/p>\n\n\n\n<p><br \/>Em 2020, Marcos foi condenado pela primeira turma da 2\u00aa vara criminal do Tribunal de Justi\u00e7a da Bahia a 13 anos de pris\u00e3o por homic\u00eddio qualificado;<\/p>\n\n\n\n<p><br \/>Ele chegou a cumprir pris\u00e3o domiciliar e regime fechado, mas um m\u00eas depois foi beneficiado por uma liminar do Superior Tribunal de Justi\u00e7a e deixou a pris\u00e3o;<\/p>\n\n\n\n<p><br \/>Em 2022, Marcos foi preso novamente em uma opera\u00e7\u00e3o conjunta das pol\u00edcias Federal e Militar em Aracaju. N\u00e3o cabe mais recurso;<\/p>\n\n\n\n<p><br \/>Em abril de 2023, ele foi transferido para o Conjunto Penal de Itabuna, na Bahia.<\/p>\n\n\n\n<p>Com informa\u00e7\u00f5es G1.<\/p>\n","protected":false},"excerpt":{"rendered":"<p>O filho do prefeito do ex-prefeito de Itabuna, Markson Gomes, conhecido como Marcos Gomes, foi&#8230;<\/p>\n","protected":false},"author":1,"featured_media":1307,"comment_status":"open","ping_status":"open","sticky":false,"template":"","format":"standard","meta":{"footnotes":""},"categories":[18,11],"tags":[506,27,505,107],"yoast_head":"<!-- This site is optimized with the Yoast SEO plugin v21.7 - https:\/\/yoast.com\/wordpress\/plugins\/seo\/ -->\n<title>Itabuna: Filho do ex-prefeito Fernando Gomes \u00e9 transferido para conjunto penal da cidade. - Cacau News<\/title>\n<meta name=\"robots\" content=\"index, follow, max-snippet:-1, max-image-preview:large, max-video-preview:-1\" \/>\n<link rel=\"canonical\" href=\"https:\/\/cacaunews.com\/?p=1308\" \/>\n<meta property=\"og:locale\" content=\"pt_BR\" \/>\n<meta property=\"og:type\" content=\"article\" \/>\n<meta property=\"og:title\" content=\"Itabuna: Filho do ex-prefeito Fernando Gomes \u00e9 transferido para conjunto penal da cidade. - Cacau News\" \/>\n<meta property=\"og:description\" content=\"O filho do prefeito do ex-prefeito de Itabuna, Markson Gomes, conhecido como Marcos Gomes, foi...\" \/>\n<meta property=\"og:url\" content=\"https:\/\/cacaunews.com\/?p=1308\" \/>\n<meta property=\"og:site_name\" content=\"Cacau News\" \/>\n<meta property=\"article:published_time\" content=\"2023-04-14T03:58:40+00:00\" \/>\n<meta property=\"article:modified_time\" content=\"2023-04-14T03:59:34+00:00\" \/>\n<meta property=\"og:image\" content=\"https:\/\/cacaunews.com\/wp-content\/uploads\/2023\/04\/jandira-dantas-54-.jpeg\" \/>\n\t<meta property=\"og:image:width\" content=\"600\" \/>\n\t<meta property=\"og:image:height\" content=\"376\" \/>\n\t<meta property=\"og:image:type\" content=\"image\/jpeg\" \/>\n<meta name=\"author\" content=\"Reda\u00e7\u00e3o Cacau News\" \/>\n<meta name=\"twitter:card\" content=\"summary_large_image\" \/>\n<meta name=\"twitter:label1\" content=\"Escrito por\" \/>\n\t<meta name=\"twitter:data1\" content=\"Reda\u00e7\u00e3o Cacau News\" \/>\n\t<meta name=\"twitter:label2\" content=\"Est. tempo de leitura\" \/>\n\t<meta name=\"twitter:data2\" content=\"2 minutos\" \/>\n<script type=\"application\/ld+json\" class=\"yoast-schema-graph\">{\"@context\":\"https:\/\/schema.org\",\"@graph\":[{\"@type\":\"Article\",\"@id\":\"https:\/\/cacaunews.com\/?p=1308#article\",\"isPartOf\":{\"@id\":\"https:\/\/cacaunews.com\/?p=1308\"},\"author\":{\"name\":\"Reda\u00e7\u00e3o Cacau News\",\"@id\":\"https:\/\/cacaunews.com\/#\/schema\/person\/ea69703103e606ad347ccd64bd72ef79\"},\"headline\":\"Itabuna: Filho do ex-prefeito Fernando Gomes \u00e9 transferido para conjunto penal da cidade.\",\"datePublished\":\"2023-04-14T03:58:40+00:00\",\"dateModified\":\"2023-04-14T03:59:34+00:00\",\"mainEntityOfPage\":{\"@id\":\"https:\/\/cacaunews.com\/?p=1308\"},\"wordCount\":395,\"commentCount\":0,\"publisher\":{\"@id\":\"https:\/\/cacaunews.com\/#organization\"},\"keywords\":[\"Fernando gomes\",\"itabuna\",\"mackson Gomes\",\"transfer\u00eancia\"],\"articleSection\":[\"cidades\",\"Jornalismo\"],\"inLanguage\":\"pt-BR\",\"potentialAction\":[{\"@type\":\"CommentAction\",\"name\":\"Comment\",\"target\":[\"https:\/\/cacaunews.com\/?p=1308#respond\"]}]},{\"@type\":\"WebPage\",\"@id\":\"https:\/\/cacaunews.com\/?p=1308\",\"url\":\"https:\/\/cacaunews.com\/?p=1308\",\"name\":\"Itabuna: Filho do ex-prefeito Fernando Gomes \u00e9 transferido para conjunto penal da cidade. - Cacau News\",\"isPartOf\":{\"@id\":\"https:\/\/cacaunews.com\/#website\"},\"datePublished\":\"2023-04-14T03:58:40+00:00\",\"dateModified\":\"2023-04-14T03:59:34+00:00\",\"breadcrumb\":{\"@id\":\"https:\/\/cacaunews.com\/?p=1308#breadcrumb\"},\"inLanguage\":\"pt-BR\",\"potentialAction\":[{\"@type\":\"ReadAction\",\"target\":[\"https:\/\/cacaunews.com\/?p=1308\"]}]},{\"@type\":\"BreadcrumbList\",\"@id\":\"https:\/\/cacaunews.com\/?p=1308#breadcrumb\",\"itemListElement\":[{\"@type\":\"ListItem\",\"position\":1,\"name\":\"In\u00edcio\",\"item\":\"https:\/\/cacaunews.com\/\"},{\"@type\":\"ListItem\",\"position\":2,\"name\":\"Itabuna: Filho do ex-prefeito Fernando Gomes \u00e9 transferido para conjunto penal da cidade.\"}]},{\"@type\":\"WebSite\",\"@id\":\"https:\/\/cacaunews.com\/#website\",\"url\":\"https:\/\/cacaunews.com\/\",\"name\":\"Cacau News\",\"description\":\"A Informa\u00e7\u00e3o que voc\u00ea precisa!\",\"publisher\":{\"@id\":\"https:\/\/cacaunews.com\/#organization\"},\"potentialAction\":[{\"@type\":\"SearchAction\",\"target\":{\"@type\":\"EntryPoint\",\"urlTemplate\":\"https:\/\/cacaunews.com\/?s={search_term_string}\"},\"query-input\":\"required name=search_term_string\"}],\"inLanguage\":\"pt-BR\"},{\"@type\":\"Organization\",\"@id\":\"https:\/\/cacaunews.com\/#organization\",\"name\":\"Cacau News\",\"url\":\"https:\/\/cacaunews.com\/\",\"logo\":{\"@type\":\"ImageObject\",\"inLanguage\":\"pt-BR\",\"@id\":\"https:\/\/cacaunews.com\/#\/schema\/logo\/image\/\",\"url\":\"https:\/\/cacaunews.com\/wp-content\/uploads\/2025\/01\/cropped-LOGO-NOVA.png\",\"contentUrl\":\"https:\/\/cacaunews.com\/wp-content\/uploads\/2025\/01\/cropped-LOGO-NOVA.png\",\"width\":813,\"height\":813,\"caption\":\"Cacau News\"},\"image\":{\"@id\":\"https:\/\/cacaunews.com\/#\/schema\/logo\/image\/\"},\"sameAs\":[\"https:\/\/www.instagram.com\/cacaunews.online\/\",\"https:\/\/youtube.com\/@cacaunews?si=0VXLnjl08SrWbVG9\"]},{\"@type\":\"Person\",\"@id\":\"https:\/\/cacaunews.com\/#\/schema\/person\/ea69703103e606ad347ccd64bd72ef79\",\"name\":\"Reda\u00e7\u00e3o Cacau News\",\"image\":{\"@type\":\"ImageObject\",\"inLanguage\":\"pt-BR\",\"@id\":\"https:\/\/cacaunews.com\/#\/schema\/person\/image\/\",\"url\":\"https:\/\/secure.gravatar.com\/avatar\/d79227a2a7b6cc42e8d7a8f7c284cd3a?s=96&d=mm&r=g\",\"contentUrl\":\"https:\/\/secure.gravatar.com\/avatar\/d79227a2a7b6cc42e8d7a8f7c284cd3a?s=96&d=mm&r=g\",\"caption\":\"Reda\u00e7\u00e3o Cacau News\"},\"sameAs\":[\"https:\/\/cacaunews.com\"],\"url\":\"https:\/\/cacaunews.com\/?author=1\"}]}<\/script>\n<!-- \/ Yoast SEO plugin. -->","yoast_head_json":{"title":"Itabuna: Filho do ex-prefeito Fernando Gomes \u00e9 transferido para conjunto penal da cidade. - Cacau News","robots":{"index":"index","follow":"follow","max-snippet":"max-snippet:-1","max-image-preview":"max-image-preview:large","max-video-preview":"max-video-preview:-1"},"canonical":"https:\/\/cacaunews.com\/?p=1308","og_locale":"pt_BR","og_type":"article","og_title":"Itabuna: Filho do ex-prefeito Fernando Gomes \u00e9 transferido para conjunto penal da cidade. - Cacau News","og_description":"O filho do prefeito do ex-prefeito de Itabuna, Markson Gomes, conhecido como Marcos Gomes, foi...","og_url":"https:\/\/cacaunews.com\/?p=1308","og_site_name":"Cacau News","article_published_time":"2023-04-14T03:58:40+00:00","article_modified_time":"2023-04-14T03:59:34+00:00","og_image":[{"width":600,"height":376,"url":"https:\/\/cacaunews.com\/wp-content\/uploads\/2023\/04\/jandira-dantas-54-.jpeg","type":"image\/jpeg"}],"author":"Reda\u00e7\u00e3o Cacau News","twitter_card":"summary_large_image","twitter_misc":{"Escrito por":"Reda\u00e7\u00e3o Cacau News","Est. tempo de leitura":"2 minutos"},"schema":{"@context":"https:\/\/schema.org","@graph":[{"@type":"Article","@id":"https:\/\/cacaunews.com\/?p=1308#article","isPartOf":{"@id":"https:\/\/cacaunews.com\/?p=1308"},"author":{"name":"Reda\u00e7\u00e3o Cacau News","@id":"https:\/\/cacaunews.com\/#\/schema\/person\/ea69703103e606ad347ccd64bd72ef79"},"headline":"Itabuna: Filho do ex-prefeito Fernando Gomes \u00e9 transferido para conjunto penal da cidade.","datePublished":"2023-04-14T03:58:40+00:00","dateModified":"2023-04-14T03:59:34+00:00","mainEntityOfPage":{"@id":"https:\/\/cacaunews.com\/?p=1308"},"wordCount":395,"commentCount":0,"publisher":{"@id":"https:\/\/cacaunews.com\/#organization"},"keywords":["Fernando gomes","itabuna","mackson Gomes","transfer\u00eancia"],"articleSection":["cidades","Jornalismo"],"inLanguage":"pt-BR","potentialAction":[{"@type":"CommentAction","name":"Comment","target":["https:\/\/cacaunews.com\/?p=1308#respond"]}]},{"@type":"WebPage","@id":"https:\/\/cacaunews.com\/?p=1308","url":"https:\/\/cacaunews.com\/?p=1308","name":"Itabuna: Filho do ex-prefeito Fernando Gomes \u00e9 transferido para conjunto penal da cidade. - Cacau News","isPartOf":{"@id":"https:\/\/cacaunews.com\/#website"},"datePublished":"2023-04-14T03:58:40+00:00","dateModified":"2023-04-14T03:59:34+00:00","breadcrumb":{"@id":"https:\/\/cacaunews.com\/?p=1308#breadcrumb"},"inLanguage":"pt-BR","potentialAction":[{"@type":"ReadAction","target":["https:\/\/cacaunews.com\/?p=1308"]}]},{"@type":"BreadcrumbList","@id":"https:\/\/cacaunews.com\/?p=1308#breadcrumb","itemListElement":[{"@type":"ListItem","position":1,"name":"In\u00edcio","item":"https:\/\/cacaunews.com\/"},{"@type":"ListItem","position":2,"name":"Itabuna: Filho do ex-prefeito Fernando Gomes \u00e9 transferido para conjunto penal da cidade."}]},{"@type":"WebSite","@id":"https:\/\/cacaunews.com\/#website","url":"https:\/\/cacaunews.com\/","name":"Cacau News","description":"A Informa\u00e7\u00e3o que voc\u00ea precisa!","publisher":{"@id":"https:\/\/cacaunews.com\/#organization"},"potentialAction":[{"@type":"SearchAction","target":{"@type":"EntryPoint","urlTemplate":"https:\/\/cacaunews.com\/?s={search_term_string}"},"query-input":"required name=search_term_string"}],"inLanguage":"pt-BR"},{"@type":"Organization","@id":"https:\/\/cacaunews.com\/#organization","name":"Cacau News","url":"https:\/\/cacaunews.com\/","logo":{"@type":"ImageObject","inLanguage":"pt-BR","@id":"https:\/\/cacaunews.com\/#\/schema\/logo\/image\/","url":"https:\/\/cacaunews.com\/wp-content\/uploads\/2025\/01\/cropped-LOGO-NOVA.png","contentUrl":"https:\/\/cacaunews.com\/wp-content\/uploads\/2025\/01\/cropped-LOGO-NOVA.png","width":813,"height":813,"caption":"Cacau News"},"image":{"@id":"https:\/\/cacaunews.com\/#\/schema\/logo\/image\/"},"sameAs":["https:\/\/www.instagram.com\/cacaunews.online\/","https:\/\/youtube.com\/@cacaunews?si=0VXLnjl08SrWbVG9"]},{"@type":"Person","@id":"https:\/\/cacaunews.com\/#\/schema\/person\/ea69703103e606ad347ccd64bd72ef79","name":"Reda\u00e7\u00e3o Cacau News","image":{"@type":"ImageObject","inLanguage":"pt-BR","@id":"https:\/\/cacaunews.com\/#\/schema\/person\/image\/","url":"https:\/\/secure.gravatar.com\/avatar\/d79227a2a7b6cc42e8d7a8f7c284cd3a?s=96&d=mm&r=g","contentUrl":"https:\/\/secure.gravatar.com\/avatar\/d79227a2a7b6cc42e8d7a8f7c284cd3a?s=96&d=mm&r=g","caption":"Reda\u00e7\u00e3o Cacau News"},"sameAs":["https:\/\/cacaunews.com"],"url":"https:\/\/cacaunews.com\/?author=1"}]}},"jetpack_sharing_enabled":true,"jetpack_featured_media_url":"https:\/\/cacaunews.com\/wp-content\/uploads\/2023\/04\/jandira-dantas-54-.jpeg","_links":{"self":[{"href":"https:\/\/cacaunews.com\/index.php?rest_route=\/wp\/v2\/posts\/1308"}],"collection":[{"href":"https:\/\/cacaunews.com\/index.php?rest_route=\/wp\/v2\/posts"}],"about":[{"href":"https:\/\/cacaunews.com\/index.php?rest_route=\/wp\/v2\/types\/post"}],"author":[{"embeddable":true,"href":"https:\/\/cacaunews.com\/index.php?rest_route=\/wp\/v2\/users\/1"}],"replies":[{"embeddable":true,"href":"https:\/\/cacaunews.com\/index.php?rest_route=%2Fwp%2Fv2%2Fcomments&post=1308"}],"version-history":[{"count":3,"href":"https:\/\/cacaunews.com\/index.php?rest_route=\/wp\/v2\/posts\/1308\/revisions"}],"predecessor-version":[{"id":1311,"href":"https:\/\/cacaunews.com\/index.php?rest_route=\/wp\/v2\/posts\/1308\/revisions\/1311"}],"wp:featuredmedia":[{"embeddable":true,"href":"https:\/\/cacaunews.com\/index.php?rest_route=\/wp\/v2\/media\/1307"}],"wp:attachment":[{"href":"https:\/\/cacaunews.com\/index.php?rest_route=%2Fwp%2Fv2%2Fmedia&parent=1308"}],"wp:term":[{"taxonomy":"category","embeddable":true,"href":"https:\/\/cacaunews.com\/index.php?rest_route=%2Fwp%2Fv2%2Fcategories&post=1308"},{"taxonomy":"post_tag","embeddable":true,"href":"https:\/\/cacaunews.com\/index.php?rest_route=%2Fwp%2Fv2%2Ftags&post=1308"}],"curies":[{"name":"wp","href":"https:\/\/api.w.org\/{rel}","templated":true}]}}