{"id":1321,"date":"2023-04-14T20:38:02","date_gmt":"2023-04-14T20:38:02","guid":{"rendered":"https:\/\/cacaunews.com\/?p=1321"},"modified":"2023-04-14T20:37:41","modified_gmt":"2023-04-14T20:37:41","slug":"itabuna-charliane-sousa-e-a-entrevistada-de-amanha-do-central-interativa","status":"publish","type":"post","link":"https:\/\/cacaunews.com\/?p=1321","title":{"rendered":"Itabuna: Charliane Sousa \u00e9 a entrevistada de amanh\u00e3 do Central Interativa."},"content":{"rendered":"\n<p><br>Lider de audi\u00eancia nas manh\u00e3s de s\u00e1bado, o programa Central Interativa da r\u00e1dio Interativa FM, apresentado pelo radialista Neto Terra Branca, retorna neste s\u00e1bado (15) depois de uma semana de interrup\u00e7\u00e3o por conta da semana de p\u00e1scoa, trazendo  como entrevistada no quadro &#8220;Na Boca do Tubar\u00e3o&#8221;,  a contadora e ex-vereadora de Itabuna, Charliane Sousa.<br>Charliane exerceu o mandato de vereadora de Itabuna no per\u00edodo de 2017-2020. Considerada uma vereadora aguerrida, em 2020 foi candidata a prefeita pelo MDB. <br>O quadro \u201cNa Boca do Tubar\u00e3o\u201d \u00e9 inspirado no \u201cPara Quem Voc\u00ea Tira o Chap\u00e9u?\u201d do apresentador Raul Gil do SBT.  O quadro tem gerado grande repercuss\u00e3o no meio pol\u00edtico regional. V\u00e1rias personalidades j\u00e1 foram entrevistadas no programa.<\/p>\n\n\n\n<p><br>O Central Interativa, que se consolidou como l\u00edder de audi\u00eancia nas manh\u00e3s de s\u00e1bado, tem in\u00edcio as 8h e vai at\u00e9 as 10h da manh\u00e3. Ouvintes poder\u00e3o participar atrav\u00e9s do telefone e das redes sociais da emissora. <br>O \u201cNa boca do tubar\u00e3o\u201d, pode ser acompanhado ao vivo sintonizando a r\u00e1dio em 93,7, baixando o aplicativo da r\u00e1dio na Playstore e Applestore  ou atrav\u00e9s do link: <a href=\"https:\/\/www.radios.com.br\/aovivo\/radio-interativa-937-fm\/33921\">https:\/\/www.radios.com.br\/aovivo\/radio-interativa-937-fm\/33921<\/a>.<\/p>\n","protected":false},"excerpt":{"rendered":"<p>Lider de audi\u00eancia nas manh\u00e3s de s\u00e1bado, o programa Central Interativa da r\u00e1dio Interativa FM,&#8230;<\/p>\n","protected":false},"author":1,"featured_media":1320,"comment_status":"open","ping_status":"open","sticky":false,"template":"","format":"standard","meta":{"footnotes":""},"categories":[18,11,5],"tags":[509,427,426],"yoast_head":"<!-- This site is optimized with the Yoast SEO plugin v21.7 - https:\/\/yoast.com\/wordpress\/plugins\/seo\/ -->\n<title>Itabuna: Charliane Sousa \u00e9 a entrevistada de amanh\u00e3 do Central Interativa. - Cacau News<\/title>\n<meta name=\"robots\" content=\"index, follow, max-snippet:-1, max-image-preview:large, max-video-preview:-1\" \/>\n<link rel=\"canonical\" href=\"https:\/\/cacaunews.com\/?p=1321\" \/>\n<meta property=\"og:locale\" content=\"pt_BR\" \/>\n<meta property=\"og:type\" content=\"article\" \/>\n<meta property=\"og:title\" content=\"Itabuna: Charliane Sousa \u00e9 a entrevistada de amanh\u00e3 do Central Interativa. - Cacau News\" \/>\n<meta property=\"og:description\" content=\"Lider de audi\u00eancia nas manh\u00e3s de s\u00e1bado, o programa Central Interativa da r\u00e1dio Interativa FM,...\" \/>\n<meta property=\"og:url\" content=\"https:\/\/cacaunews.com\/?p=1321\" \/>\n<meta property=\"og:site_name\" content=\"Cacau News\" \/>\n<meta property=\"article:published_time\" content=\"2023-04-14T20:38:02+00:00\" \/>\n<meta property=\"article:modified_time\" content=\"2023-04-14T20:37:41+00:00\" \/>\n<meta property=\"og:image\" content=\"https:\/\/cacaunews.com\/wp-content\/uploads\/2023\/04\/IMG-20230414-WA0003.jpg\" \/>\n\t<meta property=\"og:image:width\" content=\"932\" \/>\n\t<meta property=\"og:image:height\" content=\"1058\" \/>\n\t<meta property=\"og:image:type\" content=\"image\/jpeg\" \/>\n<meta name=\"author\" content=\"Reda\u00e7\u00e3o Cacau News\" \/>\n<meta name=\"twitter:card\" content=\"summary_large_image\" \/>\n<meta name=\"twitter:label1\" content=\"Escrito por\" \/>\n\t<meta name=\"twitter:data1\" content=\"Reda\u00e7\u00e3o Cacau News\" \/>\n\t<meta name=\"twitter:label2\" content=\"Est. tempo de leitura\" \/>\n\t<meta name=\"twitter:data2\" content=\"1 minuto\" \/>\n<script type=\"application\/ld+json\" class=\"yoast-schema-graph\">{\"@context\":\"https:\/\/schema.org\",\"@graph\":[{\"@type\":\"Article\",\"@id\":\"https:\/\/cacaunews.com\/?p=1321#article\",\"isPartOf\":{\"@id\":\"https:\/\/cacaunews.com\/?p=1321\"},\"author\":{\"name\":\"Reda\u00e7\u00e3o Cacau News\",\"@id\":\"https:\/\/cacaunews.com\/#\/schema\/person\/ea69703103e606ad347ccd64bd72ef79\"},\"headline\":\"Itabuna: Charliane Sousa \u00e9 a entrevistada de amanh\u00e3 do Central Interativa.\",\"datePublished\":\"2023-04-14T20:38:02+00:00\",\"dateModified\":\"2023-04-14T20:37:41+00:00\",\"mainEntityOfPage\":{\"@id\":\"https:\/\/cacaunews.com\/?p=1321\"},\"wordCount\":220,\"commentCount\":0,\"publisher\":{\"@id\":\"https:\/\/cacaunews.com\/#organization\"},\"keywords\":[\"Charliane\",\"interativa\",\"na boca do tubar\u00e3o\"],\"articleSection\":[\"cidades\",\"Jornalismo\",\"Politica\"],\"inLanguage\":\"pt-BR\",\"potentialAction\":[{\"@type\":\"CommentAction\",\"name\":\"Comment\",\"target\":[\"https:\/\/cacaunews.com\/?p=1321#respond\"]}]},{\"@type\":\"WebPage\",\"@id\":\"https:\/\/cacaunews.com\/?p=1321\",\"url\":\"https:\/\/cacaunews.com\/?p=1321\",\"name\":\"Itabuna: Charliane Sousa \u00e9 a entrevistada de amanh\u00e3 do Central Interativa. - Cacau News\",\"isPartOf\":{\"@id\":\"https:\/\/cacaunews.com\/#website\"},\"datePublished\":\"2023-04-14T20:38:02+00:00\",\"dateModified\":\"2023-04-14T20:37:41+00:00\",\"breadcrumb\":{\"@id\":\"https:\/\/cacaunews.com\/?p=1321#breadcrumb\"},\"inLanguage\":\"pt-BR\",\"potentialAction\":[{\"@type\":\"ReadAction\",\"target\":[\"https:\/\/cacaunews.com\/?p=1321\"]}]},{\"@type\":\"BreadcrumbList\",\"@id\":\"https:\/\/cacaunews.com\/?p=1321#breadcrumb\",\"itemListElement\":[{\"@type\":\"ListItem\",\"position\":1,\"name\":\"In\u00edcio\",\"item\":\"https:\/\/cacaunews.com\/\"},{\"@type\":\"ListItem\",\"position\":2,\"name\":\"Itabuna: Charliane Sousa \u00e9 a entrevistada de amanh\u00e3 do Central Interativa.\"}]},{\"@type\":\"WebSite\",\"@id\":\"https:\/\/cacaunews.com\/#website\",\"url\":\"https:\/\/cacaunews.com\/\",\"name\":\"Cacau News\",\"description\":\"A Informa\u00e7\u00e3o que voc\u00ea precisa!\",\"publisher\":{\"@id\":\"https:\/\/cacaunews.com\/#organization\"},\"potentialAction\":[{\"@type\":\"SearchAction\",\"target\":{\"@type\":\"EntryPoint\",\"urlTemplate\":\"https:\/\/cacaunews.com\/?s={search_term_string}\"},\"query-input\":\"required name=search_term_string\"}],\"inLanguage\":\"pt-BR\"},{\"@type\":\"Organization\",\"@id\":\"https:\/\/cacaunews.com\/#organization\",\"name\":\"Cacau News\",\"url\":\"https:\/\/cacaunews.com\/\",\"logo\":{\"@type\":\"ImageObject\",\"inLanguage\":\"pt-BR\",\"@id\":\"https:\/\/cacaunews.com\/#\/schema\/logo\/image\/\",\"url\":\"https:\/\/cacaunews.com\/wp-content\/uploads\/2025\/01\/cropped-LOGO-NOVA.png\",\"contentUrl\":\"https:\/\/cacaunews.com\/wp-content\/uploads\/2025\/01\/cropped-LOGO-NOVA.png\",\"width\":813,\"height\":813,\"caption\":\"Cacau News\"},\"image\":{\"@id\":\"https:\/\/cacaunews.com\/#\/schema\/logo\/image\/\"},\"sameAs\":[\"https:\/\/www.instagram.com\/cacaunews.online\/\",\"https:\/\/youtube.com\/@cacaunews?si=0VXLnjl08SrWbVG9\"]},{\"@type\":\"Person\",\"@id\":\"https:\/\/cacaunews.com\/#\/schema\/person\/ea69703103e606ad347ccd64bd72ef79\",\"name\":\"Reda\u00e7\u00e3o Cacau News\",\"image\":{\"@type\":\"ImageObject\",\"inLanguage\":\"pt-BR\",\"@id\":\"https:\/\/cacaunews.com\/#\/schema\/person\/image\/\",\"url\":\"https:\/\/secure.gravatar.com\/avatar\/d79227a2a7b6cc42e8d7a8f7c284cd3a?s=96&d=mm&r=g\",\"contentUrl\":\"https:\/\/secure.gravatar.com\/avatar\/d79227a2a7b6cc42e8d7a8f7c284cd3a?s=96&d=mm&r=g\",\"caption\":\"Reda\u00e7\u00e3o Cacau News\"},\"sameAs\":[\"https:\/\/cacaunews.com\"],\"url\":\"https:\/\/cacaunews.com\/?author=1\"}]}<\/script>\n<!-- \/ Yoast SEO plugin. -->","yoast_head_json":{"title":"Itabuna: Charliane Sousa \u00e9 a entrevistada de amanh\u00e3 do Central Interativa. - Cacau News","robots":{"index":"index","follow":"follow","max-snippet":"max-snippet:-1","max-image-preview":"max-image-preview:large","max-video-preview":"max-video-preview:-1"},"canonical":"https:\/\/cacaunews.com\/?p=1321","og_locale":"pt_BR","og_type":"article","og_title":"Itabuna: Charliane Sousa \u00e9 a entrevistada de amanh\u00e3 do Central Interativa. - Cacau News","og_description":"Lider de audi\u00eancia nas manh\u00e3s de s\u00e1bado, o programa Central Interativa da r\u00e1dio Interativa FM,...","og_url":"https:\/\/cacaunews.com\/?p=1321","og_site_name":"Cacau News","article_published_time":"2023-04-14T20:38:02+00:00","article_modified_time":"2023-04-14T20:37:41+00:00","og_image":[{"width":932,"height":1058,"url":"https:\/\/cacaunews.com\/wp-content\/uploads\/2023\/04\/IMG-20230414-WA0003.jpg","type":"image\/jpeg"}],"author":"Reda\u00e7\u00e3o Cacau News","twitter_card":"summary_large_image","twitter_misc":{"Escrito por":"Reda\u00e7\u00e3o Cacau News","Est. tempo de leitura":"1 minuto"},"schema":{"@context":"https:\/\/schema.org","@graph":[{"@type":"Article","@id":"https:\/\/cacaunews.com\/?p=1321#article","isPartOf":{"@id":"https:\/\/cacaunews.com\/?p=1321"},"author":{"name":"Reda\u00e7\u00e3o Cacau News","@id":"https:\/\/cacaunews.com\/#\/schema\/person\/ea69703103e606ad347ccd64bd72ef79"},"headline":"Itabuna: Charliane Sousa \u00e9 a entrevistada de amanh\u00e3 do Central Interativa.","datePublished":"2023-04-14T20:38:02+00:00","dateModified":"2023-04-14T20:37:41+00:00","mainEntityOfPage":{"@id":"https:\/\/cacaunews.com\/?p=1321"},"wordCount":220,"commentCount":0,"publisher":{"@id":"https:\/\/cacaunews.com\/#organization"},"keywords":["Charliane","interativa","na boca do tubar\u00e3o"],"articleSection":["cidades","Jornalismo","Politica"],"inLanguage":"pt-BR","potentialAction":[{"@type":"CommentAction","name":"Comment","target":["https:\/\/cacaunews.com\/?p=1321#respond"]}]},{"@type":"WebPage","@id":"https:\/\/cacaunews.com\/?p=1321","url":"https:\/\/cacaunews.com\/?p=1321","name":"Itabuna: Charliane Sousa \u00e9 a entrevistada de amanh\u00e3 do Central Interativa. - Cacau News","isPartOf":{"@id":"https:\/\/cacaunews.com\/#website"},"datePublished":"2023-04-14T20:38:02+00:00","dateModified":"2023-04-14T20:37:41+00:00","breadcrumb":{"@id":"https:\/\/cacaunews.com\/?p=1321#breadcrumb"},"inLanguage":"pt-BR","potentialAction":[{"@type":"ReadAction","target":["https:\/\/cacaunews.com\/?p=1321"]}]},{"@type":"BreadcrumbList","@id":"https:\/\/cacaunews.com\/?p=1321#breadcrumb","itemListElement":[{"@type":"ListItem","position":1,"name":"In\u00edcio","item":"https:\/\/cacaunews.com\/"},{"@type":"ListItem","position":2,"name":"Itabuna: Charliane Sousa \u00e9 a entrevistada de amanh\u00e3 do Central Interativa."}]},{"@type":"WebSite","@id":"https:\/\/cacaunews.com\/#website","url":"https:\/\/cacaunews.com\/","name":"Cacau News","description":"A Informa\u00e7\u00e3o que voc\u00ea precisa!","publisher":{"@id":"https:\/\/cacaunews.com\/#organization"},"potentialAction":[{"@type":"SearchAction","target":{"@type":"EntryPoint","urlTemplate":"https:\/\/cacaunews.com\/?s={search_term_string}"},"query-input":"required name=search_term_string"}],"inLanguage":"pt-BR"},{"@type":"Organization","@id":"https:\/\/cacaunews.com\/#organization","name":"Cacau News","url":"https:\/\/cacaunews.com\/","logo":{"@type":"ImageObject","inLanguage":"pt-BR","@id":"https:\/\/cacaunews.com\/#\/schema\/logo\/image\/","url":"https:\/\/cacaunews.com\/wp-content\/uploads\/2025\/01\/cropped-LOGO-NOVA.png","contentUrl":"https:\/\/cacaunews.com\/wp-content\/uploads\/2025\/01\/cropped-LOGO-NOVA.png","width":813,"height":813,"caption":"Cacau News"},"image":{"@id":"https:\/\/cacaunews.com\/#\/schema\/logo\/image\/"},"sameAs":["https:\/\/www.instagram.com\/cacaunews.online\/","https:\/\/youtube.com\/@cacaunews?si=0VXLnjl08SrWbVG9"]},{"@type":"Person","@id":"https:\/\/cacaunews.com\/#\/schema\/person\/ea69703103e606ad347ccd64bd72ef79","name":"Reda\u00e7\u00e3o Cacau News","image":{"@type":"ImageObject","inLanguage":"pt-BR","@id":"https:\/\/cacaunews.com\/#\/schema\/person\/image\/","url":"https:\/\/secure.gravatar.com\/avatar\/d79227a2a7b6cc42e8d7a8f7c284cd3a?s=96&d=mm&r=g","contentUrl":"https:\/\/secure.gravatar.com\/avatar\/d79227a2a7b6cc42e8d7a8f7c284cd3a?s=96&d=mm&r=g","caption":"Reda\u00e7\u00e3o Cacau News"},"sameAs":["https:\/\/cacaunews.com"],"url":"https:\/\/cacaunews.com\/?author=1"}]}},"jetpack_sharing_enabled":true,"jetpack_featured_media_url":"https:\/\/cacaunews.com\/wp-content\/uploads\/2023\/04\/IMG-20230414-WA0003.jpg","_links":{"self":[{"href":"https:\/\/cacaunews.com\/index.php?rest_route=\/wp\/v2\/posts\/1321"}],"collection":[{"href":"https:\/\/cacaunews.com\/index.php?rest_route=\/wp\/v2\/posts"}],"about":[{"href":"https:\/\/cacaunews.com\/index.php?rest_route=\/wp\/v2\/types\/post"}],"author":[{"embeddable":true,"href":"https:\/\/cacaunews.com\/index.php?rest_route=\/wp\/v2\/users\/1"}],"replies":[{"embeddable":true,"href":"https:\/\/cacaunews.com\/index.php?rest_route=%2Fwp%2Fv2%2Fcomments&post=1321"}],"version-history":[{"count":1,"href":"https:\/\/cacaunews.com\/index.php?rest_route=\/wp\/v2\/posts\/1321\/revisions"}],"predecessor-version":[{"id":1322,"href":"https:\/\/cacaunews.com\/index.php?rest_route=\/wp\/v2\/posts\/1321\/revisions\/1322"}],"wp:featuredmedia":[{"embeddable":true,"href":"https:\/\/cacaunews.com\/index.php?rest_route=\/wp\/v2\/media\/1320"}],"wp:attachment":[{"href":"https:\/\/cacaunews.com\/index.php?rest_route=%2Fwp%2Fv2%2Fmedia&parent=1321"}],"wp:term":[{"taxonomy":"category","embeddable":true,"href":"https:\/\/cacaunews.com\/index.php?rest_route=%2Fwp%2Fv2%2Fcategories&post=1321"},{"taxonomy":"post_tag","embeddable":true,"href":"https:\/\/cacaunews.com\/index.php?rest_route=%2Fwp%2Fv2%2Ftags&post=1321"}],"curies":[{"name":"wp","href":"https:\/\/api.w.org\/{rel}","templated":true}]}}