{"id":1327,"date":"2023-04-15T18:19:13","date_gmt":"2023-04-15T18:19:13","guid":{"rendered":"https:\/\/cacaunews.com\/?p=1327"},"modified":"2023-04-15T18:18:55","modified_gmt":"2023-04-15T18:18:55","slug":"itabuna-charliane-sousa-afirma-que-na-gestao-de-augusto-castro-tem-ate-fiscal-de-curtidas","status":"publish","type":"post","link":"https:\/\/cacaunews.com\/?p=1327","title":{"rendered":"Itabuna: Charliane Sousa afirma que na gest\u00e3o de Augusto Castro tem at\u00e9 &#8220;fiscal de curtidas&#8221;."},"content":{"rendered":"\n<p>Em sua participa\u00e7\u00e3o no programa Central Interativa, apresentado por Neto Terra Branca na r\u00e1dio Interativa na manh\u00e3 deste s\u00e1bado, a ex- vereadora Charliane Sousa afirmou que na gest\u00e3o do prefeito Augusto Castro existe a figura do &#8220;fiscal de curtidas&#8221; que fica atento ao que as pessoas que comp\u00f5em a base do governo curtem nas redes sociais de &#8220;opositores&#8221; do gestor. <\/p>\n\n\n\n<p>&#8220;Se algu\u00e9m da base de Augusto curte uma foto de Guinho, uma foto de Pancadinha, uma foto de Charliane? oxe, um print, olhe fulano de tal t\u00e1 curtindo. E existe retalia\u00e7\u00e3o&#8221;, afirmou a ex-edil.<\/p>\n\n\n\n<p><\/p>\n\n\n\n<p><\/p>\n\n\n\n<p><\/p>\n","protected":false},"excerpt":{"rendered":"<p>Em sua participa\u00e7\u00e3o no programa Central Interativa, apresentado por Neto Terra Branca na r\u00e1dio Interativa&#8230;<\/p>\n","protected":false},"author":1,"featured_media":1326,"comment_status":"open","ping_status":"open","sticky":false,"template":"","format":"standard","meta":{"footnotes":""},"categories":[18,5],"tags":[509,513,448],"yoast_head":"<!-- This site is optimized with the Yoast SEO plugin v21.7 - https:\/\/yoast.com\/wordpress\/plugins\/seo\/ -->\n<title>Itabuna: Charliane Sousa afirma que na gest\u00e3o de Augusto Castro tem at\u00e9 &quot;fiscal de curtidas&quot;. - Cacau News<\/title>\n<meta name=\"robots\" content=\"index, follow, max-snippet:-1, max-image-preview:large, max-video-preview:-1\" \/>\n<link rel=\"canonical\" href=\"https:\/\/cacaunews.com\/?p=1327\" \/>\n<meta property=\"og:locale\" content=\"pt_BR\" \/>\n<meta property=\"og:type\" content=\"article\" \/>\n<meta property=\"og:title\" content=\"Itabuna: Charliane Sousa afirma que na gest\u00e3o de Augusto Castro tem at\u00e9 &quot;fiscal de curtidas&quot;. - Cacau News\" \/>\n<meta property=\"og:description\" content=\"Em sua participa\u00e7\u00e3o no programa Central Interativa, apresentado por Neto Terra Branca na r\u00e1dio Interativa...\" \/>\n<meta property=\"og:url\" content=\"https:\/\/cacaunews.com\/?p=1327\" \/>\n<meta property=\"og:site_name\" content=\"Cacau News\" \/>\n<meta property=\"article:published_time\" content=\"2023-04-15T18:19:13+00:00\" \/>\n<meta property=\"article:modified_time\" content=\"2023-04-15T18:18:55+00:00\" \/>\n<meta property=\"og:image\" content=\"https:\/\/cacaunews.com\/wp-content\/uploads\/2023\/04\/IMG_20230415_151302.jpg\" \/>\n\t<meta property=\"og:image:width\" content=\"1080\" \/>\n\t<meta property=\"og:image:height\" content=\"1268\" \/>\n\t<meta property=\"og:image:type\" content=\"image\/jpeg\" \/>\n<meta name=\"author\" content=\"Reda\u00e7\u00e3o Cacau News\" \/>\n<meta name=\"twitter:card\" content=\"summary_large_image\" \/>\n<meta name=\"twitter:label1\" content=\"Escrito por\" \/>\n\t<meta name=\"twitter:data1\" content=\"Reda\u00e7\u00e3o Cacau News\" \/>\n\t<meta name=\"twitter:label2\" content=\"Est. tempo de leitura\" \/>\n\t<meta name=\"twitter:data2\" content=\"1 minuto\" \/>\n<script type=\"application\/ld+json\" class=\"yoast-schema-graph\">{\"@context\":\"https:\/\/schema.org\",\"@graph\":[{\"@type\":\"Article\",\"@id\":\"https:\/\/cacaunews.com\/?p=1327#article\",\"isPartOf\":{\"@id\":\"https:\/\/cacaunews.com\/?p=1327\"},\"author\":{\"name\":\"Reda\u00e7\u00e3o Cacau News\",\"@id\":\"https:\/\/cacaunews.com\/#\/schema\/person\/ea69703103e606ad347ccd64bd72ef79\"},\"headline\":\"Itabuna: Charliane Sousa afirma que na gest\u00e3o de Augusto Castro tem at\u00e9 &#8220;fiscal de curtidas&#8221;.\",\"datePublished\":\"2023-04-15T18:19:13+00:00\",\"dateModified\":\"2023-04-15T18:18:55+00:00\",\"mainEntityOfPage\":{\"@id\":\"https:\/\/cacaunews.com\/?p=1327\"},\"wordCount\":117,\"commentCount\":0,\"publisher\":{\"@id\":\"https:\/\/cacaunews.com\/#organization\"},\"keywords\":[\"Charliane\",\"gest\u00e3o\",\"interativa fm\"],\"articleSection\":[\"cidades\",\"Politica\"],\"inLanguage\":\"pt-BR\",\"potentialAction\":[{\"@type\":\"CommentAction\",\"name\":\"Comment\",\"target\":[\"https:\/\/cacaunews.com\/?p=1327#respond\"]}]},{\"@type\":\"WebPage\",\"@id\":\"https:\/\/cacaunews.com\/?p=1327\",\"url\":\"https:\/\/cacaunews.com\/?p=1327\",\"name\":\"Itabuna: Charliane Sousa afirma que na gest\u00e3o de Augusto Castro tem at\u00e9 \\\"fiscal de curtidas\\\". - Cacau News\",\"isPartOf\":{\"@id\":\"https:\/\/cacaunews.com\/#website\"},\"datePublished\":\"2023-04-15T18:19:13+00:00\",\"dateModified\":\"2023-04-15T18:18:55+00:00\",\"breadcrumb\":{\"@id\":\"https:\/\/cacaunews.com\/?p=1327#breadcrumb\"},\"inLanguage\":\"pt-BR\",\"potentialAction\":[{\"@type\":\"ReadAction\",\"target\":[\"https:\/\/cacaunews.com\/?p=1327\"]}]},{\"@type\":\"BreadcrumbList\",\"@id\":\"https:\/\/cacaunews.com\/?p=1327#breadcrumb\",\"itemListElement\":[{\"@type\":\"ListItem\",\"position\":1,\"name\":\"In\u00edcio\",\"item\":\"https:\/\/cacaunews.com\/\"},{\"@type\":\"ListItem\",\"position\":2,\"name\":\"Itabuna: Charliane Sousa afirma que na gest\u00e3o de Augusto Castro tem at\u00e9 &#8220;fiscal de curtidas&#8221;.\"}]},{\"@type\":\"WebSite\",\"@id\":\"https:\/\/cacaunews.com\/#website\",\"url\":\"https:\/\/cacaunews.com\/\",\"name\":\"Cacau News\",\"description\":\"A Informa\u00e7\u00e3o que voc\u00ea precisa!\",\"publisher\":{\"@id\":\"https:\/\/cacaunews.com\/#organization\"},\"potentialAction\":[{\"@type\":\"SearchAction\",\"target\":{\"@type\":\"EntryPoint\",\"urlTemplate\":\"https:\/\/cacaunews.com\/?s={search_term_string}\"},\"query-input\":\"required name=search_term_string\"}],\"inLanguage\":\"pt-BR\"},{\"@type\":\"Organization\",\"@id\":\"https:\/\/cacaunews.com\/#organization\",\"name\":\"Cacau News\",\"url\":\"https:\/\/cacaunews.com\/\",\"logo\":{\"@type\":\"ImageObject\",\"inLanguage\":\"pt-BR\",\"@id\":\"https:\/\/cacaunews.com\/#\/schema\/logo\/image\/\",\"url\":\"https:\/\/cacaunews.com\/wp-content\/uploads\/2025\/01\/cropped-LOGO-NOVA.png\",\"contentUrl\":\"https:\/\/cacaunews.com\/wp-content\/uploads\/2025\/01\/cropped-LOGO-NOVA.png\",\"width\":813,\"height\":813,\"caption\":\"Cacau News\"},\"image\":{\"@id\":\"https:\/\/cacaunews.com\/#\/schema\/logo\/image\/\"},\"sameAs\":[\"https:\/\/www.instagram.com\/cacaunews.online\/\",\"https:\/\/youtube.com\/@cacaunews?si=0VXLnjl08SrWbVG9\"]},{\"@type\":\"Person\",\"@id\":\"https:\/\/cacaunews.com\/#\/schema\/person\/ea69703103e606ad347ccd64bd72ef79\",\"name\":\"Reda\u00e7\u00e3o Cacau News\",\"image\":{\"@type\":\"ImageObject\",\"inLanguage\":\"pt-BR\",\"@id\":\"https:\/\/cacaunews.com\/#\/schema\/person\/image\/\",\"url\":\"https:\/\/secure.gravatar.com\/avatar\/d79227a2a7b6cc42e8d7a8f7c284cd3a?s=96&d=mm&r=g\",\"contentUrl\":\"https:\/\/secure.gravatar.com\/avatar\/d79227a2a7b6cc42e8d7a8f7c284cd3a?s=96&d=mm&r=g\",\"caption\":\"Reda\u00e7\u00e3o Cacau News\"},\"sameAs\":[\"https:\/\/cacaunews.com\"],\"url\":\"https:\/\/cacaunews.com\/?author=1\"}]}<\/script>\n<!-- \/ Yoast SEO plugin. -->","yoast_head_json":{"title":"Itabuna: Charliane Sousa afirma que na gest\u00e3o de Augusto Castro tem at\u00e9 \"fiscal de curtidas\". - Cacau News","robots":{"index":"index","follow":"follow","max-snippet":"max-snippet:-1","max-image-preview":"max-image-preview:large","max-video-preview":"max-video-preview:-1"},"canonical":"https:\/\/cacaunews.com\/?p=1327","og_locale":"pt_BR","og_type":"article","og_title":"Itabuna: Charliane Sousa afirma que na gest\u00e3o de Augusto Castro tem at\u00e9 \"fiscal de curtidas\". - Cacau News","og_description":"Em sua participa\u00e7\u00e3o no programa Central Interativa, apresentado por Neto Terra Branca na r\u00e1dio Interativa...","og_url":"https:\/\/cacaunews.com\/?p=1327","og_site_name":"Cacau News","article_published_time":"2023-04-15T18:19:13+00:00","article_modified_time":"2023-04-15T18:18:55+00:00","og_image":[{"width":1080,"height":1268,"url":"https:\/\/cacaunews.com\/wp-content\/uploads\/2023\/04\/IMG_20230415_151302.jpg","type":"image\/jpeg"}],"author":"Reda\u00e7\u00e3o Cacau News","twitter_card":"summary_large_image","twitter_misc":{"Escrito por":"Reda\u00e7\u00e3o Cacau News","Est. tempo de leitura":"1 minuto"},"schema":{"@context":"https:\/\/schema.org","@graph":[{"@type":"Article","@id":"https:\/\/cacaunews.com\/?p=1327#article","isPartOf":{"@id":"https:\/\/cacaunews.com\/?p=1327"},"author":{"name":"Reda\u00e7\u00e3o Cacau News","@id":"https:\/\/cacaunews.com\/#\/schema\/person\/ea69703103e606ad347ccd64bd72ef79"},"headline":"Itabuna: Charliane Sousa afirma que na gest\u00e3o de Augusto Castro tem at\u00e9 &#8220;fiscal de curtidas&#8221;.","datePublished":"2023-04-15T18:19:13+00:00","dateModified":"2023-04-15T18:18:55+00:00","mainEntityOfPage":{"@id":"https:\/\/cacaunews.com\/?p=1327"},"wordCount":117,"commentCount":0,"publisher":{"@id":"https:\/\/cacaunews.com\/#organization"},"keywords":["Charliane","gest\u00e3o","interativa fm"],"articleSection":["cidades","Politica"],"inLanguage":"pt-BR","potentialAction":[{"@type":"CommentAction","name":"Comment","target":["https:\/\/cacaunews.com\/?p=1327#respond"]}]},{"@type":"WebPage","@id":"https:\/\/cacaunews.com\/?p=1327","url":"https:\/\/cacaunews.com\/?p=1327","name":"Itabuna: Charliane Sousa afirma que na gest\u00e3o de Augusto Castro tem at\u00e9 \"fiscal de curtidas\". - Cacau News","isPartOf":{"@id":"https:\/\/cacaunews.com\/#website"},"datePublished":"2023-04-15T18:19:13+00:00","dateModified":"2023-04-15T18:18:55+00:00","breadcrumb":{"@id":"https:\/\/cacaunews.com\/?p=1327#breadcrumb"},"inLanguage":"pt-BR","potentialAction":[{"@type":"ReadAction","target":["https:\/\/cacaunews.com\/?p=1327"]}]},{"@type":"BreadcrumbList","@id":"https:\/\/cacaunews.com\/?p=1327#breadcrumb","itemListElement":[{"@type":"ListItem","position":1,"name":"In\u00edcio","item":"https:\/\/cacaunews.com\/"},{"@type":"ListItem","position":2,"name":"Itabuna: Charliane Sousa afirma que na gest\u00e3o de Augusto Castro tem at\u00e9 &#8220;fiscal de curtidas&#8221;."}]},{"@type":"WebSite","@id":"https:\/\/cacaunews.com\/#website","url":"https:\/\/cacaunews.com\/","name":"Cacau News","description":"A Informa\u00e7\u00e3o que voc\u00ea precisa!","publisher":{"@id":"https:\/\/cacaunews.com\/#organization"},"potentialAction":[{"@type":"SearchAction","target":{"@type":"EntryPoint","urlTemplate":"https:\/\/cacaunews.com\/?s={search_term_string}"},"query-input":"required name=search_term_string"}],"inLanguage":"pt-BR"},{"@type":"Organization","@id":"https:\/\/cacaunews.com\/#organization","name":"Cacau News","url":"https:\/\/cacaunews.com\/","logo":{"@type":"ImageObject","inLanguage":"pt-BR","@id":"https:\/\/cacaunews.com\/#\/schema\/logo\/image\/","url":"https:\/\/cacaunews.com\/wp-content\/uploads\/2025\/01\/cropped-LOGO-NOVA.png","contentUrl":"https:\/\/cacaunews.com\/wp-content\/uploads\/2025\/01\/cropped-LOGO-NOVA.png","width":813,"height":813,"caption":"Cacau News"},"image":{"@id":"https:\/\/cacaunews.com\/#\/schema\/logo\/image\/"},"sameAs":["https:\/\/www.instagram.com\/cacaunews.online\/","https:\/\/youtube.com\/@cacaunews?si=0VXLnjl08SrWbVG9"]},{"@type":"Person","@id":"https:\/\/cacaunews.com\/#\/schema\/person\/ea69703103e606ad347ccd64bd72ef79","name":"Reda\u00e7\u00e3o Cacau News","image":{"@type":"ImageObject","inLanguage":"pt-BR","@id":"https:\/\/cacaunews.com\/#\/schema\/person\/image\/","url":"https:\/\/secure.gravatar.com\/avatar\/d79227a2a7b6cc42e8d7a8f7c284cd3a?s=96&d=mm&r=g","contentUrl":"https:\/\/secure.gravatar.com\/avatar\/d79227a2a7b6cc42e8d7a8f7c284cd3a?s=96&d=mm&r=g","caption":"Reda\u00e7\u00e3o Cacau News"},"sameAs":["https:\/\/cacaunews.com"],"url":"https:\/\/cacaunews.com\/?author=1"}]}},"jetpack_sharing_enabled":true,"jetpack_featured_media_url":"https:\/\/cacaunews.com\/wp-content\/uploads\/2023\/04\/IMG_20230415_151302.jpg","_links":{"self":[{"href":"https:\/\/cacaunews.com\/index.php?rest_route=\/wp\/v2\/posts\/1327"}],"collection":[{"href":"https:\/\/cacaunews.com\/index.php?rest_route=\/wp\/v2\/posts"}],"about":[{"href":"https:\/\/cacaunews.com\/index.php?rest_route=\/wp\/v2\/types\/post"}],"author":[{"embeddable":true,"href":"https:\/\/cacaunews.com\/index.php?rest_route=\/wp\/v2\/users\/1"}],"replies":[{"embeddable":true,"href":"https:\/\/cacaunews.com\/index.php?rest_route=%2Fwp%2Fv2%2Fcomments&post=1327"}],"version-history":[{"count":2,"href":"https:\/\/cacaunews.com\/index.php?rest_route=\/wp\/v2\/posts\/1327\/revisions"}],"predecessor-version":[{"id":1329,"href":"https:\/\/cacaunews.com\/index.php?rest_route=\/wp\/v2\/posts\/1327\/revisions\/1329"}],"wp:featuredmedia":[{"embeddable":true,"href":"https:\/\/cacaunews.com\/index.php?rest_route=\/wp\/v2\/media\/1326"}],"wp:attachment":[{"href":"https:\/\/cacaunews.com\/index.php?rest_route=%2Fwp%2Fv2%2Fmedia&parent=1327"}],"wp:term":[{"taxonomy":"category","embeddable":true,"href":"https:\/\/cacaunews.com\/index.php?rest_route=%2Fwp%2Fv2%2Fcategories&post=1327"},{"taxonomy":"post_tag","embeddable":true,"href":"https:\/\/cacaunews.com\/index.php?rest_route=%2Fwp%2Fv2%2Ftags&post=1327"}],"curies":[{"name":"wp","href":"https:\/\/api.w.org\/{rel}","templated":true}]}}