{"id":1331,"date":"2023-04-15T19:23:11","date_gmt":"2023-04-15T19:23:11","guid":{"rendered":"https:\/\/cacaunews.com\/?p=1331"},"modified":"2023-04-15T19:23:25","modified_gmt":"2023-04-15T19:23:25","slug":"itabuna-dia-do-ciclista-foi-marcado-com-acao-no-centro-da-cidade","status":"publish","type":"post","link":"https:\/\/cacaunews.com\/?p=1331","title":{"rendered":"Itabuna: Dia do ciclista foi marcado com a\u00e7\u00e3o no centro da cidade."},"content":{"rendered":"\n<p>Foi realizado neste , s\u00e1bado as 10h da manh\u00e3 uma a\u00e7\u00e3o de conscientiza\u00e7\u00e3o no tr\u00e2nsito.  Come\u00e7ando pela Avenida do Cinquenten\u00e1rio. At\u00e9 \u00e0s 11:40 com Settran e panfletagem . Foram abordados v\u00e1rios temas .   Conscientiza\u00e7\u00e3o a Preven\u00e7\u00e3o de acidentes no Tr\u00e2nsito. promovido pela (UCC ) Uni\u00e3o dos Ciclistas do Cacau e Apoio da IEADI Bike e grupos de Ciclismo de Itabuna e Regi\u00e3o.<br><br><br><br>A Igreja Evang\u00e9lica Assembleia de Deus de Itabuna IEADI, vem apoiando os Ciclistas \u00e0 mais de 8 anos em Itabuna e sempre promovendo um Passeio Ciclistico com um delicioso caf\u00e9 da manh\u00e3 em comemora\u00e7\u00e3o ao dia da B\u00edblia em Dezembro, com a dire\u00e7\u00e3o do Pastor Carlito Fiel e toda a Equipe com Jorge Moura, Josuel Ot\u00e1vio, Arnaldo etc. Hoje n\u00e3o foi diferente e esses guerreiros juntamente com os Grupos Selva do Pedal na Diretoria Cristiano Tuning e Alex Benevides. Diversos grupos de ciclistas participaram como  Pedal dos Peixes, Pedal Luluzinha, Pedala Itabuna, Pedal Bom, Pedal Livre e demais Grupos, deram um show de conscientiza\u00e7\u00e3o no Tr\u00e2nsito de Itabuna nas imedia\u00e7\u00f5es da Cinquenten\u00e1rio e cruzamento com a rua Al\u00edcio de Queiroz.<br><br><br><br>A blitz educativa ao fechar os sinais de Tr\u00e2nsito, passava  orienta\u00e7\u00f5es aos motoristas a ver os Ciclistas, recebiam os seus panfletos com algumas leis de tr\u00e2nsito que o Ciclista tem direito na CTB e sinais que os mesmos fazem no tr\u00e2nsito, em ultrapassar ou parar, como tamb\u00e9m as faixas que relatam as frases em cores fontes para sermos vistos.<br><br><br><br>Fonte: Selva da Not\u00edcia <\/p>\n","protected":false},"excerpt":{"rendered":"<p>Foi realizado neste , s\u00e1bado as 10h da manh\u00e3 uma a\u00e7\u00e3o de conscientiza\u00e7\u00e3o no tr\u00e2nsito&#8230;.<\/p>\n","protected":false},"author":1,"featured_media":1330,"comment_status":"open","ping_status":"open","sticky":false,"template":"","format":"standard","meta":{"footnotes":""},"categories":[18,14,11],"tags":[514,27,515],"yoast_head":"<!-- This site is optimized with the Yoast SEO plugin v21.7 - https:\/\/yoast.com\/wordpress\/plugins\/seo\/ -->\n<title>Itabuna: Dia do ciclista foi marcado com a\u00e7\u00e3o no centro da cidade. - Cacau News<\/title>\n<meta name=\"robots\" content=\"index, follow, max-snippet:-1, max-image-preview:large, max-video-preview:-1\" \/>\n<link rel=\"canonical\" href=\"https:\/\/cacaunews.com\/?p=1331\" \/>\n<meta property=\"og:locale\" content=\"pt_BR\" \/>\n<meta property=\"og:type\" content=\"article\" \/>\n<meta property=\"og:title\" content=\"Itabuna: Dia do ciclista foi marcado com a\u00e7\u00e3o no centro da cidade. - Cacau News\" \/>\n<meta property=\"og:description\" content=\"Foi realizado neste , s\u00e1bado as 10h da manh\u00e3 uma a\u00e7\u00e3o de conscientiza\u00e7\u00e3o no tr\u00e2nsito....\" \/>\n<meta property=\"og:url\" content=\"https:\/\/cacaunews.com\/?p=1331\" \/>\n<meta property=\"og:site_name\" content=\"Cacau News\" \/>\n<meta property=\"article:published_time\" content=\"2023-04-15T19:23:11+00:00\" \/>\n<meta property=\"article:modified_time\" content=\"2023-04-15T19:23:25+00:00\" \/>\n<meta property=\"og:image\" content=\"https:\/\/cacaunews.com\/wp-content\/uploads\/2023\/04\/user_125329266.jpg\" \/>\n\t<meta property=\"og:image:width\" content=\"1024\" \/>\n\t<meta property=\"og:image:height\" content=\"768\" \/>\n\t<meta property=\"og:image:type\" content=\"image\/jpeg\" \/>\n<meta name=\"author\" content=\"Reda\u00e7\u00e3o Cacau News\" \/>\n<meta name=\"twitter:card\" content=\"summary_large_image\" \/>\n<meta name=\"twitter:label1\" content=\"Escrito por\" \/>\n\t<meta name=\"twitter:data1\" content=\"Reda\u00e7\u00e3o Cacau News\" \/>\n\t<meta name=\"twitter:label2\" content=\"Est. tempo de leitura\" \/>\n\t<meta name=\"twitter:data2\" content=\"1 minuto\" \/>\n<script type=\"application\/ld+json\" class=\"yoast-schema-graph\">{\"@context\":\"https:\/\/schema.org\",\"@graph\":[{\"@type\":\"Article\",\"@id\":\"https:\/\/cacaunews.com\/?p=1331#article\",\"isPartOf\":{\"@id\":\"https:\/\/cacaunews.com\/?p=1331\"},\"author\":{\"name\":\"Reda\u00e7\u00e3o Cacau News\",\"@id\":\"https:\/\/cacaunews.com\/#\/schema\/person\/ea69703103e606ad347ccd64bd72ef79\"},\"headline\":\"Itabuna: Dia do ciclista foi marcado com a\u00e7\u00e3o no centro da cidade.\",\"datePublished\":\"2023-04-15T19:23:11+00:00\",\"dateModified\":\"2023-04-15T19:23:25+00:00\",\"mainEntityOfPage\":{\"@id\":\"https:\/\/cacaunews.com\/?p=1331\"},\"wordCount\":280,\"commentCount\":0,\"publisher\":{\"@id\":\"https:\/\/cacaunews.com\/#organization\"},\"keywords\":[\"ciclismo\",\"itabuna\",\"pedal\"],\"articleSection\":[\"cidades\",\"Esporte\",\"Jornalismo\"],\"inLanguage\":\"pt-BR\",\"potentialAction\":[{\"@type\":\"CommentAction\",\"name\":\"Comment\",\"target\":[\"https:\/\/cacaunews.com\/?p=1331#respond\"]}]},{\"@type\":\"WebPage\",\"@id\":\"https:\/\/cacaunews.com\/?p=1331\",\"url\":\"https:\/\/cacaunews.com\/?p=1331\",\"name\":\"Itabuna: Dia do ciclista foi marcado com a\u00e7\u00e3o no centro da cidade. - Cacau News\",\"isPartOf\":{\"@id\":\"https:\/\/cacaunews.com\/#website\"},\"datePublished\":\"2023-04-15T19:23:11+00:00\",\"dateModified\":\"2023-04-15T19:23:25+00:00\",\"breadcrumb\":{\"@id\":\"https:\/\/cacaunews.com\/?p=1331#breadcrumb\"},\"inLanguage\":\"pt-BR\",\"potentialAction\":[{\"@type\":\"ReadAction\",\"target\":[\"https:\/\/cacaunews.com\/?p=1331\"]}]},{\"@type\":\"BreadcrumbList\",\"@id\":\"https:\/\/cacaunews.com\/?p=1331#breadcrumb\",\"itemListElement\":[{\"@type\":\"ListItem\",\"position\":1,\"name\":\"In\u00edcio\",\"item\":\"https:\/\/cacaunews.com\/\"},{\"@type\":\"ListItem\",\"position\":2,\"name\":\"Itabuna: Dia do ciclista foi marcado com a\u00e7\u00e3o no centro da cidade.\"}]},{\"@type\":\"WebSite\",\"@id\":\"https:\/\/cacaunews.com\/#website\",\"url\":\"https:\/\/cacaunews.com\/\",\"name\":\"Cacau News\",\"description\":\"A Informa\u00e7\u00e3o que voc\u00ea precisa!\",\"publisher\":{\"@id\":\"https:\/\/cacaunews.com\/#organization\"},\"potentialAction\":[{\"@type\":\"SearchAction\",\"target\":{\"@type\":\"EntryPoint\",\"urlTemplate\":\"https:\/\/cacaunews.com\/?s={search_term_string}\"},\"query-input\":\"required name=search_term_string\"}],\"inLanguage\":\"pt-BR\"},{\"@type\":\"Organization\",\"@id\":\"https:\/\/cacaunews.com\/#organization\",\"name\":\"Cacau News\",\"url\":\"https:\/\/cacaunews.com\/\",\"logo\":{\"@type\":\"ImageObject\",\"inLanguage\":\"pt-BR\",\"@id\":\"https:\/\/cacaunews.com\/#\/schema\/logo\/image\/\",\"url\":\"https:\/\/cacaunews.com\/wp-content\/uploads\/2025\/01\/cropped-LOGO-NOVA.png\",\"contentUrl\":\"https:\/\/cacaunews.com\/wp-content\/uploads\/2025\/01\/cropped-LOGO-NOVA.png\",\"width\":813,\"height\":813,\"caption\":\"Cacau News\"},\"image\":{\"@id\":\"https:\/\/cacaunews.com\/#\/schema\/logo\/image\/\"},\"sameAs\":[\"https:\/\/www.instagram.com\/cacaunews.online\/\",\"https:\/\/youtube.com\/@cacaunews?si=0VXLnjl08SrWbVG9\"]},{\"@type\":\"Person\",\"@id\":\"https:\/\/cacaunews.com\/#\/schema\/person\/ea69703103e606ad347ccd64bd72ef79\",\"name\":\"Reda\u00e7\u00e3o Cacau News\",\"image\":{\"@type\":\"ImageObject\",\"inLanguage\":\"pt-BR\",\"@id\":\"https:\/\/cacaunews.com\/#\/schema\/person\/image\/\",\"url\":\"https:\/\/secure.gravatar.com\/avatar\/d79227a2a7b6cc42e8d7a8f7c284cd3a?s=96&d=mm&r=g\",\"contentUrl\":\"https:\/\/secure.gravatar.com\/avatar\/d79227a2a7b6cc42e8d7a8f7c284cd3a?s=96&d=mm&r=g\",\"caption\":\"Reda\u00e7\u00e3o Cacau News\"},\"sameAs\":[\"https:\/\/cacaunews.com\"],\"url\":\"https:\/\/cacaunews.com\/?author=1\"}]}<\/script>\n<!-- \/ Yoast SEO plugin. -->","yoast_head_json":{"title":"Itabuna: Dia do ciclista foi marcado com a\u00e7\u00e3o no centro da cidade. - Cacau News","robots":{"index":"index","follow":"follow","max-snippet":"max-snippet:-1","max-image-preview":"max-image-preview:large","max-video-preview":"max-video-preview:-1"},"canonical":"https:\/\/cacaunews.com\/?p=1331","og_locale":"pt_BR","og_type":"article","og_title":"Itabuna: Dia do ciclista foi marcado com a\u00e7\u00e3o no centro da cidade. - Cacau News","og_description":"Foi realizado neste , s\u00e1bado as 10h da manh\u00e3 uma a\u00e7\u00e3o de conscientiza\u00e7\u00e3o no tr\u00e2nsito....","og_url":"https:\/\/cacaunews.com\/?p=1331","og_site_name":"Cacau News","article_published_time":"2023-04-15T19:23:11+00:00","article_modified_time":"2023-04-15T19:23:25+00:00","og_image":[{"width":1024,"height":768,"url":"https:\/\/cacaunews.com\/wp-content\/uploads\/2023\/04\/user_125329266.jpg","type":"image\/jpeg"}],"author":"Reda\u00e7\u00e3o Cacau News","twitter_card":"summary_large_image","twitter_misc":{"Escrito por":"Reda\u00e7\u00e3o Cacau News","Est. tempo de leitura":"1 minuto"},"schema":{"@context":"https:\/\/schema.org","@graph":[{"@type":"Article","@id":"https:\/\/cacaunews.com\/?p=1331#article","isPartOf":{"@id":"https:\/\/cacaunews.com\/?p=1331"},"author":{"name":"Reda\u00e7\u00e3o Cacau News","@id":"https:\/\/cacaunews.com\/#\/schema\/person\/ea69703103e606ad347ccd64bd72ef79"},"headline":"Itabuna: Dia do ciclista foi marcado com a\u00e7\u00e3o no centro da cidade.","datePublished":"2023-04-15T19:23:11+00:00","dateModified":"2023-04-15T19:23:25+00:00","mainEntityOfPage":{"@id":"https:\/\/cacaunews.com\/?p=1331"},"wordCount":280,"commentCount":0,"publisher":{"@id":"https:\/\/cacaunews.com\/#organization"},"keywords":["ciclismo","itabuna","pedal"],"articleSection":["cidades","Esporte","Jornalismo"],"inLanguage":"pt-BR","potentialAction":[{"@type":"CommentAction","name":"Comment","target":["https:\/\/cacaunews.com\/?p=1331#respond"]}]},{"@type":"WebPage","@id":"https:\/\/cacaunews.com\/?p=1331","url":"https:\/\/cacaunews.com\/?p=1331","name":"Itabuna: Dia do ciclista foi marcado com a\u00e7\u00e3o no centro da cidade. - Cacau News","isPartOf":{"@id":"https:\/\/cacaunews.com\/#website"},"datePublished":"2023-04-15T19:23:11+00:00","dateModified":"2023-04-15T19:23:25+00:00","breadcrumb":{"@id":"https:\/\/cacaunews.com\/?p=1331#breadcrumb"},"inLanguage":"pt-BR","potentialAction":[{"@type":"ReadAction","target":["https:\/\/cacaunews.com\/?p=1331"]}]},{"@type":"BreadcrumbList","@id":"https:\/\/cacaunews.com\/?p=1331#breadcrumb","itemListElement":[{"@type":"ListItem","position":1,"name":"In\u00edcio","item":"https:\/\/cacaunews.com\/"},{"@type":"ListItem","position":2,"name":"Itabuna: Dia do ciclista foi marcado com a\u00e7\u00e3o no centro da cidade."}]},{"@type":"WebSite","@id":"https:\/\/cacaunews.com\/#website","url":"https:\/\/cacaunews.com\/","name":"Cacau News","description":"A Informa\u00e7\u00e3o que voc\u00ea precisa!","publisher":{"@id":"https:\/\/cacaunews.com\/#organization"},"potentialAction":[{"@type":"SearchAction","target":{"@type":"EntryPoint","urlTemplate":"https:\/\/cacaunews.com\/?s={search_term_string}"},"query-input":"required name=search_term_string"}],"inLanguage":"pt-BR"},{"@type":"Organization","@id":"https:\/\/cacaunews.com\/#organization","name":"Cacau News","url":"https:\/\/cacaunews.com\/","logo":{"@type":"ImageObject","inLanguage":"pt-BR","@id":"https:\/\/cacaunews.com\/#\/schema\/logo\/image\/","url":"https:\/\/cacaunews.com\/wp-content\/uploads\/2025\/01\/cropped-LOGO-NOVA.png","contentUrl":"https:\/\/cacaunews.com\/wp-content\/uploads\/2025\/01\/cropped-LOGO-NOVA.png","width":813,"height":813,"caption":"Cacau News"},"image":{"@id":"https:\/\/cacaunews.com\/#\/schema\/logo\/image\/"},"sameAs":["https:\/\/www.instagram.com\/cacaunews.online\/","https:\/\/youtube.com\/@cacaunews?si=0VXLnjl08SrWbVG9"]},{"@type":"Person","@id":"https:\/\/cacaunews.com\/#\/schema\/person\/ea69703103e606ad347ccd64bd72ef79","name":"Reda\u00e7\u00e3o Cacau News","image":{"@type":"ImageObject","inLanguage":"pt-BR","@id":"https:\/\/cacaunews.com\/#\/schema\/person\/image\/","url":"https:\/\/secure.gravatar.com\/avatar\/d79227a2a7b6cc42e8d7a8f7c284cd3a?s=96&d=mm&r=g","contentUrl":"https:\/\/secure.gravatar.com\/avatar\/d79227a2a7b6cc42e8d7a8f7c284cd3a?s=96&d=mm&r=g","caption":"Reda\u00e7\u00e3o Cacau News"},"sameAs":["https:\/\/cacaunews.com"],"url":"https:\/\/cacaunews.com\/?author=1"}]}},"jetpack_sharing_enabled":true,"jetpack_featured_media_url":"https:\/\/cacaunews.com\/wp-content\/uploads\/2023\/04\/user_125329266.jpg","_links":{"self":[{"href":"https:\/\/cacaunews.com\/index.php?rest_route=\/wp\/v2\/posts\/1331"}],"collection":[{"href":"https:\/\/cacaunews.com\/index.php?rest_route=\/wp\/v2\/posts"}],"about":[{"href":"https:\/\/cacaunews.com\/index.php?rest_route=\/wp\/v2\/types\/post"}],"author":[{"embeddable":true,"href":"https:\/\/cacaunews.com\/index.php?rest_route=\/wp\/v2\/users\/1"}],"replies":[{"embeddable":true,"href":"https:\/\/cacaunews.com\/index.php?rest_route=%2Fwp%2Fv2%2Fcomments&post=1331"}],"version-history":[{"count":1,"href":"https:\/\/cacaunews.com\/index.php?rest_route=\/wp\/v2\/posts\/1331\/revisions"}],"predecessor-version":[{"id":1332,"href":"https:\/\/cacaunews.com\/index.php?rest_route=\/wp\/v2\/posts\/1331\/revisions\/1332"}],"wp:featuredmedia":[{"embeddable":true,"href":"https:\/\/cacaunews.com\/index.php?rest_route=\/wp\/v2\/media\/1330"}],"wp:attachment":[{"href":"https:\/\/cacaunews.com\/index.php?rest_route=%2Fwp%2Fv2%2Fmedia&parent=1331"}],"wp:term":[{"taxonomy":"category","embeddable":true,"href":"https:\/\/cacaunews.com\/index.php?rest_route=%2Fwp%2Fv2%2Fcategories&post=1331"},{"taxonomy":"post_tag","embeddable":true,"href":"https:\/\/cacaunews.com\/index.php?rest_route=%2Fwp%2Fv2%2Ftags&post=1331"}],"curies":[{"name":"wp","href":"https:\/\/api.w.org\/{rel}","templated":true}]}}