{"id":1370,"date":"2023-04-19T11:35:04","date_gmt":"2023-04-19T11:35:04","guid":{"rendered":"https:\/\/cacaunews.com\/?p=1370"},"modified":"2023-04-19T11:34:45","modified_gmt":"2023-04-19T11:34:45","slug":"uniao-baiana-de-vereadores-ubv-e-criada-e-promete-atuacao-municipalista-com-participacao-e-representatividade","status":"publish","type":"post","link":"https:\/\/cacaunews.com\/?p=1370","title":{"rendered":"Uni\u00e3o Baiana de Vereadores (UBV) \u00e9 criada e promete atua\u00e7\u00e3o municipalista com participa\u00e7\u00e3o e representatividade."},"content":{"rendered":"\n<p>Durante assembleia realizada na manh\u00e3 de ontem (18), no Audit\u00f3rio Jornalista Jorge Calmon, da Assembleia Legislativa da Bahia (AL-BA), foi criada a Uni\u00e3o Baiana de Vereadores (UBV), bem como escolhida e empossada a sua diretoria para um mandato de dois anos. A nova entidade surge com o prop\u00f3sito de representar coletivamente vereadores (as), ex-vereadores (as) e C\u00e2maras Municipais de toda a Bahia.<br><br>Para o presidente eleito Lucas Willian, ex-vereador de Riach\u00e3o do Jacu\u00edpe e advogado, a entidade vem para suprir o v\u00e1cuo de representatividade dos vereadores no \u00e2mbito das discuss\u00f5es municipalistas e para ser a maior e mais forte institui\u00e7\u00e3o do estado da Bahia. \u201cA inten\u00e7\u00e3o \u00e9 fundar uma entidade de todos e todas que queiram participar e construir o debate na vis\u00e3o dos vereadores para o municipalismo. Aqui est\u00e1 assegurada a participa\u00e7\u00e3o de todos os vereadores e vereadoras de todos os munic\u00edpios da Bahia\u201d, destacou o presidente, ao falar que o simples fato de haver uma associa\u00e7\u00e3o n\u00e3o d\u00e1 o sentimento de pertencimento se n\u00e3o houver representatividade e espa\u00e7os para participa\u00e7\u00e3o.<\/p>\n\n\n\n<p>\u201cO espa\u00e7o democr\u00e1tico vai ser assegurado para todas as correntes e vertentes. N\u00e3o estamos com medo de ter desaven\u00e7as ou disputa n\u00e3o. Pelo contr\u00e1rio, a gente quer que tenha o contradit\u00f3rio porque se isso tiver, vai ser o maior s\u00edmbolo de que estamos vivos, participando e construindo uma entidade efetivamente democr\u00e1tica\u201d, disse Lucas Willian.<br \/><br \/>Al\u00e9m do presidente, a UBV \u00e9 constitu\u00edda de tr\u00eas vice-presid\u00eancias, compostas por Talyta Trindade, vereadora mais jovem da Bahia e presidente da C\u00e2mara de V\u00e1rzea da Ro\u00e7a; Geovane Passos, presidente da C\u00e2mara de Remanso; Jerbson Moraes, vereador e ex-presidente da C\u00e2mara de Ilh\u00e9us; al\u00e9m do vereador Neto de Tinho, de Gavi\u00e3o, como tesoureiro; Ivan J\u00fanior, vereador de Itaju\u00edpe, como 1\u00ba secret\u00e1rio; e Tagner Cerqueira, vereador de Cama\u00e7ari, como diretor-executivo.<br \/><br \/>A UBV tamb\u00e9m conta com 27 diretorias territoriais e j\u00e1 inicia com a parceria de mais de trinta c\u00e2maras municipais. A meta da entidade \u00e9 filiar duzentas casas legislativas baianas at\u00e9 o final do ano. De acordo com seus idealizadores, a entidade \u00e9 fundada por quem viveu e vive essencialmente a condi\u00e7\u00e3o da verean\u00e7a, como ex-vereadores e vereadores de mandato.<br \/><br \/>A institui\u00e7\u00e3o promete dar todo o suporte necess\u00e1rio, como capacita\u00e7\u00e3o, suporte jur\u00eddico, de marketing e comunica\u00e7\u00e3o, para se firmar como uma entidade em sua completude. \u201cQue seja o suporte para o pol\u00edtico e tamb\u00e9m para o vereador na presta\u00e7\u00e3o de um servi\u00e7o de qualidade \u00e0 popula\u00e7\u00e3o. Que seja uma entidade ativa, participativa, de escuta e de a\u00e7\u00e3o\u201d, disse Lucas Willian.<br \/><br \/>Diversos pol\u00edticos marcaram presen\u00e7a no evento, como o deputado federal Daniel Almeida; os deputados estaduais Alex da Piat\u00e3, Hassan, Z\u00f3, Laerte do Vando e Jos\u00e9 de Arimat\u00e9ia; al\u00e9m do secret\u00e1rio de Desenvolvimento Rural (SDR), Osni Cardoso; do superintendente de Prote\u00e7\u00e3o e Defesa Civil da Bahia (Sudec), Heber Santana; dos prefeitos de Retirol\u00e2ndia, Vonte do Merim, e de Santa Luzia, Fernando Brito; al\u00e9m da vereadora de Salvador Marta Rodrigues.<br \/><br \/>Com cerca de 6 mil vereadores por toda a Bahia, aproximadamente 40 munic\u00edpios foram representados no evento, entre eles, Feira de Santana, Riach\u00e3o do Jacu\u00edpe, Santa Luz, Itaju\u00edpe, Retirol\u00e2ndia, Concei\u00e7\u00e3o do Coit\u00e9, Capim Grosso, Serrinha, Sento S\u00e9, Santa Luzia, Juazeiro, C\u00edcero Dantas, F\u00e1tima, Cama\u00e7ari, Vit\u00f3ria da Conquista, Ichu, Santo Est\u00eav\u00e3o, Mascote, Mundo Novo, Mairi e Campo Alegre de Lourdes. O evento contou com uma palestra sobre marketing pol\u00edtico, ministrada pelo estrategista pol\u00edtico La\u00e9rcio Menegaz J\u00fanior.<\/p>\n\n\n\n<p>Com informa\u00e7\u00f5es Noticia Livre.<br \/><br \/>Fotos: M\u00e1rcia Aguiar<\/p>\n","protected":false},"excerpt":{"rendered":"<p>Durante assembleia realizada na manh\u00e3 de ontem (18), no Audit\u00f3rio Jornalista Jorge Calmon, da Assembleia&#8230;<\/p>\n","protected":false},"author":1,"featured_media":1369,"comment_status":"open","ping_status":"open","sticky":false,"template":"","format":"standard","meta":{"footnotes":""},"categories":[18,4,11],"tags":[526,525,433],"yoast_head":"<!-- This site is optimized with the Yoast SEO plugin v21.7 - https:\/\/yoast.com\/wordpress\/plugins\/seo\/ -->\n<title>Uni\u00e3o Baiana de Vereadores (UBV) \u00e9 criada e promete atua\u00e7\u00e3o municipalista com participa\u00e7\u00e3o e representatividade. - Cacau News<\/title>\n<meta name=\"robots\" content=\"index, follow, max-snippet:-1, max-image-preview:large, max-video-preview:-1\" \/>\n<link rel=\"canonical\" href=\"https:\/\/cacaunews.com\/?p=1370\" \/>\n<meta property=\"og:locale\" content=\"pt_BR\" \/>\n<meta property=\"og:type\" content=\"article\" \/>\n<meta property=\"og:title\" content=\"Uni\u00e3o Baiana de Vereadores (UBV) \u00e9 criada e promete atua\u00e7\u00e3o municipalista com participa\u00e7\u00e3o e representatividade. - Cacau News\" \/>\n<meta property=\"og:description\" content=\"Durante assembleia realizada na manh\u00e3 de ontem (18), no Audit\u00f3rio Jornalista Jorge Calmon, da Assembleia...\" \/>\n<meta property=\"og:url\" content=\"https:\/\/cacaunews.com\/?p=1370\" \/>\n<meta property=\"og:site_name\" content=\"Cacau News\" \/>\n<meta property=\"article:published_time\" content=\"2023-04-19T11:35:04+00:00\" \/>\n<meta property=\"article:modified_time\" content=\"2023-04-19T11:34:45+00:00\" \/>\n<meta property=\"og:image\" content=\"https:\/\/cacaunews.com\/wp-content\/uploads\/2023\/04\/01-3-720x445-1.jpg\" \/>\n\t<meta property=\"og:image:width\" content=\"720\" \/>\n\t<meta property=\"og:image:height\" content=\"445\" \/>\n\t<meta property=\"og:image:type\" content=\"image\/jpeg\" \/>\n<meta name=\"author\" content=\"Reda\u00e7\u00e3o Cacau News\" \/>\n<meta name=\"twitter:card\" content=\"summary_large_image\" \/>\n<meta name=\"twitter:label1\" content=\"Escrito por\" \/>\n\t<meta name=\"twitter:data1\" content=\"Reda\u00e7\u00e3o Cacau News\" \/>\n\t<meta name=\"twitter:label2\" content=\"Est. tempo de leitura\" \/>\n\t<meta name=\"twitter:data2\" content=\"3 minutos\" \/>\n<script type=\"application\/ld+json\" class=\"yoast-schema-graph\">{\"@context\":\"https:\/\/schema.org\",\"@graph\":[{\"@type\":\"Article\",\"@id\":\"https:\/\/cacaunews.com\/?p=1370#article\",\"isPartOf\":{\"@id\":\"https:\/\/cacaunews.com\/?p=1370\"},\"author\":{\"name\":\"Reda\u00e7\u00e3o Cacau News\",\"@id\":\"https:\/\/cacaunews.com\/#\/schema\/person\/ea69703103e606ad347ccd64bd72ef79\"},\"headline\":\"Uni\u00e3o Baiana de Vereadores (UBV) \u00e9 criada e promete atua\u00e7\u00e3o municipalista com participa\u00e7\u00e3o e representatividade.\",\"datePublished\":\"2023-04-19T11:35:04+00:00\",\"dateModified\":\"2023-04-19T11:34:45+00:00\",\"mainEntityOfPage\":{\"@id\":\"https:\/\/cacaunews.com\/?p=1370\"},\"wordCount\":656,\"commentCount\":0,\"publisher\":{\"@id\":\"https:\/\/cacaunews.com\/#organization\"},\"keywords\":[\"lan\u00e7amento\",\"ubv\",\"vereadores\"],\"articleSection\":[\"cidades\",\"Internet\",\"Jornalismo\"],\"inLanguage\":\"pt-BR\",\"potentialAction\":[{\"@type\":\"CommentAction\",\"name\":\"Comment\",\"target\":[\"https:\/\/cacaunews.com\/?p=1370#respond\"]}]},{\"@type\":\"WebPage\",\"@id\":\"https:\/\/cacaunews.com\/?p=1370\",\"url\":\"https:\/\/cacaunews.com\/?p=1370\",\"name\":\"Uni\u00e3o Baiana de Vereadores (UBV) \u00e9 criada e promete atua\u00e7\u00e3o municipalista com participa\u00e7\u00e3o e representatividade. - Cacau News\",\"isPartOf\":{\"@id\":\"https:\/\/cacaunews.com\/#website\"},\"datePublished\":\"2023-04-19T11:35:04+00:00\",\"dateModified\":\"2023-04-19T11:34:45+00:00\",\"breadcrumb\":{\"@id\":\"https:\/\/cacaunews.com\/?p=1370#breadcrumb\"},\"inLanguage\":\"pt-BR\",\"potentialAction\":[{\"@type\":\"ReadAction\",\"target\":[\"https:\/\/cacaunews.com\/?p=1370\"]}]},{\"@type\":\"BreadcrumbList\",\"@id\":\"https:\/\/cacaunews.com\/?p=1370#breadcrumb\",\"itemListElement\":[{\"@type\":\"ListItem\",\"position\":1,\"name\":\"In\u00edcio\",\"item\":\"https:\/\/cacaunews.com\/\"},{\"@type\":\"ListItem\",\"position\":2,\"name\":\"Uni\u00e3o Baiana de Vereadores (UBV) \u00e9 criada e promete atua\u00e7\u00e3o municipalista com participa\u00e7\u00e3o e representatividade.\"}]},{\"@type\":\"WebSite\",\"@id\":\"https:\/\/cacaunews.com\/#website\",\"url\":\"https:\/\/cacaunews.com\/\",\"name\":\"Cacau News\",\"description\":\"A Informa\u00e7\u00e3o que voc\u00ea precisa!\",\"publisher\":{\"@id\":\"https:\/\/cacaunews.com\/#organization\"},\"potentialAction\":[{\"@type\":\"SearchAction\",\"target\":{\"@type\":\"EntryPoint\",\"urlTemplate\":\"https:\/\/cacaunews.com\/?s={search_term_string}\"},\"query-input\":\"required name=search_term_string\"}],\"inLanguage\":\"pt-BR\"},{\"@type\":\"Organization\",\"@id\":\"https:\/\/cacaunews.com\/#organization\",\"name\":\"Cacau News\",\"url\":\"https:\/\/cacaunews.com\/\",\"logo\":{\"@type\":\"ImageObject\",\"inLanguage\":\"pt-BR\",\"@id\":\"https:\/\/cacaunews.com\/#\/schema\/logo\/image\/\",\"url\":\"https:\/\/cacaunews.com\/wp-content\/uploads\/2025\/01\/cropped-LOGO-NOVA.png\",\"contentUrl\":\"https:\/\/cacaunews.com\/wp-content\/uploads\/2025\/01\/cropped-LOGO-NOVA.png\",\"width\":813,\"height\":813,\"caption\":\"Cacau News\"},\"image\":{\"@id\":\"https:\/\/cacaunews.com\/#\/schema\/logo\/image\/\"},\"sameAs\":[\"https:\/\/www.instagram.com\/cacaunews.online\/\",\"https:\/\/youtube.com\/@cacaunews?si=0VXLnjl08SrWbVG9\"]},{\"@type\":\"Person\",\"@id\":\"https:\/\/cacaunews.com\/#\/schema\/person\/ea69703103e606ad347ccd64bd72ef79\",\"name\":\"Reda\u00e7\u00e3o Cacau News\",\"image\":{\"@type\":\"ImageObject\",\"inLanguage\":\"pt-BR\",\"@id\":\"https:\/\/cacaunews.com\/#\/schema\/person\/image\/\",\"url\":\"https:\/\/secure.gravatar.com\/avatar\/d79227a2a7b6cc42e8d7a8f7c284cd3a?s=96&d=mm&r=g\",\"contentUrl\":\"https:\/\/secure.gravatar.com\/avatar\/d79227a2a7b6cc42e8d7a8f7c284cd3a?s=96&d=mm&r=g\",\"caption\":\"Reda\u00e7\u00e3o Cacau News\"},\"sameAs\":[\"https:\/\/cacaunews.com\"],\"url\":\"https:\/\/cacaunews.com\/?author=1\"}]}<\/script>\n<!-- \/ Yoast SEO plugin. -->","yoast_head_json":{"title":"Uni\u00e3o Baiana de Vereadores (UBV) \u00e9 criada e promete atua\u00e7\u00e3o municipalista com participa\u00e7\u00e3o e representatividade. - Cacau News","robots":{"index":"index","follow":"follow","max-snippet":"max-snippet:-1","max-image-preview":"max-image-preview:large","max-video-preview":"max-video-preview:-1"},"canonical":"https:\/\/cacaunews.com\/?p=1370","og_locale":"pt_BR","og_type":"article","og_title":"Uni\u00e3o Baiana de Vereadores (UBV) \u00e9 criada e promete atua\u00e7\u00e3o municipalista com participa\u00e7\u00e3o e representatividade. - Cacau News","og_description":"Durante assembleia realizada na manh\u00e3 de ontem (18), no Audit\u00f3rio Jornalista Jorge Calmon, da Assembleia...","og_url":"https:\/\/cacaunews.com\/?p=1370","og_site_name":"Cacau News","article_published_time":"2023-04-19T11:35:04+00:00","article_modified_time":"2023-04-19T11:34:45+00:00","og_image":[{"width":720,"height":445,"url":"https:\/\/cacaunews.com\/wp-content\/uploads\/2023\/04\/01-3-720x445-1.jpg","type":"image\/jpeg"}],"author":"Reda\u00e7\u00e3o Cacau News","twitter_card":"summary_large_image","twitter_misc":{"Escrito por":"Reda\u00e7\u00e3o Cacau News","Est. tempo de leitura":"3 minutos"},"schema":{"@context":"https:\/\/schema.org","@graph":[{"@type":"Article","@id":"https:\/\/cacaunews.com\/?p=1370#article","isPartOf":{"@id":"https:\/\/cacaunews.com\/?p=1370"},"author":{"name":"Reda\u00e7\u00e3o Cacau News","@id":"https:\/\/cacaunews.com\/#\/schema\/person\/ea69703103e606ad347ccd64bd72ef79"},"headline":"Uni\u00e3o Baiana de Vereadores (UBV) \u00e9 criada e promete atua\u00e7\u00e3o municipalista com participa\u00e7\u00e3o e representatividade.","datePublished":"2023-04-19T11:35:04+00:00","dateModified":"2023-04-19T11:34:45+00:00","mainEntityOfPage":{"@id":"https:\/\/cacaunews.com\/?p=1370"},"wordCount":656,"commentCount":0,"publisher":{"@id":"https:\/\/cacaunews.com\/#organization"},"keywords":["lan\u00e7amento","ubv","vereadores"],"articleSection":["cidades","Internet","Jornalismo"],"inLanguage":"pt-BR","potentialAction":[{"@type":"CommentAction","name":"Comment","target":["https:\/\/cacaunews.com\/?p=1370#respond"]}]},{"@type":"WebPage","@id":"https:\/\/cacaunews.com\/?p=1370","url":"https:\/\/cacaunews.com\/?p=1370","name":"Uni\u00e3o Baiana de Vereadores (UBV) \u00e9 criada e promete atua\u00e7\u00e3o municipalista com participa\u00e7\u00e3o e representatividade. - Cacau News","isPartOf":{"@id":"https:\/\/cacaunews.com\/#website"},"datePublished":"2023-04-19T11:35:04+00:00","dateModified":"2023-04-19T11:34:45+00:00","breadcrumb":{"@id":"https:\/\/cacaunews.com\/?p=1370#breadcrumb"},"inLanguage":"pt-BR","potentialAction":[{"@type":"ReadAction","target":["https:\/\/cacaunews.com\/?p=1370"]}]},{"@type":"BreadcrumbList","@id":"https:\/\/cacaunews.com\/?p=1370#breadcrumb","itemListElement":[{"@type":"ListItem","position":1,"name":"In\u00edcio","item":"https:\/\/cacaunews.com\/"},{"@type":"ListItem","position":2,"name":"Uni\u00e3o Baiana de Vereadores (UBV) \u00e9 criada e promete atua\u00e7\u00e3o municipalista com participa\u00e7\u00e3o e representatividade."}]},{"@type":"WebSite","@id":"https:\/\/cacaunews.com\/#website","url":"https:\/\/cacaunews.com\/","name":"Cacau News","description":"A Informa\u00e7\u00e3o que voc\u00ea precisa!","publisher":{"@id":"https:\/\/cacaunews.com\/#organization"},"potentialAction":[{"@type":"SearchAction","target":{"@type":"EntryPoint","urlTemplate":"https:\/\/cacaunews.com\/?s={search_term_string}"},"query-input":"required name=search_term_string"}],"inLanguage":"pt-BR"},{"@type":"Organization","@id":"https:\/\/cacaunews.com\/#organization","name":"Cacau News","url":"https:\/\/cacaunews.com\/","logo":{"@type":"ImageObject","inLanguage":"pt-BR","@id":"https:\/\/cacaunews.com\/#\/schema\/logo\/image\/","url":"https:\/\/cacaunews.com\/wp-content\/uploads\/2025\/01\/cropped-LOGO-NOVA.png","contentUrl":"https:\/\/cacaunews.com\/wp-content\/uploads\/2025\/01\/cropped-LOGO-NOVA.png","width":813,"height":813,"caption":"Cacau News"},"image":{"@id":"https:\/\/cacaunews.com\/#\/schema\/logo\/image\/"},"sameAs":["https:\/\/www.instagram.com\/cacaunews.online\/","https:\/\/youtube.com\/@cacaunews?si=0VXLnjl08SrWbVG9"]},{"@type":"Person","@id":"https:\/\/cacaunews.com\/#\/schema\/person\/ea69703103e606ad347ccd64bd72ef79","name":"Reda\u00e7\u00e3o Cacau News","image":{"@type":"ImageObject","inLanguage":"pt-BR","@id":"https:\/\/cacaunews.com\/#\/schema\/person\/image\/","url":"https:\/\/secure.gravatar.com\/avatar\/d79227a2a7b6cc42e8d7a8f7c284cd3a?s=96&d=mm&r=g","contentUrl":"https:\/\/secure.gravatar.com\/avatar\/d79227a2a7b6cc42e8d7a8f7c284cd3a?s=96&d=mm&r=g","caption":"Reda\u00e7\u00e3o Cacau News"},"sameAs":["https:\/\/cacaunews.com"],"url":"https:\/\/cacaunews.com\/?author=1"}]}},"jetpack_sharing_enabled":true,"jetpack_featured_media_url":"https:\/\/cacaunews.com\/wp-content\/uploads\/2023\/04\/01-3-720x445-1.jpg","_links":{"self":[{"href":"https:\/\/cacaunews.com\/index.php?rest_route=\/wp\/v2\/posts\/1370"}],"collection":[{"href":"https:\/\/cacaunews.com\/index.php?rest_route=\/wp\/v2\/posts"}],"about":[{"href":"https:\/\/cacaunews.com\/index.php?rest_route=\/wp\/v2\/types\/post"}],"author":[{"embeddable":true,"href":"https:\/\/cacaunews.com\/index.php?rest_route=\/wp\/v2\/users\/1"}],"replies":[{"embeddable":true,"href":"https:\/\/cacaunews.com\/index.php?rest_route=%2Fwp%2Fv2%2Fcomments&post=1370"}],"version-history":[{"count":1,"href":"https:\/\/cacaunews.com\/index.php?rest_route=\/wp\/v2\/posts\/1370\/revisions"}],"predecessor-version":[{"id":1374,"href":"https:\/\/cacaunews.com\/index.php?rest_route=\/wp\/v2\/posts\/1370\/revisions\/1374"}],"wp:featuredmedia":[{"embeddable":true,"href":"https:\/\/cacaunews.com\/index.php?rest_route=\/wp\/v2\/media\/1369"}],"wp:attachment":[{"href":"https:\/\/cacaunews.com\/index.php?rest_route=%2Fwp%2Fv2%2Fmedia&parent=1370"}],"wp:term":[{"taxonomy":"category","embeddable":true,"href":"https:\/\/cacaunews.com\/index.php?rest_route=%2Fwp%2Fv2%2Fcategories&post=1370"},{"taxonomy":"post_tag","embeddable":true,"href":"https:\/\/cacaunews.com\/index.php?rest_route=%2Fwp%2Fv2%2Ftags&post=1370"}],"curies":[{"name":"wp","href":"https:\/\/api.w.org\/{rel}","templated":true}]}}