{"id":1376,"date":"2023-04-19T12:00:18","date_gmt":"2023-04-19T12:00:18","guid":{"rendered":"https:\/\/cacaunews.com\/?p=1376"},"modified":"2023-04-19T12:00:00","modified_gmt":"2023-04-19T12:00:00","slug":"jeronimo-destaca-importancia-de-acoes-conjuntas-no-enfrentamento-a-violencia-nas-escolas-durante-encontro-com-presidente-lula-em-brasilia","status":"publish","type":"post","link":"https:\/\/cacaunews.com\/?p=1376","title":{"rendered":"Jer\u00f4nimo destaca import\u00e2ncia de a\u00e7\u00f5es conjuntas no enfrentamento \u00e0 viol\u00eancia nas escolas, durante encontro com presidente Lula em Bras\u00edlia."},"content":{"rendered":"\n<p><br><br>No Pal\u00e1cio do Planalto, em Bras\u00edlia, o governador Jer\u00f4nimo Rodrigues participou de reuni\u00e3o com o presidente Lu\u00eds In\u00e1cio Lula da Silva, nesta ter\u00e7a-feira (18), para discutir pol\u00edticas de seguran\u00e7a, preven\u00e7\u00e3o e enfrentamento \u00e0 viol\u00eancia nas escolas, a partir de estrat\u00e9gias de promo\u00e7\u00e3o da paz nas institui\u00e7\u00f5es educacionais e de combate aos discursos de \u00f3dio e ao extremismo. No encontro, ministros e chefes dos poderes municipais, estaduais e federais avaliaram solu\u00e7\u00f5es e diretrizes capazes de estabelecer a\u00e7\u00f5es integradas que impe\u00e7am amea\u00e7as e novos epis\u00f3dios ocorridos em escolas p\u00fablicas e privadas de todo o Brasil.<br><br>O presidente Lula falou da import\u00e2ncia da participa\u00e7\u00e3o de todos os poderes na busca por solu\u00e7\u00f5es. \u201cPrecisamos levar em conta que a humanidade est\u00e1 mudando de padr\u00e3o de comportamento e que n\u00f3s, governantes, temos a responsabilidade de n\u00e3o permitir que a sociedade deixe de ser uma sociedade dotada de humanismo e que o \u00f3dio prevale\u00e7a sobre o bem\u201d, enfatizou.<br><br>O governador da Bahia tamb\u00e9m destacou a relev\u00e2ncia de a\u00e7\u00f5es conjuntas entre todas as esferas. \u201cReafirmo a import\u00e2ncia de ter um Governo Federal que chama a responsabilidade pra si, mas que compartilha, ao mesmo tempo. N\u00e3o \u00e0 toa, estamos os 27 governadores aqui, junto com representantes dos munic\u00edpios, do Senado, Congresso, STF e STJ para, juntos, decidirmos sobre a\u00e7\u00f5es pedag\u00f3gicas, sa\u00fade mental, infraestrutura e seguran\u00e7a nas escolas\u201d, pontuou Jer\u00f4nimo Rodrigues.<br><br>De acordo com a secret\u00e1ria estadual da Educa\u00e7\u00e3o, Ad\u00e9lia Pinheiro, o di\u00e1logo \u00e9 uma ferramenta importante para encontrar solu\u00e7\u00f5es e retomar as pr\u00e1ticas de paz e solidariedade. \u201cTemos que garantir a escola como um local seguro, que protege as crian\u00e7as e os adolescentes. O Governo Federal deixou claro que est\u00e1 preocupado em acompanhar o processo de busca da recupera\u00e7\u00e3o da cultura do cuidado e respeito com o outro\u201d, afirmou a gestora, em Bras\u00edlia. <br><br>*A\u00e7\u00f5es na Bahia*<br><br>O decreto publicado no Di\u00e1rio Oficial do Estado, na edi\u00e7\u00e3o do \u00faltimo dia 15 de abril, instituiu o Comit\u00ea Estadual Intersetorial de Seguran\u00e7a nas Escolas e nos Espa\u00e7os Educacionais da Bahia (CISE). O objetivo \u00e9 favorecer a atua\u00e7\u00e3o colaborativa para a constru\u00e7\u00e3o de ambientes educacionais isentos de amea\u00e7as a estudantes, professores, dirigentes e fam\u00edlias, al\u00e9m de propor medidas de promo\u00e7\u00e3o \u00e0 paz e ordem social nas escolas.<br> <br>Atuando em regime de plant\u00e3o permanente, a Secretaria da Educa\u00e7\u00e3o do Estado (SEC) disp\u00f5e do servi\u00e7o de orienta\u00e7\u00f5es \u00e0 comunidade escolar, de como agir diante de prov\u00e1veis situa\u00e7\u00f5es de amea\u00e7a e viol\u00eancia. A Secretaria de Seguran\u00e7a P\u00fablica da Bahia (SSP) atua de forma integrada \u00e0 SEC, \u00e0 Secretaria de Justi\u00e7a e Direitos Humanos (SJDH) e \u00e0 rede privada de ensino, disponibilizando um canal de comunica\u00e7\u00e3o direta, por meio do n\u00famero de telefone 181, para registro de den\u00fancias de amea\u00e7as em ambientes educacionais.<br><br>Rep\u00f3rter: La\u00eds Nascimento<br>Fotos: Ricardo Stuckert<\/p>\n","protected":false},"excerpt":{"rendered":"<p>No Pal\u00e1cio do Planalto, em Bras\u00edlia, o governador Jer\u00f4nimo Rodrigues participou de reuni\u00e3o com o&#8230;<\/p>\n","protected":false},"author":1,"featured_media":1375,"comment_status":"open","ping_status":"open","sticky":false,"template":"","format":"standard","meta":{"footnotes":""},"categories":[18,11,5],"tags":[78,301,527],"yoast_head":"<!-- This site is optimized with the Yoast SEO plugin v21.7 - https:\/\/yoast.com\/wordpress\/plugins\/seo\/ -->\n<title>Jer\u00f4nimo destaca import\u00e2ncia de a\u00e7\u00f5es conjuntas no enfrentamento \u00e0 viol\u00eancia nas escolas, durante encontro com presidente Lula em Bras\u00edlia. - Cacau News<\/title>\n<meta name=\"robots\" content=\"index, follow, max-snippet:-1, max-image-preview:large, max-video-preview:-1\" \/>\n<link rel=\"canonical\" href=\"https:\/\/cacaunews.com\/?p=1376\" \/>\n<meta property=\"og:locale\" content=\"pt_BR\" \/>\n<meta property=\"og:type\" content=\"article\" \/>\n<meta property=\"og:title\" content=\"Jer\u00f4nimo destaca import\u00e2ncia de a\u00e7\u00f5es conjuntas no enfrentamento \u00e0 viol\u00eancia nas escolas, durante encontro com presidente Lula em Bras\u00edlia. - Cacau News\" \/>\n<meta property=\"og:description\" content=\"No Pal\u00e1cio do Planalto, em Bras\u00edlia, o governador Jer\u00f4nimo Rodrigues participou de reuni\u00e3o com o...\" \/>\n<meta property=\"og:url\" content=\"https:\/\/cacaunews.com\/?p=1376\" \/>\n<meta property=\"og:site_name\" content=\"Cacau News\" \/>\n<meta property=\"article:published_time\" content=\"2023-04-19T12:00:18+00:00\" \/>\n<meta property=\"article:modified_time\" content=\"2023-04-19T12:00:00+00:00\" \/>\n<meta property=\"og:image\" content=\"https:\/\/cacaunews.com\/wp-content\/uploads\/2023\/04\/IMG-20230418-WA0074.jpg\" \/>\n\t<meta property=\"og:image:width\" content=\"1024\" \/>\n\t<meta property=\"og:image:height\" content=\"644\" \/>\n\t<meta property=\"og:image:type\" content=\"image\/jpeg\" \/>\n<meta name=\"author\" content=\"Reda\u00e7\u00e3o Cacau News\" \/>\n<meta name=\"twitter:card\" content=\"summary_large_image\" \/>\n<meta name=\"twitter:label1\" content=\"Escrito por\" \/>\n\t<meta name=\"twitter:data1\" content=\"Reda\u00e7\u00e3o Cacau News\" \/>\n\t<meta name=\"twitter:label2\" content=\"Est. tempo de leitura\" \/>\n\t<meta name=\"twitter:data2\" content=\"3 minutos\" \/>\n<script type=\"application\/ld+json\" class=\"yoast-schema-graph\">{\"@context\":\"https:\/\/schema.org\",\"@graph\":[{\"@type\":\"Article\",\"@id\":\"https:\/\/cacaunews.com\/?p=1376#article\",\"isPartOf\":{\"@id\":\"https:\/\/cacaunews.com\/?p=1376\"},\"author\":{\"name\":\"Reda\u00e7\u00e3o Cacau News\",\"@id\":\"https:\/\/cacaunews.com\/#\/schema\/person\/ea69703103e606ad347ccd64bd72ef79\"},\"headline\":\"Jer\u00f4nimo destaca import\u00e2ncia de a\u00e7\u00f5es conjuntas no enfrentamento \u00e0 viol\u00eancia nas escolas, durante encontro com presidente Lula em Bras\u00edlia.\",\"datePublished\":\"2023-04-19T12:00:18+00:00\",\"dateModified\":\"2023-04-19T12:00:00+00:00\",\"mainEntityOfPage\":{\"@id\":\"https:\/\/cacaunews.com\/?p=1376\"},\"wordCount\":538,\"commentCount\":0,\"publisher\":{\"@id\":\"https:\/\/cacaunews.com\/#organization\"},\"keywords\":[\"jeronimo\",\"lula\",\"reuni\u00e3o ministerial\"],\"articleSection\":[\"cidades\",\"Jornalismo\",\"Politica\"],\"inLanguage\":\"pt-BR\",\"potentialAction\":[{\"@type\":\"CommentAction\",\"name\":\"Comment\",\"target\":[\"https:\/\/cacaunews.com\/?p=1376#respond\"]}]},{\"@type\":\"WebPage\",\"@id\":\"https:\/\/cacaunews.com\/?p=1376\",\"url\":\"https:\/\/cacaunews.com\/?p=1376\",\"name\":\"Jer\u00f4nimo destaca import\u00e2ncia de a\u00e7\u00f5es conjuntas no enfrentamento \u00e0 viol\u00eancia nas escolas, durante encontro com presidente Lula em Bras\u00edlia. - Cacau News\",\"isPartOf\":{\"@id\":\"https:\/\/cacaunews.com\/#website\"},\"datePublished\":\"2023-04-19T12:00:18+00:00\",\"dateModified\":\"2023-04-19T12:00:00+00:00\",\"breadcrumb\":{\"@id\":\"https:\/\/cacaunews.com\/?p=1376#breadcrumb\"},\"inLanguage\":\"pt-BR\",\"potentialAction\":[{\"@type\":\"ReadAction\",\"target\":[\"https:\/\/cacaunews.com\/?p=1376\"]}]},{\"@type\":\"BreadcrumbList\",\"@id\":\"https:\/\/cacaunews.com\/?p=1376#breadcrumb\",\"itemListElement\":[{\"@type\":\"ListItem\",\"position\":1,\"name\":\"In\u00edcio\",\"item\":\"https:\/\/cacaunews.com\/\"},{\"@type\":\"ListItem\",\"position\":2,\"name\":\"Jer\u00f4nimo destaca import\u00e2ncia de a\u00e7\u00f5es conjuntas no enfrentamento \u00e0 viol\u00eancia nas escolas, durante encontro com presidente Lula em Bras\u00edlia.\"}]},{\"@type\":\"WebSite\",\"@id\":\"https:\/\/cacaunews.com\/#website\",\"url\":\"https:\/\/cacaunews.com\/\",\"name\":\"Cacau News\",\"description\":\"A Informa\u00e7\u00e3o que voc\u00ea precisa!\",\"publisher\":{\"@id\":\"https:\/\/cacaunews.com\/#organization\"},\"potentialAction\":[{\"@type\":\"SearchAction\",\"target\":{\"@type\":\"EntryPoint\",\"urlTemplate\":\"https:\/\/cacaunews.com\/?s={search_term_string}\"},\"query-input\":\"required name=search_term_string\"}],\"inLanguage\":\"pt-BR\"},{\"@type\":\"Organization\",\"@id\":\"https:\/\/cacaunews.com\/#organization\",\"name\":\"Cacau News\",\"url\":\"https:\/\/cacaunews.com\/\",\"logo\":{\"@type\":\"ImageObject\",\"inLanguage\":\"pt-BR\",\"@id\":\"https:\/\/cacaunews.com\/#\/schema\/logo\/image\/\",\"url\":\"https:\/\/cacaunews.com\/wp-content\/uploads\/2025\/01\/cropped-LOGO-NOVA.png\",\"contentUrl\":\"https:\/\/cacaunews.com\/wp-content\/uploads\/2025\/01\/cropped-LOGO-NOVA.png\",\"width\":813,\"height\":813,\"caption\":\"Cacau News\"},\"image\":{\"@id\":\"https:\/\/cacaunews.com\/#\/schema\/logo\/image\/\"},\"sameAs\":[\"https:\/\/www.instagram.com\/cacaunews.online\/\",\"https:\/\/youtube.com\/@cacaunews?si=0VXLnjl08SrWbVG9\"]},{\"@type\":\"Person\",\"@id\":\"https:\/\/cacaunews.com\/#\/schema\/person\/ea69703103e606ad347ccd64bd72ef79\",\"name\":\"Reda\u00e7\u00e3o Cacau News\",\"image\":{\"@type\":\"ImageObject\",\"inLanguage\":\"pt-BR\",\"@id\":\"https:\/\/cacaunews.com\/#\/schema\/person\/image\/\",\"url\":\"https:\/\/secure.gravatar.com\/avatar\/d79227a2a7b6cc42e8d7a8f7c284cd3a?s=96&d=mm&r=g\",\"contentUrl\":\"https:\/\/secure.gravatar.com\/avatar\/d79227a2a7b6cc42e8d7a8f7c284cd3a?s=96&d=mm&r=g\",\"caption\":\"Reda\u00e7\u00e3o Cacau News\"},\"sameAs\":[\"https:\/\/cacaunews.com\"],\"url\":\"https:\/\/cacaunews.com\/?author=1\"}]}<\/script>\n<!-- \/ Yoast SEO plugin. -->","yoast_head_json":{"title":"Jer\u00f4nimo destaca import\u00e2ncia de a\u00e7\u00f5es conjuntas no enfrentamento \u00e0 viol\u00eancia nas escolas, durante encontro com presidente Lula em Bras\u00edlia. - Cacau News","robots":{"index":"index","follow":"follow","max-snippet":"max-snippet:-1","max-image-preview":"max-image-preview:large","max-video-preview":"max-video-preview:-1"},"canonical":"https:\/\/cacaunews.com\/?p=1376","og_locale":"pt_BR","og_type":"article","og_title":"Jer\u00f4nimo destaca import\u00e2ncia de a\u00e7\u00f5es conjuntas no enfrentamento \u00e0 viol\u00eancia nas escolas, durante encontro com presidente Lula em Bras\u00edlia. - Cacau News","og_description":"No Pal\u00e1cio do Planalto, em Bras\u00edlia, o governador Jer\u00f4nimo Rodrigues participou de reuni\u00e3o com o...","og_url":"https:\/\/cacaunews.com\/?p=1376","og_site_name":"Cacau News","article_published_time":"2023-04-19T12:00:18+00:00","article_modified_time":"2023-04-19T12:00:00+00:00","og_image":[{"width":1024,"height":644,"url":"https:\/\/cacaunews.com\/wp-content\/uploads\/2023\/04\/IMG-20230418-WA0074.jpg","type":"image\/jpeg"}],"author":"Reda\u00e7\u00e3o Cacau News","twitter_card":"summary_large_image","twitter_misc":{"Escrito por":"Reda\u00e7\u00e3o Cacau News","Est. tempo de leitura":"3 minutos"},"schema":{"@context":"https:\/\/schema.org","@graph":[{"@type":"Article","@id":"https:\/\/cacaunews.com\/?p=1376#article","isPartOf":{"@id":"https:\/\/cacaunews.com\/?p=1376"},"author":{"name":"Reda\u00e7\u00e3o Cacau News","@id":"https:\/\/cacaunews.com\/#\/schema\/person\/ea69703103e606ad347ccd64bd72ef79"},"headline":"Jer\u00f4nimo destaca import\u00e2ncia de a\u00e7\u00f5es conjuntas no enfrentamento \u00e0 viol\u00eancia nas escolas, durante encontro com presidente Lula em Bras\u00edlia.","datePublished":"2023-04-19T12:00:18+00:00","dateModified":"2023-04-19T12:00:00+00:00","mainEntityOfPage":{"@id":"https:\/\/cacaunews.com\/?p=1376"},"wordCount":538,"commentCount":0,"publisher":{"@id":"https:\/\/cacaunews.com\/#organization"},"keywords":["jeronimo","lula","reuni\u00e3o ministerial"],"articleSection":["cidades","Jornalismo","Politica"],"inLanguage":"pt-BR","potentialAction":[{"@type":"CommentAction","name":"Comment","target":["https:\/\/cacaunews.com\/?p=1376#respond"]}]},{"@type":"WebPage","@id":"https:\/\/cacaunews.com\/?p=1376","url":"https:\/\/cacaunews.com\/?p=1376","name":"Jer\u00f4nimo destaca import\u00e2ncia de a\u00e7\u00f5es conjuntas no enfrentamento \u00e0 viol\u00eancia nas escolas, durante encontro com presidente Lula em Bras\u00edlia. - Cacau News","isPartOf":{"@id":"https:\/\/cacaunews.com\/#website"},"datePublished":"2023-04-19T12:00:18+00:00","dateModified":"2023-04-19T12:00:00+00:00","breadcrumb":{"@id":"https:\/\/cacaunews.com\/?p=1376#breadcrumb"},"inLanguage":"pt-BR","potentialAction":[{"@type":"ReadAction","target":["https:\/\/cacaunews.com\/?p=1376"]}]},{"@type":"BreadcrumbList","@id":"https:\/\/cacaunews.com\/?p=1376#breadcrumb","itemListElement":[{"@type":"ListItem","position":1,"name":"In\u00edcio","item":"https:\/\/cacaunews.com\/"},{"@type":"ListItem","position":2,"name":"Jer\u00f4nimo destaca import\u00e2ncia de a\u00e7\u00f5es conjuntas no enfrentamento \u00e0 viol\u00eancia nas escolas, durante encontro com presidente Lula em Bras\u00edlia."}]},{"@type":"WebSite","@id":"https:\/\/cacaunews.com\/#website","url":"https:\/\/cacaunews.com\/","name":"Cacau News","description":"A Informa\u00e7\u00e3o que voc\u00ea precisa!","publisher":{"@id":"https:\/\/cacaunews.com\/#organization"},"potentialAction":[{"@type":"SearchAction","target":{"@type":"EntryPoint","urlTemplate":"https:\/\/cacaunews.com\/?s={search_term_string}"},"query-input":"required name=search_term_string"}],"inLanguage":"pt-BR"},{"@type":"Organization","@id":"https:\/\/cacaunews.com\/#organization","name":"Cacau News","url":"https:\/\/cacaunews.com\/","logo":{"@type":"ImageObject","inLanguage":"pt-BR","@id":"https:\/\/cacaunews.com\/#\/schema\/logo\/image\/","url":"https:\/\/cacaunews.com\/wp-content\/uploads\/2025\/01\/cropped-LOGO-NOVA.png","contentUrl":"https:\/\/cacaunews.com\/wp-content\/uploads\/2025\/01\/cropped-LOGO-NOVA.png","width":813,"height":813,"caption":"Cacau News"},"image":{"@id":"https:\/\/cacaunews.com\/#\/schema\/logo\/image\/"},"sameAs":["https:\/\/www.instagram.com\/cacaunews.online\/","https:\/\/youtube.com\/@cacaunews?si=0VXLnjl08SrWbVG9"]},{"@type":"Person","@id":"https:\/\/cacaunews.com\/#\/schema\/person\/ea69703103e606ad347ccd64bd72ef79","name":"Reda\u00e7\u00e3o Cacau News","image":{"@type":"ImageObject","inLanguage":"pt-BR","@id":"https:\/\/cacaunews.com\/#\/schema\/person\/image\/","url":"https:\/\/secure.gravatar.com\/avatar\/d79227a2a7b6cc42e8d7a8f7c284cd3a?s=96&d=mm&r=g","contentUrl":"https:\/\/secure.gravatar.com\/avatar\/d79227a2a7b6cc42e8d7a8f7c284cd3a?s=96&d=mm&r=g","caption":"Reda\u00e7\u00e3o Cacau News"},"sameAs":["https:\/\/cacaunews.com"],"url":"https:\/\/cacaunews.com\/?author=1"}]}},"jetpack_sharing_enabled":true,"jetpack_featured_media_url":"https:\/\/cacaunews.com\/wp-content\/uploads\/2023\/04\/IMG-20230418-WA0074.jpg","_links":{"self":[{"href":"https:\/\/cacaunews.com\/index.php?rest_route=\/wp\/v2\/posts\/1376"}],"collection":[{"href":"https:\/\/cacaunews.com\/index.php?rest_route=\/wp\/v2\/posts"}],"about":[{"href":"https:\/\/cacaunews.com\/index.php?rest_route=\/wp\/v2\/types\/post"}],"author":[{"embeddable":true,"href":"https:\/\/cacaunews.com\/index.php?rest_route=\/wp\/v2\/users\/1"}],"replies":[{"embeddable":true,"href":"https:\/\/cacaunews.com\/index.php?rest_route=%2Fwp%2Fv2%2Fcomments&post=1376"}],"version-history":[{"count":1,"href":"https:\/\/cacaunews.com\/index.php?rest_route=\/wp\/v2\/posts\/1376\/revisions"}],"predecessor-version":[{"id":1377,"href":"https:\/\/cacaunews.com\/index.php?rest_route=\/wp\/v2\/posts\/1376\/revisions\/1377"}],"wp:featuredmedia":[{"embeddable":true,"href":"https:\/\/cacaunews.com\/index.php?rest_route=\/wp\/v2\/media\/1375"}],"wp:attachment":[{"href":"https:\/\/cacaunews.com\/index.php?rest_route=%2Fwp%2Fv2%2Fmedia&parent=1376"}],"wp:term":[{"taxonomy":"category","embeddable":true,"href":"https:\/\/cacaunews.com\/index.php?rest_route=%2Fwp%2Fv2%2Fcategories&post=1376"},{"taxonomy":"post_tag","embeddable":true,"href":"https:\/\/cacaunews.com\/index.php?rest_route=%2Fwp%2Fv2%2Ftags&post=1376"}],"curies":[{"name":"wp","href":"https:\/\/api.w.org\/{rel}","templated":true}]}}