{"id":139,"date":"2022-12-08T01:09:55","date_gmt":"2022-12-08T01:09:55","guid":{"rendered":"https:\/\/cacaunews.com\/?p=139"},"modified":"2022-12-08T02:00:23","modified_gmt":"2022-12-08T02:00:23","slug":"itabuna-eu-nao-concordo-com-que-augusto-esta-fazendo-na-cidade-disse-o-vereador-danilo-da-nova-itabuna","status":"publish","type":"post","link":"https:\/\/cacaunews.com\/?p=139","title":{"rendered":"Itabuna: &#8221; Eu n\u00e3o concordo com que Augusto est\u00e1 fazendo na cidade&#8221; disse o vereador Danilo da Nova Itabuna."},"content":{"rendered":"<h2>Direto do Plen\u00e1rio.<\/h2>\n<p><span style=\"vertical-align: inherit;\"><span style=\"vertical-align: inherit;\">O vereador Danilo da Nova Itabuna usou seu tempo na Sess\u00e3o Ordin\u00e1ria de hoje (07) para &#8220;bater&#8221; na gest\u00e3o do prefeito Augusto Castro(PSD), o edil afirmou que n\u00e3o concorda com que Augusto est\u00e1 fazendo na cidade e que nos pr\u00f3ximos dois anos estar\u00e1 focado em fiscalizar as a\u00e7\u00f5es do Executivo que est\u00e1 trabalhando para um grupo de aliados\/amigos.<\/span><\/span><\/p>\n<p><span style=\"vertical-align: inherit;\"><span style=\"vertical-align: inherit;\">Veja o v\u00eddeo:<\/span><\/span><\/p>\n<p><iframe title=\"ITABUNA:Direto do Plen\u00e1rio &quot; Eu n\u00e3o concordo com que Augusto t\u00e1 fazendo na cidade&quot; disse Danilo.\" width=\"640\" height=\"360\" src=\"https:\/\/www.youtube.com\/embed\/zWJB_ih8gWg?feature=oembed\" frameborder=\"0\" allow=\"accelerometer; autoplay; clipboard-write; encrypted-media; gyroscope; picture-in-picture\" allowfullscreen><\/iframe><\/p>\n","protected":false},"excerpt":{"rendered":"<p>Direto do Plen\u00e1rio. O vereador Danilo da Nova Itabuna usou seu tempo na Sess\u00e3o Ordin\u00e1ria&#8230;<\/p>\n","protected":false},"author":1,"featured_media":140,"comment_status":"open","ping_status":"open","sticky":false,"template":"","format":"standard","meta":{"footnotes":""},"categories":[1,5],"tags":[6,27,26],"yoast_head":"<!-- This site is optimized with the Yoast SEO plugin v21.7 - https:\/\/yoast.com\/wordpress\/plugins\/seo\/ -->\n<title>Itabuna: &quot; Eu n\u00e3o concordo com que Augusto est\u00e1 fazendo na cidade&quot; disse o vereador Danilo da Nova Itabuna. - Cacau News<\/title>\n<meta name=\"robots\" content=\"index, follow, max-snippet:-1, max-image-preview:large, max-video-preview:-1\" \/>\n<link rel=\"canonical\" href=\"https:\/\/cacaunews.com\/?p=139\" \/>\n<meta property=\"og:locale\" content=\"pt_BR\" \/>\n<meta property=\"og:type\" content=\"article\" \/>\n<meta property=\"og:title\" content=\"Itabuna: &quot; Eu n\u00e3o concordo com que Augusto est\u00e1 fazendo na cidade&quot; disse o vereador Danilo da Nova Itabuna. - Cacau News\" \/>\n<meta property=\"og:description\" content=\"Direto do Plen\u00e1rio. O vereador Danilo da Nova Itabuna usou seu tempo na Sess\u00e3o Ordin\u00e1ria...\" \/>\n<meta property=\"og:url\" content=\"https:\/\/cacaunews.com\/?p=139\" \/>\n<meta property=\"og:site_name\" content=\"Cacau News\" \/>\n<meta property=\"article:published_time\" content=\"2022-12-08T01:09:55+00:00\" \/>\n<meta property=\"article:modified_time\" content=\"2022-12-08T02:00:23+00:00\" \/>\n<meta property=\"og:image\" content=\"https:\/\/cacaunews.com\/wp-content\/uploads\/2022\/12\/Danilo-vereador.jpg\" \/>\n\t<meta property=\"og:image:width\" content=\"161\" \/>\n\t<meta property=\"og:image:height\" content=\"225\" \/>\n\t<meta property=\"og:image:type\" content=\"image\/jpeg\" \/>\n<meta name=\"author\" content=\"Reda\u00e7\u00e3o Cacau News\" \/>\n<meta name=\"twitter:card\" content=\"summary_large_image\" \/>\n<meta name=\"twitter:label1\" content=\"Escrito por\" \/>\n\t<meta name=\"twitter:data1\" content=\"Reda\u00e7\u00e3o Cacau News\" \/>\n<script type=\"application\/ld+json\" class=\"yoast-schema-graph\">{\"@context\":\"https:\/\/schema.org\",\"@graph\":[{\"@type\":\"Article\",\"@id\":\"https:\/\/cacaunews.com\/?p=139#article\",\"isPartOf\":{\"@id\":\"https:\/\/cacaunews.com\/?p=139\"},\"author\":{\"name\":\"Reda\u00e7\u00e3o Cacau News\",\"@id\":\"https:\/\/cacaunews.com\/#\/schema\/person\/ea69703103e606ad347ccd64bd72ef79\"},\"headline\":\"Itabuna: &#8221; Eu n\u00e3o concordo com que Augusto est\u00e1 fazendo na cidade&#8221; disse o vereador Danilo da Nova Itabuna.\",\"datePublished\":\"2022-12-08T01:09:55+00:00\",\"dateModified\":\"2022-12-08T02:00:23+00:00\",\"mainEntityOfPage\":{\"@id\":\"https:\/\/cacaunews.com\/?p=139\"},\"wordCount\":103,\"commentCount\":0,\"publisher\":{\"@id\":\"https:\/\/cacaunews.com\/#organization\"},\"keywords\":[\"#internet\",\"itabuna\",\"politica\"],\"articleSection\":[\"Cacau News TV\",\"Politica\"],\"inLanguage\":\"pt-BR\",\"potentialAction\":[{\"@type\":\"CommentAction\",\"name\":\"Comment\",\"target\":[\"https:\/\/cacaunews.com\/?p=139#respond\"]}]},{\"@type\":\"WebPage\",\"@id\":\"https:\/\/cacaunews.com\/?p=139\",\"url\":\"https:\/\/cacaunews.com\/?p=139\",\"name\":\"Itabuna: \\\" Eu n\u00e3o concordo com que Augusto est\u00e1 fazendo na cidade\\\" disse o vereador Danilo da Nova Itabuna. - Cacau News\",\"isPartOf\":{\"@id\":\"https:\/\/cacaunews.com\/#website\"},\"datePublished\":\"2022-12-08T01:09:55+00:00\",\"dateModified\":\"2022-12-08T02:00:23+00:00\",\"breadcrumb\":{\"@id\":\"https:\/\/cacaunews.com\/?p=139#breadcrumb\"},\"inLanguage\":\"pt-BR\",\"potentialAction\":[{\"@type\":\"ReadAction\",\"target\":[\"https:\/\/cacaunews.com\/?p=139\"]}]},{\"@type\":\"BreadcrumbList\",\"@id\":\"https:\/\/cacaunews.com\/?p=139#breadcrumb\",\"itemListElement\":[{\"@type\":\"ListItem\",\"position\":1,\"name\":\"In\u00edcio\",\"item\":\"https:\/\/cacaunews.com\/\"},{\"@type\":\"ListItem\",\"position\":2,\"name\":\"Itabuna: &#8221; Eu n\u00e3o concordo com que Augusto est\u00e1 fazendo na cidade&#8221; disse o vereador Danilo da Nova Itabuna.\"}]},{\"@type\":\"WebSite\",\"@id\":\"https:\/\/cacaunews.com\/#website\",\"url\":\"https:\/\/cacaunews.com\/\",\"name\":\"Cacau News\",\"description\":\"A Informa\u00e7\u00e3o que voc\u00ea precisa!\",\"publisher\":{\"@id\":\"https:\/\/cacaunews.com\/#organization\"},\"potentialAction\":[{\"@type\":\"SearchAction\",\"target\":{\"@type\":\"EntryPoint\",\"urlTemplate\":\"https:\/\/cacaunews.com\/?s={search_term_string}\"},\"query-input\":\"required name=search_term_string\"}],\"inLanguage\":\"pt-BR\"},{\"@type\":\"Organization\",\"@id\":\"https:\/\/cacaunews.com\/#organization\",\"name\":\"Cacau News\",\"url\":\"https:\/\/cacaunews.com\/\",\"logo\":{\"@type\":\"ImageObject\",\"inLanguage\":\"pt-BR\",\"@id\":\"https:\/\/cacaunews.com\/#\/schema\/logo\/image\/\",\"url\":\"https:\/\/cacaunews.com\/wp-content\/uploads\/2025\/01\/cropped-LOGO-NOVA.png\",\"contentUrl\":\"https:\/\/cacaunews.com\/wp-content\/uploads\/2025\/01\/cropped-LOGO-NOVA.png\",\"width\":813,\"height\":813,\"caption\":\"Cacau News\"},\"image\":{\"@id\":\"https:\/\/cacaunews.com\/#\/schema\/logo\/image\/\"},\"sameAs\":[\"https:\/\/www.instagram.com\/cacaunews.online\/\",\"https:\/\/youtube.com\/@cacaunews?si=0VXLnjl08SrWbVG9\"]},{\"@type\":\"Person\",\"@id\":\"https:\/\/cacaunews.com\/#\/schema\/person\/ea69703103e606ad347ccd64bd72ef79\",\"name\":\"Reda\u00e7\u00e3o Cacau News\",\"image\":{\"@type\":\"ImageObject\",\"inLanguage\":\"pt-BR\",\"@id\":\"https:\/\/cacaunews.com\/#\/schema\/person\/image\/\",\"url\":\"https:\/\/secure.gravatar.com\/avatar\/d79227a2a7b6cc42e8d7a8f7c284cd3a?s=96&d=mm&r=g\",\"contentUrl\":\"https:\/\/secure.gravatar.com\/avatar\/d79227a2a7b6cc42e8d7a8f7c284cd3a?s=96&d=mm&r=g\",\"caption\":\"Reda\u00e7\u00e3o Cacau News\"},\"sameAs\":[\"https:\/\/cacaunews.com\"],\"url\":\"https:\/\/cacaunews.com\/?author=1\"}]}<\/script>\n<!-- \/ Yoast SEO plugin. -->","yoast_head_json":{"title":"Itabuna: \" Eu n\u00e3o concordo com que Augusto est\u00e1 fazendo na cidade\" disse o vereador Danilo da Nova Itabuna. - Cacau News","robots":{"index":"index","follow":"follow","max-snippet":"max-snippet:-1","max-image-preview":"max-image-preview:large","max-video-preview":"max-video-preview:-1"},"canonical":"https:\/\/cacaunews.com\/?p=139","og_locale":"pt_BR","og_type":"article","og_title":"Itabuna: \" Eu n\u00e3o concordo com que Augusto est\u00e1 fazendo na cidade\" disse o vereador Danilo da Nova Itabuna. - Cacau News","og_description":"Direto do Plen\u00e1rio. O vereador Danilo da Nova Itabuna usou seu tempo na Sess\u00e3o Ordin\u00e1ria...","og_url":"https:\/\/cacaunews.com\/?p=139","og_site_name":"Cacau News","article_published_time":"2022-12-08T01:09:55+00:00","article_modified_time":"2022-12-08T02:00:23+00:00","og_image":[{"width":161,"height":225,"url":"https:\/\/cacaunews.com\/wp-content\/uploads\/2022\/12\/Danilo-vereador.jpg","type":"image\/jpeg"}],"author":"Reda\u00e7\u00e3o Cacau News","twitter_card":"summary_large_image","twitter_misc":{"Escrito por":"Reda\u00e7\u00e3o Cacau News"},"schema":{"@context":"https:\/\/schema.org","@graph":[{"@type":"Article","@id":"https:\/\/cacaunews.com\/?p=139#article","isPartOf":{"@id":"https:\/\/cacaunews.com\/?p=139"},"author":{"name":"Reda\u00e7\u00e3o Cacau News","@id":"https:\/\/cacaunews.com\/#\/schema\/person\/ea69703103e606ad347ccd64bd72ef79"},"headline":"Itabuna: &#8221; Eu n\u00e3o concordo com que Augusto est\u00e1 fazendo na cidade&#8221; disse o vereador Danilo da Nova Itabuna.","datePublished":"2022-12-08T01:09:55+00:00","dateModified":"2022-12-08T02:00:23+00:00","mainEntityOfPage":{"@id":"https:\/\/cacaunews.com\/?p=139"},"wordCount":103,"commentCount":0,"publisher":{"@id":"https:\/\/cacaunews.com\/#organization"},"keywords":["#internet","itabuna","politica"],"articleSection":["Cacau News TV","Politica"],"inLanguage":"pt-BR","potentialAction":[{"@type":"CommentAction","name":"Comment","target":["https:\/\/cacaunews.com\/?p=139#respond"]}]},{"@type":"WebPage","@id":"https:\/\/cacaunews.com\/?p=139","url":"https:\/\/cacaunews.com\/?p=139","name":"Itabuna: \" Eu n\u00e3o concordo com que Augusto est\u00e1 fazendo na cidade\" disse o vereador Danilo da Nova Itabuna. - Cacau News","isPartOf":{"@id":"https:\/\/cacaunews.com\/#website"},"datePublished":"2022-12-08T01:09:55+00:00","dateModified":"2022-12-08T02:00:23+00:00","breadcrumb":{"@id":"https:\/\/cacaunews.com\/?p=139#breadcrumb"},"inLanguage":"pt-BR","potentialAction":[{"@type":"ReadAction","target":["https:\/\/cacaunews.com\/?p=139"]}]},{"@type":"BreadcrumbList","@id":"https:\/\/cacaunews.com\/?p=139#breadcrumb","itemListElement":[{"@type":"ListItem","position":1,"name":"In\u00edcio","item":"https:\/\/cacaunews.com\/"},{"@type":"ListItem","position":2,"name":"Itabuna: &#8221; Eu n\u00e3o concordo com que Augusto est\u00e1 fazendo na cidade&#8221; disse o vereador Danilo da Nova Itabuna."}]},{"@type":"WebSite","@id":"https:\/\/cacaunews.com\/#website","url":"https:\/\/cacaunews.com\/","name":"Cacau News","description":"A Informa\u00e7\u00e3o que voc\u00ea precisa!","publisher":{"@id":"https:\/\/cacaunews.com\/#organization"},"potentialAction":[{"@type":"SearchAction","target":{"@type":"EntryPoint","urlTemplate":"https:\/\/cacaunews.com\/?s={search_term_string}"},"query-input":"required name=search_term_string"}],"inLanguage":"pt-BR"},{"@type":"Organization","@id":"https:\/\/cacaunews.com\/#organization","name":"Cacau News","url":"https:\/\/cacaunews.com\/","logo":{"@type":"ImageObject","inLanguage":"pt-BR","@id":"https:\/\/cacaunews.com\/#\/schema\/logo\/image\/","url":"https:\/\/cacaunews.com\/wp-content\/uploads\/2025\/01\/cropped-LOGO-NOVA.png","contentUrl":"https:\/\/cacaunews.com\/wp-content\/uploads\/2025\/01\/cropped-LOGO-NOVA.png","width":813,"height":813,"caption":"Cacau News"},"image":{"@id":"https:\/\/cacaunews.com\/#\/schema\/logo\/image\/"},"sameAs":["https:\/\/www.instagram.com\/cacaunews.online\/","https:\/\/youtube.com\/@cacaunews?si=0VXLnjl08SrWbVG9"]},{"@type":"Person","@id":"https:\/\/cacaunews.com\/#\/schema\/person\/ea69703103e606ad347ccd64bd72ef79","name":"Reda\u00e7\u00e3o Cacau News","image":{"@type":"ImageObject","inLanguage":"pt-BR","@id":"https:\/\/cacaunews.com\/#\/schema\/person\/image\/","url":"https:\/\/secure.gravatar.com\/avatar\/d79227a2a7b6cc42e8d7a8f7c284cd3a?s=96&d=mm&r=g","contentUrl":"https:\/\/secure.gravatar.com\/avatar\/d79227a2a7b6cc42e8d7a8f7c284cd3a?s=96&d=mm&r=g","caption":"Reda\u00e7\u00e3o Cacau News"},"sameAs":["https:\/\/cacaunews.com"],"url":"https:\/\/cacaunews.com\/?author=1"}]}},"jetpack_sharing_enabled":true,"jetpack_featured_media_url":"https:\/\/cacaunews.com\/wp-content\/uploads\/2022\/12\/Danilo-vereador.jpg","_links":{"self":[{"href":"https:\/\/cacaunews.com\/index.php?rest_route=\/wp\/v2\/posts\/139"}],"collection":[{"href":"https:\/\/cacaunews.com\/index.php?rest_route=\/wp\/v2\/posts"}],"about":[{"href":"https:\/\/cacaunews.com\/index.php?rest_route=\/wp\/v2\/types\/post"}],"author":[{"embeddable":true,"href":"https:\/\/cacaunews.com\/index.php?rest_route=\/wp\/v2\/users\/1"}],"replies":[{"embeddable":true,"href":"https:\/\/cacaunews.com\/index.php?rest_route=%2Fwp%2Fv2%2Fcomments&post=139"}],"version-history":[{"count":2,"href":"https:\/\/cacaunews.com\/index.php?rest_route=\/wp\/v2\/posts\/139\/revisions"}],"predecessor-version":[{"id":144,"href":"https:\/\/cacaunews.com\/index.php?rest_route=\/wp\/v2\/posts\/139\/revisions\/144"}],"wp:featuredmedia":[{"embeddable":true,"href":"https:\/\/cacaunews.com\/index.php?rest_route=\/wp\/v2\/media\/140"}],"wp:attachment":[{"href":"https:\/\/cacaunews.com\/index.php?rest_route=%2Fwp%2Fv2%2Fmedia&parent=139"}],"wp:term":[{"taxonomy":"category","embeddable":true,"href":"https:\/\/cacaunews.com\/index.php?rest_route=%2Fwp%2Fv2%2Fcategories&post=139"},{"taxonomy":"post_tag","embeddable":true,"href":"https:\/\/cacaunews.com\/index.php?rest_route=%2Fwp%2Fv2%2Ftags&post=139"}],"curies":[{"name":"wp","href":"https:\/\/api.w.org\/{rel}","templated":true}]}}