{"id":1391,"date":"2023-04-20T16:52:18","date_gmt":"2023-04-20T16:52:18","guid":{"rendered":"https:\/\/cacaunews.com\/?p=1391"},"modified":"2023-04-20T16:52:00","modified_gmt":"2023-04-20T16:52:00","slug":"camacansecretaria-de-assistencia-social-ana-clebia-e-demitida-do-cargo","status":"publish","type":"post","link":"https:\/\/cacaunews.com\/?p=1391","title":{"rendered":"Camacan:Secret\u00e1ria de Assist\u00eancia Social Ana Cl\u00e9bia \u00e9 demitida do cargo."},"content":{"rendered":"\n<p>A prefeitura de Camacan(BA)publicou na tarde desta quarta-feira (19)que exonerou do cargo de secret\u00e1ria de Assist\u00eancia Social,Ana Cl\u00e9bia Teixeira Bastos,no cargo h\u00e1 06 anos.<\/p>\n\n\n\n<p>Por meio de Decreto Executivo,o governo municipal disse que a medida foi tomada<strong>&#8220;a pedido&#8221;<\/strong>.Entretanto,em contato com a agora ex-secret\u00e1ria de A\u00e7\u00e3o Social Ana Cl\u00e9bia,fomos informados de que n\u00e3o houve pedido,e que para ela foi uma grande surpresa.<strong>&#8221;Eu n\u00e3o pedir nada,o prefeito falou que eu iria retornar para a minha fun\u00e7\u00e3o de monitora social&#8221;,<\/strong>afirmou.<\/p>\n\n\n\n<p>A assistente social Ana Cl\u00e9bia,\u00e9 servidora concursada h\u00e1 12 anos,e ocupa o cargo de monitora social.<\/p>\n\n\n\n<p>Esposa do ex-prefeito de Camacan Oziel Bastos,ela conta que agora ficar\u00e1 \u00e0 disposi\u00e7\u00e3o do munic\u00edpio\u00a0 para que logo possa assumir suas fun\u00e7\u00f5es.<strong>&#8221;Deixo meus sinceros agradecimentos aos amigos e ao povo que tanto servir.N\u00e3o digo adeus,digo at\u00e9 logo&#8221;.<\/strong><\/p>\n\n\n\n<p>Com o informa\u00e7\u00f5es Blog do Paulo Jos\u00e9.<\/p>\n\n\n\n<figure class=\"wp-block-image size-large\"><img fetchpriority=\"high\" decoding=\"async\" width=\"820\" height=\"1024\" src=\"https:\/\/cacaunews.com\/wp-content\/uploads\/2023\/04\/img_20230420_1346081655324914828938349-820x1024.jpg\" alt=\"\" class=\"wp-image-1390\" srcset=\"https:\/\/cacaunews.com\/wp-content\/uploads\/2023\/04\/img_20230420_1346081655324914828938349-820x1024.jpg 820w, https:\/\/cacaunews.com\/wp-content\/uploads\/2023\/04\/img_20230420_1346081655324914828938349-240x300.jpg 240w, https:\/\/cacaunews.com\/wp-content\/uploads\/2023\/04\/img_20230420_1346081655324914828938349-768x959.jpg 768w, https:\/\/cacaunews.com\/wp-content\/uploads\/2023\/04\/img_20230420_1346081655324914828938349.jpg 1009w\" sizes=\"(max-width: 820px) 100vw, 820px\" \/><\/figure>\n","protected":false},"excerpt":{"rendered":"<p>A prefeitura de Camacan(BA)publicou na tarde desta quarta-feira (19)que exonerou do cargo de secret\u00e1ria de&#8230;<\/p>\n","protected":false},"author":1,"featured_media":1389,"comment_status":"open","ping_status":"open","sticky":false,"template":"","format":"standard","meta":{"footnotes":""},"categories":[1],"tags":[],"yoast_head":"<!-- This site is optimized with the Yoast SEO plugin v21.7 - https:\/\/yoast.com\/wordpress\/plugins\/seo\/ -->\n<title>Camacan:Secret\u00e1ria de Assist\u00eancia Social Ana Cl\u00e9bia \u00e9 demitida do cargo. - Cacau News<\/title>\n<meta name=\"robots\" content=\"index, follow, max-snippet:-1, max-image-preview:large, max-video-preview:-1\" \/>\n<link rel=\"canonical\" href=\"https:\/\/cacaunews.com\/?p=1391\" \/>\n<meta property=\"og:locale\" content=\"pt_BR\" \/>\n<meta property=\"og:type\" content=\"article\" \/>\n<meta property=\"og:title\" content=\"Camacan:Secret\u00e1ria de Assist\u00eancia Social Ana Cl\u00e9bia \u00e9 demitida do cargo. - Cacau News\" \/>\n<meta property=\"og:description\" content=\"A prefeitura de Camacan(BA)publicou na tarde desta quarta-feira (19)que exonerou do cargo de secret\u00e1ria de...\" \/>\n<meta property=\"og:url\" content=\"https:\/\/cacaunews.com\/?p=1391\" \/>\n<meta property=\"og:site_name\" content=\"Cacau News\" \/>\n<meta property=\"article:published_time\" content=\"2023-04-20T16:52:18+00:00\" \/>\n<meta property=\"article:modified_time\" content=\"2023-04-20T16:52:00+00:00\" \/>\n<meta property=\"og:image\" content=\"https:\/\/cacaunews.com\/wp-content\/uploads\/2023\/04\/anaclebiabastos_20230214_p_3037726562350888598_1_3037726562350888598.jpg\" \/>\n\t<meta property=\"og:image:width\" content=\"705\" \/>\n\t<meta property=\"og:image:height\" content=\"881\" \/>\n\t<meta property=\"og:image:type\" content=\"image\/jpeg\" \/>\n<meta name=\"author\" content=\"Reda\u00e7\u00e3o Cacau News\" \/>\n<meta name=\"twitter:card\" content=\"summary_large_image\" \/>\n<meta name=\"twitter:label1\" content=\"Escrito por\" \/>\n\t<meta name=\"twitter:data1\" content=\"Reda\u00e7\u00e3o Cacau News\" \/>\n\t<meta name=\"twitter:label2\" content=\"Est. tempo de leitura\" \/>\n\t<meta name=\"twitter:data2\" content=\"1 minuto\" \/>\n<script type=\"application\/ld+json\" class=\"yoast-schema-graph\">{\"@context\":\"https:\/\/schema.org\",\"@graph\":[{\"@type\":\"Article\",\"@id\":\"https:\/\/cacaunews.com\/?p=1391#article\",\"isPartOf\":{\"@id\":\"https:\/\/cacaunews.com\/?p=1391\"},\"author\":{\"name\":\"Reda\u00e7\u00e3o Cacau News\",\"@id\":\"https:\/\/cacaunews.com\/#\/schema\/person\/ea69703103e606ad347ccd64bd72ef79\"},\"headline\":\"Camacan:Secret\u00e1ria de Assist\u00eancia Social Ana Cl\u00e9bia \u00e9 demitida do cargo.\",\"datePublished\":\"2023-04-20T16:52:18+00:00\",\"dateModified\":\"2023-04-20T16:52:00+00:00\",\"mainEntityOfPage\":{\"@id\":\"https:\/\/cacaunews.com\/?p=1391\"},\"wordCount\":180,\"commentCount\":0,\"publisher\":{\"@id\":\"https:\/\/cacaunews.com\/#organization\"},\"articleSection\":[\"Cacau News TV\"],\"inLanguage\":\"pt-BR\",\"potentialAction\":[{\"@type\":\"CommentAction\",\"name\":\"Comment\",\"target\":[\"https:\/\/cacaunews.com\/?p=1391#respond\"]}]},{\"@type\":\"WebPage\",\"@id\":\"https:\/\/cacaunews.com\/?p=1391\",\"url\":\"https:\/\/cacaunews.com\/?p=1391\",\"name\":\"Camacan:Secret\u00e1ria de Assist\u00eancia Social Ana Cl\u00e9bia \u00e9 demitida do cargo. - Cacau News\",\"isPartOf\":{\"@id\":\"https:\/\/cacaunews.com\/#website\"},\"datePublished\":\"2023-04-20T16:52:18+00:00\",\"dateModified\":\"2023-04-20T16:52:00+00:00\",\"breadcrumb\":{\"@id\":\"https:\/\/cacaunews.com\/?p=1391#breadcrumb\"},\"inLanguage\":\"pt-BR\",\"potentialAction\":[{\"@type\":\"ReadAction\",\"target\":[\"https:\/\/cacaunews.com\/?p=1391\"]}]},{\"@type\":\"BreadcrumbList\",\"@id\":\"https:\/\/cacaunews.com\/?p=1391#breadcrumb\",\"itemListElement\":[{\"@type\":\"ListItem\",\"position\":1,\"name\":\"In\u00edcio\",\"item\":\"https:\/\/cacaunews.com\/\"},{\"@type\":\"ListItem\",\"position\":2,\"name\":\"Camacan:Secret\u00e1ria de Assist\u00eancia Social Ana Cl\u00e9bia \u00e9 demitida do cargo.\"}]},{\"@type\":\"WebSite\",\"@id\":\"https:\/\/cacaunews.com\/#website\",\"url\":\"https:\/\/cacaunews.com\/\",\"name\":\"Cacau News\",\"description\":\"A Informa\u00e7\u00e3o que voc\u00ea precisa!\",\"publisher\":{\"@id\":\"https:\/\/cacaunews.com\/#organization\"},\"potentialAction\":[{\"@type\":\"SearchAction\",\"target\":{\"@type\":\"EntryPoint\",\"urlTemplate\":\"https:\/\/cacaunews.com\/?s={search_term_string}\"},\"query-input\":\"required name=search_term_string\"}],\"inLanguage\":\"pt-BR\"},{\"@type\":\"Organization\",\"@id\":\"https:\/\/cacaunews.com\/#organization\",\"name\":\"Cacau News\",\"url\":\"https:\/\/cacaunews.com\/\",\"logo\":{\"@type\":\"ImageObject\",\"inLanguage\":\"pt-BR\",\"@id\":\"https:\/\/cacaunews.com\/#\/schema\/logo\/image\/\",\"url\":\"https:\/\/cacaunews.com\/wp-content\/uploads\/2025\/01\/cropped-LOGO-NOVA.png\",\"contentUrl\":\"https:\/\/cacaunews.com\/wp-content\/uploads\/2025\/01\/cropped-LOGO-NOVA.png\",\"width\":813,\"height\":813,\"caption\":\"Cacau News\"},\"image\":{\"@id\":\"https:\/\/cacaunews.com\/#\/schema\/logo\/image\/\"},\"sameAs\":[\"https:\/\/www.instagram.com\/cacaunews.online\/\",\"https:\/\/youtube.com\/@cacaunews?si=0VXLnjl08SrWbVG9\"]},{\"@type\":\"Person\",\"@id\":\"https:\/\/cacaunews.com\/#\/schema\/person\/ea69703103e606ad347ccd64bd72ef79\",\"name\":\"Reda\u00e7\u00e3o Cacau News\",\"image\":{\"@type\":\"ImageObject\",\"inLanguage\":\"pt-BR\",\"@id\":\"https:\/\/cacaunews.com\/#\/schema\/person\/image\/\",\"url\":\"https:\/\/secure.gravatar.com\/avatar\/d79227a2a7b6cc42e8d7a8f7c284cd3a?s=96&d=mm&r=g\",\"contentUrl\":\"https:\/\/secure.gravatar.com\/avatar\/d79227a2a7b6cc42e8d7a8f7c284cd3a?s=96&d=mm&r=g\",\"caption\":\"Reda\u00e7\u00e3o Cacau News\"},\"sameAs\":[\"https:\/\/cacaunews.com\"],\"url\":\"https:\/\/cacaunews.com\/?author=1\"}]}<\/script>\n<!-- \/ Yoast SEO plugin. -->","yoast_head_json":{"title":"Camacan:Secret\u00e1ria de Assist\u00eancia Social Ana Cl\u00e9bia \u00e9 demitida do cargo. - Cacau News","robots":{"index":"index","follow":"follow","max-snippet":"max-snippet:-1","max-image-preview":"max-image-preview:large","max-video-preview":"max-video-preview:-1"},"canonical":"https:\/\/cacaunews.com\/?p=1391","og_locale":"pt_BR","og_type":"article","og_title":"Camacan:Secret\u00e1ria de Assist\u00eancia Social Ana Cl\u00e9bia \u00e9 demitida do cargo. - Cacau News","og_description":"A prefeitura de Camacan(BA)publicou na tarde desta quarta-feira (19)que exonerou do cargo de secret\u00e1ria de...","og_url":"https:\/\/cacaunews.com\/?p=1391","og_site_name":"Cacau News","article_published_time":"2023-04-20T16:52:18+00:00","article_modified_time":"2023-04-20T16:52:00+00:00","og_image":[{"width":705,"height":881,"url":"https:\/\/cacaunews.com\/wp-content\/uploads\/2023\/04\/anaclebiabastos_20230214_p_3037726562350888598_1_3037726562350888598.jpg","type":"image\/jpeg"}],"author":"Reda\u00e7\u00e3o Cacau News","twitter_card":"summary_large_image","twitter_misc":{"Escrito por":"Reda\u00e7\u00e3o Cacau News","Est. tempo de leitura":"1 minuto"},"schema":{"@context":"https:\/\/schema.org","@graph":[{"@type":"Article","@id":"https:\/\/cacaunews.com\/?p=1391#article","isPartOf":{"@id":"https:\/\/cacaunews.com\/?p=1391"},"author":{"name":"Reda\u00e7\u00e3o Cacau News","@id":"https:\/\/cacaunews.com\/#\/schema\/person\/ea69703103e606ad347ccd64bd72ef79"},"headline":"Camacan:Secret\u00e1ria de Assist\u00eancia Social Ana Cl\u00e9bia \u00e9 demitida do cargo.","datePublished":"2023-04-20T16:52:18+00:00","dateModified":"2023-04-20T16:52:00+00:00","mainEntityOfPage":{"@id":"https:\/\/cacaunews.com\/?p=1391"},"wordCount":180,"commentCount":0,"publisher":{"@id":"https:\/\/cacaunews.com\/#organization"},"articleSection":["Cacau News TV"],"inLanguage":"pt-BR","potentialAction":[{"@type":"CommentAction","name":"Comment","target":["https:\/\/cacaunews.com\/?p=1391#respond"]}]},{"@type":"WebPage","@id":"https:\/\/cacaunews.com\/?p=1391","url":"https:\/\/cacaunews.com\/?p=1391","name":"Camacan:Secret\u00e1ria de Assist\u00eancia Social Ana Cl\u00e9bia \u00e9 demitida do cargo. - Cacau News","isPartOf":{"@id":"https:\/\/cacaunews.com\/#website"},"datePublished":"2023-04-20T16:52:18+00:00","dateModified":"2023-04-20T16:52:00+00:00","breadcrumb":{"@id":"https:\/\/cacaunews.com\/?p=1391#breadcrumb"},"inLanguage":"pt-BR","potentialAction":[{"@type":"ReadAction","target":["https:\/\/cacaunews.com\/?p=1391"]}]},{"@type":"BreadcrumbList","@id":"https:\/\/cacaunews.com\/?p=1391#breadcrumb","itemListElement":[{"@type":"ListItem","position":1,"name":"In\u00edcio","item":"https:\/\/cacaunews.com\/"},{"@type":"ListItem","position":2,"name":"Camacan:Secret\u00e1ria de Assist\u00eancia Social Ana Cl\u00e9bia \u00e9 demitida do cargo."}]},{"@type":"WebSite","@id":"https:\/\/cacaunews.com\/#website","url":"https:\/\/cacaunews.com\/","name":"Cacau News","description":"A Informa\u00e7\u00e3o que voc\u00ea precisa!","publisher":{"@id":"https:\/\/cacaunews.com\/#organization"},"potentialAction":[{"@type":"SearchAction","target":{"@type":"EntryPoint","urlTemplate":"https:\/\/cacaunews.com\/?s={search_term_string}"},"query-input":"required name=search_term_string"}],"inLanguage":"pt-BR"},{"@type":"Organization","@id":"https:\/\/cacaunews.com\/#organization","name":"Cacau News","url":"https:\/\/cacaunews.com\/","logo":{"@type":"ImageObject","inLanguage":"pt-BR","@id":"https:\/\/cacaunews.com\/#\/schema\/logo\/image\/","url":"https:\/\/cacaunews.com\/wp-content\/uploads\/2025\/01\/cropped-LOGO-NOVA.png","contentUrl":"https:\/\/cacaunews.com\/wp-content\/uploads\/2025\/01\/cropped-LOGO-NOVA.png","width":813,"height":813,"caption":"Cacau News"},"image":{"@id":"https:\/\/cacaunews.com\/#\/schema\/logo\/image\/"},"sameAs":["https:\/\/www.instagram.com\/cacaunews.online\/","https:\/\/youtube.com\/@cacaunews?si=0VXLnjl08SrWbVG9"]},{"@type":"Person","@id":"https:\/\/cacaunews.com\/#\/schema\/person\/ea69703103e606ad347ccd64bd72ef79","name":"Reda\u00e7\u00e3o Cacau News","image":{"@type":"ImageObject","inLanguage":"pt-BR","@id":"https:\/\/cacaunews.com\/#\/schema\/person\/image\/","url":"https:\/\/secure.gravatar.com\/avatar\/d79227a2a7b6cc42e8d7a8f7c284cd3a?s=96&d=mm&r=g","contentUrl":"https:\/\/secure.gravatar.com\/avatar\/d79227a2a7b6cc42e8d7a8f7c284cd3a?s=96&d=mm&r=g","caption":"Reda\u00e7\u00e3o Cacau News"},"sameAs":["https:\/\/cacaunews.com"],"url":"https:\/\/cacaunews.com\/?author=1"}]}},"jetpack_sharing_enabled":true,"jetpack_featured_media_url":"https:\/\/cacaunews.com\/wp-content\/uploads\/2023\/04\/anaclebiabastos_20230214_p_3037726562350888598_1_3037726562350888598.jpg","_links":{"self":[{"href":"https:\/\/cacaunews.com\/index.php?rest_route=\/wp\/v2\/posts\/1391"}],"collection":[{"href":"https:\/\/cacaunews.com\/index.php?rest_route=\/wp\/v2\/posts"}],"about":[{"href":"https:\/\/cacaunews.com\/index.php?rest_route=\/wp\/v2\/types\/post"}],"author":[{"embeddable":true,"href":"https:\/\/cacaunews.com\/index.php?rest_route=\/wp\/v2\/users\/1"}],"replies":[{"embeddable":true,"href":"https:\/\/cacaunews.com\/index.php?rest_route=%2Fwp%2Fv2%2Fcomments&post=1391"}],"version-history":[{"count":1,"href":"https:\/\/cacaunews.com\/index.php?rest_route=\/wp\/v2\/posts\/1391\/revisions"}],"predecessor-version":[{"id":1392,"href":"https:\/\/cacaunews.com\/index.php?rest_route=\/wp\/v2\/posts\/1391\/revisions\/1392"}],"wp:featuredmedia":[{"embeddable":true,"href":"https:\/\/cacaunews.com\/index.php?rest_route=\/wp\/v2\/media\/1389"}],"wp:attachment":[{"href":"https:\/\/cacaunews.com\/index.php?rest_route=%2Fwp%2Fv2%2Fmedia&parent=1391"}],"wp:term":[{"taxonomy":"category","embeddable":true,"href":"https:\/\/cacaunews.com\/index.php?rest_route=%2Fwp%2Fv2%2Fcategories&post=1391"},{"taxonomy":"post_tag","embeddable":true,"href":"https:\/\/cacaunews.com\/index.php?rest_route=%2Fwp%2Fv2%2Ftags&post=1391"}],"curies":[{"name":"wp","href":"https:\/\/api.w.org\/{rel}","templated":true}]}}