{"id":1455,"date":"2023-04-28T12:26:58","date_gmt":"2023-04-28T12:26:58","guid":{"rendered":"https:\/\/cacaunews.com\/?p=1455"},"modified":"2023-04-28T12:26:42","modified_gmt":"2023-04-28T12:26:42","slug":"itabuna-geraldo-simoes-diz-que-o-prefeito-augusto-castro-e-como-orelha-de-freira-ninguem-ve-na-cidade","status":"publish","type":"post","link":"https:\/\/cacaunews.com\/?p=1455","title":{"rendered":"Itabuna: Geraldo Sim\u00f5es diz que o prefeito Augusto Castro \u00e9 como &#8220;orelha de freira&#8221;, ningu\u00e9m v\u00ea na cidade."},"content":{"rendered":"\n<p>Em entrevista ao jornal Sonic Not\u00edcias da r\u00e1dio Sonic FM, o ex prefeito de Itabuna Geraldo Sim\u00f5es afirmou que o atual gestor do munic\u00edpio \u00e9 como &#8220;orelha de freira&#8221; ningu\u00e9m v\u00ea na cidade.<\/p>\n\n\n\n<p>Sim\u00f5es acrescentou e disse que a cidade s\u00f3 tem as obras que o governo estadual e federal fazem e que tem gente que at\u00e9 pensa que o prefeito \u00e9 Jer\u00f4nimo Rodrigues (PT), atual governador da Bahia j\u00e1 que Castro est\u00e1 permanente em Salvador.<\/p>\n\n\n\n<p>Veja:<\/p>\n\n\n\n<figure class=\"wp-block-video\"><video controls src=\"https:\/\/cacaunews.com\/wp-content\/uploads\/2023\/04\/VID-20230427-WA0198.mp4\"><\/video><\/figure>\n","protected":false},"excerpt":{"rendered":"<p>Em entrevista ao jornal Sonic Not\u00edcias da r\u00e1dio Sonic FM, o ex prefeito de Itabuna&#8230;<\/p>\n","protected":false},"author":1,"featured_media":1454,"comment_status":"open","ping_status":"open","sticky":false,"template":"","format":"standard","meta":{"footnotes":""},"categories":[1,18,5],"tags":[374,560,373,27],"yoast_head":"<!-- This site is optimized with the Yoast SEO plugin v21.7 - https:\/\/yoast.com\/wordpress\/plugins\/seo\/ -->\n<title>Itabuna: Geraldo Sim\u00f5es diz que o prefeito Augusto Castro \u00e9 como &quot;orelha de freira&quot;, ningu\u00e9m v\u00ea na cidade. - Cacau News<\/title>\n<meta name=\"robots\" content=\"index, follow, max-snippet:-1, max-image-preview:large, max-video-preview:-1\" \/>\n<link rel=\"canonical\" href=\"https:\/\/cacaunews.com\/?p=1455\" \/>\n<meta property=\"og:locale\" content=\"pt_BR\" \/>\n<meta property=\"og:type\" content=\"article\" \/>\n<meta property=\"og:title\" content=\"Itabuna: Geraldo Sim\u00f5es diz que o prefeito Augusto Castro \u00e9 como &quot;orelha de freira&quot;, ningu\u00e9m v\u00ea na cidade. - Cacau News\" \/>\n<meta property=\"og:description\" content=\"Em entrevista ao jornal Sonic Not\u00edcias da r\u00e1dio Sonic FM, o ex prefeito de Itabuna...\" \/>\n<meta property=\"og:url\" content=\"https:\/\/cacaunews.com\/?p=1455\" \/>\n<meta property=\"og:site_name\" content=\"Cacau News\" \/>\n<meta property=\"article:published_time\" content=\"2023-04-28T12:26:58+00:00\" \/>\n<meta property=\"article:modified_time\" content=\"2023-04-28T12:26:42+00:00\" \/>\n<meta property=\"og:image\" content=\"https:\/\/cacaunews.com\/wp-content\/uploads\/2023\/04\/IMG_20230427_222123.jpg\" \/>\n\t<meta property=\"og:image:width\" content=\"720\" \/>\n\t<meta property=\"og:image:height\" content=\"806\" \/>\n\t<meta property=\"og:image:type\" content=\"image\/jpeg\" \/>\n<meta name=\"author\" content=\"Reda\u00e7\u00e3o Cacau News\" \/>\n<meta name=\"twitter:card\" content=\"summary_large_image\" \/>\n<meta name=\"twitter:label1\" content=\"Escrito por\" \/>\n\t<meta name=\"twitter:data1\" content=\"Reda\u00e7\u00e3o Cacau News\" \/>\n<script type=\"application\/ld+json\" class=\"yoast-schema-graph\">{\"@context\":\"https:\/\/schema.org\",\"@graph\":[{\"@type\":\"Article\",\"@id\":\"https:\/\/cacaunews.com\/?p=1455#article\",\"isPartOf\":{\"@id\":\"https:\/\/cacaunews.com\/?p=1455\"},\"author\":{\"name\":\"Reda\u00e7\u00e3o Cacau News\",\"@id\":\"https:\/\/cacaunews.com\/#\/schema\/person\/ea69703103e606ad347ccd64bd72ef79\"},\"headline\":\"Itabuna: Geraldo Sim\u00f5es diz que o prefeito Augusto Castro \u00e9 como &#8220;orelha de freira&#8221;, ningu\u00e9m v\u00ea na cidade.\",\"datePublished\":\"2023-04-28T12:26:58+00:00\",\"dateModified\":\"2023-04-28T12:26:42+00:00\",\"mainEntityOfPage\":{\"@id\":\"https:\/\/cacaunews.com\/?p=1455\"},\"wordCount\":101,\"commentCount\":0,\"publisher\":{\"@id\":\"https:\/\/cacaunews.com\/#organization\"},\"keywords\":[\"augusto castro\",\"cr\u00edtica\",\"Geraldo sim\u00f5es\",\"itabuna\"],\"articleSection\":[\"Cacau News TV\",\"cidades\",\"Politica\"],\"inLanguage\":\"pt-BR\",\"potentialAction\":[{\"@type\":\"CommentAction\",\"name\":\"Comment\",\"target\":[\"https:\/\/cacaunews.com\/?p=1455#respond\"]}]},{\"@type\":\"WebPage\",\"@id\":\"https:\/\/cacaunews.com\/?p=1455\",\"url\":\"https:\/\/cacaunews.com\/?p=1455\",\"name\":\"Itabuna: Geraldo Sim\u00f5es diz que o prefeito Augusto Castro \u00e9 como \\\"orelha de freira\\\", ningu\u00e9m v\u00ea na cidade. - Cacau News\",\"isPartOf\":{\"@id\":\"https:\/\/cacaunews.com\/#website\"},\"datePublished\":\"2023-04-28T12:26:58+00:00\",\"dateModified\":\"2023-04-28T12:26:42+00:00\",\"breadcrumb\":{\"@id\":\"https:\/\/cacaunews.com\/?p=1455#breadcrumb\"},\"inLanguage\":\"pt-BR\",\"potentialAction\":[{\"@type\":\"ReadAction\",\"target\":[\"https:\/\/cacaunews.com\/?p=1455\"]}]},{\"@type\":\"BreadcrumbList\",\"@id\":\"https:\/\/cacaunews.com\/?p=1455#breadcrumb\",\"itemListElement\":[{\"@type\":\"ListItem\",\"position\":1,\"name\":\"In\u00edcio\",\"item\":\"https:\/\/cacaunews.com\/\"},{\"@type\":\"ListItem\",\"position\":2,\"name\":\"Itabuna: Geraldo Sim\u00f5es diz que o prefeito Augusto Castro \u00e9 como &#8220;orelha de freira&#8221;, ningu\u00e9m v\u00ea na cidade.\"}]},{\"@type\":\"WebSite\",\"@id\":\"https:\/\/cacaunews.com\/#website\",\"url\":\"https:\/\/cacaunews.com\/\",\"name\":\"Cacau News\",\"description\":\"A Informa\u00e7\u00e3o que voc\u00ea precisa!\",\"publisher\":{\"@id\":\"https:\/\/cacaunews.com\/#organization\"},\"potentialAction\":[{\"@type\":\"SearchAction\",\"target\":{\"@type\":\"EntryPoint\",\"urlTemplate\":\"https:\/\/cacaunews.com\/?s={search_term_string}\"},\"query-input\":\"required name=search_term_string\"}],\"inLanguage\":\"pt-BR\"},{\"@type\":\"Organization\",\"@id\":\"https:\/\/cacaunews.com\/#organization\",\"name\":\"Cacau News\",\"url\":\"https:\/\/cacaunews.com\/\",\"logo\":{\"@type\":\"ImageObject\",\"inLanguage\":\"pt-BR\",\"@id\":\"https:\/\/cacaunews.com\/#\/schema\/logo\/image\/\",\"url\":\"https:\/\/cacaunews.com\/wp-content\/uploads\/2025\/01\/cropped-LOGO-NOVA.png\",\"contentUrl\":\"https:\/\/cacaunews.com\/wp-content\/uploads\/2025\/01\/cropped-LOGO-NOVA.png\",\"width\":813,\"height\":813,\"caption\":\"Cacau News\"},\"image\":{\"@id\":\"https:\/\/cacaunews.com\/#\/schema\/logo\/image\/\"},\"sameAs\":[\"https:\/\/www.instagram.com\/cacaunews.online\/\",\"https:\/\/youtube.com\/@cacaunews?si=0VXLnjl08SrWbVG9\"]},{\"@type\":\"Person\",\"@id\":\"https:\/\/cacaunews.com\/#\/schema\/person\/ea69703103e606ad347ccd64bd72ef79\",\"name\":\"Reda\u00e7\u00e3o Cacau News\",\"image\":{\"@type\":\"ImageObject\",\"inLanguage\":\"pt-BR\",\"@id\":\"https:\/\/cacaunews.com\/#\/schema\/person\/image\/\",\"url\":\"https:\/\/secure.gravatar.com\/avatar\/d79227a2a7b6cc42e8d7a8f7c284cd3a?s=96&d=mm&r=g\",\"contentUrl\":\"https:\/\/secure.gravatar.com\/avatar\/d79227a2a7b6cc42e8d7a8f7c284cd3a?s=96&d=mm&r=g\",\"caption\":\"Reda\u00e7\u00e3o Cacau News\"},\"sameAs\":[\"https:\/\/cacaunews.com\"],\"url\":\"https:\/\/cacaunews.com\/?author=1\"}]}<\/script>\n<!-- \/ Yoast SEO plugin. -->","yoast_head_json":{"title":"Itabuna: Geraldo Sim\u00f5es diz que o prefeito Augusto Castro \u00e9 como \"orelha de freira\", ningu\u00e9m v\u00ea na cidade. - Cacau News","robots":{"index":"index","follow":"follow","max-snippet":"max-snippet:-1","max-image-preview":"max-image-preview:large","max-video-preview":"max-video-preview:-1"},"canonical":"https:\/\/cacaunews.com\/?p=1455","og_locale":"pt_BR","og_type":"article","og_title":"Itabuna: Geraldo Sim\u00f5es diz que o prefeito Augusto Castro \u00e9 como \"orelha de freira\", ningu\u00e9m v\u00ea na cidade. - Cacau News","og_description":"Em entrevista ao jornal Sonic Not\u00edcias da r\u00e1dio Sonic FM, o ex prefeito de Itabuna...","og_url":"https:\/\/cacaunews.com\/?p=1455","og_site_name":"Cacau News","article_published_time":"2023-04-28T12:26:58+00:00","article_modified_time":"2023-04-28T12:26:42+00:00","og_image":[{"width":720,"height":806,"url":"https:\/\/cacaunews.com\/wp-content\/uploads\/2023\/04\/IMG_20230427_222123.jpg","type":"image\/jpeg"}],"author":"Reda\u00e7\u00e3o Cacau News","twitter_card":"summary_large_image","twitter_misc":{"Escrito por":"Reda\u00e7\u00e3o Cacau News"},"schema":{"@context":"https:\/\/schema.org","@graph":[{"@type":"Article","@id":"https:\/\/cacaunews.com\/?p=1455#article","isPartOf":{"@id":"https:\/\/cacaunews.com\/?p=1455"},"author":{"name":"Reda\u00e7\u00e3o Cacau News","@id":"https:\/\/cacaunews.com\/#\/schema\/person\/ea69703103e606ad347ccd64bd72ef79"},"headline":"Itabuna: Geraldo Sim\u00f5es diz que o prefeito Augusto Castro \u00e9 como &#8220;orelha de freira&#8221;, ningu\u00e9m v\u00ea na cidade.","datePublished":"2023-04-28T12:26:58+00:00","dateModified":"2023-04-28T12:26:42+00:00","mainEntityOfPage":{"@id":"https:\/\/cacaunews.com\/?p=1455"},"wordCount":101,"commentCount":0,"publisher":{"@id":"https:\/\/cacaunews.com\/#organization"},"keywords":["augusto castro","cr\u00edtica","Geraldo sim\u00f5es","itabuna"],"articleSection":["Cacau News TV","cidades","Politica"],"inLanguage":"pt-BR","potentialAction":[{"@type":"CommentAction","name":"Comment","target":["https:\/\/cacaunews.com\/?p=1455#respond"]}]},{"@type":"WebPage","@id":"https:\/\/cacaunews.com\/?p=1455","url":"https:\/\/cacaunews.com\/?p=1455","name":"Itabuna: Geraldo Sim\u00f5es diz que o prefeito Augusto Castro \u00e9 como \"orelha de freira\", ningu\u00e9m v\u00ea na cidade. - Cacau News","isPartOf":{"@id":"https:\/\/cacaunews.com\/#website"},"datePublished":"2023-04-28T12:26:58+00:00","dateModified":"2023-04-28T12:26:42+00:00","breadcrumb":{"@id":"https:\/\/cacaunews.com\/?p=1455#breadcrumb"},"inLanguage":"pt-BR","potentialAction":[{"@type":"ReadAction","target":["https:\/\/cacaunews.com\/?p=1455"]}]},{"@type":"BreadcrumbList","@id":"https:\/\/cacaunews.com\/?p=1455#breadcrumb","itemListElement":[{"@type":"ListItem","position":1,"name":"In\u00edcio","item":"https:\/\/cacaunews.com\/"},{"@type":"ListItem","position":2,"name":"Itabuna: Geraldo Sim\u00f5es diz que o prefeito Augusto Castro \u00e9 como &#8220;orelha de freira&#8221;, ningu\u00e9m v\u00ea na cidade."}]},{"@type":"WebSite","@id":"https:\/\/cacaunews.com\/#website","url":"https:\/\/cacaunews.com\/","name":"Cacau News","description":"A Informa\u00e7\u00e3o que voc\u00ea precisa!","publisher":{"@id":"https:\/\/cacaunews.com\/#organization"},"potentialAction":[{"@type":"SearchAction","target":{"@type":"EntryPoint","urlTemplate":"https:\/\/cacaunews.com\/?s={search_term_string}"},"query-input":"required name=search_term_string"}],"inLanguage":"pt-BR"},{"@type":"Organization","@id":"https:\/\/cacaunews.com\/#organization","name":"Cacau News","url":"https:\/\/cacaunews.com\/","logo":{"@type":"ImageObject","inLanguage":"pt-BR","@id":"https:\/\/cacaunews.com\/#\/schema\/logo\/image\/","url":"https:\/\/cacaunews.com\/wp-content\/uploads\/2025\/01\/cropped-LOGO-NOVA.png","contentUrl":"https:\/\/cacaunews.com\/wp-content\/uploads\/2025\/01\/cropped-LOGO-NOVA.png","width":813,"height":813,"caption":"Cacau News"},"image":{"@id":"https:\/\/cacaunews.com\/#\/schema\/logo\/image\/"},"sameAs":["https:\/\/www.instagram.com\/cacaunews.online\/","https:\/\/youtube.com\/@cacaunews?si=0VXLnjl08SrWbVG9"]},{"@type":"Person","@id":"https:\/\/cacaunews.com\/#\/schema\/person\/ea69703103e606ad347ccd64bd72ef79","name":"Reda\u00e7\u00e3o Cacau News","image":{"@type":"ImageObject","inLanguage":"pt-BR","@id":"https:\/\/cacaunews.com\/#\/schema\/person\/image\/","url":"https:\/\/secure.gravatar.com\/avatar\/d79227a2a7b6cc42e8d7a8f7c284cd3a?s=96&d=mm&r=g","contentUrl":"https:\/\/secure.gravatar.com\/avatar\/d79227a2a7b6cc42e8d7a8f7c284cd3a?s=96&d=mm&r=g","caption":"Reda\u00e7\u00e3o Cacau News"},"sameAs":["https:\/\/cacaunews.com"],"url":"https:\/\/cacaunews.com\/?author=1"}]}},"jetpack_sharing_enabled":true,"jetpack_featured_media_url":"https:\/\/cacaunews.com\/wp-content\/uploads\/2023\/04\/IMG_20230427_222123.jpg","_links":{"self":[{"href":"https:\/\/cacaunews.com\/index.php?rest_route=\/wp\/v2\/posts\/1455"}],"collection":[{"href":"https:\/\/cacaunews.com\/index.php?rest_route=\/wp\/v2\/posts"}],"about":[{"href":"https:\/\/cacaunews.com\/index.php?rest_route=\/wp\/v2\/types\/post"}],"author":[{"embeddable":true,"href":"https:\/\/cacaunews.com\/index.php?rest_route=\/wp\/v2\/users\/1"}],"replies":[{"embeddable":true,"href":"https:\/\/cacaunews.com\/index.php?rest_route=%2Fwp%2Fv2%2Fcomments&post=1455"}],"version-history":[{"count":1,"href":"https:\/\/cacaunews.com\/index.php?rest_route=\/wp\/v2\/posts\/1455\/revisions"}],"predecessor-version":[{"id":1463,"href":"https:\/\/cacaunews.com\/index.php?rest_route=\/wp\/v2\/posts\/1455\/revisions\/1463"}],"wp:featuredmedia":[{"embeddable":true,"href":"https:\/\/cacaunews.com\/index.php?rest_route=\/wp\/v2\/media\/1454"}],"wp:attachment":[{"href":"https:\/\/cacaunews.com\/index.php?rest_route=%2Fwp%2Fv2%2Fmedia&parent=1455"}],"wp:term":[{"taxonomy":"category","embeddable":true,"href":"https:\/\/cacaunews.com\/index.php?rest_route=%2Fwp%2Fv2%2Fcategories&post=1455"},{"taxonomy":"post_tag","embeddable":true,"href":"https:\/\/cacaunews.com\/index.php?rest_route=%2Fwp%2Fv2%2Ftags&post=1455"}],"curies":[{"name":"wp","href":"https:\/\/api.w.org\/{rel}","templated":true}]}}