{"id":1467,"date":"2023-04-28T19:05:37","date_gmt":"2023-04-28T19:05:37","guid":{"rendered":"https:\/\/cacaunews.com\/?p=1467"},"modified":"2023-04-28T19:05:13","modified_gmt":"2023-04-28T19:05:13","slug":"ilheus-prefeito-abre-seminario-da-educacao-e-destaca-uso-de-tecnologias-digitais-nas-escolas-do-campo","status":"publish","type":"post","link":"https:\/\/cacaunews.com\/?p=1467","title":{"rendered":"Ilh\u00e9us: Prefeito abre Semin\u00e1rio da Educa\u00e7\u00e3o e destaca uso de tecnologias digitais nas escolas do campo."},"content":{"rendered":"\n<p>O prefeito M\u00e1rio Alexandre abriu na \u00faltima quinta-feira (27), o Semin\u00e1rio da Educa\u00e7\u00e3o do Campo, voltado aos profissionais da rede municipal de ensino de Ilh\u00e9us. A solenidade de abertura aconteceu no Centro Administrativo da Conquista e reuniu professores, gestores e equipe pedag\u00f3gica.<br><br>Promovida pela Secretaria de Educa\u00e7\u00e3o (Seduc), a iniciativa segue nesta sexta-feira (28) nas unidades escolares da zona rural e tem como principal objetivo debater sobre a educa\u00e7\u00e3o no munic\u00edpio, valorizando os saberes locais e a preserva\u00e7\u00e3o das tradi\u00e7\u00f5es.<br><br>\u201cEsse encontro \u00e9 fundamental para que possamos compreender a metodologia dentro da nossa rede e elaborar a\u00e7\u00f5es que fortale\u00e7am a cultura do campo. Ent\u00e3o, todo trabalho realizado pela secretaria \u00e9 de suma import\u00e2ncia para promover um ensino mais inclusivo, com diversas formas de aprendizagens\u201d, disse M\u00e1rio Alexandre.<\/p>\n\n\n\n<p>O prefeito ressaltou que uma das prioridades de sua gest\u00e3o \u00e9 a Educa\u00e7\u00e3o, por isso o trabalho desenvolvido pela escola deve ter o papel de acolher, garantindo condi\u00e7\u00f5es adequadas de trabalho aos profissionais e que todas as unidades sejam atendidas em suas necessidades.<br><br>Sob o tema \u201cEduca\u00e7\u00e3o para a vida: coletando aprendizagens plurais\u201d, o Semin\u00e1rio oferece uma oportunidade para reunir especialistas, professores, alunos e comunidade em geral para discutir sobre como as Tecnologias da Informa\u00e7\u00e3o e Comunica\u00e7\u00e3o (TICs) podem ser utilizadas para fortalecer a cultura do campo, superar os desafios e promover o desenvolvimento sustent\u00e1vel das comunidades rurais.<\/p>\n\n\n\n<p>\u201cParticipar do semin\u00e1rio \u00e9 uma maneira de apoiar o desenvolvimento das comunidades rurais e valorizar a riqueza cultural e hist\u00f3rica do campo. \u00c9 importante que todos os envolvidos estejam conscientes da import\u00e2ncia da tem\u00e1tica e trabalhem juntos para alcan\u00e7ar esse objetivo\u201d, acrescentou a professora Eliane Oliveira, titular da Seduc.<\/p>\n\n\n\n<p>O Semin\u00e1rio re\u00fane as 16 escolas localizadas no campo, al\u00e9m de quatros escolas que recebem alunos da zona rural. A cultura rural \u00e9 um patrim\u00f4nio hist\u00f3rico, social e cultural, que precisa ser valorizado e preservado.&nbsp;&nbsp;\u201cEu sou professora do Campo com muito orgulho e quero me aposentar como professora do Campo. Eu sou apaixonada pela minha profiss\u00e3o\u201d, declarou Vera L\u00facia, docente da Escola do Japu.<\/p>\n\n\n\n<p>por Secom\/Ilh\u00e9us.<\/p>\n","protected":false},"excerpt":{"rendered":"<p>O prefeito M\u00e1rio Alexandre abriu na \u00faltima quinta-feira (27), o Semin\u00e1rio da Educa\u00e7\u00e3o do Campo,&#8230;<\/p>\n","protected":false},"author":1,"featured_media":1466,"comment_status":"open","ping_status":"open","sticky":false,"template":"","format":"standard","meta":{"footnotes":""},"categories":[18,11],"tags":[33,37,564],"yoast_head":"<!-- This site is optimized with the Yoast SEO plugin v21.7 - https:\/\/yoast.com\/wordpress\/plugins\/seo\/ -->\n<title>Ilh\u00e9us: Prefeito abre Semin\u00e1rio da Educa\u00e7\u00e3o e destaca uso de tecnologias digitais nas escolas do campo. - Cacau News<\/title>\n<meta name=\"robots\" content=\"index, follow, max-snippet:-1, max-image-preview:large, max-video-preview:-1\" \/>\n<link rel=\"canonical\" href=\"https:\/\/cacaunews.com\/?p=1467\" \/>\n<meta property=\"og:locale\" content=\"pt_BR\" \/>\n<meta property=\"og:type\" content=\"article\" \/>\n<meta property=\"og:title\" content=\"Ilh\u00e9us: Prefeito abre Semin\u00e1rio da Educa\u00e7\u00e3o e destaca uso de tecnologias digitais nas escolas do campo. - Cacau News\" \/>\n<meta property=\"og:description\" content=\"O prefeito M\u00e1rio Alexandre abriu na \u00faltima quinta-feira (27), o Semin\u00e1rio da Educa\u00e7\u00e3o do Campo,...\" \/>\n<meta property=\"og:url\" content=\"https:\/\/cacaunews.com\/?p=1467\" \/>\n<meta property=\"og:site_name\" content=\"Cacau News\" \/>\n<meta property=\"article:published_time\" content=\"2023-04-28T19:05:37+00:00\" \/>\n<meta property=\"article:modified_time\" content=\"2023-04-28T19:05:13+00:00\" \/>\n<meta property=\"og:image\" content=\"https:\/\/cacaunews.com\/wp-content\/uploads\/2023\/04\/7B4CDACAAE-EB05-A2ED-0DB0-1CA3ACC530A57D_650X450.jpg\" \/>\n\t<meta property=\"og:image:width\" content=\"650\" \/>\n\t<meta property=\"og:image:height\" content=\"450\" \/>\n\t<meta property=\"og:image:type\" content=\"image\/jpeg\" \/>\n<meta name=\"author\" content=\"Reda\u00e7\u00e3o Cacau News\" \/>\n<meta name=\"twitter:card\" content=\"summary_large_image\" \/>\n<meta name=\"twitter:label1\" content=\"Escrito por\" \/>\n\t<meta name=\"twitter:data1\" content=\"Reda\u00e7\u00e3o Cacau News\" \/>\n\t<meta name=\"twitter:label2\" content=\"Est. tempo de leitura\" \/>\n\t<meta name=\"twitter:data2\" content=\"2 minutos\" \/>\n<script type=\"application\/ld+json\" class=\"yoast-schema-graph\">{\"@context\":\"https:\/\/schema.org\",\"@graph\":[{\"@type\":\"Article\",\"@id\":\"https:\/\/cacaunews.com\/?p=1467#article\",\"isPartOf\":{\"@id\":\"https:\/\/cacaunews.com\/?p=1467\"},\"author\":{\"name\":\"Reda\u00e7\u00e3o Cacau News\",\"@id\":\"https:\/\/cacaunews.com\/#\/schema\/person\/ea69703103e606ad347ccd64bd72ef79\"},\"headline\":\"Ilh\u00e9us: Prefeito abre Semin\u00e1rio da Educa\u00e7\u00e3o e destaca uso de tecnologias digitais nas escolas do campo.\",\"datePublished\":\"2023-04-28T19:05:37+00:00\",\"dateModified\":\"2023-04-28T19:05:13+00:00\",\"mainEntityOfPage\":{\"@id\":\"https:\/\/cacaunews.com\/?p=1467\"},\"wordCount\":390,\"commentCount\":0,\"publisher\":{\"@id\":\"https:\/\/cacaunews.com\/#organization\"},\"keywords\":[\"educa\u00e7\u00e3o\",\"ilheus\",\"prefeito\"],\"articleSection\":[\"cidades\",\"Jornalismo\"],\"inLanguage\":\"pt-BR\",\"potentialAction\":[{\"@type\":\"CommentAction\",\"name\":\"Comment\",\"target\":[\"https:\/\/cacaunews.com\/?p=1467#respond\"]}]},{\"@type\":\"WebPage\",\"@id\":\"https:\/\/cacaunews.com\/?p=1467\",\"url\":\"https:\/\/cacaunews.com\/?p=1467\",\"name\":\"Ilh\u00e9us: Prefeito abre Semin\u00e1rio da Educa\u00e7\u00e3o e destaca uso de tecnologias digitais nas escolas do campo. - Cacau News\",\"isPartOf\":{\"@id\":\"https:\/\/cacaunews.com\/#website\"},\"datePublished\":\"2023-04-28T19:05:37+00:00\",\"dateModified\":\"2023-04-28T19:05:13+00:00\",\"breadcrumb\":{\"@id\":\"https:\/\/cacaunews.com\/?p=1467#breadcrumb\"},\"inLanguage\":\"pt-BR\",\"potentialAction\":[{\"@type\":\"ReadAction\",\"target\":[\"https:\/\/cacaunews.com\/?p=1467\"]}]},{\"@type\":\"BreadcrumbList\",\"@id\":\"https:\/\/cacaunews.com\/?p=1467#breadcrumb\",\"itemListElement\":[{\"@type\":\"ListItem\",\"position\":1,\"name\":\"In\u00edcio\",\"item\":\"https:\/\/cacaunews.com\/\"},{\"@type\":\"ListItem\",\"position\":2,\"name\":\"Ilh\u00e9us: Prefeito abre Semin\u00e1rio da Educa\u00e7\u00e3o e destaca uso de tecnologias digitais nas escolas do campo.\"}]},{\"@type\":\"WebSite\",\"@id\":\"https:\/\/cacaunews.com\/#website\",\"url\":\"https:\/\/cacaunews.com\/\",\"name\":\"Cacau News\",\"description\":\"A Informa\u00e7\u00e3o que voc\u00ea precisa!\",\"publisher\":{\"@id\":\"https:\/\/cacaunews.com\/#organization\"},\"potentialAction\":[{\"@type\":\"SearchAction\",\"target\":{\"@type\":\"EntryPoint\",\"urlTemplate\":\"https:\/\/cacaunews.com\/?s={search_term_string}\"},\"query-input\":\"required name=search_term_string\"}],\"inLanguage\":\"pt-BR\"},{\"@type\":\"Organization\",\"@id\":\"https:\/\/cacaunews.com\/#organization\",\"name\":\"Cacau News\",\"url\":\"https:\/\/cacaunews.com\/\",\"logo\":{\"@type\":\"ImageObject\",\"inLanguage\":\"pt-BR\",\"@id\":\"https:\/\/cacaunews.com\/#\/schema\/logo\/image\/\",\"url\":\"https:\/\/cacaunews.com\/wp-content\/uploads\/2025\/01\/cropped-LOGO-NOVA.png\",\"contentUrl\":\"https:\/\/cacaunews.com\/wp-content\/uploads\/2025\/01\/cropped-LOGO-NOVA.png\",\"width\":813,\"height\":813,\"caption\":\"Cacau News\"},\"image\":{\"@id\":\"https:\/\/cacaunews.com\/#\/schema\/logo\/image\/\"},\"sameAs\":[\"https:\/\/www.instagram.com\/cacaunews.online\/\",\"https:\/\/youtube.com\/@cacaunews?si=0VXLnjl08SrWbVG9\"]},{\"@type\":\"Person\",\"@id\":\"https:\/\/cacaunews.com\/#\/schema\/person\/ea69703103e606ad347ccd64bd72ef79\",\"name\":\"Reda\u00e7\u00e3o Cacau News\",\"image\":{\"@type\":\"ImageObject\",\"inLanguage\":\"pt-BR\",\"@id\":\"https:\/\/cacaunews.com\/#\/schema\/person\/image\/\",\"url\":\"https:\/\/secure.gravatar.com\/avatar\/d79227a2a7b6cc42e8d7a8f7c284cd3a?s=96&d=mm&r=g\",\"contentUrl\":\"https:\/\/secure.gravatar.com\/avatar\/d79227a2a7b6cc42e8d7a8f7c284cd3a?s=96&d=mm&r=g\",\"caption\":\"Reda\u00e7\u00e3o Cacau News\"},\"sameAs\":[\"https:\/\/cacaunews.com\"],\"url\":\"https:\/\/cacaunews.com\/?author=1\"}]}<\/script>\n<!-- \/ Yoast SEO plugin. -->","yoast_head_json":{"title":"Ilh\u00e9us: Prefeito abre Semin\u00e1rio da Educa\u00e7\u00e3o e destaca uso de tecnologias digitais nas escolas do campo. - Cacau News","robots":{"index":"index","follow":"follow","max-snippet":"max-snippet:-1","max-image-preview":"max-image-preview:large","max-video-preview":"max-video-preview:-1"},"canonical":"https:\/\/cacaunews.com\/?p=1467","og_locale":"pt_BR","og_type":"article","og_title":"Ilh\u00e9us: Prefeito abre Semin\u00e1rio da Educa\u00e7\u00e3o e destaca uso de tecnologias digitais nas escolas do campo. - Cacau News","og_description":"O prefeito M\u00e1rio Alexandre abriu na \u00faltima quinta-feira (27), o Semin\u00e1rio da Educa\u00e7\u00e3o do Campo,...","og_url":"https:\/\/cacaunews.com\/?p=1467","og_site_name":"Cacau News","article_published_time":"2023-04-28T19:05:37+00:00","article_modified_time":"2023-04-28T19:05:13+00:00","og_image":[{"width":650,"height":450,"url":"https:\/\/cacaunews.com\/wp-content\/uploads\/2023\/04\/7B4CDACAAE-EB05-A2ED-0DB0-1CA3ACC530A57D_650X450.jpg","type":"image\/jpeg"}],"author":"Reda\u00e7\u00e3o Cacau News","twitter_card":"summary_large_image","twitter_misc":{"Escrito por":"Reda\u00e7\u00e3o Cacau News","Est. tempo de leitura":"2 minutos"},"schema":{"@context":"https:\/\/schema.org","@graph":[{"@type":"Article","@id":"https:\/\/cacaunews.com\/?p=1467#article","isPartOf":{"@id":"https:\/\/cacaunews.com\/?p=1467"},"author":{"name":"Reda\u00e7\u00e3o Cacau News","@id":"https:\/\/cacaunews.com\/#\/schema\/person\/ea69703103e606ad347ccd64bd72ef79"},"headline":"Ilh\u00e9us: Prefeito abre Semin\u00e1rio da Educa\u00e7\u00e3o e destaca uso de tecnologias digitais nas escolas do campo.","datePublished":"2023-04-28T19:05:37+00:00","dateModified":"2023-04-28T19:05:13+00:00","mainEntityOfPage":{"@id":"https:\/\/cacaunews.com\/?p=1467"},"wordCount":390,"commentCount":0,"publisher":{"@id":"https:\/\/cacaunews.com\/#organization"},"keywords":["educa\u00e7\u00e3o","ilheus","prefeito"],"articleSection":["cidades","Jornalismo"],"inLanguage":"pt-BR","potentialAction":[{"@type":"CommentAction","name":"Comment","target":["https:\/\/cacaunews.com\/?p=1467#respond"]}]},{"@type":"WebPage","@id":"https:\/\/cacaunews.com\/?p=1467","url":"https:\/\/cacaunews.com\/?p=1467","name":"Ilh\u00e9us: Prefeito abre Semin\u00e1rio da Educa\u00e7\u00e3o e destaca uso de tecnologias digitais nas escolas do campo. - Cacau News","isPartOf":{"@id":"https:\/\/cacaunews.com\/#website"},"datePublished":"2023-04-28T19:05:37+00:00","dateModified":"2023-04-28T19:05:13+00:00","breadcrumb":{"@id":"https:\/\/cacaunews.com\/?p=1467#breadcrumb"},"inLanguage":"pt-BR","potentialAction":[{"@type":"ReadAction","target":["https:\/\/cacaunews.com\/?p=1467"]}]},{"@type":"BreadcrumbList","@id":"https:\/\/cacaunews.com\/?p=1467#breadcrumb","itemListElement":[{"@type":"ListItem","position":1,"name":"In\u00edcio","item":"https:\/\/cacaunews.com\/"},{"@type":"ListItem","position":2,"name":"Ilh\u00e9us: Prefeito abre Semin\u00e1rio da Educa\u00e7\u00e3o e destaca uso de tecnologias digitais nas escolas do campo."}]},{"@type":"WebSite","@id":"https:\/\/cacaunews.com\/#website","url":"https:\/\/cacaunews.com\/","name":"Cacau News","description":"A Informa\u00e7\u00e3o que voc\u00ea precisa!","publisher":{"@id":"https:\/\/cacaunews.com\/#organization"},"potentialAction":[{"@type":"SearchAction","target":{"@type":"EntryPoint","urlTemplate":"https:\/\/cacaunews.com\/?s={search_term_string}"},"query-input":"required name=search_term_string"}],"inLanguage":"pt-BR"},{"@type":"Organization","@id":"https:\/\/cacaunews.com\/#organization","name":"Cacau News","url":"https:\/\/cacaunews.com\/","logo":{"@type":"ImageObject","inLanguage":"pt-BR","@id":"https:\/\/cacaunews.com\/#\/schema\/logo\/image\/","url":"https:\/\/cacaunews.com\/wp-content\/uploads\/2025\/01\/cropped-LOGO-NOVA.png","contentUrl":"https:\/\/cacaunews.com\/wp-content\/uploads\/2025\/01\/cropped-LOGO-NOVA.png","width":813,"height":813,"caption":"Cacau News"},"image":{"@id":"https:\/\/cacaunews.com\/#\/schema\/logo\/image\/"},"sameAs":["https:\/\/www.instagram.com\/cacaunews.online\/","https:\/\/youtube.com\/@cacaunews?si=0VXLnjl08SrWbVG9"]},{"@type":"Person","@id":"https:\/\/cacaunews.com\/#\/schema\/person\/ea69703103e606ad347ccd64bd72ef79","name":"Reda\u00e7\u00e3o Cacau News","image":{"@type":"ImageObject","inLanguage":"pt-BR","@id":"https:\/\/cacaunews.com\/#\/schema\/person\/image\/","url":"https:\/\/secure.gravatar.com\/avatar\/d79227a2a7b6cc42e8d7a8f7c284cd3a?s=96&d=mm&r=g","contentUrl":"https:\/\/secure.gravatar.com\/avatar\/d79227a2a7b6cc42e8d7a8f7c284cd3a?s=96&d=mm&r=g","caption":"Reda\u00e7\u00e3o Cacau News"},"sameAs":["https:\/\/cacaunews.com"],"url":"https:\/\/cacaunews.com\/?author=1"}]}},"jetpack_sharing_enabled":true,"jetpack_featured_media_url":"https:\/\/cacaunews.com\/wp-content\/uploads\/2023\/04\/7B4CDACAAE-EB05-A2ED-0DB0-1CA3ACC530A57D_650X450.jpg","_links":{"self":[{"href":"https:\/\/cacaunews.com\/index.php?rest_route=\/wp\/v2\/posts\/1467"}],"collection":[{"href":"https:\/\/cacaunews.com\/index.php?rest_route=\/wp\/v2\/posts"}],"about":[{"href":"https:\/\/cacaunews.com\/index.php?rest_route=\/wp\/v2\/types\/post"}],"author":[{"embeddable":true,"href":"https:\/\/cacaunews.com\/index.php?rest_route=\/wp\/v2\/users\/1"}],"replies":[{"embeddable":true,"href":"https:\/\/cacaunews.com\/index.php?rest_route=%2Fwp%2Fv2%2Fcomments&post=1467"}],"version-history":[{"count":1,"href":"https:\/\/cacaunews.com\/index.php?rest_route=\/wp\/v2\/posts\/1467\/revisions"}],"predecessor-version":[{"id":1468,"href":"https:\/\/cacaunews.com\/index.php?rest_route=\/wp\/v2\/posts\/1467\/revisions\/1468"}],"wp:featuredmedia":[{"embeddable":true,"href":"https:\/\/cacaunews.com\/index.php?rest_route=\/wp\/v2\/media\/1466"}],"wp:attachment":[{"href":"https:\/\/cacaunews.com\/index.php?rest_route=%2Fwp%2Fv2%2Fmedia&parent=1467"}],"wp:term":[{"taxonomy":"category","embeddable":true,"href":"https:\/\/cacaunews.com\/index.php?rest_route=%2Fwp%2Fv2%2Fcategories&post=1467"},{"taxonomy":"post_tag","embeddable":true,"href":"https:\/\/cacaunews.com\/index.php?rest_route=%2Fwp%2Fv2%2Ftags&post=1467"}],"curies":[{"name":"wp","href":"https:\/\/api.w.org\/{rel}","templated":true}]}}