{"id":1493,"date":"2023-05-02T20:11:21","date_gmt":"2023-05-02T20:11:21","guid":{"rendered":"https:\/\/cacaunews.com\/?p=1493"},"modified":"2023-05-02T20:10:56","modified_gmt":"2023-05-02T20:10:56","slug":"itabuna-divulgado-calendario-de-vacinacao-na-primeira-semana-de-maio","status":"publish","type":"post","link":"https:\/\/cacaunews.com\/?p=1493","title":{"rendered":"Itabuna: Divulgado calend\u00e1rio de vacina\u00e7\u00e3o na primeira semana de maio."},"content":{"rendered":"\n<p>A Prefeitura de Itabuna, por meio da Secretaria Municipal de Sa\u00fade, divulga o calend\u00e1rio de vacina\u00e7\u00e3o nesta 1\u00aa semana de maio, das 8 as 11 e das 13 \u00e0s 16h, contra o Covid-19 nas unidades de Sa\u00fade. As ampolas s\u00e3o abertas at\u00e9 \u00e0s 15h para evitar desperd\u00edcio de doses.<br \/><br \/>Para a vacina\u00e7\u00e3o de adolescentes de 12 a 17 anos, a primeira, segunda ou terceira dose da Pfizer est\u00e3o dispon\u00edveis. O mesmo para adultos e idosos, cuja vacina\u00e7\u00e3o da primeira, segunda, terceira ou quarta dose contra o Covid-19 ser\u00e1 aplicada para pessoas maiores de 18 anos sem comorbidade conforme disponibilidade na unidade.<br \/><br \/>REFOR\u00c7O BIVALENTE<br \/><br \/>A vacina Pfizer Bivalente traz em sua composi\u00e7\u00e3o a imuniza\u00e7\u00e3o contra novas cepas do Covid-19, incluindo a variante \u00d4micron. Nesta semana, a substitui\u00e7\u00e3o j\u00e1 acontece para o primeiro e segundo refor\u00e7o (terceira e quarta dose) em pessoas com idade a partir de 18 anos ou com sem comorbidade. E tamb\u00e9m, para gestantes, pu\u00e9rperas e pessoas com imunossupress\u00e3o com idade a partir de 12 anos.<br \/><br \/>E ainda, pessoas com defici\u00eancia permanente e portadores de comorbidades com idade a partir de 12 anos, trabalhadores da sa\u00fade da rede p\u00fablica ou privada, e trabalhadores das institui\u00e7\u00f5es de longa perman\u00eancia.<br \/><br \/>A documenta\u00e7\u00e3o necess\u00e1ria \u00e9 o RG, CPF ou cart\u00e3o do SUS e cart\u00e3o de vacina com registro das doses anteriores.<br \/><br \/>VACINA\u00c7\u00c3O DE ROTINA<br \/><br \/>Da ter\u00e7a-feira \u00e0 sexta-feira, das 8 as 11 e das 13 \u00e0s 16h s\u00e3o aplicadas todas as vacinas de rotina para todos os p\u00fablicos (adolescentes, adultos e idosos) nas UBS e USF. Vale pontuar que a crian\u00e7a ou adolescente menor de 20 anos que n\u00e3o possui registro vacinal contra Meningite C poder\u00e1 fazer dose \u00fanica, exceto adolescente de 11 a 14 anos que ter\u00e3o direito a Meningite ACWY.<br \/><br \/>Al\u00e9m disso, profissionais de Sa\u00fade que nunca fizeram uso da vacina contra Meningite C ter\u00e3o acesso a dose \u00fanica. A documenta\u00e7\u00e3o necess\u00e1ria \u00e9 o RG, CPF ou cart\u00e3o do SUS e cart\u00e3o de vacina com registros de outras vacinas.<br \/><br \/>VACINA\u00c7\u00c3O INFANTIL NAS UBS<br \/><br \/>Nas quintas-feiras nas Unidades B\u00e1sicas e de Sa\u00fade da Fam\u00edlia acontece a vacina\u00e7\u00e3o infantil para crian\u00e7as de 6 meses a menores de 12 anos.<br \/><br \/>Crian\u00e7as de 6 meses a 4 anos 11 meses e 29 dias recebem a primeira, segunda ou terceira dose da Pfizer Baby. Crian\u00e7as de 3 e 4 anos recebem a primeira ou segunda dose da Coronavac ou ainda a terceira dose da Pfizer Baby se cumprido o intervalo de pelo menos 4 meses.                                                                           <\/p>\n\n\n\n<p><br \/>Crian\u00e7as de 5 a 11 anos recebem a segunda dose da Coronavac, ou ainda, a primeira, segunda ou terceira dose da Pfizer Pedi\u00e1trica. Adolescentes de 12 a 17 anos e adultos de 18 a 69 anos recebem a segunda dose da Coronavac.<br \/><br \/>A documenta\u00e7\u00e3o necess\u00e1ria \u00e9 a Certid\u00e3o de nascimento, CPF e cart\u00e3o de vacina\u00e7\u00e3o. Vale destacar que ser\u00e3o atendidas crian\u00e7as com ou sem comorbidade acompanhadas dos seus respectivos respons\u00e1veis.<br \/><br \/>DIA NACIONAL DE MOBILIZA\u00c7\u00c3O DA VACINA\u00c7\u00c3O \u2013 DIA \u201cD\u201d<br \/><br \/>No pr\u00f3ximo s\u00e1bado, dia 6\/, das 8 \u00e0s 16h, nas Unidades B\u00e1sicas e de Sa\u00fade da Fam\u00edlia, acontece o \u201cDia D\u201d de vacina\u00e7\u00e3o. A campanha acontece em todo territ\u00f3rio nacional e objetiva mobilizar e conscientizar o p\u00fablico alvo para vacina\u00e7\u00e3o contra a Influenza e refor\u00e7o bivalente da Covid-19 sobre a import\u00e2ncia de completar suas imuniza\u00e7\u00f5es.<br \/><br \/>Para vacina\u00e7\u00e3o da influenza o p\u00fablica alvo s\u00e3o crian\u00e7as de 6 meses a menores de 6 anos de idade (5 anos, 11 meses e 29 dias), gestantes e pu\u00e9rperas, trabalhadores de Sa\u00fade,<br \/>idosos maiores de 60 anos, professores da rede p\u00fablica ou privada (ensino B\u00e1sico ou superior).<br \/><br \/>Al\u00e9m destes, portadores de comorbidades ou defici\u00eancia permanente, profissionais das For\u00e7as de Seguran\u00e7a e Salvamento, trabalhadores de transporte coletivo rodovi\u00e1rio,<br \/>caminhoneiros, funcion\u00e1rios do sistema de priva\u00e7\u00e3o de liberdade, adolescentes e jovens de 12 a 21 anos de idade sob medidas socioeducativas, tamb\u00e9m s\u00e3o eleg\u00edveis.<br \/><br \/>J\u00e1 para vacina\u00e7\u00e3o do refor\u00e7o da Covid-19 com a Pfizer Bivalente o p\u00fablico s\u00e3o adultos maiores de 18 anos (com ou sem comorbidades), gestantes e pu\u00e9rperas, pessoas com defici\u00eancia permanente (a partir de 12 anos de idade), pessoas com imunossupress\u00e3o (a partir de 12 anos de idade), e portadores de comorbidades maiores de 12 anos.<br \/><br \/>A documenta\u00e7\u00e3o necess\u00e1ria \u00e9 o CPF e cart\u00e3o de vacina\u00e7\u00e3o. Vale destacar que os pacientes portadores de comorbidades dever\u00e3o trazer relat\u00f3rio m\u00e9dico atualizado (\u00faltimos 6 meses).<\/p>\n","protected":false},"excerpt":{"rendered":"<p>A Prefeitura de Itabuna, por meio da Secretaria Municipal de Sa\u00fade, divulga o calend\u00e1rio de&#8230;<\/p>\n","protected":false},"author":1,"featured_media":1492,"comment_status":"open","ping_status":"open","sticky":false,"template":"","format":"standard","meta":{"footnotes":""},"categories":[18,5],"tags":[27,13,165],"yoast_head":"<!-- This site is optimized with the Yoast SEO plugin v21.7 - https:\/\/yoast.com\/wordpress\/plugins\/seo\/ -->\n<title>Itabuna: Divulgado calend\u00e1rio de vacina\u00e7\u00e3o na primeira semana de maio. - Cacau News<\/title>\n<meta name=\"robots\" content=\"index, follow, max-snippet:-1, max-image-preview:large, max-video-preview:-1\" \/>\n<link rel=\"canonical\" href=\"https:\/\/cacaunews.com\/?p=1493\" \/>\n<meta property=\"og:locale\" content=\"pt_BR\" \/>\n<meta property=\"og:type\" content=\"article\" \/>\n<meta property=\"og:title\" content=\"Itabuna: Divulgado calend\u00e1rio de vacina\u00e7\u00e3o na primeira semana de maio. - Cacau News\" \/>\n<meta property=\"og:description\" content=\"A Prefeitura de Itabuna, por meio da Secretaria Municipal de Sa\u00fade, divulga o calend\u00e1rio de...\" \/>\n<meta property=\"og:url\" content=\"https:\/\/cacaunews.com\/?p=1493\" \/>\n<meta property=\"og:site_name\" content=\"Cacau News\" \/>\n<meta property=\"article:published_time\" content=\"2023-05-02T20:11:21+00:00\" \/>\n<meta property=\"article:modified_time\" content=\"2023-05-02T20:10:56+00:00\" \/>\n<meta property=\"og:image\" content=\"https:\/\/cacaunews.com\/wp-content\/uploads\/2023\/05\/WhatsApp-Image-2023-05-02-at-10.31.47-1024x781-1.jpeg\" \/>\n\t<meta property=\"og:image:width\" content=\"1024\" \/>\n\t<meta property=\"og:image:height\" content=\"781\" \/>\n\t<meta property=\"og:image:type\" content=\"image\/jpeg\" \/>\n<meta name=\"author\" content=\"Reda\u00e7\u00e3o Cacau News\" \/>\n<meta name=\"twitter:card\" content=\"summary_large_image\" \/>\n<meta name=\"twitter:label1\" content=\"Escrito por\" \/>\n\t<meta name=\"twitter:data1\" content=\"Reda\u00e7\u00e3o Cacau News\" \/>\n\t<meta name=\"twitter:label2\" content=\"Est. tempo de leitura\" \/>\n\t<meta name=\"twitter:data2\" content=\"4 minutos\" \/>\n<script type=\"application\/ld+json\" class=\"yoast-schema-graph\">{\"@context\":\"https:\/\/schema.org\",\"@graph\":[{\"@type\":\"Article\",\"@id\":\"https:\/\/cacaunews.com\/?p=1493#article\",\"isPartOf\":{\"@id\":\"https:\/\/cacaunews.com\/?p=1493\"},\"author\":{\"name\":\"Reda\u00e7\u00e3o Cacau News\",\"@id\":\"https:\/\/cacaunews.com\/#\/schema\/person\/ea69703103e606ad347ccd64bd72ef79\"},\"headline\":\"Itabuna: Divulgado calend\u00e1rio de vacina\u00e7\u00e3o na primeira semana de maio.\",\"datePublished\":\"2023-05-02T20:11:21+00:00\",\"dateModified\":\"2023-05-02T20:10:56+00:00\",\"mainEntityOfPage\":{\"@id\":\"https:\/\/cacaunews.com\/?p=1493\"},\"wordCount\":781,\"commentCount\":0,\"publisher\":{\"@id\":\"https:\/\/cacaunews.com\/#organization\"},\"keywords\":[\"itabuna\",\"sa\u00fade\",\"vacina\u00e7\u00e3o\"],\"articleSection\":[\"cidades\",\"Politica\"],\"inLanguage\":\"pt-BR\",\"potentialAction\":[{\"@type\":\"CommentAction\",\"name\":\"Comment\",\"target\":[\"https:\/\/cacaunews.com\/?p=1493#respond\"]}]},{\"@type\":\"WebPage\",\"@id\":\"https:\/\/cacaunews.com\/?p=1493\",\"url\":\"https:\/\/cacaunews.com\/?p=1493\",\"name\":\"Itabuna: Divulgado calend\u00e1rio de vacina\u00e7\u00e3o na primeira semana de maio. - Cacau News\",\"isPartOf\":{\"@id\":\"https:\/\/cacaunews.com\/#website\"},\"datePublished\":\"2023-05-02T20:11:21+00:00\",\"dateModified\":\"2023-05-02T20:10:56+00:00\",\"breadcrumb\":{\"@id\":\"https:\/\/cacaunews.com\/?p=1493#breadcrumb\"},\"inLanguage\":\"pt-BR\",\"potentialAction\":[{\"@type\":\"ReadAction\",\"target\":[\"https:\/\/cacaunews.com\/?p=1493\"]}]},{\"@type\":\"BreadcrumbList\",\"@id\":\"https:\/\/cacaunews.com\/?p=1493#breadcrumb\",\"itemListElement\":[{\"@type\":\"ListItem\",\"position\":1,\"name\":\"In\u00edcio\",\"item\":\"https:\/\/cacaunews.com\/\"},{\"@type\":\"ListItem\",\"position\":2,\"name\":\"Itabuna: Divulgado calend\u00e1rio de vacina\u00e7\u00e3o na primeira semana de maio.\"}]},{\"@type\":\"WebSite\",\"@id\":\"https:\/\/cacaunews.com\/#website\",\"url\":\"https:\/\/cacaunews.com\/\",\"name\":\"Cacau News\",\"description\":\"A Informa\u00e7\u00e3o que voc\u00ea precisa!\",\"publisher\":{\"@id\":\"https:\/\/cacaunews.com\/#organization\"},\"potentialAction\":[{\"@type\":\"SearchAction\",\"target\":{\"@type\":\"EntryPoint\",\"urlTemplate\":\"https:\/\/cacaunews.com\/?s={search_term_string}\"},\"query-input\":\"required name=search_term_string\"}],\"inLanguage\":\"pt-BR\"},{\"@type\":\"Organization\",\"@id\":\"https:\/\/cacaunews.com\/#organization\",\"name\":\"Cacau News\",\"url\":\"https:\/\/cacaunews.com\/\",\"logo\":{\"@type\":\"ImageObject\",\"inLanguage\":\"pt-BR\",\"@id\":\"https:\/\/cacaunews.com\/#\/schema\/logo\/image\/\",\"url\":\"https:\/\/cacaunews.com\/wp-content\/uploads\/2025\/01\/cropped-LOGO-NOVA.png\",\"contentUrl\":\"https:\/\/cacaunews.com\/wp-content\/uploads\/2025\/01\/cropped-LOGO-NOVA.png\",\"width\":813,\"height\":813,\"caption\":\"Cacau News\"},\"image\":{\"@id\":\"https:\/\/cacaunews.com\/#\/schema\/logo\/image\/\"},\"sameAs\":[\"https:\/\/www.instagram.com\/cacaunews.online\/\",\"https:\/\/youtube.com\/@cacaunews?si=0VXLnjl08SrWbVG9\"]},{\"@type\":\"Person\",\"@id\":\"https:\/\/cacaunews.com\/#\/schema\/person\/ea69703103e606ad347ccd64bd72ef79\",\"name\":\"Reda\u00e7\u00e3o Cacau News\",\"image\":{\"@type\":\"ImageObject\",\"inLanguage\":\"pt-BR\",\"@id\":\"https:\/\/cacaunews.com\/#\/schema\/person\/image\/\",\"url\":\"https:\/\/secure.gravatar.com\/avatar\/d79227a2a7b6cc42e8d7a8f7c284cd3a?s=96&d=mm&r=g\",\"contentUrl\":\"https:\/\/secure.gravatar.com\/avatar\/d79227a2a7b6cc42e8d7a8f7c284cd3a?s=96&d=mm&r=g\",\"caption\":\"Reda\u00e7\u00e3o Cacau News\"},\"sameAs\":[\"https:\/\/cacaunews.com\"],\"url\":\"https:\/\/cacaunews.com\/?author=1\"}]}<\/script>\n<!-- \/ Yoast SEO plugin. -->","yoast_head_json":{"title":"Itabuna: Divulgado calend\u00e1rio de vacina\u00e7\u00e3o na primeira semana de maio. - Cacau News","robots":{"index":"index","follow":"follow","max-snippet":"max-snippet:-1","max-image-preview":"max-image-preview:large","max-video-preview":"max-video-preview:-1"},"canonical":"https:\/\/cacaunews.com\/?p=1493","og_locale":"pt_BR","og_type":"article","og_title":"Itabuna: Divulgado calend\u00e1rio de vacina\u00e7\u00e3o na primeira semana de maio. - Cacau News","og_description":"A Prefeitura de Itabuna, por meio da Secretaria Municipal de Sa\u00fade, divulga o calend\u00e1rio de...","og_url":"https:\/\/cacaunews.com\/?p=1493","og_site_name":"Cacau News","article_published_time":"2023-05-02T20:11:21+00:00","article_modified_time":"2023-05-02T20:10:56+00:00","og_image":[{"width":1024,"height":781,"url":"https:\/\/cacaunews.com\/wp-content\/uploads\/2023\/05\/WhatsApp-Image-2023-05-02-at-10.31.47-1024x781-1.jpeg","type":"image\/jpeg"}],"author":"Reda\u00e7\u00e3o Cacau News","twitter_card":"summary_large_image","twitter_misc":{"Escrito por":"Reda\u00e7\u00e3o Cacau News","Est. tempo de leitura":"4 minutos"},"schema":{"@context":"https:\/\/schema.org","@graph":[{"@type":"Article","@id":"https:\/\/cacaunews.com\/?p=1493#article","isPartOf":{"@id":"https:\/\/cacaunews.com\/?p=1493"},"author":{"name":"Reda\u00e7\u00e3o Cacau News","@id":"https:\/\/cacaunews.com\/#\/schema\/person\/ea69703103e606ad347ccd64bd72ef79"},"headline":"Itabuna: Divulgado calend\u00e1rio de vacina\u00e7\u00e3o na primeira semana de maio.","datePublished":"2023-05-02T20:11:21+00:00","dateModified":"2023-05-02T20:10:56+00:00","mainEntityOfPage":{"@id":"https:\/\/cacaunews.com\/?p=1493"},"wordCount":781,"commentCount":0,"publisher":{"@id":"https:\/\/cacaunews.com\/#organization"},"keywords":["itabuna","sa\u00fade","vacina\u00e7\u00e3o"],"articleSection":["cidades","Politica"],"inLanguage":"pt-BR","potentialAction":[{"@type":"CommentAction","name":"Comment","target":["https:\/\/cacaunews.com\/?p=1493#respond"]}]},{"@type":"WebPage","@id":"https:\/\/cacaunews.com\/?p=1493","url":"https:\/\/cacaunews.com\/?p=1493","name":"Itabuna: Divulgado calend\u00e1rio de vacina\u00e7\u00e3o na primeira semana de maio. - Cacau News","isPartOf":{"@id":"https:\/\/cacaunews.com\/#website"},"datePublished":"2023-05-02T20:11:21+00:00","dateModified":"2023-05-02T20:10:56+00:00","breadcrumb":{"@id":"https:\/\/cacaunews.com\/?p=1493#breadcrumb"},"inLanguage":"pt-BR","potentialAction":[{"@type":"ReadAction","target":["https:\/\/cacaunews.com\/?p=1493"]}]},{"@type":"BreadcrumbList","@id":"https:\/\/cacaunews.com\/?p=1493#breadcrumb","itemListElement":[{"@type":"ListItem","position":1,"name":"In\u00edcio","item":"https:\/\/cacaunews.com\/"},{"@type":"ListItem","position":2,"name":"Itabuna: Divulgado calend\u00e1rio de vacina\u00e7\u00e3o na primeira semana de maio."}]},{"@type":"WebSite","@id":"https:\/\/cacaunews.com\/#website","url":"https:\/\/cacaunews.com\/","name":"Cacau News","description":"A Informa\u00e7\u00e3o que voc\u00ea precisa!","publisher":{"@id":"https:\/\/cacaunews.com\/#organization"},"potentialAction":[{"@type":"SearchAction","target":{"@type":"EntryPoint","urlTemplate":"https:\/\/cacaunews.com\/?s={search_term_string}"},"query-input":"required name=search_term_string"}],"inLanguage":"pt-BR"},{"@type":"Organization","@id":"https:\/\/cacaunews.com\/#organization","name":"Cacau News","url":"https:\/\/cacaunews.com\/","logo":{"@type":"ImageObject","inLanguage":"pt-BR","@id":"https:\/\/cacaunews.com\/#\/schema\/logo\/image\/","url":"https:\/\/cacaunews.com\/wp-content\/uploads\/2025\/01\/cropped-LOGO-NOVA.png","contentUrl":"https:\/\/cacaunews.com\/wp-content\/uploads\/2025\/01\/cropped-LOGO-NOVA.png","width":813,"height":813,"caption":"Cacau News"},"image":{"@id":"https:\/\/cacaunews.com\/#\/schema\/logo\/image\/"},"sameAs":["https:\/\/www.instagram.com\/cacaunews.online\/","https:\/\/youtube.com\/@cacaunews?si=0VXLnjl08SrWbVG9"]},{"@type":"Person","@id":"https:\/\/cacaunews.com\/#\/schema\/person\/ea69703103e606ad347ccd64bd72ef79","name":"Reda\u00e7\u00e3o Cacau News","image":{"@type":"ImageObject","inLanguage":"pt-BR","@id":"https:\/\/cacaunews.com\/#\/schema\/person\/image\/","url":"https:\/\/secure.gravatar.com\/avatar\/d79227a2a7b6cc42e8d7a8f7c284cd3a?s=96&d=mm&r=g","contentUrl":"https:\/\/secure.gravatar.com\/avatar\/d79227a2a7b6cc42e8d7a8f7c284cd3a?s=96&d=mm&r=g","caption":"Reda\u00e7\u00e3o Cacau News"},"sameAs":["https:\/\/cacaunews.com"],"url":"https:\/\/cacaunews.com\/?author=1"}]}},"jetpack_sharing_enabled":true,"jetpack_featured_media_url":"https:\/\/cacaunews.com\/wp-content\/uploads\/2023\/05\/WhatsApp-Image-2023-05-02-at-10.31.47-1024x781-1.jpeg","_links":{"self":[{"href":"https:\/\/cacaunews.com\/index.php?rest_route=\/wp\/v2\/posts\/1493"}],"collection":[{"href":"https:\/\/cacaunews.com\/index.php?rest_route=\/wp\/v2\/posts"}],"about":[{"href":"https:\/\/cacaunews.com\/index.php?rest_route=\/wp\/v2\/types\/post"}],"author":[{"embeddable":true,"href":"https:\/\/cacaunews.com\/index.php?rest_route=\/wp\/v2\/users\/1"}],"replies":[{"embeddable":true,"href":"https:\/\/cacaunews.com\/index.php?rest_route=%2Fwp%2Fv2%2Fcomments&post=1493"}],"version-history":[{"count":1,"href":"https:\/\/cacaunews.com\/index.php?rest_route=\/wp\/v2\/posts\/1493\/revisions"}],"predecessor-version":[{"id":1498,"href":"https:\/\/cacaunews.com\/index.php?rest_route=\/wp\/v2\/posts\/1493\/revisions\/1498"}],"wp:featuredmedia":[{"embeddable":true,"href":"https:\/\/cacaunews.com\/index.php?rest_route=\/wp\/v2\/media\/1492"}],"wp:attachment":[{"href":"https:\/\/cacaunews.com\/index.php?rest_route=%2Fwp%2Fv2%2Fmedia&parent=1493"}],"wp:term":[{"taxonomy":"category","embeddable":true,"href":"https:\/\/cacaunews.com\/index.php?rest_route=%2Fwp%2Fv2%2Fcategories&post=1493"},{"taxonomy":"post_tag","embeddable":true,"href":"https:\/\/cacaunews.com\/index.php?rest_route=%2Fwp%2Fv2%2Ftags&post=1493"}],"curies":[{"name":"wp","href":"https:\/\/api.w.org\/{rel}","templated":true}]}}