{"id":1535,"date":"2023-05-04T13:03:02","date_gmt":"2023-05-04T13:03:02","guid":{"rendered":"https:\/\/cacaunews.com\/?p=1535"},"modified":"2023-05-04T13:04:01","modified_gmt":"2023-05-04T13:04:01","slug":"eunapolis-justica-nega-pedido-de-liminar-de-prefeita-contra-comissao-da-camara-que-investiga-denuncias","status":"publish","type":"post","link":"https:\/\/cacaunews.com\/?p=1535","title":{"rendered":"Eun\u00e1polis: Justi\u00e7a nega pedido de liminar de Prefeita contra Comiss\u00e3o da C\u00e2mara que investiga den\u00fancias."},"content":{"rendered":"\n<p>NEGADO | O juiz da 1\u00b0 Vara de Fazenda P\u00fablica de Eun\u00e1polis, Roberto Costa de Freitas Junior negou um pedido liminar em Mandado de Seguran\u00e7a solicitado pela prefeita de Eun\u00e1polis, Cordelia Torres de Almeida (Uni\u00e3o Brasil) que solicitava a suspens\u00e3o da Comiss\u00e3o Processante que investiga den\u00fancias feitas por um empres\u00e1rio contra a gestora.<\/p>\n\n\n\n<p>Segundo Cord\u00e9lia, o processo legal n\u00e3o teria sido respeitado, alegando n\u00e3o ter sido intimada pessoalmente do intitulado despacho saneador proferido pela comiss\u00e3o processante; de ter sido obrigada a providenciar a intima\u00e7\u00e3o das suas testemunhas ou faz\u00ea-las comparecer espontaneamente e que teria tido ainda indeferido o seu pedido de produ\u00e7\u00e3o de prova pericial sem motivos, segundo acusa.<\/p>\n\n\n\n<p>Por\u00e9m, ap\u00f3s an\u00e1lise do judici\u00e1rio, ficou constatado que a Comiss\u00e3o determinou sim a intima\u00e7\u00e3o pessoal da gestora e\/ou sua defesa.<\/p>\n\n\n\n<p>Tamb\u00e9m foi permitido \u00e0 impetrante que arrolasse suas testemunhas e determinou que a pr\u00f3pria demandante providenciasse a intima\u00e7\u00e3o, n\u00e3o havendo, a principio, viola\u00e7\u00e3o ao direito de defesa.<\/p>\n\n\n\n<p>Em rela\u00e7\u00e3o da acusa\u00e7\u00e3o de que houve rejei\u00e7\u00e3o da prova pericial, a decis\u00e3o esclareceu que o Legislativo \u00e9 o respons\u00e1vel por julgar a causa, se o juiz natural (ou seja, o juiz encarregado do caso) rejeitou uma prova pericial, o pr\u00f3prio Legislativo \u00e9 quem deve decidir se a prova \u00e9 necess\u00e1ria para o julgamento da causa.<\/p>\n\n\n\n<p>Nesse caso, o Poder Judici\u00e1rio n\u00e3o pode questionar a decis\u00e3o do juiz natural de n\u00e3o permitir a produ\u00e7\u00e3o da prova.<\/p>\n\n\n\n<p>Com Informa\u00e7\u00f5es Find Papo.<\/p>\n\n\n\n<figure class=\"wp-block-image size-large\"><img fetchpriority=\"high\" decoding=\"async\" width=\"596\" height=\"517\" src=\"https:\/\/cacaunews.com\/wp-content\/uploads\/2023\/05\/img_20230503_235550598943191610699235.jpg\" alt=\"\" class=\"wp-image-1542\" srcset=\"https:\/\/cacaunews.com\/wp-content\/uploads\/2023\/05\/img_20230503_235550598943191610699235.jpg 596w, https:\/\/cacaunews.com\/wp-content\/uploads\/2023\/05\/img_20230503_235550598943191610699235-300x260.jpg 300w\" sizes=\"(max-width: 596px) 100vw, 596px\" \/><\/figure>\n\n\n\n<p><\/p>\n","protected":false},"excerpt":{"rendered":"<p>NEGADO | O juiz da 1\u00b0 Vara de Fazenda P\u00fablica de Eun\u00e1polis, Roberto Costa de&#8230;<\/p>\n","protected":false},"author":1,"featured_media":1534,"comment_status":"open","ping_status":"open","sticky":false,"template":"","format":"standard","meta":{"footnotes":""},"categories":[18,11,5],"tags":[592,547,593,59],"yoast_head":"<!-- This site is optimized with the Yoast SEO plugin v21.7 - https:\/\/yoast.com\/wordpress\/plugins\/seo\/ -->\n<title>Eun\u00e1polis: Justi\u00e7a nega pedido de liminar de Prefeita contra Comiss\u00e3o da C\u00e2mara que investiga den\u00fancias. - Cacau News<\/title>\n<meta name=\"robots\" content=\"index, follow, max-snippet:-1, max-image-preview:large, max-video-preview:-1\" \/>\n<link rel=\"canonical\" href=\"https:\/\/cacaunews.com\/?p=1535\" \/>\n<meta property=\"og:locale\" content=\"pt_BR\" \/>\n<meta property=\"og:type\" content=\"article\" \/>\n<meta property=\"og:title\" content=\"Eun\u00e1polis: Justi\u00e7a nega pedido de liminar de Prefeita contra Comiss\u00e3o da C\u00e2mara que investiga den\u00fancias. - Cacau News\" \/>\n<meta property=\"og:description\" content=\"NEGADO | O juiz da 1\u00b0 Vara de Fazenda P\u00fablica de Eun\u00e1polis, Roberto Costa de...\" \/>\n<meta property=\"og:url\" content=\"https:\/\/cacaunews.com\/?p=1535\" \/>\n<meta property=\"og:site_name\" content=\"Cacau News\" \/>\n<meta property=\"article:published_time\" content=\"2023-05-04T13:03:02+00:00\" \/>\n<meta property=\"article:modified_time\" content=\"2023-05-04T13:04:01+00:00\" \/>\n<meta property=\"og:image\" content=\"https:\/\/cacaunews.com\/wp-content\/uploads\/2023\/05\/Handler28129.jpg\" \/>\n\t<meta property=\"og:image:width\" content=\"640\" \/>\n\t<meta property=\"og:image:height\" content=\"479\" \/>\n\t<meta property=\"og:image:type\" content=\"image\/jpeg\" \/>\n<meta name=\"author\" content=\"Reda\u00e7\u00e3o Cacau News\" \/>\n<meta name=\"twitter:card\" content=\"summary_large_image\" \/>\n<meta name=\"twitter:label1\" content=\"Escrito por\" \/>\n\t<meta name=\"twitter:data1\" content=\"Reda\u00e7\u00e3o Cacau News\" \/>\n\t<meta name=\"twitter:label2\" content=\"Est. tempo de leitura\" \/>\n\t<meta name=\"twitter:data2\" content=\"1 minuto\" \/>\n<script type=\"application\/ld+json\" class=\"yoast-schema-graph\">{\"@context\":\"https:\/\/schema.org\",\"@graph\":[{\"@type\":\"Article\",\"@id\":\"https:\/\/cacaunews.com\/?p=1535#article\",\"isPartOf\":{\"@id\":\"https:\/\/cacaunews.com\/?p=1535\"},\"author\":{\"name\":\"Reda\u00e7\u00e3o Cacau News\",\"@id\":\"https:\/\/cacaunews.com\/#\/schema\/person\/ea69703103e606ad347ccd64bd72ef79\"},\"headline\":\"Eun\u00e1polis: Justi\u00e7a nega pedido de liminar de Prefeita contra Comiss\u00e3o da C\u00e2mara que investiga den\u00fancias.\",\"datePublished\":\"2023-05-04T13:03:02+00:00\",\"dateModified\":\"2023-05-04T13:04:01+00:00\",\"mainEntityOfPage\":{\"@id\":\"https:\/\/cacaunews.com\/?p=1535\"},\"wordCount\":291,\"commentCount\":0,\"publisher\":{\"@id\":\"https:\/\/cacaunews.com\/#organization\"},\"keywords\":[\"cord\u00e9lia\",\"Eun\u00e1polis\",\"indeferimento\",\"justi\u00e7a\"],\"articleSection\":[\"cidades\",\"Jornalismo\",\"Politica\"],\"inLanguage\":\"pt-BR\",\"potentialAction\":[{\"@type\":\"CommentAction\",\"name\":\"Comment\",\"target\":[\"https:\/\/cacaunews.com\/?p=1535#respond\"]}]},{\"@type\":\"WebPage\",\"@id\":\"https:\/\/cacaunews.com\/?p=1535\",\"url\":\"https:\/\/cacaunews.com\/?p=1535\",\"name\":\"Eun\u00e1polis: Justi\u00e7a nega pedido de liminar de Prefeita contra Comiss\u00e3o da C\u00e2mara que investiga den\u00fancias. - Cacau News\",\"isPartOf\":{\"@id\":\"https:\/\/cacaunews.com\/#website\"},\"datePublished\":\"2023-05-04T13:03:02+00:00\",\"dateModified\":\"2023-05-04T13:04:01+00:00\",\"breadcrumb\":{\"@id\":\"https:\/\/cacaunews.com\/?p=1535#breadcrumb\"},\"inLanguage\":\"pt-BR\",\"potentialAction\":[{\"@type\":\"ReadAction\",\"target\":[\"https:\/\/cacaunews.com\/?p=1535\"]}]},{\"@type\":\"BreadcrumbList\",\"@id\":\"https:\/\/cacaunews.com\/?p=1535#breadcrumb\",\"itemListElement\":[{\"@type\":\"ListItem\",\"position\":1,\"name\":\"In\u00edcio\",\"item\":\"https:\/\/cacaunews.com\/\"},{\"@type\":\"ListItem\",\"position\":2,\"name\":\"Eun\u00e1polis: Justi\u00e7a nega pedido de liminar de Prefeita contra Comiss\u00e3o da C\u00e2mara que investiga den\u00fancias.\"}]},{\"@type\":\"WebSite\",\"@id\":\"https:\/\/cacaunews.com\/#website\",\"url\":\"https:\/\/cacaunews.com\/\",\"name\":\"Cacau News\",\"description\":\"A Informa\u00e7\u00e3o que voc\u00ea precisa!\",\"publisher\":{\"@id\":\"https:\/\/cacaunews.com\/#organization\"},\"potentialAction\":[{\"@type\":\"SearchAction\",\"target\":{\"@type\":\"EntryPoint\",\"urlTemplate\":\"https:\/\/cacaunews.com\/?s={search_term_string}\"},\"query-input\":\"required name=search_term_string\"}],\"inLanguage\":\"pt-BR\"},{\"@type\":\"Organization\",\"@id\":\"https:\/\/cacaunews.com\/#organization\",\"name\":\"Cacau News\",\"url\":\"https:\/\/cacaunews.com\/\",\"logo\":{\"@type\":\"ImageObject\",\"inLanguage\":\"pt-BR\",\"@id\":\"https:\/\/cacaunews.com\/#\/schema\/logo\/image\/\",\"url\":\"https:\/\/cacaunews.com\/wp-content\/uploads\/2025\/01\/cropped-LOGO-NOVA.png\",\"contentUrl\":\"https:\/\/cacaunews.com\/wp-content\/uploads\/2025\/01\/cropped-LOGO-NOVA.png\",\"width\":813,\"height\":813,\"caption\":\"Cacau News\"},\"image\":{\"@id\":\"https:\/\/cacaunews.com\/#\/schema\/logo\/image\/\"},\"sameAs\":[\"https:\/\/www.instagram.com\/cacaunews.online\/\",\"https:\/\/youtube.com\/@cacaunews?si=0VXLnjl08SrWbVG9\"]},{\"@type\":\"Person\",\"@id\":\"https:\/\/cacaunews.com\/#\/schema\/person\/ea69703103e606ad347ccd64bd72ef79\",\"name\":\"Reda\u00e7\u00e3o Cacau News\",\"image\":{\"@type\":\"ImageObject\",\"inLanguage\":\"pt-BR\",\"@id\":\"https:\/\/cacaunews.com\/#\/schema\/person\/image\/\",\"url\":\"https:\/\/secure.gravatar.com\/avatar\/d79227a2a7b6cc42e8d7a8f7c284cd3a?s=96&d=mm&r=g\",\"contentUrl\":\"https:\/\/secure.gravatar.com\/avatar\/d79227a2a7b6cc42e8d7a8f7c284cd3a?s=96&d=mm&r=g\",\"caption\":\"Reda\u00e7\u00e3o Cacau News\"},\"sameAs\":[\"https:\/\/cacaunews.com\"],\"url\":\"https:\/\/cacaunews.com\/?author=1\"}]}<\/script>\n<!-- \/ Yoast SEO plugin. -->","yoast_head_json":{"title":"Eun\u00e1polis: Justi\u00e7a nega pedido de liminar de Prefeita contra Comiss\u00e3o da C\u00e2mara que investiga den\u00fancias. - Cacau News","robots":{"index":"index","follow":"follow","max-snippet":"max-snippet:-1","max-image-preview":"max-image-preview:large","max-video-preview":"max-video-preview:-1"},"canonical":"https:\/\/cacaunews.com\/?p=1535","og_locale":"pt_BR","og_type":"article","og_title":"Eun\u00e1polis: Justi\u00e7a nega pedido de liminar de Prefeita contra Comiss\u00e3o da C\u00e2mara que investiga den\u00fancias. - Cacau News","og_description":"NEGADO | O juiz da 1\u00b0 Vara de Fazenda P\u00fablica de Eun\u00e1polis, Roberto Costa de...","og_url":"https:\/\/cacaunews.com\/?p=1535","og_site_name":"Cacau News","article_published_time":"2023-05-04T13:03:02+00:00","article_modified_time":"2023-05-04T13:04:01+00:00","og_image":[{"width":640,"height":479,"url":"https:\/\/cacaunews.com\/wp-content\/uploads\/2023\/05\/Handler28129.jpg","type":"image\/jpeg"}],"author":"Reda\u00e7\u00e3o Cacau News","twitter_card":"summary_large_image","twitter_misc":{"Escrito por":"Reda\u00e7\u00e3o Cacau News","Est. tempo de leitura":"1 minuto"},"schema":{"@context":"https:\/\/schema.org","@graph":[{"@type":"Article","@id":"https:\/\/cacaunews.com\/?p=1535#article","isPartOf":{"@id":"https:\/\/cacaunews.com\/?p=1535"},"author":{"name":"Reda\u00e7\u00e3o Cacau News","@id":"https:\/\/cacaunews.com\/#\/schema\/person\/ea69703103e606ad347ccd64bd72ef79"},"headline":"Eun\u00e1polis: Justi\u00e7a nega pedido de liminar de Prefeita contra Comiss\u00e3o da C\u00e2mara que investiga den\u00fancias.","datePublished":"2023-05-04T13:03:02+00:00","dateModified":"2023-05-04T13:04:01+00:00","mainEntityOfPage":{"@id":"https:\/\/cacaunews.com\/?p=1535"},"wordCount":291,"commentCount":0,"publisher":{"@id":"https:\/\/cacaunews.com\/#organization"},"keywords":["cord\u00e9lia","Eun\u00e1polis","indeferimento","justi\u00e7a"],"articleSection":["cidades","Jornalismo","Politica"],"inLanguage":"pt-BR","potentialAction":[{"@type":"CommentAction","name":"Comment","target":["https:\/\/cacaunews.com\/?p=1535#respond"]}]},{"@type":"WebPage","@id":"https:\/\/cacaunews.com\/?p=1535","url":"https:\/\/cacaunews.com\/?p=1535","name":"Eun\u00e1polis: Justi\u00e7a nega pedido de liminar de Prefeita contra Comiss\u00e3o da C\u00e2mara que investiga den\u00fancias. - Cacau News","isPartOf":{"@id":"https:\/\/cacaunews.com\/#website"},"datePublished":"2023-05-04T13:03:02+00:00","dateModified":"2023-05-04T13:04:01+00:00","breadcrumb":{"@id":"https:\/\/cacaunews.com\/?p=1535#breadcrumb"},"inLanguage":"pt-BR","potentialAction":[{"@type":"ReadAction","target":["https:\/\/cacaunews.com\/?p=1535"]}]},{"@type":"BreadcrumbList","@id":"https:\/\/cacaunews.com\/?p=1535#breadcrumb","itemListElement":[{"@type":"ListItem","position":1,"name":"In\u00edcio","item":"https:\/\/cacaunews.com\/"},{"@type":"ListItem","position":2,"name":"Eun\u00e1polis: Justi\u00e7a nega pedido de liminar de Prefeita contra Comiss\u00e3o da C\u00e2mara que investiga den\u00fancias."}]},{"@type":"WebSite","@id":"https:\/\/cacaunews.com\/#website","url":"https:\/\/cacaunews.com\/","name":"Cacau News","description":"A Informa\u00e7\u00e3o que voc\u00ea precisa!","publisher":{"@id":"https:\/\/cacaunews.com\/#organization"},"potentialAction":[{"@type":"SearchAction","target":{"@type":"EntryPoint","urlTemplate":"https:\/\/cacaunews.com\/?s={search_term_string}"},"query-input":"required name=search_term_string"}],"inLanguage":"pt-BR"},{"@type":"Organization","@id":"https:\/\/cacaunews.com\/#organization","name":"Cacau News","url":"https:\/\/cacaunews.com\/","logo":{"@type":"ImageObject","inLanguage":"pt-BR","@id":"https:\/\/cacaunews.com\/#\/schema\/logo\/image\/","url":"https:\/\/cacaunews.com\/wp-content\/uploads\/2025\/01\/cropped-LOGO-NOVA.png","contentUrl":"https:\/\/cacaunews.com\/wp-content\/uploads\/2025\/01\/cropped-LOGO-NOVA.png","width":813,"height":813,"caption":"Cacau News"},"image":{"@id":"https:\/\/cacaunews.com\/#\/schema\/logo\/image\/"},"sameAs":["https:\/\/www.instagram.com\/cacaunews.online\/","https:\/\/youtube.com\/@cacaunews?si=0VXLnjl08SrWbVG9"]},{"@type":"Person","@id":"https:\/\/cacaunews.com\/#\/schema\/person\/ea69703103e606ad347ccd64bd72ef79","name":"Reda\u00e7\u00e3o Cacau News","image":{"@type":"ImageObject","inLanguage":"pt-BR","@id":"https:\/\/cacaunews.com\/#\/schema\/person\/image\/","url":"https:\/\/secure.gravatar.com\/avatar\/d79227a2a7b6cc42e8d7a8f7c284cd3a?s=96&d=mm&r=g","contentUrl":"https:\/\/secure.gravatar.com\/avatar\/d79227a2a7b6cc42e8d7a8f7c284cd3a?s=96&d=mm&r=g","caption":"Reda\u00e7\u00e3o Cacau News"},"sameAs":["https:\/\/cacaunews.com"],"url":"https:\/\/cacaunews.com\/?author=1"}]}},"jetpack_sharing_enabled":true,"jetpack_featured_media_url":"https:\/\/cacaunews.com\/wp-content\/uploads\/2023\/05\/Handler28129.jpg","_links":{"self":[{"href":"https:\/\/cacaunews.com\/index.php?rest_route=\/wp\/v2\/posts\/1535"}],"collection":[{"href":"https:\/\/cacaunews.com\/index.php?rest_route=\/wp\/v2\/posts"}],"about":[{"href":"https:\/\/cacaunews.com\/index.php?rest_route=\/wp\/v2\/types\/post"}],"author":[{"embeddable":true,"href":"https:\/\/cacaunews.com\/index.php?rest_route=\/wp\/v2\/users\/1"}],"replies":[{"embeddable":true,"href":"https:\/\/cacaunews.com\/index.php?rest_route=%2Fwp%2Fv2%2Fcomments&post=1535"}],"version-history":[{"count":3,"href":"https:\/\/cacaunews.com\/index.php?rest_route=\/wp\/v2\/posts\/1535\/revisions"}],"predecessor-version":[{"id":1544,"href":"https:\/\/cacaunews.com\/index.php?rest_route=\/wp\/v2\/posts\/1535\/revisions\/1544"}],"wp:featuredmedia":[{"embeddable":true,"href":"https:\/\/cacaunews.com\/index.php?rest_route=\/wp\/v2\/media\/1534"}],"wp:attachment":[{"href":"https:\/\/cacaunews.com\/index.php?rest_route=%2Fwp%2Fv2%2Fmedia&parent=1535"}],"wp:term":[{"taxonomy":"category","embeddable":true,"href":"https:\/\/cacaunews.com\/index.php?rest_route=%2Fwp%2Fv2%2Fcategories&post=1535"},{"taxonomy":"post_tag","embeddable":true,"href":"https:\/\/cacaunews.com\/index.php?rest_route=%2Fwp%2Fv2%2Ftags&post=1535"}],"curies":[{"name":"wp","href":"https:\/\/api.w.org\/{rel}","templated":true}]}}