{"id":1559,"date":"2023-05-05T14:09:46","date_gmt":"2023-05-05T14:09:46","guid":{"rendered":"https:\/\/cacaunews.com\/?p=1559"},"modified":"2023-05-05T14:09:24","modified_gmt":"2023-05-05T14:09:24","slug":"itabuna-tera-dia-d-no-sabado-da-campanha-nacional-de-vacinacao","status":"publish","type":"post","link":"https:\/\/cacaunews.com\/?p=1559","title":{"rendered":"Itabuna ter\u00e1 Dia D no s\u00e1bado da Campanha Nacional de Vacina\u00e7\u00e3o."},"content":{"rendered":"\n<p>Neste s\u00e1bado, dia 6, acontece o Dia D da Campanha Nacional de Vacina\u00e7\u00e3o das 8 \u00e0s 16h, nas Unidades B\u00e1sicas e de Sa\u00fade da Fam\u00edlia. O objetivo \u00e9 mobilizar e conscientizar o p\u00fablico para a vacina\u00e7\u00e3o contra o v\u00edrus Influenza e refor\u00e7ar o Bivalente Pfizer contra a Covid-19 e sobre a import\u00e2ncia de completar a completa imuniza\u00e7\u00e3o.<br><br>Para a vacina\u00e7\u00e3o contra o v\u00edrus Influenza o p\u00fablico-alvo s\u00e3o crian\u00e7as de 6 meses a menores de 6 anos de idade (5 anos, 11 meses e 29 dias), gestantes e pu\u00e9rperas (mulheres que deram \u00e0 luz recentemente), trabalhadores em Sa\u00fade, idosos maiores de 60 anos, professores da rede p\u00fablica ou privada (ensino b\u00e1sico, fundamental ou superior).<br><br>Al\u00e9m destes, portadores de comorbidades ou defici\u00eancia permanente, profissionais das For\u00e7as de Seguran\u00e7a e Salvamento, trabalhadores no transporte coletivo rodovi\u00e1rio, caminhoneiros, funcion\u00e1rios do sistema de priva\u00e7\u00e3o de liberdade. Adolescentes e jovens de 12 a 21 anos de idade sob medidas socioeducativas tamb\u00e9m s\u00e3o eleg\u00edveis.<br><br>J\u00e1 para vacina\u00e7\u00e3o do refor\u00e7o contra a Covid-19 com a Pfizer Bivalente o p\u00fablico-alvo s\u00e3o adultos maiores de 18 anos (com ou sem comorbidades), gestantes e pu\u00e9rperas, pessoas com defici\u00eancia permanente (a partir de 12 anos de idade), pessoas com imunossupress\u00e3o (a partir de 12 anos de idade), e portadores de comorbidades maiores de 12 anos.<br><br>A Coordenadora da Rede de Frio, Camila Brito, destaca que esse \u00e9 um momento crucial para completar o esquema vacinal. \u201cEstamos no per\u00edodo de propaga\u00e7\u00e3o da gripe Influenza. Al\u00e9m disso, tamb\u00e9m h\u00e1 novas variantes da Covid-19. Por isso, a necessidade de proteger toda a fam\u00edlia\u201d, real\u00e7ou.<br><br>\u201cA vacina\u00e7\u00e3o acontecer\u00e1 em um s\u00e1bado at\u00e9 as 16h para alcan\u00e7ar tamb\u00e9m pessoas que trabalham em hor\u00e1rio comercial durante a semana\u201d, disse, refor\u00e7ando o apelo para que as pessoas dos subgrupos definidos compare\u00e7am \u00e0s USF e UBS.<br><br>A documenta\u00e7\u00e3o necess\u00e1ria \u00e9 o CPF e cart\u00e3o de vacina\u00e7\u00e3o. Vale destacar que os pacientes portadores de comorbidades dever\u00e3o trazer relat\u00f3rio m\u00e9dico atualizado (\u00faltimos 6 meses).<br><br><br><br><br><\/p>\n\n\n\n<p><\/p>\n","protected":false},"excerpt":{"rendered":"<p>Neste s\u00e1bado, dia 6, acontece o Dia D da Campanha Nacional de Vacina\u00e7\u00e3o das 8&#8230;<\/p>\n","protected":false},"author":1,"featured_media":1558,"comment_status":"open","ping_status":"open","sticky":false,"template":"","format":"standard","meta":{"footnotes":""},"categories":[18,11],"tags":[604,27,165],"yoast_head":"<!-- This site is optimized with the Yoast SEO plugin v21.7 - https:\/\/yoast.com\/wordpress\/plugins\/seo\/ -->\n<title>Itabuna ter\u00e1 Dia D no s\u00e1bado da Campanha Nacional de Vacina\u00e7\u00e3o. - Cacau News<\/title>\n<meta name=\"robots\" content=\"index, follow, max-snippet:-1, max-image-preview:large, max-video-preview:-1\" \/>\n<link rel=\"canonical\" href=\"https:\/\/cacaunews.com\/?p=1559\" \/>\n<meta property=\"og:locale\" content=\"pt_BR\" \/>\n<meta property=\"og:type\" content=\"article\" \/>\n<meta property=\"og:title\" content=\"Itabuna ter\u00e1 Dia D no s\u00e1bado da Campanha Nacional de Vacina\u00e7\u00e3o. - Cacau News\" \/>\n<meta property=\"og:description\" content=\"Neste s\u00e1bado, dia 6, acontece o Dia D da Campanha Nacional de Vacina\u00e7\u00e3o das 8...\" \/>\n<meta property=\"og:url\" content=\"https:\/\/cacaunews.com\/?p=1559\" \/>\n<meta property=\"og:site_name\" content=\"Cacau News\" \/>\n<meta property=\"article:published_time\" content=\"2023-05-05T14:09:46+00:00\" \/>\n<meta property=\"article:modified_time\" content=\"2023-05-05T14:09:24+00:00\" \/>\n<meta property=\"og:image\" content=\"https:\/\/cacaunews.com\/wp-content\/uploads\/2023\/05\/IDOSOS-VACINA-ILHEUS-768x380-1.png\" \/>\n\t<meta property=\"og:image:width\" content=\"768\" \/>\n\t<meta property=\"og:image:height\" content=\"380\" \/>\n\t<meta property=\"og:image:type\" content=\"image\/png\" \/>\n<meta name=\"author\" content=\"Reda\u00e7\u00e3o Cacau News\" \/>\n<meta name=\"twitter:card\" content=\"summary_large_image\" \/>\n<meta name=\"twitter:label1\" content=\"Escrito por\" \/>\n\t<meta name=\"twitter:data1\" content=\"Reda\u00e7\u00e3o Cacau News\" \/>\n\t<meta name=\"twitter:label2\" content=\"Est. tempo de leitura\" \/>\n\t<meta name=\"twitter:data2\" content=\"2 minutos\" \/>\n<script type=\"application\/ld+json\" class=\"yoast-schema-graph\">{\"@context\":\"https:\/\/schema.org\",\"@graph\":[{\"@type\":\"Article\",\"@id\":\"https:\/\/cacaunews.com\/?p=1559#article\",\"isPartOf\":{\"@id\":\"https:\/\/cacaunews.com\/?p=1559\"},\"author\":{\"name\":\"Reda\u00e7\u00e3o Cacau News\",\"@id\":\"https:\/\/cacaunews.com\/#\/schema\/person\/ea69703103e606ad347ccd64bd72ef79\"},\"headline\":\"Itabuna ter\u00e1 Dia D no s\u00e1bado da Campanha Nacional de Vacina\u00e7\u00e3o.\",\"datePublished\":\"2023-05-05T14:09:46+00:00\",\"dateModified\":\"2023-05-05T14:09:24+00:00\",\"mainEntityOfPage\":{\"@id\":\"https:\/\/cacaunews.com\/?p=1559\"},\"wordCount\":373,\"commentCount\":0,\"publisher\":{\"@id\":\"https:\/\/cacaunews.com\/#organization\"},\"keywords\":[\"dia D\",\"itabuna\",\"vacina\u00e7\u00e3o\"],\"articleSection\":[\"cidades\",\"Jornalismo\"],\"inLanguage\":\"pt-BR\",\"potentialAction\":[{\"@type\":\"CommentAction\",\"name\":\"Comment\",\"target\":[\"https:\/\/cacaunews.com\/?p=1559#respond\"]}]},{\"@type\":\"WebPage\",\"@id\":\"https:\/\/cacaunews.com\/?p=1559\",\"url\":\"https:\/\/cacaunews.com\/?p=1559\",\"name\":\"Itabuna ter\u00e1 Dia D no s\u00e1bado da Campanha Nacional de Vacina\u00e7\u00e3o. - Cacau News\",\"isPartOf\":{\"@id\":\"https:\/\/cacaunews.com\/#website\"},\"datePublished\":\"2023-05-05T14:09:46+00:00\",\"dateModified\":\"2023-05-05T14:09:24+00:00\",\"breadcrumb\":{\"@id\":\"https:\/\/cacaunews.com\/?p=1559#breadcrumb\"},\"inLanguage\":\"pt-BR\",\"potentialAction\":[{\"@type\":\"ReadAction\",\"target\":[\"https:\/\/cacaunews.com\/?p=1559\"]}]},{\"@type\":\"BreadcrumbList\",\"@id\":\"https:\/\/cacaunews.com\/?p=1559#breadcrumb\",\"itemListElement\":[{\"@type\":\"ListItem\",\"position\":1,\"name\":\"In\u00edcio\",\"item\":\"https:\/\/cacaunews.com\/\"},{\"@type\":\"ListItem\",\"position\":2,\"name\":\"Itabuna ter\u00e1 Dia D no s\u00e1bado da Campanha Nacional de Vacina\u00e7\u00e3o.\"}]},{\"@type\":\"WebSite\",\"@id\":\"https:\/\/cacaunews.com\/#website\",\"url\":\"https:\/\/cacaunews.com\/\",\"name\":\"Cacau News\",\"description\":\"A Informa\u00e7\u00e3o que voc\u00ea precisa!\",\"publisher\":{\"@id\":\"https:\/\/cacaunews.com\/#organization\"},\"potentialAction\":[{\"@type\":\"SearchAction\",\"target\":{\"@type\":\"EntryPoint\",\"urlTemplate\":\"https:\/\/cacaunews.com\/?s={search_term_string}\"},\"query-input\":\"required name=search_term_string\"}],\"inLanguage\":\"pt-BR\"},{\"@type\":\"Organization\",\"@id\":\"https:\/\/cacaunews.com\/#organization\",\"name\":\"Cacau News\",\"url\":\"https:\/\/cacaunews.com\/\",\"logo\":{\"@type\":\"ImageObject\",\"inLanguage\":\"pt-BR\",\"@id\":\"https:\/\/cacaunews.com\/#\/schema\/logo\/image\/\",\"url\":\"https:\/\/cacaunews.com\/wp-content\/uploads\/2025\/01\/cropped-LOGO-NOVA.png\",\"contentUrl\":\"https:\/\/cacaunews.com\/wp-content\/uploads\/2025\/01\/cropped-LOGO-NOVA.png\",\"width\":813,\"height\":813,\"caption\":\"Cacau News\"},\"image\":{\"@id\":\"https:\/\/cacaunews.com\/#\/schema\/logo\/image\/\"},\"sameAs\":[\"https:\/\/www.instagram.com\/cacaunews.online\/\",\"https:\/\/youtube.com\/@cacaunews?si=0VXLnjl08SrWbVG9\"]},{\"@type\":\"Person\",\"@id\":\"https:\/\/cacaunews.com\/#\/schema\/person\/ea69703103e606ad347ccd64bd72ef79\",\"name\":\"Reda\u00e7\u00e3o Cacau News\",\"image\":{\"@type\":\"ImageObject\",\"inLanguage\":\"pt-BR\",\"@id\":\"https:\/\/cacaunews.com\/#\/schema\/person\/image\/\",\"url\":\"https:\/\/secure.gravatar.com\/avatar\/d79227a2a7b6cc42e8d7a8f7c284cd3a?s=96&d=mm&r=g\",\"contentUrl\":\"https:\/\/secure.gravatar.com\/avatar\/d79227a2a7b6cc42e8d7a8f7c284cd3a?s=96&d=mm&r=g\",\"caption\":\"Reda\u00e7\u00e3o Cacau News\"},\"sameAs\":[\"https:\/\/cacaunews.com\"],\"url\":\"https:\/\/cacaunews.com\/?author=1\"}]}<\/script>\n<!-- \/ Yoast SEO plugin. -->","yoast_head_json":{"title":"Itabuna ter\u00e1 Dia D no s\u00e1bado da Campanha Nacional de Vacina\u00e7\u00e3o. - Cacau News","robots":{"index":"index","follow":"follow","max-snippet":"max-snippet:-1","max-image-preview":"max-image-preview:large","max-video-preview":"max-video-preview:-1"},"canonical":"https:\/\/cacaunews.com\/?p=1559","og_locale":"pt_BR","og_type":"article","og_title":"Itabuna ter\u00e1 Dia D no s\u00e1bado da Campanha Nacional de Vacina\u00e7\u00e3o. - Cacau News","og_description":"Neste s\u00e1bado, dia 6, acontece o Dia D da Campanha Nacional de Vacina\u00e7\u00e3o das 8...","og_url":"https:\/\/cacaunews.com\/?p=1559","og_site_name":"Cacau News","article_published_time":"2023-05-05T14:09:46+00:00","article_modified_time":"2023-05-05T14:09:24+00:00","og_image":[{"width":768,"height":380,"url":"https:\/\/cacaunews.com\/wp-content\/uploads\/2023\/05\/IDOSOS-VACINA-ILHEUS-768x380-1.png","type":"image\/png"}],"author":"Reda\u00e7\u00e3o Cacau News","twitter_card":"summary_large_image","twitter_misc":{"Escrito por":"Reda\u00e7\u00e3o Cacau News","Est. tempo de leitura":"2 minutos"},"schema":{"@context":"https:\/\/schema.org","@graph":[{"@type":"Article","@id":"https:\/\/cacaunews.com\/?p=1559#article","isPartOf":{"@id":"https:\/\/cacaunews.com\/?p=1559"},"author":{"name":"Reda\u00e7\u00e3o Cacau News","@id":"https:\/\/cacaunews.com\/#\/schema\/person\/ea69703103e606ad347ccd64bd72ef79"},"headline":"Itabuna ter\u00e1 Dia D no s\u00e1bado da Campanha Nacional de Vacina\u00e7\u00e3o.","datePublished":"2023-05-05T14:09:46+00:00","dateModified":"2023-05-05T14:09:24+00:00","mainEntityOfPage":{"@id":"https:\/\/cacaunews.com\/?p=1559"},"wordCount":373,"commentCount":0,"publisher":{"@id":"https:\/\/cacaunews.com\/#organization"},"keywords":["dia D","itabuna","vacina\u00e7\u00e3o"],"articleSection":["cidades","Jornalismo"],"inLanguage":"pt-BR","potentialAction":[{"@type":"CommentAction","name":"Comment","target":["https:\/\/cacaunews.com\/?p=1559#respond"]}]},{"@type":"WebPage","@id":"https:\/\/cacaunews.com\/?p=1559","url":"https:\/\/cacaunews.com\/?p=1559","name":"Itabuna ter\u00e1 Dia D no s\u00e1bado da Campanha Nacional de Vacina\u00e7\u00e3o. - Cacau News","isPartOf":{"@id":"https:\/\/cacaunews.com\/#website"},"datePublished":"2023-05-05T14:09:46+00:00","dateModified":"2023-05-05T14:09:24+00:00","breadcrumb":{"@id":"https:\/\/cacaunews.com\/?p=1559#breadcrumb"},"inLanguage":"pt-BR","potentialAction":[{"@type":"ReadAction","target":["https:\/\/cacaunews.com\/?p=1559"]}]},{"@type":"BreadcrumbList","@id":"https:\/\/cacaunews.com\/?p=1559#breadcrumb","itemListElement":[{"@type":"ListItem","position":1,"name":"In\u00edcio","item":"https:\/\/cacaunews.com\/"},{"@type":"ListItem","position":2,"name":"Itabuna ter\u00e1 Dia D no s\u00e1bado da Campanha Nacional de Vacina\u00e7\u00e3o."}]},{"@type":"WebSite","@id":"https:\/\/cacaunews.com\/#website","url":"https:\/\/cacaunews.com\/","name":"Cacau News","description":"A Informa\u00e7\u00e3o que voc\u00ea precisa!","publisher":{"@id":"https:\/\/cacaunews.com\/#organization"},"potentialAction":[{"@type":"SearchAction","target":{"@type":"EntryPoint","urlTemplate":"https:\/\/cacaunews.com\/?s={search_term_string}"},"query-input":"required name=search_term_string"}],"inLanguage":"pt-BR"},{"@type":"Organization","@id":"https:\/\/cacaunews.com\/#organization","name":"Cacau News","url":"https:\/\/cacaunews.com\/","logo":{"@type":"ImageObject","inLanguage":"pt-BR","@id":"https:\/\/cacaunews.com\/#\/schema\/logo\/image\/","url":"https:\/\/cacaunews.com\/wp-content\/uploads\/2025\/01\/cropped-LOGO-NOVA.png","contentUrl":"https:\/\/cacaunews.com\/wp-content\/uploads\/2025\/01\/cropped-LOGO-NOVA.png","width":813,"height":813,"caption":"Cacau News"},"image":{"@id":"https:\/\/cacaunews.com\/#\/schema\/logo\/image\/"},"sameAs":["https:\/\/www.instagram.com\/cacaunews.online\/","https:\/\/youtube.com\/@cacaunews?si=0VXLnjl08SrWbVG9"]},{"@type":"Person","@id":"https:\/\/cacaunews.com\/#\/schema\/person\/ea69703103e606ad347ccd64bd72ef79","name":"Reda\u00e7\u00e3o Cacau News","image":{"@type":"ImageObject","inLanguage":"pt-BR","@id":"https:\/\/cacaunews.com\/#\/schema\/person\/image\/","url":"https:\/\/secure.gravatar.com\/avatar\/d79227a2a7b6cc42e8d7a8f7c284cd3a?s=96&d=mm&r=g","contentUrl":"https:\/\/secure.gravatar.com\/avatar\/d79227a2a7b6cc42e8d7a8f7c284cd3a?s=96&d=mm&r=g","caption":"Reda\u00e7\u00e3o Cacau News"},"sameAs":["https:\/\/cacaunews.com"],"url":"https:\/\/cacaunews.com\/?author=1"}]}},"jetpack_sharing_enabled":true,"jetpack_featured_media_url":"https:\/\/cacaunews.com\/wp-content\/uploads\/2023\/05\/IDOSOS-VACINA-ILHEUS-768x380-1.png","_links":{"self":[{"href":"https:\/\/cacaunews.com\/index.php?rest_route=\/wp\/v2\/posts\/1559"}],"collection":[{"href":"https:\/\/cacaunews.com\/index.php?rest_route=\/wp\/v2\/posts"}],"about":[{"href":"https:\/\/cacaunews.com\/index.php?rest_route=\/wp\/v2\/types\/post"}],"author":[{"embeddable":true,"href":"https:\/\/cacaunews.com\/index.php?rest_route=\/wp\/v2\/users\/1"}],"replies":[{"embeddable":true,"href":"https:\/\/cacaunews.com\/index.php?rest_route=%2Fwp%2Fv2%2Fcomments&post=1559"}],"version-history":[{"count":1,"href":"https:\/\/cacaunews.com\/index.php?rest_route=\/wp\/v2\/posts\/1559\/revisions"}],"predecessor-version":[{"id":1560,"href":"https:\/\/cacaunews.com\/index.php?rest_route=\/wp\/v2\/posts\/1559\/revisions\/1560"}],"wp:featuredmedia":[{"embeddable":true,"href":"https:\/\/cacaunews.com\/index.php?rest_route=\/wp\/v2\/media\/1558"}],"wp:attachment":[{"href":"https:\/\/cacaunews.com\/index.php?rest_route=%2Fwp%2Fv2%2Fmedia&parent=1559"}],"wp:term":[{"taxonomy":"category","embeddable":true,"href":"https:\/\/cacaunews.com\/index.php?rest_route=%2Fwp%2Fv2%2Fcategories&post=1559"},{"taxonomy":"post_tag","embeddable":true,"href":"https:\/\/cacaunews.com\/index.php?rest_route=%2Fwp%2Fv2%2Ftags&post=1559"}],"curies":[{"name":"wp","href":"https:\/\/api.w.org\/{rel}","templated":true}]}}