{"id":1565,"date":"2023-05-06T00:17:26","date_gmt":"2023-05-06T00:17:26","guid":{"rendered":"https:\/\/cacaunews.com\/?p=1565"},"modified":"2023-05-06T00:16:59","modified_gmt":"2023-05-06T00:16:59","slug":"salvador-especulado-para-vice-de-bruno-ricardo-almeida-comenta-fala-de-ana-paula-e-diz-ser-cedo-falar-de-2024-nao-creio-em-cadeira-cativa-com-bruno","status":"publish","type":"post","link":"https:\/\/cacaunews.com\/?p=1565","title":{"rendered":"Salvador: Especulado para vice de Bruno, Ricardo Almeida comenta fala de Ana Paula e diz ser cedo falar de 2024: \u2018N\u00e3o creio em cadeira cativa com Bruno\u2019."},"content":{"rendered":"\n<p>Ao comentar a fala da vice-prefeita e secret\u00e1ria da Sa\u00fade, Ana Paula Matos (PDT), que, em recente entrevista, afirmou que qualquer altera\u00e7\u00e3o pol\u00edtica para o pr\u00f3ximo pleito precisa \u201cser constru\u00edda\u201d e que n\u00e3o ser\u00e1 \u201cempurrada da cadeira\u201d que ocupa hoje, o vereador Ricardo Almeida (PSC), especulado como um dos poss\u00edveis nomes para estar ao lado do gestor municipal em 2024, na chapa que visa a reelei\u00e7\u00e3o, disse que a decis\u00e3o sobre o posto cabe exclusivamente ao chefe do poder Executivo da cidade e a mais ningu\u00e9m.<br><br>Ricardo frisou que n\u00e3o enxerga \u201ccadeira cativa\u201d no grupo e ressaltou a independ\u00eancia do prefeito nas decis\u00f5es, principalmente quando o assunto \u00e9 o futuro da cidade. \u201cNo tocante \u00e0 cadeira, eu acredito que n\u00e3o haja cadeira cativa. Essa \u00e9 uma decis\u00e3o personal\u00edssima do prefeito, ele \u00e9 quem decide quem \u00e9 o vice, quem ser\u00e1, se continuar\u00e1 Ana Paula. Essa \u00e9 uma decis\u00e3o pessoal de Bruno Reis. Claro, acho que ele deve levar em conta o cen\u00e1rio e as perspectivas para as elei\u00e7\u00f5es do ano que vem, ele deve levar em conta essa jun\u00e7\u00e3o de fatores para a montagem da chapa\u201d, disse o edil.<br><br>Questionado sobre a popularidade de Ana Paula com os seus colegas vereadores, Ricardo Almeida afirmou que n\u00e3o pode falar por toda a C\u00e2mara Municipal de Salvador, salientando que este papel \u00e9 do presidente Carlos Muniz (PSDB), mas enfatizou que n\u00e3o tem \u201cnenhuma resist\u00eancia\u201d \u00e0 vice.<br><br>\u201cEu n\u00e3o falo pela C\u00e2mara, pois quem pode falar por ela \u00e9 o seu presidente, o vereador Carlos Muniz. Eu falo por mim, como vereador. N\u00e3o tenho nenhuma resist\u00eancia e posso dizer que n\u00e3o vejo entre os vereadores nenhuma resist\u00eancia ao nome de Ana Paula. Mas volto e friso que essa decis\u00e3o cabe ao prefeito Bruno Reis, e n\u00e3o a mim ou aos vereadores, ainda que cada um possa ter a sua prefer\u00eancia, \u00e9 leg\u00edtimo tamb\u00e9m\u201d, completou.<br><br>Sobre a especula\u00e7\u00e3o envolvendo o seu nome como poss\u00edvel candidato ao posto de vice-prefeito de Bruno, Ricardo disse que ainda \u00e9 \u201ccedo\u201d para falar em 2024, mas que a sua atua\u00e7\u00e3o como vereador continuar\u00e1 independente de suposi\u00e7\u00f5es.<br><br>\u201cNo tocante a mim, eu n\u00e3o vou mudar o foco da miss\u00e3o para a suposi\u00e7\u00e3o. Eu recebi uma miss\u00e3o em 2020, quando fui eleito vereador, para cuidar da cidade e especialmente das comunidades que me elegeram. Eu n\u00e3o vou deixar de focar nessa miss\u00e3o para focar na suposi\u00e7\u00e3o de ser vice ou ter qualquer outro movimento para o ano que vem. \u00c9 cedo para falar em 2024, eu acho que est\u00e3o antecipando muito essa discuss\u00e3o, mas volto a dizer que eu vou continuar focado na miss\u00e3o, e n\u00e3o na suposi\u00e7\u00e3o\u201d, pontuou.<\/p>\n\n\n\n<p>Com informa\u00e7\u00f5es do Pol\u00edtica Livre.<\/p>\n","protected":false},"excerpt":{"rendered":"<p>Ao comentar a fala da vice-prefeita e secret\u00e1ria da Sa\u00fade, Ana Paula Matos (PDT), que,&#8230;<\/p>\n","protected":false},"author":1,"featured_media":1564,"comment_status":"open","ping_status":"open","sticky":false,"template":"","format":"standard","meta":{"footnotes":""},"categories":[18,4,5],"tags":[609,607,266,204,608],"yoast_head":"<!-- This site is optimized with the Yoast SEO plugin v21.7 - https:\/\/yoast.com\/wordpress\/plugins\/seo\/ -->\n<title>Salvador: Especulado para vice de Bruno, Ricardo Almeida comenta fala de Ana Paula e diz ser cedo falar de 2024: \u2018N\u00e3o creio em cadeira cativa com Bruno\u2019. - Cacau News<\/title>\n<meta name=\"robots\" content=\"index, follow, max-snippet:-1, max-image-preview:large, max-video-preview:-1\" \/>\n<link rel=\"canonical\" href=\"https:\/\/cacaunews.com\/?p=1565\" \/>\n<meta property=\"og:locale\" content=\"pt_BR\" \/>\n<meta property=\"og:type\" content=\"article\" \/>\n<meta property=\"og:title\" content=\"Salvador: Especulado para vice de Bruno, Ricardo Almeida comenta fala de Ana Paula e diz ser cedo falar de 2024: \u2018N\u00e3o creio em cadeira cativa com Bruno\u2019. - Cacau News\" \/>\n<meta property=\"og:description\" content=\"Ao comentar a fala da vice-prefeita e secret\u00e1ria da Sa\u00fade, Ana Paula Matos (PDT), que,...\" \/>\n<meta property=\"og:url\" content=\"https:\/\/cacaunews.com\/?p=1565\" \/>\n<meta property=\"og:site_name\" content=\"Cacau News\" \/>\n<meta property=\"article:published_time\" content=\"2023-05-06T00:17:26+00:00\" \/>\n<meta property=\"article:modified_time\" content=\"2023-05-06T00:16:59+00:00\" \/>\n<meta property=\"og:image\" content=\"https:\/\/cacaunews.com\/wp-content\/uploads\/2023\/05\/IMG_20230505_211600.jpg\" \/>\n\t<meta property=\"og:image:width\" content=\"968\" \/>\n\t<meta property=\"og:image:height\" content=\"713\" \/>\n\t<meta property=\"og:image:type\" content=\"image\/jpeg\" \/>\n<meta name=\"author\" content=\"Reda\u00e7\u00e3o Cacau News\" \/>\n<meta name=\"twitter:card\" content=\"summary_large_image\" \/>\n<meta name=\"twitter:label1\" content=\"Escrito por\" \/>\n\t<meta name=\"twitter:data1\" content=\"Reda\u00e7\u00e3o Cacau News\" \/>\n\t<meta name=\"twitter:label2\" content=\"Est. tempo de leitura\" \/>\n\t<meta name=\"twitter:data2\" content=\"2 minutos\" \/>\n<script type=\"application\/ld+json\" class=\"yoast-schema-graph\">{\"@context\":\"https:\/\/schema.org\",\"@graph\":[{\"@type\":\"Article\",\"@id\":\"https:\/\/cacaunews.com\/?p=1565#article\",\"isPartOf\":{\"@id\":\"https:\/\/cacaunews.com\/?p=1565\"},\"author\":{\"name\":\"Reda\u00e7\u00e3o Cacau News\",\"@id\":\"https:\/\/cacaunews.com\/#\/schema\/person\/ea69703103e606ad347ccd64bd72ef79\"},\"headline\":\"Salvador: Especulado para vice de Bruno, Ricardo Almeida comenta fala de Ana Paula e diz ser cedo falar de 2024: \u2018N\u00e3o creio em cadeira cativa com Bruno\u2019.\",\"datePublished\":\"2023-05-06T00:17:26+00:00\",\"dateModified\":\"2023-05-06T00:16:59+00:00\",\"mainEntityOfPage\":{\"@id\":\"https:\/\/cacaunews.com\/?p=1565\"},\"wordCount\":509,\"commentCount\":0,\"publisher\":{\"@id\":\"https:\/\/cacaunews.com\/#organization\"},\"keywords\":[\"Ana Paula\",\"Ricardo Almeida\",\"Salvador\",\"vereador\",\"vice\"],\"articleSection\":[\"cidades\",\"Internet\",\"Politica\"],\"inLanguage\":\"pt-BR\",\"potentialAction\":[{\"@type\":\"CommentAction\",\"name\":\"Comment\",\"target\":[\"https:\/\/cacaunews.com\/?p=1565#respond\"]}]},{\"@type\":\"WebPage\",\"@id\":\"https:\/\/cacaunews.com\/?p=1565\",\"url\":\"https:\/\/cacaunews.com\/?p=1565\",\"name\":\"Salvador: Especulado para vice de Bruno, Ricardo Almeida comenta fala de Ana Paula e diz ser cedo falar de 2024: \u2018N\u00e3o creio em cadeira cativa com Bruno\u2019. - Cacau News\",\"isPartOf\":{\"@id\":\"https:\/\/cacaunews.com\/#website\"},\"datePublished\":\"2023-05-06T00:17:26+00:00\",\"dateModified\":\"2023-05-06T00:16:59+00:00\",\"breadcrumb\":{\"@id\":\"https:\/\/cacaunews.com\/?p=1565#breadcrumb\"},\"inLanguage\":\"pt-BR\",\"potentialAction\":[{\"@type\":\"ReadAction\",\"target\":[\"https:\/\/cacaunews.com\/?p=1565\"]}]},{\"@type\":\"BreadcrumbList\",\"@id\":\"https:\/\/cacaunews.com\/?p=1565#breadcrumb\",\"itemListElement\":[{\"@type\":\"ListItem\",\"position\":1,\"name\":\"In\u00edcio\",\"item\":\"https:\/\/cacaunews.com\/\"},{\"@type\":\"ListItem\",\"position\":2,\"name\":\"Salvador: Especulado para vice de Bruno, Ricardo Almeida comenta fala de Ana Paula e diz ser cedo falar de 2024: \u2018N\u00e3o creio em cadeira cativa com Bruno\u2019.\"}]},{\"@type\":\"WebSite\",\"@id\":\"https:\/\/cacaunews.com\/#website\",\"url\":\"https:\/\/cacaunews.com\/\",\"name\":\"Cacau News\",\"description\":\"A Informa\u00e7\u00e3o que voc\u00ea precisa!\",\"publisher\":{\"@id\":\"https:\/\/cacaunews.com\/#organization\"},\"potentialAction\":[{\"@type\":\"SearchAction\",\"target\":{\"@type\":\"EntryPoint\",\"urlTemplate\":\"https:\/\/cacaunews.com\/?s={search_term_string}\"},\"query-input\":\"required name=search_term_string\"}],\"inLanguage\":\"pt-BR\"},{\"@type\":\"Organization\",\"@id\":\"https:\/\/cacaunews.com\/#organization\",\"name\":\"Cacau News\",\"url\":\"https:\/\/cacaunews.com\/\",\"logo\":{\"@type\":\"ImageObject\",\"inLanguage\":\"pt-BR\",\"@id\":\"https:\/\/cacaunews.com\/#\/schema\/logo\/image\/\",\"url\":\"https:\/\/cacaunews.com\/wp-content\/uploads\/2025\/01\/cropped-LOGO-NOVA.png\",\"contentUrl\":\"https:\/\/cacaunews.com\/wp-content\/uploads\/2025\/01\/cropped-LOGO-NOVA.png\",\"width\":813,\"height\":813,\"caption\":\"Cacau News\"},\"image\":{\"@id\":\"https:\/\/cacaunews.com\/#\/schema\/logo\/image\/\"},\"sameAs\":[\"https:\/\/www.instagram.com\/cacaunews.online\/\",\"https:\/\/youtube.com\/@cacaunews?si=0VXLnjl08SrWbVG9\"]},{\"@type\":\"Person\",\"@id\":\"https:\/\/cacaunews.com\/#\/schema\/person\/ea69703103e606ad347ccd64bd72ef79\",\"name\":\"Reda\u00e7\u00e3o Cacau News\",\"image\":{\"@type\":\"ImageObject\",\"inLanguage\":\"pt-BR\",\"@id\":\"https:\/\/cacaunews.com\/#\/schema\/person\/image\/\",\"url\":\"https:\/\/secure.gravatar.com\/avatar\/d79227a2a7b6cc42e8d7a8f7c284cd3a?s=96&d=mm&r=g\",\"contentUrl\":\"https:\/\/secure.gravatar.com\/avatar\/d79227a2a7b6cc42e8d7a8f7c284cd3a?s=96&d=mm&r=g\",\"caption\":\"Reda\u00e7\u00e3o Cacau News\"},\"sameAs\":[\"https:\/\/cacaunews.com\"],\"url\":\"https:\/\/cacaunews.com\/?author=1\"}]}<\/script>\n<!-- \/ Yoast SEO plugin. -->","yoast_head_json":{"title":"Salvador: Especulado para vice de Bruno, Ricardo Almeida comenta fala de Ana Paula e diz ser cedo falar de 2024: \u2018N\u00e3o creio em cadeira cativa com Bruno\u2019. - Cacau News","robots":{"index":"index","follow":"follow","max-snippet":"max-snippet:-1","max-image-preview":"max-image-preview:large","max-video-preview":"max-video-preview:-1"},"canonical":"https:\/\/cacaunews.com\/?p=1565","og_locale":"pt_BR","og_type":"article","og_title":"Salvador: Especulado para vice de Bruno, Ricardo Almeida comenta fala de Ana Paula e diz ser cedo falar de 2024: \u2018N\u00e3o creio em cadeira cativa com Bruno\u2019. - Cacau News","og_description":"Ao comentar a fala da vice-prefeita e secret\u00e1ria da Sa\u00fade, Ana Paula Matos (PDT), que,...","og_url":"https:\/\/cacaunews.com\/?p=1565","og_site_name":"Cacau News","article_published_time":"2023-05-06T00:17:26+00:00","article_modified_time":"2023-05-06T00:16:59+00:00","og_image":[{"width":968,"height":713,"url":"https:\/\/cacaunews.com\/wp-content\/uploads\/2023\/05\/IMG_20230505_211600.jpg","type":"image\/jpeg"}],"author":"Reda\u00e7\u00e3o Cacau News","twitter_card":"summary_large_image","twitter_misc":{"Escrito por":"Reda\u00e7\u00e3o Cacau News","Est. tempo de leitura":"2 minutos"},"schema":{"@context":"https:\/\/schema.org","@graph":[{"@type":"Article","@id":"https:\/\/cacaunews.com\/?p=1565#article","isPartOf":{"@id":"https:\/\/cacaunews.com\/?p=1565"},"author":{"name":"Reda\u00e7\u00e3o Cacau News","@id":"https:\/\/cacaunews.com\/#\/schema\/person\/ea69703103e606ad347ccd64bd72ef79"},"headline":"Salvador: Especulado para vice de Bruno, Ricardo Almeida comenta fala de Ana Paula e diz ser cedo falar de 2024: \u2018N\u00e3o creio em cadeira cativa com Bruno\u2019.","datePublished":"2023-05-06T00:17:26+00:00","dateModified":"2023-05-06T00:16:59+00:00","mainEntityOfPage":{"@id":"https:\/\/cacaunews.com\/?p=1565"},"wordCount":509,"commentCount":0,"publisher":{"@id":"https:\/\/cacaunews.com\/#organization"},"keywords":["Ana Paula","Ricardo Almeida","Salvador","vereador","vice"],"articleSection":["cidades","Internet","Politica"],"inLanguage":"pt-BR","potentialAction":[{"@type":"CommentAction","name":"Comment","target":["https:\/\/cacaunews.com\/?p=1565#respond"]}]},{"@type":"WebPage","@id":"https:\/\/cacaunews.com\/?p=1565","url":"https:\/\/cacaunews.com\/?p=1565","name":"Salvador: Especulado para vice de Bruno, Ricardo Almeida comenta fala de Ana Paula e diz ser cedo falar de 2024: \u2018N\u00e3o creio em cadeira cativa com Bruno\u2019. - Cacau News","isPartOf":{"@id":"https:\/\/cacaunews.com\/#website"},"datePublished":"2023-05-06T00:17:26+00:00","dateModified":"2023-05-06T00:16:59+00:00","breadcrumb":{"@id":"https:\/\/cacaunews.com\/?p=1565#breadcrumb"},"inLanguage":"pt-BR","potentialAction":[{"@type":"ReadAction","target":["https:\/\/cacaunews.com\/?p=1565"]}]},{"@type":"BreadcrumbList","@id":"https:\/\/cacaunews.com\/?p=1565#breadcrumb","itemListElement":[{"@type":"ListItem","position":1,"name":"In\u00edcio","item":"https:\/\/cacaunews.com\/"},{"@type":"ListItem","position":2,"name":"Salvador: Especulado para vice de Bruno, Ricardo Almeida comenta fala de Ana Paula e diz ser cedo falar de 2024: \u2018N\u00e3o creio em cadeira cativa com Bruno\u2019."}]},{"@type":"WebSite","@id":"https:\/\/cacaunews.com\/#website","url":"https:\/\/cacaunews.com\/","name":"Cacau News","description":"A Informa\u00e7\u00e3o que voc\u00ea precisa!","publisher":{"@id":"https:\/\/cacaunews.com\/#organization"},"potentialAction":[{"@type":"SearchAction","target":{"@type":"EntryPoint","urlTemplate":"https:\/\/cacaunews.com\/?s={search_term_string}"},"query-input":"required name=search_term_string"}],"inLanguage":"pt-BR"},{"@type":"Organization","@id":"https:\/\/cacaunews.com\/#organization","name":"Cacau News","url":"https:\/\/cacaunews.com\/","logo":{"@type":"ImageObject","inLanguage":"pt-BR","@id":"https:\/\/cacaunews.com\/#\/schema\/logo\/image\/","url":"https:\/\/cacaunews.com\/wp-content\/uploads\/2025\/01\/cropped-LOGO-NOVA.png","contentUrl":"https:\/\/cacaunews.com\/wp-content\/uploads\/2025\/01\/cropped-LOGO-NOVA.png","width":813,"height":813,"caption":"Cacau News"},"image":{"@id":"https:\/\/cacaunews.com\/#\/schema\/logo\/image\/"},"sameAs":["https:\/\/www.instagram.com\/cacaunews.online\/","https:\/\/youtube.com\/@cacaunews?si=0VXLnjl08SrWbVG9"]},{"@type":"Person","@id":"https:\/\/cacaunews.com\/#\/schema\/person\/ea69703103e606ad347ccd64bd72ef79","name":"Reda\u00e7\u00e3o Cacau News","image":{"@type":"ImageObject","inLanguage":"pt-BR","@id":"https:\/\/cacaunews.com\/#\/schema\/person\/image\/","url":"https:\/\/secure.gravatar.com\/avatar\/d79227a2a7b6cc42e8d7a8f7c284cd3a?s=96&d=mm&r=g","contentUrl":"https:\/\/secure.gravatar.com\/avatar\/d79227a2a7b6cc42e8d7a8f7c284cd3a?s=96&d=mm&r=g","caption":"Reda\u00e7\u00e3o Cacau News"},"sameAs":["https:\/\/cacaunews.com"],"url":"https:\/\/cacaunews.com\/?author=1"}]}},"jetpack_sharing_enabled":true,"jetpack_featured_media_url":"https:\/\/cacaunews.com\/wp-content\/uploads\/2023\/05\/IMG_20230505_211600.jpg","_links":{"self":[{"href":"https:\/\/cacaunews.com\/index.php?rest_route=\/wp\/v2\/posts\/1565"}],"collection":[{"href":"https:\/\/cacaunews.com\/index.php?rest_route=\/wp\/v2\/posts"}],"about":[{"href":"https:\/\/cacaunews.com\/index.php?rest_route=\/wp\/v2\/types\/post"}],"author":[{"embeddable":true,"href":"https:\/\/cacaunews.com\/index.php?rest_route=\/wp\/v2\/users\/1"}],"replies":[{"embeddable":true,"href":"https:\/\/cacaunews.com\/index.php?rest_route=%2Fwp%2Fv2%2Fcomments&post=1565"}],"version-history":[{"count":1,"href":"https:\/\/cacaunews.com\/index.php?rest_route=\/wp\/v2\/posts\/1565\/revisions"}],"predecessor-version":[{"id":1566,"href":"https:\/\/cacaunews.com\/index.php?rest_route=\/wp\/v2\/posts\/1565\/revisions\/1566"}],"wp:featuredmedia":[{"embeddable":true,"href":"https:\/\/cacaunews.com\/index.php?rest_route=\/wp\/v2\/media\/1564"}],"wp:attachment":[{"href":"https:\/\/cacaunews.com\/index.php?rest_route=%2Fwp%2Fv2%2Fmedia&parent=1565"}],"wp:term":[{"taxonomy":"category","embeddable":true,"href":"https:\/\/cacaunews.com\/index.php?rest_route=%2Fwp%2Fv2%2Fcategories&post=1565"},{"taxonomy":"post_tag","embeddable":true,"href":"https:\/\/cacaunews.com\/index.php?rest_route=%2Fwp%2Fv2%2Ftags&post=1565"}],"curies":[{"name":"wp","href":"https:\/\/api.w.org\/{rel}","templated":true}]}}