{"id":1684,"date":"2023-05-15T18:24:41","date_gmt":"2023-05-15T18:24:41","guid":{"rendered":"https:\/\/cacaunews.com\/?p=1684"},"modified":"2023-05-15T18:24:13","modified_gmt":"2023-05-15T18:24:13","slug":"associacao-de-agentes-ambientais-e-catadores-de-materiais-reutilizaveis-e-reciclaveis-de-itabuna-participa-de-encontro-estadual","status":"publish","type":"post","link":"https:\/\/cacaunews.com\/?p=1684","title":{"rendered":"Associa\u00e7\u00e3o de Agentes Ambientais e Catadores de Materiais Reutiliz\u00e1veis e Recicl\u00e1veis de Itabuna participa de encontro estadual."},"content":{"rendered":"\n<p><br><br><br>A Associa\u00e7\u00e3o de Agentes Ambientais e Catadores de Materiais Reutiliz\u00e1veis e Recicl\u00e1veis de Itabuna &#8211; AACRRI, participou, em Salvador, do Encontro Estadual de Catadores e Catadoras em Salvador, representada pelo  presidente Ricardo Ferreira dos Santos.<br><br><br><br>Durante o evento, que teve a participa\u00e7\u00e3o do governador da Bahia, Jer\u00f4nimo Rodrigues, foram apresentadas as demandas de a\u00e7\u00f5es e pol\u00edticas p\u00fablicas voltadas para o fortalecimento e organiza\u00e7\u00e3o do trabalho de materiais recicl\u00e1veis.<br><br><br><br>O encontro teve atividades de socializa\u00e7\u00e3o entre a categoria, di\u00e1logos de cada realidade trazida de seus munic\u00edpios e uma oficina com a tem\u00e1tica: \u201cContextualiza\u00e7\u00e3o do cen\u00e1rio da cadeia produtiva da reciclagem na Bahia\u201d.<br><br><br><br>Os catadores e catadoras tamb\u00e9m participaram de um caf\u00e9 da manh\u00e3 com o governador Jer\u00f4nimo Rodrigues, que disse que \u201ctemos uma repara\u00e7\u00e3o a fazer com esses trabalhadores e estabelecemos no nosso programa de governo que daremos uma aten\u00e7\u00e3o aos que atuam na reciclagem\u201d.<br><br><br><br>Jer\u00f4nimo destacou ainda o Governo do Estado vai instituir o Comit\u00ea Intersetorial para Inclus\u00e3o Social e Econ\u00f4mica dos catadores de Materiais Reutiliz\u00e1veis e Recicl\u00e1veis, al\u00e9m da regulamenta\u00e7\u00e3o de um decreto que vai implementar um sistema de cr\u00e9dito para iniciativas de associa\u00e7\u00f5es e cooperativas do setor\u201d<br><br><br><br>De acordo com o presidente AACRRI \u201ceste evento foi de suma import\u00e2ncia para nossa categoria, dando visibilidade a n\u00f3s que um dia vivemos no lix\u00e3o e hoje podemos trabalhar com dignidade\u201d.<br><br><br><br>A AACRRI faz parte do projeto Recicla Itabuna, coordenado pela Prefeitura, que implantou uma Central de Triagem e Reciclagem com o apoio da CVR Costa do Cacau, empresa respons\u00e1vel pela coleta de res\u00edduos s\u00f3lidos, depositados num aterro sanit\u00e1rio que atende as diretrizes do Plano Nacional de Saneamento.<br><br><br><br>O encontro contou com as presen\u00e7as da a professora e primeira dama Tatiana Veloso, do vice-governador Geraldo J\u00fanior, do Senador Jaques Wagner, al\u00e9m de diversos Secret\u00e1rios e Secret\u00e1rias do Estado, Mist\u00e9rio P\u00fablico do Trabalho, Defensoria P\u00fablica do Estado e do Minist\u00e9rio P\u00fablico do Estado da Bahia.<br><br><br><br><br><br>A organiza\u00e7\u00e3o foi do F\u00f3rum Estadual Lixo e Cidadania do Estado da Bahia (FLC\/Ba) junto com o Movimento Nacional dos Catadores\/as de Materiais Recicl\u00e1veis da Bahia &#8211; (MNCR\/Ba) e apoio do Centro de Arte e Meio Ambiente &#8211; CAMA, da Universidade Federal do Rec\u00f4ncavo da Bahia (UFRB) e do Governo do Estado da Bahia.<\/p>\n","protected":false},"excerpt":{"rendered":"<p>A Associa\u00e7\u00e3o de Agentes Ambientais e Catadores de Materiais Reutiliz\u00e1veis e Recicl\u00e1veis de Itabuna &#8211;&#8230;<\/p>\n","protected":false},"author":1,"featured_media":1685,"comment_status":"open","ping_status":"open","sticky":false,"template":"","format":"standard","meta":{"footnotes":""},"categories":[11,19],"tags":[659,660,78,661],"yoast_head":"<!-- This site is optimized with the Yoast SEO plugin v21.7 - https:\/\/yoast.com\/wordpress\/plugins\/seo\/ -->\n<title>Associa\u00e7\u00e3o de Agentes Ambientais e Catadores de Materiais Reutiliz\u00e1veis e Recicl\u00e1veis de Itabuna participa de encontro estadual. - Cacau News<\/title>\n<meta name=\"robots\" content=\"index, follow, max-snippet:-1, max-image-preview:large, max-video-preview:-1\" \/>\n<link rel=\"canonical\" href=\"https:\/\/cacaunews.com\/?p=1684\" \/>\n<meta property=\"og:locale\" content=\"pt_BR\" \/>\n<meta property=\"og:type\" content=\"article\" \/>\n<meta property=\"og:title\" content=\"Associa\u00e7\u00e3o de Agentes Ambientais e Catadores de Materiais Reutiliz\u00e1veis e Recicl\u00e1veis de Itabuna participa de encontro estadual. - Cacau News\" \/>\n<meta property=\"og:description\" content=\"A Associa\u00e7\u00e3o de Agentes Ambientais e Catadores de Materiais Reutiliz\u00e1veis e Recicl\u00e1veis de Itabuna &#8211;...\" \/>\n<meta property=\"og:url\" content=\"https:\/\/cacaunews.com\/?p=1684\" \/>\n<meta property=\"og:site_name\" content=\"Cacau News\" \/>\n<meta property=\"article:published_time\" content=\"2023-05-15T18:24:41+00:00\" \/>\n<meta property=\"article:modified_time\" content=\"2023-05-15T18:24:13+00:00\" \/>\n<meta property=\"og:image\" content=\"https:\/\/cacaunews.com\/wp-content\/uploads\/2023\/05\/IMG-20230515-WA0045.jpg\" \/>\n\t<meta property=\"og:image:width\" content=\"640\" \/>\n\t<meta property=\"og:image:height\" content=\"480\" \/>\n\t<meta property=\"og:image:type\" content=\"image\/jpeg\" \/>\n<meta name=\"author\" content=\"Reda\u00e7\u00e3o Cacau News\" \/>\n<meta name=\"twitter:card\" content=\"summary_large_image\" \/>\n<meta name=\"twitter:label1\" content=\"Escrito por\" \/>\n\t<meta name=\"twitter:data1\" content=\"Reda\u00e7\u00e3o Cacau News\" \/>\n\t<meta name=\"twitter:label2\" content=\"Est. tempo de leitura\" \/>\n\t<meta name=\"twitter:data2\" content=\"2 minutos\" \/>\n<script type=\"application\/ld+json\" class=\"yoast-schema-graph\">{\"@context\":\"https:\/\/schema.org\",\"@graph\":[{\"@type\":\"Article\",\"@id\":\"https:\/\/cacaunews.com\/?p=1684#article\",\"isPartOf\":{\"@id\":\"https:\/\/cacaunews.com\/?p=1684\"},\"author\":{\"name\":\"Reda\u00e7\u00e3o Cacau News\",\"@id\":\"https:\/\/cacaunews.com\/#\/schema\/person\/ea69703103e606ad347ccd64bd72ef79\"},\"headline\":\"Associa\u00e7\u00e3o de Agentes Ambientais e Catadores de Materiais Reutiliz\u00e1veis e Recicl\u00e1veis de Itabuna participa de encontro estadual.\",\"datePublished\":\"2023-05-15T18:24:41+00:00\",\"dateModified\":\"2023-05-15T18:24:13+00:00\",\"mainEntityOfPage\":{\"@id\":\"https:\/\/cacaunews.com\/?p=1684\"},\"wordCount\":440,\"commentCount\":0,\"publisher\":{\"@id\":\"https:\/\/cacaunews.com\/#organization\"},\"keywords\":[\"aacrii\",\"encontro estadual\",\"jeronimo\",\"reciclagem\"],\"articleSection\":[\"Jornalismo\",\"Social\"],\"inLanguage\":\"pt-BR\",\"potentialAction\":[{\"@type\":\"CommentAction\",\"name\":\"Comment\",\"target\":[\"https:\/\/cacaunews.com\/?p=1684#respond\"]}]},{\"@type\":\"WebPage\",\"@id\":\"https:\/\/cacaunews.com\/?p=1684\",\"url\":\"https:\/\/cacaunews.com\/?p=1684\",\"name\":\"Associa\u00e7\u00e3o de Agentes Ambientais e Catadores de Materiais Reutiliz\u00e1veis e Recicl\u00e1veis de Itabuna participa de encontro estadual. - Cacau News\",\"isPartOf\":{\"@id\":\"https:\/\/cacaunews.com\/#website\"},\"datePublished\":\"2023-05-15T18:24:41+00:00\",\"dateModified\":\"2023-05-15T18:24:13+00:00\",\"breadcrumb\":{\"@id\":\"https:\/\/cacaunews.com\/?p=1684#breadcrumb\"},\"inLanguage\":\"pt-BR\",\"potentialAction\":[{\"@type\":\"ReadAction\",\"target\":[\"https:\/\/cacaunews.com\/?p=1684\"]}]},{\"@type\":\"BreadcrumbList\",\"@id\":\"https:\/\/cacaunews.com\/?p=1684#breadcrumb\",\"itemListElement\":[{\"@type\":\"ListItem\",\"position\":1,\"name\":\"In\u00edcio\",\"item\":\"https:\/\/cacaunews.com\/\"},{\"@type\":\"ListItem\",\"position\":2,\"name\":\"Associa\u00e7\u00e3o de Agentes Ambientais e Catadores de Materiais Reutiliz\u00e1veis e Recicl\u00e1veis de Itabuna participa de encontro estadual.\"}]},{\"@type\":\"WebSite\",\"@id\":\"https:\/\/cacaunews.com\/#website\",\"url\":\"https:\/\/cacaunews.com\/\",\"name\":\"Cacau News\",\"description\":\"A Informa\u00e7\u00e3o que voc\u00ea precisa!\",\"publisher\":{\"@id\":\"https:\/\/cacaunews.com\/#organization\"},\"potentialAction\":[{\"@type\":\"SearchAction\",\"target\":{\"@type\":\"EntryPoint\",\"urlTemplate\":\"https:\/\/cacaunews.com\/?s={search_term_string}\"},\"query-input\":\"required name=search_term_string\"}],\"inLanguage\":\"pt-BR\"},{\"@type\":\"Organization\",\"@id\":\"https:\/\/cacaunews.com\/#organization\",\"name\":\"Cacau News\",\"url\":\"https:\/\/cacaunews.com\/\",\"logo\":{\"@type\":\"ImageObject\",\"inLanguage\":\"pt-BR\",\"@id\":\"https:\/\/cacaunews.com\/#\/schema\/logo\/image\/\",\"url\":\"https:\/\/cacaunews.com\/wp-content\/uploads\/2025\/01\/cropped-LOGO-NOVA.png\",\"contentUrl\":\"https:\/\/cacaunews.com\/wp-content\/uploads\/2025\/01\/cropped-LOGO-NOVA.png\",\"width\":813,\"height\":813,\"caption\":\"Cacau News\"},\"image\":{\"@id\":\"https:\/\/cacaunews.com\/#\/schema\/logo\/image\/\"},\"sameAs\":[\"https:\/\/www.instagram.com\/cacaunews.online\/\",\"https:\/\/youtube.com\/@cacaunews?si=0VXLnjl08SrWbVG9\"]},{\"@type\":\"Person\",\"@id\":\"https:\/\/cacaunews.com\/#\/schema\/person\/ea69703103e606ad347ccd64bd72ef79\",\"name\":\"Reda\u00e7\u00e3o Cacau News\",\"image\":{\"@type\":\"ImageObject\",\"inLanguage\":\"pt-BR\",\"@id\":\"https:\/\/cacaunews.com\/#\/schema\/person\/image\/\",\"url\":\"https:\/\/secure.gravatar.com\/avatar\/d79227a2a7b6cc42e8d7a8f7c284cd3a?s=96&d=mm&r=g\",\"contentUrl\":\"https:\/\/secure.gravatar.com\/avatar\/d79227a2a7b6cc42e8d7a8f7c284cd3a?s=96&d=mm&r=g\",\"caption\":\"Reda\u00e7\u00e3o Cacau News\"},\"sameAs\":[\"https:\/\/cacaunews.com\"],\"url\":\"https:\/\/cacaunews.com\/?author=1\"}]}<\/script>\n<!-- \/ Yoast SEO plugin. -->","yoast_head_json":{"title":"Associa\u00e7\u00e3o de Agentes Ambientais e Catadores de Materiais Reutiliz\u00e1veis e Recicl\u00e1veis de Itabuna participa de encontro estadual. - Cacau News","robots":{"index":"index","follow":"follow","max-snippet":"max-snippet:-1","max-image-preview":"max-image-preview:large","max-video-preview":"max-video-preview:-1"},"canonical":"https:\/\/cacaunews.com\/?p=1684","og_locale":"pt_BR","og_type":"article","og_title":"Associa\u00e7\u00e3o de Agentes Ambientais e Catadores de Materiais Reutiliz\u00e1veis e Recicl\u00e1veis de Itabuna participa de encontro estadual. - Cacau News","og_description":"A Associa\u00e7\u00e3o de Agentes Ambientais e Catadores de Materiais Reutiliz\u00e1veis e Recicl\u00e1veis de Itabuna &#8211;...","og_url":"https:\/\/cacaunews.com\/?p=1684","og_site_name":"Cacau News","article_published_time":"2023-05-15T18:24:41+00:00","article_modified_time":"2023-05-15T18:24:13+00:00","og_image":[{"width":640,"height":480,"url":"https:\/\/cacaunews.com\/wp-content\/uploads\/2023\/05\/IMG-20230515-WA0045.jpg","type":"image\/jpeg"}],"author":"Reda\u00e7\u00e3o Cacau News","twitter_card":"summary_large_image","twitter_misc":{"Escrito por":"Reda\u00e7\u00e3o Cacau News","Est. tempo de leitura":"2 minutos"},"schema":{"@context":"https:\/\/schema.org","@graph":[{"@type":"Article","@id":"https:\/\/cacaunews.com\/?p=1684#article","isPartOf":{"@id":"https:\/\/cacaunews.com\/?p=1684"},"author":{"name":"Reda\u00e7\u00e3o Cacau News","@id":"https:\/\/cacaunews.com\/#\/schema\/person\/ea69703103e606ad347ccd64bd72ef79"},"headline":"Associa\u00e7\u00e3o de Agentes Ambientais e Catadores de Materiais Reutiliz\u00e1veis e Recicl\u00e1veis de Itabuna participa de encontro estadual.","datePublished":"2023-05-15T18:24:41+00:00","dateModified":"2023-05-15T18:24:13+00:00","mainEntityOfPage":{"@id":"https:\/\/cacaunews.com\/?p=1684"},"wordCount":440,"commentCount":0,"publisher":{"@id":"https:\/\/cacaunews.com\/#organization"},"keywords":["aacrii","encontro estadual","jeronimo","reciclagem"],"articleSection":["Jornalismo","Social"],"inLanguage":"pt-BR","potentialAction":[{"@type":"CommentAction","name":"Comment","target":["https:\/\/cacaunews.com\/?p=1684#respond"]}]},{"@type":"WebPage","@id":"https:\/\/cacaunews.com\/?p=1684","url":"https:\/\/cacaunews.com\/?p=1684","name":"Associa\u00e7\u00e3o de Agentes Ambientais e Catadores de Materiais Reutiliz\u00e1veis e Recicl\u00e1veis de Itabuna participa de encontro estadual. - Cacau News","isPartOf":{"@id":"https:\/\/cacaunews.com\/#website"},"datePublished":"2023-05-15T18:24:41+00:00","dateModified":"2023-05-15T18:24:13+00:00","breadcrumb":{"@id":"https:\/\/cacaunews.com\/?p=1684#breadcrumb"},"inLanguage":"pt-BR","potentialAction":[{"@type":"ReadAction","target":["https:\/\/cacaunews.com\/?p=1684"]}]},{"@type":"BreadcrumbList","@id":"https:\/\/cacaunews.com\/?p=1684#breadcrumb","itemListElement":[{"@type":"ListItem","position":1,"name":"In\u00edcio","item":"https:\/\/cacaunews.com\/"},{"@type":"ListItem","position":2,"name":"Associa\u00e7\u00e3o de Agentes Ambientais e Catadores de Materiais Reutiliz\u00e1veis e Recicl\u00e1veis de Itabuna participa de encontro estadual."}]},{"@type":"WebSite","@id":"https:\/\/cacaunews.com\/#website","url":"https:\/\/cacaunews.com\/","name":"Cacau News","description":"A Informa\u00e7\u00e3o que voc\u00ea precisa!","publisher":{"@id":"https:\/\/cacaunews.com\/#organization"},"potentialAction":[{"@type":"SearchAction","target":{"@type":"EntryPoint","urlTemplate":"https:\/\/cacaunews.com\/?s={search_term_string}"},"query-input":"required name=search_term_string"}],"inLanguage":"pt-BR"},{"@type":"Organization","@id":"https:\/\/cacaunews.com\/#organization","name":"Cacau News","url":"https:\/\/cacaunews.com\/","logo":{"@type":"ImageObject","inLanguage":"pt-BR","@id":"https:\/\/cacaunews.com\/#\/schema\/logo\/image\/","url":"https:\/\/cacaunews.com\/wp-content\/uploads\/2025\/01\/cropped-LOGO-NOVA.png","contentUrl":"https:\/\/cacaunews.com\/wp-content\/uploads\/2025\/01\/cropped-LOGO-NOVA.png","width":813,"height":813,"caption":"Cacau News"},"image":{"@id":"https:\/\/cacaunews.com\/#\/schema\/logo\/image\/"},"sameAs":["https:\/\/www.instagram.com\/cacaunews.online\/","https:\/\/youtube.com\/@cacaunews?si=0VXLnjl08SrWbVG9"]},{"@type":"Person","@id":"https:\/\/cacaunews.com\/#\/schema\/person\/ea69703103e606ad347ccd64bd72ef79","name":"Reda\u00e7\u00e3o Cacau News","image":{"@type":"ImageObject","inLanguage":"pt-BR","@id":"https:\/\/cacaunews.com\/#\/schema\/person\/image\/","url":"https:\/\/secure.gravatar.com\/avatar\/d79227a2a7b6cc42e8d7a8f7c284cd3a?s=96&d=mm&r=g","contentUrl":"https:\/\/secure.gravatar.com\/avatar\/d79227a2a7b6cc42e8d7a8f7c284cd3a?s=96&d=mm&r=g","caption":"Reda\u00e7\u00e3o Cacau News"},"sameAs":["https:\/\/cacaunews.com"],"url":"https:\/\/cacaunews.com\/?author=1"}]}},"jetpack_sharing_enabled":true,"jetpack_featured_media_url":"https:\/\/cacaunews.com\/wp-content\/uploads\/2023\/05\/IMG-20230515-WA0045.jpg","_links":{"self":[{"href":"https:\/\/cacaunews.com\/index.php?rest_route=\/wp\/v2\/posts\/1684"}],"collection":[{"href":"https:\/\/cacaunews.com\/index.php?rest_route=\/wp\/v2\/posts"}],"about":[{"href":"https:\/\/cacaunews.com\/index.php?rest_route=\/wp\/v2\/types\/post"}],"author":[{"embeddable":true,"href":"https:\/\/cacaunews.com\/index.php?rest_route=\/wp\/v2\/users\/1"}],"replies":[{"embeddable":true,"href":"https:\/\/cacaunews.com\/index.php?rest_route=%2Fwp%2Fv2%2Fcomments&post=1684"}],"version-history":[{"count":1,"href":"https:\/\/cacaunews.com\/index.php?rest_route=\/wp\/v2\/posts\/1684\/revisions"}],"predecessor-version":[{"id":1686,"href":"https:\/\/cacaunews.com\/index.php?rest_route=\/wp\/v2\/posts\/1684\/revisions\/1686"}],"wp:featuredmedia":[{"embeddable":true,"href":"https:\/\/cacaunews.com\/index.php?rest_route=\/wp\/v2\/media\/1685"}],"wp:attachment":[{"href":"https:\/\/cacaunews.com\/index.php?rest_route=%2Fwp%2Fv2%2Fmedia&parent=1684"}],"wp:term":[{"taxonomy":"category","embeddable":true,"href":"https:\/\/cacaunews.com\/index.php?rest_route=%2Fwp%2Fv2%2Fcategories&post=1684"},{"taxonomy":"post_tag","embeddable":true,"href":"https:\/\/cacaunews.com\/index.php?rest_route=%2Fwp%2Fv2%2Ftags&post=1684"}],"curies":[{"name":"wp","href":"https:\/\/api.w.org\/{rel}","templated":true}]}}