{"id":1687,"date":"2023-05-16T11:47:08","date_gmt":"2023-05-16T11:47:08","guid":{"rendered":"https:\/\/cacaunews.com\/?p=1687"},"modified":"2023-05-16T11:46:44","modified_gmt":"2023-05-16T11:46:44","slug":"ilheus-camara-convida-populacao-para-audiencia-de-prestacao-de-contas-do-1-quadrimestre-de-2023-do-executivo-municipal","status":"publish","type":"post","link":"https:\/\/cacaunews.com\/?p=1687","title":{"rendered":"Ilh\u00e9us: C\u00e2mara convida popula\u00e7\u00e3o para Audi\u00eancia de Presta\u00e7\u00e3o de Contas do 1\u00b0 Quadrimestre de 2023 do Executivo Municipal."},"content":{"rendered":"\n<p>O presidente da Comiss\u00e3o de Finan\u00e7as, Or\u00e7amento, Obras e Servi\u00e7os P\u00fablicos da C\u00e2mara Municipal de Ilh\u00e9us, o vereador Gurita, convida todos os segmentos da sociedade organizada para participarem da AUDI\u00caNCIA P\u00daBLICA de Presta\u00e7\u00e3o de Contas do 1\u00ba Quadrimestre de 2023 do Poder Executivo Municipal, que ocorrer\u00e1 nesta ter\u00e7a-feira, 16 de maio, \u00e0s 09 horas, no Sal\u00e3o Nobre do Pal\u00e1cio Paranagua. <br><br>A audi\u00eancia ocorre em conjunto com a Secretaria da Fazenda e a Controladoria Geral do Munic\u00edpio de Ilh\u00e9us, em cumprimento do que disp\u00f5e a Constitui\u00e7\u00e3o Federal de 1988, a Lei Org\u00e2nica do Munic\u00edpio de Ilh\u00e9us e a Lei Complementar n.\u00b0 101\/2000 &#8211; Lei de Responsabilidade Fiscal.<\/p>\n\n\n\n<p>Por Ascom\/C\u00e2mara de Ilh\u00e9us.<\/p>\n","protected":false},"excerpt":{"rendered":"<p>O presidente da Comiss\u00e3o de Finan\u00e7as, Or\u00e7amento, Obras e Servi\u00e7os P\u00fablicos da C\u00e2mara Municipal de&#8230;<\/p>\n","protected":false},"author":1,"featured_media":1591,"comment_status":"open","ping_status":"open","sticky":false,"template":"","format":"standard","meta":{"footnotes":""},"categories":[18,11,5],"tags":[56,37,662,412],"yoast_head":"<!-- This site is optimized with the Yoast SEO plugin v21.7 - https:\/\/yoast.com\/wordpress\/plugins\/seo\/ -->\n<title>Ilh\u00e9us: C\u00e2mara convida popula\u00e7\u00e3o para Audi\u00eancia de Presta\u00e7\u00e3o de Contas do 1\u00b0 Quadrimestre de 2023 do Executivo Municipal. - Cacau News<\/title>\n<meta name=\"robots\" content=\"index, follow, max-snippet:-1, max-image-preview:large, max-video-preview:-1\" \/>\n<link rel=\"canonical\" href=\"https:\/\/cacaunews.com\/?p=1687\" \/>\n<meta property=\"og:locale\" content=\"pt_BR\" \/>\n<meta property=\"og:type\" content=\"article\" \/>\n<meta property=\"og:title\" content=\"Ilh\u00e9us: C\u00e2mara convida popula\u00e7\u00e3o para Audi\u00eancia de Presta\u00e7\u00e3o de Contas do 1\u00b0 Quadrimestre de 2023 do Executivo Municipal. - Cacau News\" \/>\n<meta property=\"og:description\" content=\"O presidente da Comiss\u00e3o de Finan\u00e7as, Or\u00e7amento, Obras e Servi\u00e7os P\u00fablicos da C\u00e2mara Municipal de...\" \/>\n<meta property=\"og:url\" content=\"https:\/\/cacaunews.com\/?p=1687\" \/>\n<meta property=\"og:site_name\" content=\"Cacau News\" \/>\n<meta property=\"article:published_time\" content=\"2023-05-16T11:47:08+00:00\" \/>\n<meta property=\"article:modified_time\" content=\"2023-05-16T11:46:44+00:00\" \/>\n<meta property=\"og:image\" content=\"https:\/\/cacaunews.com\/wp-content\/uploads\/2023\/05\/IMG_20220625_235825-611x397-1.jpg\" \/>\n\t<meta property=\"og:image:width\" content=\"611\" \/>\n\t<meta property=\"og:image:height\" content=\"397\" \/>\n\t<meta property=\"og:image:type\" content=\"image\/jpeg\" \/>\n<meta name=\"author\" content=\"Reda\u00e7\u00e3o Cacau News\" \/>\n<meta name=\"twitter:card\" content=\"summary_large_image\" \/>\n<meta name=\"twitter:label1\" content=\"Escrito por\" \/>\n\t<meta name=\"twitter:data1\" content=\"Reda\u00e7\u00e3o Cacau News\" \/>\n\t<meta name=\"twitter:label2\" content=\"Est. tempo de leitura\" \/>\n\t<meta name=\"twitter:data2\" content=\"1 minuto\" \/>\n<script type=\"application\/ld+json\" class=\"yoast-schema-graph\">{\"@context\":\"https:\/\/schema.org\",\"@graph\":[{\"@type\":\"Article\",\"@id\":\"https:\/\/cacaunews.com\/?p=1687#article\",\"isPartOf\":{\"@id\":\"https:\/\/cacaunews.com\/?p=1687\"},\"author\":{\"name\":\"Reda\u00e7\u00e3o Cacau News\",\"@id\":\"https:\/\/cacaunews.com\/#\/schema\/person\/ea69703103e606ad347ccd64bd72ef79\"},\"headline\":\"Ilh\u00e9us: C\u00e2mara convida popula\u00e7\u00e3o para Audi\u00eancia de Presta\u00e7\u00e3o de Contas do 1\u00b0 Quadrimestre de 2023 do Executivo Municipal.\",\"datePublished\":\"2023-05-16T11:47:08+00:00\",\"dateModified\":\"2023-05-16T11:46:44+00:00\",\"mainEntityOfPage\":{\"@id\":\"https:\/\/cacaunews.com\/?p=1687\"},\"wordCount\":149,\"commentCount\":0,\"publisher\":{\"@id\":\"https:\/\/cacaunews.com\/#organization\"},\"keywords\":[\"c\u00e2mara\",\"ilheus\",\"presta\u00e7\u00e3o de contas\",\"sess\u00e3o\"],\"articleSection\":[\"cidades\",\"Jornalismo\",\"Politica\"],\"inLanguage\":\"pt-BR\",\"potentialAction\":[{\"@type\":\"CommentAction\",\"name\":\"Comment\",\"target\":[\"https:\/\/cacaunews.com\/?p=1687#respond\"]}]},{\"@type\":\"WebPage\",\"@id\":\"https:\/\/cacaunews.com\/?p=1687\",\"url\":\"https:\/\/cacaunews.com\/?p=1687\",\"name\":\"Ilh\u00e9us: C\u00e2mara convida popula\u00e7\u00e3o para Audi\u00eancia de Presta\u00e7\u00e3o de Contas do 1\u00b0 Quadrimestre de 2023 do Executivo Municipal. - Cacau News\",\"isPartOf\":{\"@id\":\"https:\/\/cacaunews.com\/#website\"},\"datePublished\":\"2023-05-16T11:47:08+00:00\",\"dateModified\":\"2023-05-16T11:46:44+00:00\",\"breadcrumb\":{\"@id\":\"https:\/\/cacaunews.com\/?p=1687#breadcrumb\"},\"inLanguage\":\"pt-BR\",\"potentialAction\":[{\"@type\":\"ReadAction\",\"target\":[\"https:\/\/cacaunews.com\/?p=1687\"]}]},{\"@type\":\"BreadcrumbList\",\"@id\":\"https:\/\/cacaunews.com\/?p=1687#breadcrumb\",\"itemListElement\":[{\"@type\":\"ListItem\",\"position\":1,\"name\":\"In\u00edcio\",\"item\":\"https:\/\/cacaunews.com\/\"},{\"@type\":\"ListItem\",\"position\":2,\"name\":\"Ilh\u00e9us: C\u00e2mara convida popula\u00e7\u00e3o para Audi\u00eancia de Presta\u00e7\u00e3o de Contas do 1\u00b0 Quadrimestre de 2023 do Executivo Municipal.\"}]},{\"@type\":\"WebSite\",\"@id\":\"https:\/\/cacaunews.com\/#website\",\"url\":\"https:\/\/cacaunews.com\/\",\"name\":\"Cacau News\",\"description\":\"A Informa\u00e7\u00e3o que voc\u00ea precisa!\",\"publisher\":{\"@id\":\"https:\/\/cacaunews.com\/#organization\"},\"potentialAction\":[{\"@type\":\"SearchAction\",\"target\":{\"@type\":\"EntryPoint\",\"urlTemplate\":\"https:\/\/cacaunews.com\/?s={search_term_string}\"},\"query-input\":\"required name=search_term_string\"}],\"inLanguage\":\"pt-BR\"},{\"@type\":\"Organization\",\"@id\":\"https:\/\/cacaunews.com\/#organization\",\"name\":\"Cacau News\",\"url\":\"https:\/\/cacaunews.com\/\",\"logo\":{\"@type\":\"ImageObject\",\"inLanguage\":\"pt-BR\",\"@id\":\"https:\/\/cacaunews.com\/#\/schema\/logo\/image\/\",\"url\":\"https:\/\/cacaunews.com\/wp-content\/uploads\/2025\/01\/cropped-LOGO-NOVA.png\",\"contentUrl\":\"https:\/\/cacaunews.com\/wp-content\/uploads\/2025\/01\/cropped-LOGO-NOVA.png\",\"width\":813,\"height\":813,\"caption\":\"Cacau News\"},\"image\":{\"@id\":\"https:\/\/cacaunews.com\/#\/schema\/logo\/image\/\"},\"sameAs\":[\"https:\/\/www.instagram.com\/cacaunews.online\/\",\"https:\/\/youtube.com\/@cacaunews?si=0VXLnjl08SrWbVG9\"]},{\"@type\":\"Person\",\"@id\":\"https:\/\/cacaunews.com\/#\/schema\/person\/ea69703103e606ad347ccd64bd72ef79\",\"name\":\"Reda\u00e7\u00e3o Cacau News\",\"image\":{\"@type\":\"ImageObject\",\"inLanguage\":\"pt-BR\",\"@id\":\"https:\/\/cacaunews.com\/#\/schema\/person\/image\/\",\"url\":\"https:\/\/secure.gravatar.com\/avatar\/d79227a2a7b6cc42e8d7a8f7c284cd3a?s=96&d=mm&r=g\",\"contentUrl\":\"https:\/\/secure.gravatar.com\/avatar\/d79227a2a7b6cc42e8d7a8f7c284cd3a?s=96&d=mm&r=g\",\"caption\":\"Reda\u00e7\u00e3o Cacau News\"},\"sameAs\":[\"https:\/\/cacaunews.com\"],\"url\":\"https:\/\/cacaunews.com\/?author=1\"}]}<\/script>\n<!-- \/ Yoast SEO plugin. -->","yoast_head_json":{"title":"Ilh\u00e9us: C\u00e2mara convida popula\u00e7\u00e3o para Audi\u00eancia de Presta\u00e7\u00e3o de Contas do 1\u00b0 Quadrimestre de 2023 do Executivo Municipal. - Cacau News","robots":{"index":"index","follow":"follow","max-snippet":"max-snippet:-1","max-image-preview":"max-image-preview:large","max-video-preview":"max-video-preview:-1"},"canonical":"https:\/\/cacaunews.com\/?p=1687","og_locale":"pt_BR","og_type":"article","og_title":"Ilh\u00e9us: C\u00e2mara convida popula\u00e7\u00e3o para Audi\u00eancia de Presta\u00e7\u00e3o de Contas do 1\u00b0 Quadrimestre de 2023 do Executivo Municipal. - Cacau News","og_description":"O presidente da Comiss\u00e3o de Finan\u00e7as, Or\u00e7amento, Obras e Servi\u00e7os P\u00fablicos da C\u00e2mara Municipal de...","og_url":"https:\/\/cacaunews.com\/?p=1687","og_site_name":"Cacau News","article_published_time":"2023-05-16T11:47:08+00:00","article_modified_time":"2023-05-16T11:46:44+00:00","og_image":[{"width":611,"height":397,"url":"https:\/\/cacaunews.com\/wp-content\/uploads\/2023\/05\/IMG_20220625_235825-611x397-1.jpg","type":"image\/jpeg"}],"author":"Reda\u00e7\u00e3o Cacau News","twitter_card":"summary_large_image","twitter_misc":{"Escrito por":"Reda\u00e7\u00e3o Cacau News","Est. tempo de leitura":"1 minuto"},"schema":{"@context":"https:\/\/schema.org","@graph":[{"@type":"Article","@id":"https:\/\/cacaunews.com\/?p=1687#article","isPartOf":{"@id":"https:\/\/cacaunews.com\/?p=1687"},"author":{"name":"Reda\u00e7\u00e3o Cacau News","@id":"https:\/\/cacaunews.com\/#\/schema\/person\/ea69703103e606ad347ccd64bd72ef79"},"headline":"Ilh\u00e9us: C\u00e2mara convida popula\u00e7\u00e3o para Audi\u00eancia de Presta\u00e7\u00e3o de Contas do 1\u00b0 Quadrimestre de 2023 do Executivo Municipal.","datePublished":"2023-05-16T11:47:08+00:00","dateModified":"2023-05-16T11:46:44+00:00","mainEntityOfPage":{"@id":"https:\/\/cacaunews.com\/?p=1687"},"wordCount":149,"commentCount":0,"publisher":{"@id":"https:\/\/cacaunews.com\/#organization"},"keywords":["c\u00e2mara","ilheus","presta\u00e7\u00e3o de contas","sess\u00e3o"],"articleSection":["cidades","Jornalismo","Politica"],"inLanguage":"pt-BR","potentialAction":[{"@type":"CommentAction","name":"Comment","target":["https:\/\/cacaunews.com\/?p=1687#respond"]}]},{"@type":"WebPage","@id":"https:\/\/cacaunews.com\/?p=1687","url":"https:\/\/cacaunews.com\/?p=1687","name":"Ilh\u00e9us: C\u00e2mara convida popula\u00e7\u00e3o para Audi\u00eancia de Presta\u00e7\u00e3o de Contas do 1\u00b0 Quadrimestre de 2023 do Executivo Municipal. - Cacau News","isPartOf":{"@id":"https:\/\/cacaunews.com\/#website"},"datePublished":"2023-05-16T11:47:08+00:00","dateModified":"2023-05-16T11:46:44+00:00","breadcrumb":{"@id":"https:\/\/cacaunews.com\/?p=1687#breadcrumb"},"inLanguage":"pt-BR","potentialAction":[{"@type":"ReadAction","target":["https:\/\/cacaunews.com\/?p=1687"]}]},{"@type":"BreadcrumbList","@id":"https:\/\/cacaunews.com\/?p=1687#breadcrumb","itemListElement":[{"@type":"ListItem","position":1,"name":"In\u00edcio","item":"https:\/\/cacaunews.com\/"},{"@type":"ListItem","position":2,"name":"Ilh\u00e9us: C\u00e2mara convida popula\u00e7\u00e3o para Audi\u00eancia de Presta\u00e7\u00e3o de Contas do 1\u00b0 Quadrimestre de 2023 do Executivo Municipal."}]},{"@type":"WebSite","@id":"https:\/\/cacaunews.com\/#website","url":"https:\/\/cacaunews.com\/","name":"Cacau News","description":"A Informa\u00e7\u00e3o que voc\u00ea precisa!","publisher":{"@id":"https:\/\/cacaunews.com\/#organization"},"potentialAction":[{"@type":"SearchAction","target":{"@type":"EntryPoint","urlTemplate":"https:\/\/cacaunews.com\/?s={search_term_string}"},"query-input":"required name=search_term_string"}],"inLanguage":"pt-BR"},{"@type":"Organization","@id":"https:\/\/cacaunews.com\/#organization","name":"Cacau News","url":"https:\/\/cacaunews.com\/","logo":{"@type":"ImageObject","inLanguage":"pt-BR","@id":"https:\/\/cacaunews.com\/#\/schema\/logo\/image\/","url":"https:\/\/cacaunews.com\/wp-content\/uploads\/2025\/01\/cropped-LOGO-NOVA.png","contentUrl":"https:\/\/cacaunews.com\/wp-content\/uploads\/2025\/01\/cropped-LOGO-NOVA.png","width":813,"height":813,"caption":"Cacau News"},"image":{"@id":"https:\/\/cacaunews.com\/#\/schema\/logo\/image\/"},"sameAs":["https:\/\/www.instagram.com\/cacaunews.online\/","https:\/\/youtube.com\/@cacaunews?si=0VXLnjl08SrWbVG9"]},{"@type":"Person","@id":"https:\/\/cacaunews.com\/#\/schema\/person\/ea69703103e606ad347ccd64bd72ef79","name":"Reda\u00e7\u00e3o Cacau News","image":{"@type":"ImageObject","inLanguage":"pt-BR","@id":"https:\/\/cacaunews.com\/#\/schema\/person\/image\/","url":"https:\/\/secure.gravatar.com\/avatar\/d79227a2a7b6cc42e8d7a8f7c284cd3a?s=96&d=mm&r=g","contentUrl":"https:\/\/secure.gravatar.com\/avatar\/d79227a2a7b6cc42e8d7a8f7c284cd3a?s=96&d=mm&r=g","caption":"Reda\u00e7\u00e3o Cacau News"},"sameAs":["https:\/\/cacaunews.com"],"url":"https:\/\/cacaunews.com\/?author=1"}]}},"jetpack_sharing_enabled":true,"jetpack_featured_media_url":"https:\/\/cacaunews.com\/wp-content\/uploads\/2023\/05\/IMG_20220625_235825-611x397-1.jpg","_links":{"self":[{"href":"https:\/\/cacaunews.com\/index.php?rest_route=\/wp\/v2\/posts\/1687"}],"collection":[{"href":"https:\/\/cacaunews.com\/index.php?rest_route=\/wp\/v2\/posts"}],"about":[{"href":"https:\/\/cacaunews.com\/index.php?rest_route=\/wp\/v2\/types\/post"}],"author":[{"embeddable":true,"href":"https:\/\/cacaunews.com\/index.php?rest_route=\/wp\/v2\/users\/1"}],"replies":[{"embeddable":true,"href":"https:\/\/cacaunews.com\/index.php?rest_route=%2Fwp%2Fv2%2Fcomments&post=1687"}],"version-history":[{"count":1,"href":"https:\/\/cacaunews.com\/index.php?rest_route=\/wp\/v2\/posts\/1687\/revisions"}],"predecessor-version":[{"id":1690,"href":"https:\/\/cacaunews.com\/index.php?rest_route=\/wp\/v2\/posts\/1687\/revisions\/1690"}],"wp:featuredmedia":[{"embeddable":true,"href":"https:\/\/cacaunews.com\/index.php?rest_route=\/wp\/v2\/media\/1591"}],"wp:attachment":[{"href":"https:\/\/cacaunews.com\/index.php?rest_route=%2Fwp%2Fv2%2Fmedia&parent=1687"}],"wp:term":[{"taxonomy":"category","embeddable":true,"href":"https:\/\/cacaunews.com\/index.php?rest_route=%2Fwp%2Fv2%2Fcategories&post=1687"},{"taxonomy":"post_tag","embeddable":true,"href":"https:\/\/cacaunews.com\/index.php?rest_route=%2Fwp%2Fv2%2Ftags&post=1687"}],"curies":[{"name":"wp","href":"https:\/\/api.w.org\/{rel}","templated":true}]}}