{"id":1692,"date":"2023-05-16T13:59:48","date_gmt":"2023-05-16T13:59:48","guid":{"rendered":"https:\/\/cacaunews.com\/?p=1692"},"modified":"2023-05-16T13:59:20","modified_gmt":"2023-05-16T13:59:20","slug":"sindicatos-fazem-protestos-contra-reajuste-estadual-de-4-em-frente-a-alba","status":"publish","type":"post","link":"https:\/\/cacaunews.com\/?p=1692","title":{"rendered":"Sindicatos fazem protestos contra reajuste estadual de 4{d198c3dc95c114d29e6edcd8e5c7a06443a0378d575a71ac9e4690242a1c641b} em frente a ALBA."},"content":{"rendered":"\n<p>Est\u00e1 acontecendo nesta ter\u00e7a-feira (16), o \u201cDia da Luta Unificada dos Servidores P\u00fablicos\u201d, o protesto teve in\u00edcio as 9h, momento  em que os  sindicatos e as categorias do funcionalismo p\u00fablico baiano realizam manifesta\u00e7\u00e3o em frente \u00e0 Assembleia Legislativa da Bahia ( ALBA) para protestar contra a proposta de 4{d198c3dc95c114d29e6edcd8e5c7a06443a0378d575a71ac9e4690242a1c641b} de reajuste linear encaminhada pelo governador Jer\u00f4nimo Rodrigues \u00e0 Assembleia Legislativa da Bahia. <br><br>O Coordenador-Geral da Federa\u00e7\u00e3o dos Trabalhadores P\u00fablicos do Estado da Bahia (Fetrab), Kleber Rosa, solicita ao governador uma reuni\u00e3o, em car\u00e1ter emergencial, com as entidades que representam os servidores p\u00fablicos para dialogar e negociar sobre as perdas salariais de 53,3{d198c3dc95c114d29e6edcd8e5c7a06443a0378d575a71ac9e4690242a1c641b} e o percentual de reajuste.<br><br>\u201cO Movimento definiu que \u00e9 necess\u00e1rio que o governo fa\u00e7a a recomposi\u00e7\u00e3o das perdas salariais dos servidores. A valoriza\u00e7\u00e3o do servidor p\u00fablico interfere diretamente na qualidade do servi\u00e7o que \u00e9 disponibilizado \u00e0 sociedade\u201d, pontua Kleber Rosa. <\/p>\n","protected":false},"excerpt":{"rendered":"<p>Est\u00e1 acontecendo nesta ter\u00e7a-feira (16), o \u201cDia da Luta Unificada dos Servidores P\u00fablicos\u201d, o protesto&#8230;<\/p>\n","protected":false},"author":1,"featured_media":1691,"comment_status":"open","ping_status":"open","sticky":false,"template":"","format":"standard","meta":{"footnotes":""},"categories":[18,11,5],"tags":[39,658,666,665],"yoast_head":"<!-- This site is optimized with the Yoast SEO plugin v21.7 - https:\/\/yoast.com\/wordpress\/plugins\/seo\/ -->\n<title>Sindicatos fazem protestos contra reajuste estadual de 4{d198c3dc95c114d29e6edcd8e5c7a06443a0378d575a71ac9e4690242a1c641b} em frente a ALBA. - Cacau News<\/title>\n<meta name=\"robots\" content=\"index, follow, max-snippet:-1, max-image-preview:large, max-video-preview:-1\" \/>\n<link rel=\"canonical\" href=\"https:\/\/cacaunews.com\/?p=1692\" \/>\n<meta property=\"og:locale\" content=\"pt_BR\" \/>\n<meta property=\"og:type\" content=\"article\" \/>\n<meta property=\"og:title\" content=\"Sindicatos fazem protestos contra reajuste estadual de 4{d198c3dc95c114d29e6edcd8e5c7a06443a0378d575a71ac9e4690242a1c641b} em frente a ALBA. - Cacau News\" \/>\n<meta property=\"og:description\" content=\"Est\u00e1 acontecendo nesta ter\u00e7a-feira (16), o \u201cDia da Luta Unificada dos Servidores P\u00fablicos\u201d, o protesto...\" \/>\n<meta property=\"og:url\" content=\"https:\/\/cacaunews.com\/?p=1692\" \/>\n<meta property=\"og:site_name\" content=\"Cacau News\" \/>\n<meta property=\"article:published_time\" content=\"2023-05-16T13:59:48+00:00\" \/>\n<meta property=\"article:modified_time\" content=\"2023-05-16T13:59:20+00:00\" \/>\n<meta property=\"og:image\" content=\"https:\/\/cacaunews.com\/wp-content\/uploads\/2023\/05\/IMG-20230516-WA0019.jpg\" \/>\n\t<meta property=\"og:image:width\" content=\"1600\" \/>\n\t<meta property=\"og:image:height\" content=\"900\" \/>\n\t<meta property=\"og:image:type\" content=\"image\/jpeg\" \/>\n<meta name=\"author\" content=\"Reda\u00e7\u00e3o Cacau News\" \/>\n<meta name=\"twitter:card\" content=\"summary_large_image\" \/>\n<meta name=\"twitter:label1\" content=\"Escrito por\" \/>\n\t<meta name=\"twitter:data1\" content=\"Reda\u00e7\u00e3o Cacau News\" \/>\n\t<meta name=\"twitter:label2\" content=\"Est. tempo de leitura\" \/>\n\t<meta name=\"twitter:data2\" content=\"1 minuto\" \/>\n<script type=\"application\/ld+json\" class=\"yoast-schema-graph\">{\"@context\":\"https:\/\/schema.org\",\"@graph\":[{\"@type\":\"Article\",\"@id\":\"https:\/\/cacaunews.com\/?p=1692#article\",\"isPartOf\":{\"@id\":\"https:\/\/cacaunews.com\/?p=1692\"},\"author\":{\"name\":\"Reda\u00e7\u00e3o Cacau News\",\"@id\":\"https:\/\/cacaunews.com\/#\/schema\/person\/ea69703103e606ad347ccd64bd72ef79\"},\"headline\":\"Sindicatos fazem protestos contra reajuste estadual de 4{d198c3dc95c114d29e6edcd8e5c7a06443a0378d575a71ac9e4690242a1c641b} em frente a ALBA.\",\"datePublished\":\"2023-05-16T13:59:48+00:00\",\"dateModified\":\"2023-05-16T13:59:20+00:00\",\"mainEntityOfPage\":{\"@id\":\"https:\/\/cacaunews.com\/?p=1692\"},\"wordCount\":216,\"commentCount\":0,\"publisher\":{\"@id\":\"https:\/\/cacaunews.com\/#organization\"},\"keywords\":[\"bahia\",\"reajuste salarial\",\"servidores\",\"sindicatos\"],\"articleSection\":[\"cidades\",\"Jornalismo\",\"Politica\"],\"inLanguage\":\"pt-BR\",\"potentialAction\":[{\"@type\":\"CommentAction\",\"name\":\"Comment\",\"target\":[\"https:\/\/cacaunews.com\/?p=1692#respond\"]}]},{\"@type\":\"WebPage\",\"@id\":\"https:\/\/cacaunews.com\/?p=1692\",\"url\":\"https:\/\/cacaunews.com\/?p=1692\",\"name\":\"Sindicatos fazem protestos contra reajuste estadual de 4{d198c3dc95c114d29e6edcd8e5c7a06443a0378d575a71ac9e4690242a1c641b} em frente a ALBA. - Cacau News\",\"isPartOf\":{\"@id\":\"https:\/\/cacaunews.com\/#website\"},\"datePublished\":\"2023-05-16T13:59:48+00:00\",\"dateModified\":\"2023-05-16T13:59:20+00:00\",\"breadcrumb\":{\"@id\":\"https:\/\/cacaunews.com\/?p=1692#breadcrumb\"},\"inLanguage\":\"pt-BR\",\"potentialAction\":[{\"@type\":\"ReadAction\",\"target\":[\"https:\/\/cacaunews.com\/?p=1692\"]}]},{\"@type\":\"BreadcrumbList\",\"@id\":\"https:\/\/cacaunews.com\/?p=1692#breadcrumb\",\"itemListElement\":[{\"@type\":\"ListItem\",\"position\":1,\"name\":\"In\u00edcio\",\"item\":\"https:\/\/cacaunews.com\/\"},{\"@type\":\"ListItem\",\"position\":2,\"name\":\"Sindicatos fazem protestos contra reajuste estadual de 4{d198c3dc95c114d29e6edcd8e5c7a06443a0378d575a71ac9e4690242a1c641b} em frente a ALBA.\"}]},{\"@type\":\"WebSite\",\"@id\":\"https:\/\/cacaunews.com\/#website\",\"url\":\"https:\/\/cacaunews.com\/\",\"name\":\"Cacau News\",\"description\":\"A Informa\u00e7\u00e3o que voc\u00ea precisa!\",\"publisher\":{\"@id\":\"https:\/\/cacaunews.com\/#organization\"},\"potentialAction\":[{\"@type\":\"SearchAction\",\"target\":{\"@type\":\"EntryPoint\",\"urlTemplate\":\"https:\/\/cacaunews.com\/?s={search_term_string}\"},\"query-input\":\"required name=search_term_string\"}],\"inLanguage\":\"pt-BR\"},{\"@type\":\"Organization\",\"@id\":\"https:\/\/cacaunews.com\/#organization\",\"name\":\"Cacau News\",\"url\":\"https:\/\/cacaunews.com\/\",\"logo\":{\"@type\":\"ImageObject\",\"inLanguage\":\"pt-BR\",\"@id\":\"https:\/\/cacaunews.com\/#\/schema\/logo\/image\/\",\"url\":\"https:\/\/cacaunews.com\/wp-content\/uploads\/2025\/01\/cropped-LOGO-NOVA.png\",\"contentUrl\":\"https:\/\/cacaunews.com\/wp-content\/uploads\/2025\/01\/cropped-LOGO-NOVA.png\",\"width\":813,\"height\":813,\"caption\":\"Cacau News\"},\"image\":{\"@id\":\"https:\/\/cacaunews.com\/#\/schema\/logo\/image\/\"},\"sameAs\":[\"https:\/\/www.instagram.com\/cacaunews.online\/\",\"https:\/\/youtube.com\/@cacaunews?si=0VXLnjl08SrWbVG9\"]},{\"@type\":\"Person\",\"@id\":\"https:\/\/cacaunews.com\/#\/schema\/person\/ea69703103e606ad347ccd64bd72ef79\",\"name\":\"Reda\u00e7\u00e3o Cacau News\",\"image\":{\"@type\":\"ImageObject\",\"inLanguage\":\"pt-BR\",\"@id\":\"https:\/\/cacaunews.com\/#\/schema\/person\/image\/\",\"url\":\"https:\/\/secure.gravatar.com\/avatar\/d79227a2a7b6cc42e8d7a8f7c284cd3a?s=96&d=mm&r=g\",\"contentUrl\":\"https:\/\/secure.gravatar.com\/avatar\/d79227a2a7b6cc42e8d7a8f7c284cd3a?s=96&d=mm&r=g\",\"caption\":\"Reda\u00e7\u00e3o Cacau News\"},\"sameAs\":[\"https:\/\/cacaunews.com\"],\"url\":\"https:\/\/cacaunews.com\/?author=1\"}]}<\/script>\n<!-- \/ Yoast SEO plugin. -->","yoast_head_json":{"title":"Sindicatos fazem protestos contra reajuste estadual de 4{d198c3dc95c114d29e6edcd8e5c7a06443a0378d575a71ac9e4690242a1c641b} em frente a ALBA. - Cacau News","robots":{"index":"index","follow":"follow","max-snippet":"max-snippet:-1","max-image-preview":"max-image-preview:large","max-video-preview":"max-video-preview:-1"},"canonical":"https:\/\/cacaunews.com\/?p=1692","og_locale":"pt_BR","og_type":"article","og_title":"Sindicatos fazem protestos contra reajuste estadual de 4{d198c3dc95c114d29e6edcd8e5c7a06443a0378d575a71ac9e4690242a1c641b} em frente a ALBA. - Cacau News","og_description":"Est\u00e1 acontecendo nesta ter\u00e7a-feira (16), o \u201cDia da Luta Unificada dos Servidores P\u00fablicos\u201d, o protesto...","og_url":"https:\/\/cacaunews.com\/?p=1692","og_site_name":"Cacau News","article_published_time":"2023-05-16T13:59:48+00:00","article_modified_time":"2023-05-16T13:59:20+00:00","og_image":[{"width":1600,"height":900,"url":"https:\/\/cacaunews.com\/wp-content\/uploads\/2023\/05\/IMG-20230516-WA0019.jpg","type":"image\/jpeg"}],"author":"Reda\u00e7\u00e3o Cacau News","twitter_card":"summary_large_image","twitter_misc":{"Escrito por":"Reda\u00e7\u00e3o Cacau News","Est. tempo de leitura":"1 minuto"},"schema":{"@context":"https:\/\/schema.org","@graph":[{"@type":"Article","@id":"https:\/\/cacaunews.com\/?p=1692#article","isPartOf":{"@id":"https:\/\/cacaunews.com\/?p=1692"},"author":{"name":"Reda\u00e7\u00e3o Cacau News","@id":"https:\/\/cacaunews.com\/#\/schema\/person\/ea69703103e606ad347ccd64bd72ef79"},"headline":"Sindicatos fazem protestos contra reajuste estadual de 4{d198c3dc95c114d29e6edcd8e5c7a06443a0378d575a71ac9e4690242a1c641b} em frente a ALBA.","datePublished":"2023-05-16T13:59:48+00:00","dateModified":"2023-05-16T13:59:20+00:00","mainEntityOfPage":{"@id":"https:\/\/cacaunews.com\/?p=1692"},"wordCount":216,"commentCount":0,"publisher":{"@id":"https:\/\/cacaunews.com\/#organization"},"keywords":["bahia","reajuste salarial","servidores","sindicatos"],"articleSection":["cidades","Jornalismo","Politica"],"inLanguage":"pt-BR","potentialAction":[{"@type":"CommentAction","name":"Comment","target":["https:\/\/cacaunews.com\/?p=1692#respond"]}]},{"@type":"WebPage","@id":"https:\/\/cacaunews.com\/?p=1692","url":"https:\/\/cacaunews.com\/?p=1692","name":"Sindicatos fazem protestos contra reajuste estadual de 4{d198c3dc95c114d29e6edcd8e5c7a06443a0378d575a71ac9e4690242a1c641b} em frente a ALBA. - Cacau News","isPartOf":{"@id":"https:\/\/cacaunews.com\/#website"},"datePublished":"2023-05-16T13:59:48+00:00","dateModified":"2023-05-16T13:59:20+00:00","breadcrumb":{"@id":"https:\/\/cacaunews.com\/?p=1692#breadcrumb"},"inLanguage":"pt-BR","potentialAction":[{"@type":"ReadAction","target":["https:\/\/cacaunews.com\/?p=1692"]}]},{"@type":"BreadcrumbList","@id":"https:\/\/cacaunews.com\/?p=1692#breadcrumb","itemListElement":[{"@type":"ListItem","position":1,"name":"In\u00edcio","item":"https:\/\/cacaunews.com\/"},{"@type":"ListItem","position":2,"name":"Sindicatos fazem protestos contra reajuste estadual de 4{d198c3dc95c114d29e6edcd8e5c7a06443a0378d575a71ac9e4690242a1c641b} em frente a ALBA."}]},{"@type":"WebSite","@id":"https:\/\/cacaunews.com\/#website","url":"https:\/\/cacaunews.com\/","name":"Cacau News","description":"A Informa\u00e7\u00e3o que voc\u00ea precisa!","publisher":{"@id":"https:\/\/cacaunews.com\/#organization"},"potentialAction":[{"@type":"SearchAction","target":{"@type":"EntryPoint","urlTemplate":"https:\/\/cacaunews.com\/?s={search_term_string}"},"query-input":"required name=search_term_string"}],"inLanguage":"pt-BR"},{"@type":"Organization","@id":"https:\/\/cacaunews.com\/#organization","name":"Cacau News","url":"https:\/\/cacaunews.com\/","logo":{"@type":"ImageObject","inLanguage":"pt-BR","@id":"https:\/\/cacaunews.com\/#\/schema\/logo\/image\/","url":"https:\/\/cacaunews.com\/wp-content\/uploads\/2025\/01\/cropped-LOGO-NOVA.png","contentUrl":"https:\/\/cacaunews.com\/wp-content\/uploads\/2025\/01\/cropped-LOGO-NOVA.png","width":813,"height":813,"caption":"Cacau News"},"image":{"@id":"https:\/\/cacaunews.com\/#\/schema\/logo\/image\/"},"sameAs":["https:\/\/www.instagram.com\/cacaunews.online\/","https:\/\/youtube.com\/@cacaunews?si=0VXLnjl08SrWbVG9"]},{"@type":"Person","@id":"https:\/\/cacaunews.com\/#\/schema\/person\/ea69703103e606ad347ccd64bd72ef79","name":"Reda\u00e7\u00e3o Cacau News","image":{"@type":"ImageObject","inLanguage":"pt-BR","@id":"https:\/\/cacaunews.com\/#\/schema\/person\/image\/","url":"https:\/\/secure.gravatar.com\/avatar\/d79227a2a7b6cc42e8d7a8f7c284cd3a?s=96&d=mm&r=g","contentUrl":"https:\/\/secure.gravatar.com\/avatar\/d79227a2a7b6cc42e8d7a8f7c284cd3a?s=96&d=mm&r=g","caption":"Reda\u00e7\u00e3o Cacau News"},"sameAs":["https:\/\/cacaunews.com"],"url":"https:\/\/cacaunews.com\/?author=1"}]}},"jetpack_sharing_enabled":true,"jetpack_featured_media_url":"https:\/\/cacaunews.com\/wp-content\/uploads\/2023\/05\/IMG-20230516-WA0019.jpg","_links":{"self":[{"href":"https:\/\/cacaunews.com\/index.php?rest_route=\/wp\/v2\/posts\/1692"}],"collection":[{"href":"https:\/\/cacaunews.com\/index.php?rest_route=\/wp\/v2\/posts"}],"about":[{"href":"https:\/\/cacaunews.com\/index.php?rest_route=\/wp\/v2\/types\/post"}],"author":[{"embeddable":true,"href":"https:\/\/cacaunews.com\/index.php?rest_route=\/wp\/v2\/users\/1"}],"replies":[{"embeddable":true,"href":"https:\/\/cacaunews.com\/index.php?rest_route=%2Fwp%2Fv2%2Fcomments&post=1692"}],"version-history":[{"count":1,"href":"https:\/\/cacaunews.com\/index.php?rest_route=\/wp\/v2\/posts\/1692\/revisions"}],"predecessor-version":[{"id":1693,"href":"https:\/\/cacaunews.com\/index.php?rest_route=\/wp\/v2\/posts\/1692\/revisions\/1693"}],"wp:featuredmedia":[{"embeddable":true,"href":"https:\/\/cacaunews.com\/index.php?rest_route=\/wp\/v2\/media\/1691"}],"wp:attachment":[{"href":"https:\/\/cacaunews.com\/index.php?rest_route=%2Fwp%2Fv2%2Fmedia&parent=1692"}],"wp:term":[{"taxonomy":"category","embeddable":true,"href":"https:\/\/cacaunews.com\/index.php?rest_route=%2Fwp%2Fv2%2Fcategories&post=1692"},{"taxonomy":"post_tag","embeddable":true,"href":"https:\/\/cacaunews.com\/index.php?rest_route=%2Fwp%2Fv2%2Ftags&post=1692"}],"curies":[{"name":"wp","href":"https:\/\/api.w.org\/{rel}","templated":true}]}}