{"id":1714,"date":"2023-05-17T15:00:51","date_gmt":"2023-05-17T15:00:51","guid":{"rendered":"https:\/\/cacaunews.com\/?p=1714"},"modified":"2023-05-17T15:00:23","modified_gmt":"2023-05-17T15:00:23","slug":"2a-edicao-do-ilheus-in-jazz-e-confirmada-para-os-dias-27-e-28-de-maio-confira-programacao","status":"publish","type":"post","link":"https:\/\/cacaunews.com\/?p=1714","title":{"rendered":"2\u00aa edi\u00e7\u00e3o do Ilh\u00e9us in Jazz \u00e9 confirmada para os dias 27 e 28 de maio; confira programa\u00e7\u00e3o."},"content":{"rendered":"\n<p>Sucesso de p\u00fablico, o Festival Ilh\u00e9us in Jazz retorna para sua segunda edi\u00e7\u00e3o na Capital do Cacau. O evento acontece nos dias 27 e 28 de maio, a partir das 18h, na Pra\u00e7a Dom Eduardo (Pra\u00e7a da Catedral de S\u00e3o Sebasti\u00e3o), e promete unir m\u00fasica, cultura e gastronomia no mesmo lugar. A entrada \u00e9 gratuita.<br><br>O festival trar\u00e1 al\u00e9m de shows gratuitos, um espa\u00e7o gourmet, homenageando os Temperos e Sons de Jorge. A programa\u00e7\u00e3o inclui shows de Eric Assmar, que estar\u00e1 acompanhado do m\u00fasico mineiro Gustavo Andrade, e promete uma viagem musical \u00fanica.<\/p>\n\n\n\n<p>A cantora Clariana tamb\u00e9m se apresentar\u00e1 com show Amy Reggaehouse com sua Big Band, homenageando a cantora brit\u00e2nica Amy Winehouse. Inclusive, a Banda Amy Reggaehouse, da cantora Clariana, \u00e9 eleita a melhor banda de tributo a Amy Winehouse do mundo. <br><br>A festa conta ainda, com shows de bandas locais como Zemtriw, Javalis Blues Band e Carbono 14. O projeto \u00e9 uma realiza\u00e7\u00e3o da Gamboa, A4 Comunica\u00e7\u00e3o e AMB Bussiness\u2019n Fun, com patroc\u00ednio do Governo da Bahia e apoio da Prefeitura de Ilh\u00e9us e ITS Brasil.<br><br>Servi\u00e7o<br><br>O qu\u00ea? 2\u00aa edi\u00e7\u00e3o do Ilh\u00e9us in Jazz<br><br>Quando? 27 e 28 de maio de 2023, a partir das 18h<br><br>Onde? Pra\u00e7a Dom Eduardo (Pra\u00e7a da Catedral de S\u00e3o Sebasti\u00e3o)<\/p>\n\n\n\n<p>Por Sucom\/Ilh\u00e9us.<\/p>\n","protected":false},"excerpt":{"rendered":"<p>Sucesso de p\u00fablico, o Festival Ilh\u00e9us in Jazz retorna para sua segunda edi\u00e7\u00e3o na Capital&#8230;<\/p>\n","protected":false},"author":1,"featured_media":1713,"comment_status":"open","ping_status":"open","sticky":false,"template":"","format":"standard","meta":{"footnotes":""},"categories":[18,31,11],"tags":[34,344,37,674],"yoast_head":"<!-- This site is optimized with the Yoast SEO plugin v21.7 - https:\/\/yoast.com\/wordpress\/plugins\/seo\/ -->\n<title>2\u00aa edi\u00e7\u00e3o do Ilh\u00e9us in Jazz \u00e9 confirmada para os dias 27 e 28 de maio; confira programa\u00e7\u00e3o. - Cacau News<\/title>\n<meta name=\"robots\" content=\"index, follow, max-snippet:-1, max-image-preview:large, max-video-preview:-1\" \/>\n<link rel=\"canonical\" href=\"https:\/\/cacaunews.com\/?p=1714\" \/>\n<meta property=\"og:locale\" content=\"pt_BR\" \/>\n<meta property=\"og:type\" content=\"article\" \/>\n<meta property=\"og:title\" content=\"2\u00aa edi\u00e7\u00e3o do Ilh\u00e9us in Jazz \u00e9 confirmada para os dias 27 e 28 de maio; confira programa\u00e7\u00e3o. - Cacau News\" \/>\n<meta property=\"og:description\" content=\"Sucesso de p\u00fablico, o Festival Ilh\u00e9us in Jazz retorna para sua segunda edi\u00e7\u00e3o na Capital...\" \/>\n<meta property=\"og:url\" content=\"https:\/\/cacaunews.com\/?p=1714\" \/>\n<meta property=\"og:site_name\" content=\"Cacau News\" \/>\n<meta property=\"article:published_time\" content=\"2023-05-17T15:00:51+00:00\" \/>\n<meta property=\"article:modified_time\" content=\"2023-05-17T15:00:23+00:00\" \/>\n<meta property=\"og:image\" content=\"https:\/\/cacaunews.com\/wp-content\/uploads\/2023\/05\/7BA8CD6BB3-41E4-3A4D-4E1E-B0E78E1CC1E27D_450X650.jpeg\" \/>\n\t<meta property=\"og:image:width\" content=\"450\" \/>\n\t<meta property=\"og:image:height\" content=\"650\" \/>\n\t<meta property=\"og:image:type\" content=\"image\/jpeg\" \/>\n<meta name=\"author\" content=\"Reda\u00e7\u00e3o Cacau News\" \/>\n<meta name=\"twitter:card\" content=\"summary_large_image\" \/>\n<meta name=\"twitter:label1\" content=\"Escrito por\" \/>\n\t<meta name=\"twitter:data1\" content=\"Reda\u00e7\u00e3o Cacau News\" \/>\n\t<meta name=\"twitter:label2\" content=\"Est. tempo de leitura\" \/>\n\t<meta name=\"twitter:data2\" content=\"1 minuto\" \/>\n<script type=\"application\/ld+json\" class=\"yoast-schema-graph\">{\"@context\":\"https:\/\/schema.org\",\"@graph\":[{\"@type\":\"Article\",\"@id\":\"https:\/\/cacaunews.com\/?p=1714#article\",\"isPartOf\":{\"@id\":\"https:\/\/cacaunews.com\/?p=1714\"},\"author\":{\"name\":\"Reda\u00e7\u00e3o Cacau News\",\"@id\":\"https:\/\/cacaunews.com\/#\/schema\/person\/ea69703103e606ad347ccd64bd72ef79\"},\"headline\":\"2\u00aa edi\u00e7\u00e3o do Ilh\u00e9us in Jazz \u00e9 confirmada para os dias 27 e 28 de maio; confira programa\u00e7\u00e3o.\",\"datePublished\":\"2023-05-17T15:00:51+00:00\",\"dateModified\":\"2023-05-17T15:00:23+00:00\",\"mainEntityOfPage\":{\"@id\":\"https:\/\/cacaunews.com\/?p=1714\"},\"wordCount\":246,\"commentCount\":0,\"publisher\":{\"@id\":\"https:\/\/cacaunews.com\/#organization\"},\"keywords\":[\"cultura\",\"evento\",\"ilheus\",\"jazz\"],\"articleSection\":[\"cidades\",\"Cultura\",\"Jornalismo\"],\"inLanguage\":\"pt-BR\",\"potentialAction\":[{\"@type\":\"CommentAction\",\"name\":\"Comment\",\"target\":[\"https:\/\/cacaunews.com\/?p=1714#respond\"]}]},{\"@type\":\"WebPage\",\"@id\":\"https:\/\/cacaunews.com\/?p=1714\",\"url\":\"https:\/\/cacaunews.com\/?p=1714\",\"name\":\"2\u00aa edi\u00e7\u00e3o do Ilh\u00e9us in Jazz \u00e9 confirmada para os dias 27 e 28 de maio; confira programa\u00e7\u00e3o. - Cacau News\",\"isPartOf\":{\"@id\":\"https:\/\/cacaunews.com\/#website\"},\"datePublished\":\"2023-05-17T15:00:51+00:00\",\"dateModified\":\"2023-05-17T15:00:23+00:00\",\"breadcrumb\":{\"@id\":\"https:\/\/cacaunews.com\/?p=1714#breadcrumb\"},\"inLanguage\":\"pt-BR\",\"potentialAction\":[{\"@type\":\"ReadAction\",\"target\":[\"https:\/\/cacaunews.com\/?p=1714\"]}]},{\"@type\":\"BreadcrumbList\",\"@id\":\"https:\/\/cacaunews.com\/?p=1714#breadcrumb\",\"itemListElement\":[{\"@type\":\"ListItem\",\"position\":1,\"name\":\"In\u00edcio\",\"item\":\"https:\/\/cacaunews.com\/\"},{\"@type\":\"ListItem\",\"position\":2,\"name\":\"2\u00aa edi\u00e7\u00e3o do Ilh\u00e9us in Jazz \u00e9 confirmada para os dias 27 e 28 de maio; confira programa\u00e7\u00e3o.\"}]},{\"@type\":\"WebSite\",\"@id\":\"https:\/\/cacaunews.com\/#website\",\"url\":\"https:\/\/cacaunews.com\/\",\"name\":\"Cacau News\",\"description\":\"A Informa\u00e7\u00e3o que voc\u00ea precisa!\",\"publisher\":{\"@id\":\"https:\/\/cacaunews.com\/#organization\"},\"potentialAction\":[{\"@type\":\"SearchAction\",\"target\":{\"@type\":\"EntryPoint\",\"urlTemplate\":\"https:\/\/cacaunews.com\/?s={search_term_string}\"},\"query-input\":\"required name=search_term_string\"}],\"inLanguage\":\"pt-BR\"},{\"@type\":\"Organization\",\"@id\":\"https:\/\/cacaunews.com\/#organization\",\"name\":\"Cacau News\",\"url\":\"https:\/\/cacaunews.com\/\",\"logo\":{\"@type\":\"ImageObject\",\"inLanguage\":\"pt-BR\",\"@id\":\"https:\/\/cacaunews.com\/#\/schema\/logo\/image\/\",\"url\":\"https:\/\/cacaunews.com\/wp-content\/uploads\/2025\/01\/cropped-LOGO-NOVA.png\",\"contentUrl\":\"https:\/\/cacaunews.com\/wp-content\/uploads\/2025\/01\/cropped-LOGO-NOVA.png\",\"width\":813,\"height\":813,\"caption\":\"Cacau News\"},\"image\":{\"@id\":\"https:\/\/cacaunews.com\/#\/schema\/logo\/image\/\"},\"sameAs\":[\"https:\/\/www.instagram.com\/cacaunews.online\/\",\"https:\/\/youtube.com\/@cacaunews?si=0VXLnjl08SrWbVG9\"]},{\"@type\":\"Person\",\"@id\":\"https:\/\/cacaunews.com\/#\/schema\/person\/ea69703103e606ad347ccd64bd72ef79\",\"name\":\"Reda\u00e7\u00e3o Cacau News\",\"image\":{\"@type\":\"ImageObject\",\"inLanguage\":\"pt-BR\",\"@id\":\"https:\/\/cacaunews.com\/#\/schema\/person\/image\/\",\"url\":\"https:\/\/secure.gravatar.com\/avatar\/d79227a2a7b6cc42e8d7a8f7c284cd3a?s=96&d=mm&r=g\",\"contentUrl\":\"https:\/\/secure.gravatar.com\/avatar\/d79227a2a7b6cc42e8d7a8f7c284cd3a?s=96&d=mm&r=g\",\"caption\":\"Reda\u00e7\u00e3o Cacau News\"},\"sameAs\":[\"https:\/\/cacaunews.com\"],\"url\":\"https:\/\/cacaunews.com\/?author=1\"}]}<\/script>\n<!-- \/ Yoast SEO plugin. -->","yoast_head_json":{"title":"2\u00aa edi\u00e7\u00e3o do Ilh\u00e9us in Jazz \u00e9 confirmada para os dias 27 e 28 de maio; confira programa\u00e7\u00e3o. - Cacau News","robots":{"index":"index","follow":"follow","max-snippet":"max-snippet:-1","max-image-preview":"max-image-preview:large","max-video-preview":"max-video-preview:-1"},"canonical":"https:\/\/cacaunews.com\/?p=1714","og_locale":"pt_BR","og_type":"article","og_title":"2\u00aa edi\u00e7\u00e3o do Ilh\u00e9us in Jazz \u00e9 confirmada para os dias 27 e 28 de maio; confira programa\u00e7\u00e3o. - Cacau News","og_description":"Sucesso de p\u00fablico, o Festival Ilh\u00e9us in Jazz retorna para sua segunda edi\u00e7\u00e3o na Capital...","og_url":"https:\/\/cacaunews.com\/?p=1714","og_site_name":"Cacau News","article_published_time":"2023-05-17T15:00:51+00:00","article_modified_time":"2023-05-17T15:00:23+00:00","og_image":[{"width":450,"height":650,"url":"https:\/\/cacaunews.com\/wp-content\/uploads\/2023\/05\/7BA8CD6BB3-41E4-3A4D-4E1E-B0E78E1CC1E27D_450X650.jpeg","type":"image\/jpeg"}],"author":"Reda\u00e7\u00e3o Cacau News","twitter_card":"summary_large_image","twitter_misc":{"Escrito por":"Reda\u00e7\u00e3o Cacau News","Est. tempo de leitura":"1 minuto"},"schema":{"@context":"https:\/\/schema.org","@graph":[{"@type":"Article","@id":"https:\/\/cacaunews.com\/?p=1714#article","isPartOf":{"@id":"https:\/\/cacaunews.com\/?p=1714"},"author":{"name":"Reda\u00e7\u00e3o Cacau News","@id":"https:\/\/cacaunews.com\/#\/schema\/person\/ea69703103e606ad347ccd64bd72ef79"},"headline":"2\u00aa edi\u00e7\u00e3o do Ilh\u00e9us in Jazz \u00e9 confirmada para os dias 27 e 28 de maio; confira programa\u00e7\u00e3o.","datePublished":"2023-05-17T15:00:51+00:00","dateModified":"2023-05-17T15:00:23+00:00","mainEntityOfPage":{"@id":"https:\/\/cacaunews.com\/?p=1714"},"wordCount":246,"commentCount":0,"publisher":{"@id":"https:\/\/cacaunews.com\/#organization"},"keywords":["cultura","evento","ilheus","jazz"],"articleSection":["cidades","Cultura","Jornalismo"],"inLanguage":"pt-BR","potentialAction":[{"@type":"CommentAction","name":"Comment","target":["https:\/\/cacaunews.com\/?p=1714#respond"]}]},{"@type":"WebPage","@id":"https:\/\/cacaunews.com\/?p=1714","url":"https:\/\/cacaunews.com\/?p=1714","name":"2\u00aa edi\u00e7\u00e3o do Ilh\u00e9us in Jazz \u00e9 confirmada para os dias 27 e 28 de maio; confira programa\u00e7\u00e3o. - Cacau News","isPartOf":{"@id":"https:\/\/cacaunews.com\/#website"},"datePublished":"2023-05-17T15:00:51+00:00","dateModified":"2023-05-17T15:00:23+00:00","breadcrumb":{"@id":"https:\/\/cacaunews.com\/?p=1714#breadcrumb"},"inLanguage":"pt-BR","potentialAction":[{"@type":"ReadAction","target":["https:\/\/cacaunews.com\/?p=1714"]}]},{"@type":"BreadcrumbList","@id":"https:\/\/cacaunews.com\/?p=1714#breadcrumb","itemListElement":[{"@type":"ListItem","position":1,"name":"In\u00edcio","item":"https:\/\/cacaunews.com\/"},{"@type":"ListItem","position":2,"name":"2\u00aa edi\u00e7\u00e3o do Ilh\u00e9us in Jazz \u00e9 confirmada para os dias 27 e 28 de maio; confira programa\u00e7\u00e3o."}]},{"@type":"WebSite","@id":"https:\/\/cacaunews.com\/#website","url":"https:\/\/cacaunews.com\/","name":"Cacau News","description":"A Informa\u00e7\u00e3o que voc\u00ea precisa!","publisher":{"@id":"https:\/\/cacaunews.com\/#organization"},"potentialAction":[{"@type":"SearchAction","target":{"@type":"EntryPoint","urlTemplate":"https:\/\/cacaunews.com\/?s={search_term_string}"},"query-input":"required name=search_term_string"}],"inLanguage":"pt-BR"},{"@type":"Organization","@id":"https:\/\/cacaunews.com\/#organization","name":"Cacau News","url":"https:\/\/cacaunews.com\/","logo":{"@type":"ImageObject","inLanguage":"pt-BR","@id":"https:\/\/cacaunews.com\/#\/schema\/logo\/image\/","url":"https:\/\/cacaunews.com\/wp-content\/uploads\/2025\/01\/cropped-LOGO-NOVA.png","contentUrl":"https:\/\/cacaunews.com\/wp-content\/uploads\/2025\/01\/cropped-LOGO-NOVA.png","width":813,"height":813,"caption":"Cacau News"},"image":{"@id":"https:\/\/cacaunews.com\/#\/schema\/logo\/image\/"},"sameAs":["https:\/\/www.instagram.com\/cacaunews.online\/","https:\/\/youtube.com\/@cacaunews?si=0VXLnjl08SrWbVG9"]},{"@type":"Person","@id":"https:\/\/cacaunews.com\/#\/schema\/person\/ea69703103e606ad347ccd64bd72ef79","name":"Reda\u00e7\u00e3o Cacau News","image":{"@type":"ImageObject","inLanguage":"pt-BR","@id":"https:\/\/cacaunews.com\/#\/schema\/person\/image\/","url":"https:\/\/secure.gravatar.com\/avatar\/d79227a2a7b6cc42e8d7a8f7c284cd3a?s=96&d=mm&r=g","contentUrl":"https:\/\/secure.gravatar.com\/avatar\/d79227a2a7b6cc42e8d7a8f7c284cd3a?s=96&d=mm&r=g","caption":"Reda\u00e7\u00e3o Cacau News"},"sameAs":["https:\/\/cacaunews.com"],"url":"https:\/\/cacaunews.com\/?author=1"}]}},"jetpack_sharing_enabled":true,"jetpack_featured_media_url":"https:\/\/cacaunews.com\/wp-content\/uploads\/2023\/05\/7BA8CD6BB3-41E4-3A4D-4E1E-B0E78E1CC1E27D_450X650.jpeg","_links":{"self":[{"href":"https:\/\/cacaunews.com\/index.php?rest_route=\/wp\/v2\/posts\/1714"}],"collection":[{"href":"https:\/\/cacaunews.com\/index.php?rest_route=\/wp\/v2\/posts"}],"about":[{"href":"https:\/\/cacaunews.com\/index.php?rest_route=\/wp\/v2\/types\/post"}],"author":[{"embeddable":true,"href":"https:\/\/cacaunews.com\/index.php?rest_route=\/wp\/v2\/users\/1"}],"replies":[{"embeddable":true,"href":"https:\/\/cacaunews.com\/index.php?rest_route=%2Fwp%2Fv2%2Fcomments&post=1714"}],"version-history":[{"count":1,"href":"https:\/\/cacaunews.com\/index.php?rest_route=\/wp\/v2\/posts\/1714\/revisions"}],"predecessor-version":[{"id":1715,"href":"https:\/\/cacaunews.com\/index.php?rest_route=\/wp\/v2\/posts\/1714\/revisions\/1715"}],"wp:featuredmedia":[{"embeddable":true,"href":"https:\/\/cacaunews.com\/index.php?rest_route=\/wp\/v2\/media\/1713"}],"wp:attachment":[{"href":"https:\/\/cacaunews.com\/index.php?rest_route=%2Fwp%2Fv2%2Fmedia&parent=1714"}],"wp:term":[{"taxonomy":"category","embeddable":true,"href":"https:\/\/cacaunews.com\/index.php?rest_route=%2Fwp%2Fv2%2Fcategories&post=1714"},{"taxonomy":"post_tag","embeddable":true,"href":"https:\/\/cacaunews.com\/index.php?rest_route=%2Fwp%2Fv2%2Ftags&post=1714"}],"curies":[{"name":"wp","href":"https:\/\/api.w.org\/{rel}","templated":true}]}}