{"id":1717,"date":"2023-05-17T17:12:46","date_gmt":"2023-05-17T17:12:46","guid":{"rendered":"https:\/\/cacaunews.com\/?p=1717"},"modified":"2023-05-17T17:12:18","modified_gmt":"2023-05-17T17:12:18","slug":"texeira-de-freitas-justica-concede-liminar-contra-prefeito","status":"publish","type":"post","link":"https:\/\/cacaunews.com\/?p=1717","title":{"rendered":"Texeira de Freitas: Justi\u00e7a concede liminar contra prefeito."},"content":{"rendered":"\n<p>O presidente da C\u00e2mara Municipal de Teixeira de Freitas, o vereador Marcos Belitardo (Uni\u00e3o Brasil), entrou na \u00faltima sexta-feira, 12, com uma A\u00e7\u00e3o Popular com pedido liminar contra o irm\u00e3o, Marcelo Belitardo (Uni\u00e3o Brasil), prefeito do munic\u00edpio.<\/p>\n\n\n\n<p>De acordo com Marcos, o irm\u00e3o teria determinado verbalmente que os funcion\u00e1rios da prefeitura realizassem o cancelamento de uma multa de cerca de R$ 426 mil proveniente do n\u00e3o recolhimento de ISSQN (imposto sobre servi\u00e7os de qualquer natureza) contra a empresa AS ENGENHARIA LTDA, prestadora de servi\u00e7os de coleta de lixo do munic\u00edpio.<br><br>Teria sido pedido tamb\u00e9m a suspens\u00e3o de uma Execu\u00e7\u00e3o Fiscal contra a mesma empresa.<\/p>\n\n\n\n<p>Segundo o advogado do vereador, Dr. Almir Te\u00f3filo de Ara\u00fajo J\u00fanior, \u201ca A\u00e7\u00e3o Popular proposta tem o fim de suspender definitivamente a pr\u00e1tica de ato lesivo ao er\u00e1rio p\u00fablico. A liminar, analisada com muita delicadeza e posteriormente deferida, era medida necess\u00e1ria para que fosse restabelecida a Justi\u00e7a\u201d..<br><br>A liminar foi deferida pelo juiz Roney Jorge Cunha Moreira, que afirmou que \u201cCausa surpresa, para n\u00e3o falar em espanto, \u00e9 que o cancelamento da multa, na circunst\u00e2ncia que ora se apresenta, n\u00e3o obteve nenhuma justificativa ou motiva\u00e7\u00e3o plaus\u00edvel e convincente, e ao arrepio da Lei Municipal n\u00ba 1252, de 15.01.2023, e comportamento desta natureza torna o ato praticado ilegal, e lesivo ao patrim\u00f4nio p\u00fablico\u201d.<br><br>O Magistrado suspendeu o cancelamento da multa constante na CDA de n\u00ba 3582702\/2023, e, via de consequ\u00eancia, determinou o prosseguimento da Execu\u00e7\u00e3o Fiscal de n\u00ba 8002673-17.2023.8.05.0256.<br><br>Foi fixada multa di\u00e1ria de R$10.000,00 (dez mil reais), em caso de desobedi\u00eancia, al\u00e9m de ter sido determinado o envio de c\u00f3pia do processo ao Minist\u00e9rio P\u00fablico para apura\u00e7\u00e3o de Improbidade Administrativa.<\/p>\n\n\n\n<p>Com informa\u00e7\u00f5es A Tarde.<\/p>\n","protected":false},"excerpt":{"rendered":"<p>O presidente da C\u00e2mara Municipal de Teixeira de Freitas, o vereador Marcos Belitardo (Uni\u00e3o Brasil),&#8230;<\/p>\n","protected":false},"author":1,"featured_media":1716,"comment_status":"open","ping_status":"open","sticky":false,"template":"","format":"standard","meta":{"footnotes":""},"categories":[18,11,5],"tags":[59,676,564,675],"yoast_head":"<!-- This site is optimized with the Yoast SEO plugin v21.7 - https:\/\/yoast.com\/wordpress\/plugins\/seo\/ -->\n<title>Texeira de Freitas: Justi\u00e7a concede liminar contra prefeito. - Cacau News<\/title>\n<meta name=\"robots\" content=\"index, follow, max-snippet:-1, max-image-preview:large, max-video-preview:-1\" \/>\n<link rel=\"canonical\" href=\"https:\/\/cacaunews.com\/?p=1717\" \/>\n<meta property=\"og:locale\" content=\"pt_BR\" \/>\n<meta property=\"og:type\" content=\"article\" \/>\n<meta property=\"og:title\" content=\"Texeira de Freitas: Justi\u00e7a concede liminar contra prefeito. - Cacau News\" \/>\n<meta property=\"og:description\" content=\"O presidente da C\u00e2mara Municipal de Teixeira de Freitas, o vereador Marcos Belitardo (Uni\u00e3o Brasil),...\" \/>\n<meta property=\"og:url\" content=\"https:\/\/cacaunews.com\/?p=1717\" \/>\n<meta property=\"og:site_name\" content=\"Cacau News\" \/>\n<meta property=\"article:published_time\" content=\"2023-05-17T17:12:46+00:00\" \/>\n<meta property=\"article:modified_time\" content=\"2023-05-17T17:12:18+00:00\" \/>\n<meta property=\"og:image\" content=\"https:\/\/cacaunews.com\/wp-content\/uploads\/2023\/05\/Artigo-Destaque_01229339_00.jpg\" \/>\n\t<meta property=\"og:image:width\" content=\"900\" \/>\n\t<meta property=\"og:image:height\" content=\"600\" \/>\n\t<meta property=\"og:image:type\" content=\"image\/jpeg\" \/>\n<meta name=\"author\" content=\"Reda\u00e7\u00e3o Cacau News\" \/>\n<meta name=\"twitter:card\" content=\"summary_large_image\" \/>\n<meta name=\"twitter:label1\" content=\"Escrito por\" \/>\n\t<meta name=\"twitter:data1\" content=\"Reda\u00e7\u00e3o Cacau News\" \/>\n\t<meta name=\"twitter:label2\" content=\"Est. tempo de leitura\" \/>\n\t<meta name=\"twitter:data2\" content=\"2 minutos\" \/>\n<script type=\"application\/ld+json\" class=\"yoast-schema-graph\">{\"@context\":\"https:\/\/schema.org\",\"@graph\":[{\"@type\":\"Article\",\"@id\":\"https:\/\/cacaunews.com\/?p=1717#article\",\"isPartOf\":{\"@id\":\"https:\/\/cacaunews.com\/?p=1717\"},\"author\":{\"name\":\"Reda\u00e7\u00e3o Cacau News\",\"@id\":\"https:\/\/cacaunews.com\/#\/schema\/person\/ea69703103e606ad347ccd64bd72ef79\"},\"headline\":\"Texeira de Freitas: Justi\u00e7a concede liminar contra prefeito.\",\"datePublished\":\"2023-05-17T17:12:46+00:00\",\"dateModified\":\"2023-05-17T17:12:18+00:00\",\"mainEntityOfPage\":{\"@id\":\"https:\/\/cacaunews.com\/?p=1717\"},\"wordCount\":322,\"commentCount\":0,\"publisher\":{\"@id\":\"https:\/\/cacaunews.com\/#organization\"},\"keywords\":[\"justi\u00e7a\",\"liminar\",\"prefeito\",\"Texeira de Freitas\"],\"articleSection\":[\"cidades\",\"Jornalismo\",\"Politica\"],\"inLanguage\":\"pt-BR\",\"potentialAction\":[{\"@type\":\"CommentAction\",\"name\":\"Comment\",\"target\":[\"https:\/\/cacaunews.com\/?p=1717#respond\"]}]},{\"@type\":\"WebPage\",\"@id\":\"https:\/\/cacaunews.com\/?p=1717\",\"url\":\"https:\/\/cacaunews.com\/?p=1717\",\"name\":\"Texeira de Freitas: Justi\u00e7a concede liminar contra prefeito. - Cacau News\",\"isPartOf\":{\"@id\":\"https:\/\/cacaunews.com\/#website\"},\"datePublished\":\"2023-05-17T17:12:46+00:00\",\"dateModified\":\"2023-05-17T17:12:18+00:00\",\"breadcrumb\":{\"@id\":\"https:\/\/cacaunews.com\/?p=1717#breadcrumb\"},\"inLanguage\":\"pt-BR\",\"potentialAction\":[{\"@type\":\"ReadAction\",\"target\":[\"https:\/\/cacaunews.com\/?p=1717\"]}]},{\"@type\":\"BreadcrumbList\",\"@id\":\"https:\/\/cacaunews.com\/?p=1717#breadcrumb\",\"itemListElement\":[{\"@type\":\"ListItem\",\"position\":1,\"name\":\"In\u00edcio\",\"item\":\"https:\/\/cacaunews.com\/\"},{\"@type\":\"ListItem\",\"position\":2,\"name\":\"Texeira de Freitas: Justi\u00e7a concede liminar contra prefeito.\"}]},{\"@type\":\"WebSite\",\"@id\":\"https:\/\/cacaunews.com\/#website\",\"url\":\"https:\/\/cacaunews.com\/\",\"name\":\"Cacau News\",\"description\":\"A Informa\u00e7\u00e3o que voc\u00ea precisa!\",\"publisher\":{\"@id\":\"https:\/\/cacaunews.com\/#organization\"},\"potentialAction\":[{\"@type\":\"SearchAction\",\"target\":{\"@type\":\"EntryPoint\",\"urlTemplate\":\"https:\/\/cacaunews.com\/?s={search_term_string}\"},\"query-input\":\"required name=search_term_string\"}],\"inLanguage\":\"pt-BR\"},{\"@type\":\"Organization\",\"@id\":\"https:\/\/cacaunews.com\/#organization\",\"name\":\"Cacau News\",\"url\":\"https:\/\/cacaunews.com\/\",\"logo\":{\"@type\":\"ImageObject\",\"inLanguage\":\"pt-BR\",\"@id\":\"https:\/\/cacaunews.com\/#\/schema\/logo\/image\/\",\"url\":\"https:\/\/cacaunews.com\/wp-content\/uploads\/2025\/01\/cropped-LOGO-NOVA.png\",\"contentUrl\":\"https:\/\/cacaunews.com\/wp-content\/uploads\/2025\/01\/cropped-LOGO-NOVA.png\",\"width\":813,\"height\":813,\"caption\":\"Cacau News\"},\"image\":{\"@id\":\"https:\/\/cacaunews.com\/#\/schema\/logo\/image\/\"},\"sameAs\":[\"https:\/\/www.instagram.com\/cacaunews.online\/\",\"https:\/\/youtube.com\/@cacaunews?si=0VXLnjl08SrWbVG9\"]},{\"@type\":\"Person\",\"@id\":\"https:\/\/cacaunews.com\/#\/schema\/person\/ea69703103e606ad347ccd64bd72ef79\",\"name\":\"Reda\u00e7\u00e3o Cacau News\",\"image\":{\"@type\":\"ImageObject\",\"inLanguage\":\"pt-BR\",\"@id\":\"https:\/\/cacaunews.com\/#\/schema\/person\/image\/\",\"url\":\"https:\/\/secure.gravatar.com\/avatar\/d79227a2a7b6cc42e8d7a8f7c284cd3a?s=96&d=mm&r=g\",\"contentUrl\":\"https:\/\/secure.gravatar.com\/avatar\/d79227a2a7b6cc42e8d7a8f7c284cd3a?s=96&d=mm&r=g\",\"caption\":\"Reda\u00e7\u00e3o Cacau News\"},\"sameAs\":[\"https:\/\/cacaunews.com\"],\"url\":\"https:\/\/cacaunews.com\/?author=1\"}]}<\/script>\n<!-- \/ Yoast SEO plugin. -->","yoast_head_json":{"title":"Texeira de Freitas: Justi\u00e7a concede liminar contra prefeito. - Cacau News","robots":{"index":"index","follow":"follow","max-snippet":"max-snippet:-1","max-image-preview":"max-image-preview:large","max-video-preview":"max-video-preview:-1"},"canonical":"https:\/\/cacaunews.com\/?p=1717","og_locale":"pt_BR","og_type":"article","og_title":"Texeira de Freitas: Justi\u00e7a concede liminar contra prefeito. - Cacau News","og_description":"O presidente da C\u00e2mara Municipal de Teixeira de Freitas, o vereador Marcos Belitardo (Uni\u00e3o Brasil),...","og_url":"https:\/\/cacaunews.com\/?p=1717","og_site_name":"Cacau News","article_published_time":"2023-05-17T17:12:46+00:00","article_modified_time":"2023-05-17T17:12:18+00:00","og_image":[{"width":900,"height":600,"url":"https:\/\/cacaunews.com\/wp-content\/uploads\/2023\/05\/Artigo-Destaque_01229339_00.jpg","type":"image\/jpeg"}],"author":"Reda\u00e7\u00e3o Cacau News","twitter_card":"summary_large_image","twitter_misc":{"Escrito por":"Reda\u00e7\u00e3o Cacau News","Est. tempo de leitura":"2 minutos"},"schema":{"@context":"https:\/\/schema.org","@graph":[{"@type":"Article","@id":"https:\/\/cacaunews.com\/?p=1717#article","isPartOf":{"@id":"https:\/\/cacaunews.com\/?p=1717"},"author":{"name":"Reda\u00e7\u00e3o Cacau News","@id":"https:\/\/cacaunews.com\/#\/schema\/person\/ea69703103e606ad347ccd64bd72ef79"},"headline":"Texeira de Freitas: Justi\u00e7a concede liminar contra prefeito.","datePublished":"2023-05-17T17:12:46+00:00","dateModified":"2023-05-17T17:12:18+00:00","mainEntityOfPage":{"@id":"https:\/\/cacaunews.com\/?p=1717"},"wordCount":322,"commentCount":0,"publisher":{"@id":"https:\/\/cacaunews.com\/#organization"},"keywords":["justi\u00e7a","liminar","prefeito","Texeira de Freitas"],"articleSection":["cidades","Jornalismo","Politica"],"inLanguage":"pt-BR","potentialAction":[{"@type":"CommentAction","name":"Comment","target":["https:\/\/cacaunews.com\/?p=1717#respond"]}]},{"@type":"WebPage","@id":"https:\/\/cacaunews.com\/?p=1717","url":"https:\/\/cacaunews.com\/?p=1717","name":"Texeira de Freitas: Justi\u00e7a concede liminar contra prefeito. - Cacau News","isPartOf":{"@id":"https:\/\/cacaunews.com\/#website"},"datePublished":"2023-05-17T17:12:46+00:00","dateModified":"2023-05-17T17:12:18+00:00","breadcrumb":{"@id":"https:\/\/cacaunews.com\/?p=1717#breadcrumb"},"inLanguage":"pt-BR","potentialAction":[{"@type":"ReadAction","target":["https:\/\/cacaunews.com\/?p=1717"]}]},{"@type":"BreadcrumbList","@id":"https:\/\/cacaunews.com\/?p=1717#breadcrumb","itemListElement":[{"@type":"ListItem","position":1,"name":"In\u00edcio","item":"https:\/\/cacaunews.com\/"},{"@type":"ListItem","position":2,"name":"Texeira de Freitas: Justi\u00e7a concede liminar contra prefeito."}]},{"@type":"WebSite","@id":"https:\/\/cacaunews.com\/#website","url":"https:\/\/cacaunews.com\/","name":"Cacau News","description":"A Informa\u00e7\u00e3o que voc\u00ea precisa!","publisher":{"@id":"https:\/\/cacaunews.com\/#organization"},"potentialAction":[{"@type":"SearchAction","target":{"@type":"EntryPoint","urlTemplate":"https:\/\/cacaunews.com\/?s={search_term_string}"},"query-input":"required name=search_term_string"}],"inLanguage":"pt-BR"},{"@type":"Organization","@id":"https:\/\/cacaunews.com\/#organization","name":"Cacau News","url":"https:\/\/cacaunews.com\/","logo":{"@type":"ImageObject","inLanguage":"pt-BR","@id":"https:\/\/cacaunews.com\/#\/schema\/logo\/image\/","url":"https:\/\/cacaunews.com\/wp-content\/uploads\/2025\/01\/cropped-LOGO-NOVA.png","contentUrl":"https:\/\/cacaunews.com\/wp-content\/uploads\/2025\/01\/cropped-LOGO-NOVA.png","width":813,"height":813,"caption":"Cacau News"},"image":{"@id":"https:\/\/cacaunews.com\/#\/schema\/logo\/image\/"},"sameAs":["https:\/\/www.instagram.com\/cacaunews.online\/","https:\/\/youtube.com\/@cacaunews?si=0VXLnjl08SrWbVG9"]},{"@type":"Person","@id":"https:\/\/cacaunews.com\/#\/schema\/person\/ea69703103e606ad347ccd64bd72ef79","name":"Reda\u00e7\u00e3o Cacau News","image":{"@type":"ImageObject","inLanguage":"pt-BR","@id":"https:\/\/cacaunews.com\/#\/schema\/person\/image\/","url":"https:\/\/secure.gravatar.com\/avatar\/d79227a2a7b6cc42e8d7a8f7c284cd3a?s=96&d=mm&r=g","contentUrl":"https:\/\/secure.gravatar.com\/avatar\/d79227a2a7b6cc42e8d7a8f7c284cd3a?s=96&d=mm&r=g","caption":"Reda\u00e7\u00e3o Cacau News"},"sameAs":["https:\/\/cacaunews.com"],"url":"https:\/\/cacaunews.com\/?author=1"}]}},"jetpack_sharing_enabled":true,"jetpack_featured_media_url":"https:\/\/cacaunews.com\/wp-content\/uploads\/2023\/05\/Artigo-Destaque_01229339_00.jpg","_links":{"self":[{"href":"https:\/\/cacaunews.com\/index.php?rest_route=\/wp\/v2\/posts\/1717"}],"collection":[{"href":"https:\/\/cacaunews.com\/index.php?rest_route=\/wp\/v2\/posts"}],"about":[{"href":"https:\/\/cacaunews.com\/index.php?rest_route=\/wp\/v2\/types\/post"}],"author":[{"embeddable":true,"href":"https:\/\/cacaunews.com\/index.php?rest_route=\/wp\/v2\/users\/1"}],"replies":[{"embeddable":true,"href":"https:\/\/cacaunews.com\/index.php?rest_route=%2Fwp%2Fv2%2Fcomments&post=1717"}],"version-history":[{"count":1,"href":"https:\/\/cacaunews.com\/index.php?rest_route=\/wp\/v2\/posts\/1717\/revisions"}],"predecessor-version":[{"id":1718,"href":"https:\/\/cacaunews.com\/index.php?rest_route=\/wp\/v2\/posts\/1717\/revisions\/1718"}],"wp:featuredmedia":[{"embeddable":true,"href":"https:\/\/cacaunews.com\/index.php?rest_route=\/wp\/v2\/media\/1716"}],"wp:attachment":[{"href":"https:\/\/cacaunews.com\/index.php?rest_route=%2Fwp%2Fv2%2Fmedia&parent=1717"}],"wp:term":[{"taxonomy":"category","embeddable":true,"href":"https:\/\/cacaunews.com\/index.php?rest_route=%2Fwp%2Fv2%2Fcategories&post=1717"},{"taxonomy":"post_tag","embeddable":true,"href":"https:\/\/cacaunews.com\/index.php?rest_route=%2Fwp%2Fv2%2Ftags&post=1717"}],"curies":[{"name":"wp","href":"https:\/\/api.w.org\/{rel}","templated":true}]}}