{"id":1792,"date":"2023-05-24T18:12:16","date_gmt":"2023-05-24T18:12:16","guid":{"rendered":"https:\/\/cacaunews.com\/?p=1792"},"modified":"2023-05-24T20:31:13","modified_gmt":"2023-05-24T20:31:13","slug":"itabuna-advogado-vai-ao-mp-ba-por-artistas-locais-no-ita-pedro-presidente-da-ficc-confirma-edital","status":"publish","type":"post","link":"https:\/\/cacaunews.com\/?p=1792","title":{"rendered":"Itabuna: Advogado vai ao MP-BA por artistas locais no Ita Pedro; Presidente da FICC confirma edital."},"content":{"rendered":"<p>O Minist\u00e9rio P\u00fablico Estadual (MP-BA) foi acionado para cobrar, da Prefeitura de Itabuna e da Funda\u00e7\u00e3o Itabunense de Cultura e Cidadania (FICC), a contrata\u00e7\u00e3o de artistas locais para os festejos de S\u00e3o Pedro, o Ita Pedro, de 29 de junho a 2 de julho. A promotoria local tamb\u00e9m \u00e9 instada a apurar os gastos da festa e mover a\u00e7\u00e3o civil p\u00fablica. A representa\u00e7\u00e3o ao MP \u00e9 do advogado Jorge Almeida.<\/p>\n<p>O advogado aponta a falta de edital do Munic\u00edpio que assegure atra\u00e7\u00f5es locais no evento, apesar do custo da festa, hoje em R$ 7 milh\u00f5es, segundo ele. \u201cEstou estupefato. Com R$ 7 milh\u00f5es voc\u00ea consegue fazer uma programa\u00e7\u00e3o espetacular para o ano inteiro, com muitas atra\u00e7\u00f5es, muitos artistas contratados, bem remunerados\u201d, observou Jorge ao PIMENTA.<\/p>\n<p>A grade e detalhes da festa ser\u00e3o anunciados amanh\u00e3 (25), durante lan\u00e7amento programado para o Shopping Jequitib\u00e1. At\u00e9 agora, o Ita Pedro anunciou duas atra\u00e7\u00f5es. A mais cara, Wesley Safad\u00e3o, ter\u00e1 cach\u00ea de R$ 700 mil. Dilsinho receber\u00e1, conforme extrato de contrato, R$ 250 mil.<\/p>\n<p>Dilsinho e Safad\u00e3o foram contratados sem licita\u00e7\u00e3o (inexegibilidade), um dos pontos da representa\u00e7\u00e3o do advogado contra o munic\u00edpio. Jorge Almeida cita, no documento, obras inconclusas no munic\u00edpio devido \u00e0 falta de recursos.<\/p>\n<p><strong>LEGISLA\u00c7\u00c3O MUNICIPAL<\/strong><\/p>\n<p>Ao defender a contrata\u00e7\u00e3o de artistas locais e regionais, Jorge cita a Lei Municipal 2.443\/2019. Lei de incentivo \u00e0 cultura e ao artista locais, ela define que, ao menos,\u00a0 de todos os recursos para eventos sejam destinados \u00e0 prata da casa e o sul da Bahia.<\/p>\n<p>Ainda na representa\u00e7\u00e3o, Jorge aponta o munic\u00edpio de Vit\u00f3ria da Conquista como exemplo de valoriza\u00e7\u00e3o ao artista regional. A Prefeitura do munic\u00edpio localizado no sudoeste baiano destinou R$ 700 mil para a contrata\u00e7\u00e3o de artistas locais nos festejos juninos.<\/p>\n<p>Al\u00e9m da defesa do artista regional, a representa\u00e7\u00e3o requer ao MP-BA a\u00e7\u00e3o civil p\u00fablica para que a Prefeitura e a FICC suspendam as contrata\u00e7\u00f5es de Wesley Safad\u00e3o e Dilsinho, feitas sem licita\u00e7\u00e3o.<\/p>\n<p>O advogado n\u00e3o se posiciona contra a festa. A representa\u00e7\u00e3o, afirma, busca t\u00e3o somente que o Ita Pedro ocorra dentro \u201cdos padr\u00f5es compat\u00edveis com a atual situa\u00e7\u00e3o financeira do munic\u00edpio\u201d e respeite a legisla\u00e7\u00e3o quanto ao percentual de contrata\u00e7\u00e3o de artistas locais e regionais.<\/p>\n<p>O advogado n\u00e3o se posiciona contra a festa. A representa\u00e7\u00e3o, afirma, busca t\u00e3o somente que o Ita Pedro ocorra dentro \u201cdos padr\u00f5es compat\u00edveis com a atual situa\u00e7\u00e3o financeira do munic\u00edpio\u201d e respeite a legisla\u00e7\u00e3o quanto ao percentual de contrata\u00e7\u00e3o de artistas locais e regionais.<\/p>\n<p><strong>OUTRO LADO<\/strong><\/p>\n<p>O presidente da Funda\u00e7\u00e3o Itabunense de Cultura e Cidadania (FICC), Aldo Rebou\u00e7as, disse estar tranquilo quanto \u00e0 representa\u00e7\u00e3o. \u201cN\u00e3o muda nada de nosso planejamento [para a festa]. Nada me abala em rela\u00e7\u00e3o a esse processo\u201d, afirmou ao site Pimenta Blog, por telefone.<\/p>\n<p>Segundo Aldo, desde o Ita Pedro de 2022 a gest\u00e3o j\u00e1 cumpre a legisla\u00e7\u00e3o municipal na contrata\u00e7\u00e3o de artistas e agentes culturais locais e regionais, o que o faz crer no insucesso da representa\u00e7\u00e3o. \u201cO primeiro prefeito que cumpriu essa lei foi Augusto Castro\u201d, disse. \u201cForam mais de 40 artistas e agentes culturais\u00a0<em>[no Ita Pedro do ano passado]<\/em>. N\u00e3o era algo destinado apenas ao setor da m\u00fasica, mas dan\u00e7a, artes c\u00eanicas dentro do cunho tem\u00e1tico\u201d, emendou.<\/p>\n<p>O presidente da FICC disse j\u00e1 ter fechado o planejamento quanto \u00e0 contrata\u00e7\u00e3o dos artistas e agentes locais e regionais para 2023. O edital, assegura Aldo, ser\u00e1 lan\u00e7ado em breve, ap\u00f3s conclus\u00e3o de mapa comparativo de pre\u00e7o para fundamentar o valor das contrata\u00e7\u00f5es numa consulta que envolve cerca de 50 atores culturais.<\/p>\n<p><strong>MEDALH\u00d5ES<\/strong><\/p>\n<p>O dirigente tamb\u00e9m defende a contrata\u00e7\u00e3o de grandes nomes para a festa. \u201cReverte em benef\u00edcio para os artistas locais\u201d, aponta. \u201cA gente tem entrega muito profissionalizada\u201d, completa, citando medidas para saber quanto cada real investido na festa retorna para a cidade, \u201cseja na venda de bebidas, comidas ou de qualquer explora\u00e7\u00e3o comercial nos quatro dias da festa\u201d.<\/p>\n<p>Aldo disse defender a liberdade de qualquer cidad\u00e3o de cobrar do poder p\u00fablico, com responsabilidade. \u201c<em>Pra<\/em>\u00a0mim, tem todo direito como cidad\u00e3o. Qualquer pessoa que fa\u00e7a a cr\u00edtica tem que ter fundamento e compreender a import\u00e2ncia do Ita Pedro para Itabuna, assim como o Pedr\u00e3o para Eun\u00e1polis e os festejos juninos para Santo Ant\u00f4nio de Jesus\u201d, disse.<\/p>\n<p>Com informa\u00e7\u00f5es Pimenta Blog.<\/p>\n","protected":false},"excerpt":{"rendered":"<p>O Minist\u00e9rio P\u00fablico Estadual (MP-BA) foi acionado para cobrar, da Prefeitura de Itabuna e da&#8230;<\/p>\n","protected":false},"author":1,"featured_media":1794,"comment_status":"open","ping_status":"open","sticky":false,"template":"","format":"standard","meta":{"footnotes":""},"categories":[18,11,5],"tags":[30,710,27,709],"yoast_head":"<!-- This site is optimized with the Yoast SEO plugin v21.7 - https:\/\/yoast.com\/wordpress\/plugins\/seo\/ -->\n<title>Itabuna: Advogado vai ao MP-BA por artistas locais no Ita Pedro; Presidente da FICC confirma edital. - Cacau News<\/title>\n<meta name=\"robots\" content=\"index, follow, max-snippet:-1, max-image-preview:large, max-video-preview:-1\" \/>\n<link rel=\"canonical\" href=\"https:\/\/cacaunews.com\/?p=1792\" \/>\n<meta property=\"og:locale\" content=\"pt_BR\" \/>\n<meta property=\"og:type\" content=\"article\" \/>\n<meta property=\"og:title\" content=\"Itabuna: Advogado vai ao MP-BA por artistas locais no Ita Pedro; Presidente da FICC confirma edital. - Cacau News\" \/>\n<meta property=\"og:description\" content=\"O Minist\u00e9rio P\u00fablico Estadual (MP-BA) foi acionado para cobrar, da Prefeitura de Itabuna e da...\" \/>\n<meta property=\"og:url\" content=\"https:\/\/cacaunews.com\/?p=1792\" \/>\n<meta property=\"og:site_name\" content=\"Cacau News\" \/>\n<meta property=\"article:published_time\" content=\"2023-05-24T18:12:16+00:00\" \/>\n<meta property=\"article:modified_time\" content=\"2023-05-24T20:31:13+00:00\" \/>\n<meta property=\"og:image\" content=\"https:\/\/cacaunews.com\/wp-content\/uploads\/2023\/05\/IMG_20230524_151107.jpg\" \/>\n\t<meta property=\"og:image:width\" content=\"1080\" \/>\n\t<meta property=\"og:image:height\" content=\"1049\" \/>\n\t<meta property=\"og:image:type\" content=\"image\/jpeg\" \/>\n<meta name=\"author\" content=\"Reda\u00e7\u00e3o Cacau News\" \/>\n<meta name=\"twitter:card\" content=\"summary_large_image\" \/>\n<meta name=\"twitter:label1\" content=\"Escrito por\" \/>\n\t<meta name=\"twitter:data1\" content=\"Reda\u00e7\u00e3o Cacau News\" \/>\n\t<meta name=\"twitter:label2\" content=\"Est. tempo de leitura\" \/>\n\t<meta name=\"twitter:data2\" content=\"4 minutos\" \/>\n<script type=\"application\/ld+json\" class=\"yoast-schema-graph\">{\"@context\":\"https:\/\/schema.org\",\"@graph\":[{\"@type\":\"Article\",\"@id\":\"https:\/\/cacaunews.com\/?p=1792#article\",\"isPartOf\":{\"@id\":\"https:\/\/cacaunews.com\/?p=1792\"},\"author\":{\"name\":\"Reda\u00e7\u00e3o Cacau News\",\"@id\":\"https:\/\/cacaunews.com\/#\/schema\/person\/ea69703103e606ad347ccd64bd72ef79\"},\"headline\":\"Itabuna: Advogado vai ao MP-BA por artistas locais no Ita Pedro; Presidente da FICC confirma edital.\",\"datePublished\":\"2023-05-24T18:12:16+00:00\",\"dateModified\":\"2023-05-24T20:31:13+00:00\",\"mainEntityOfPage\":{\"@id\":\"https:\/\/cacaunews.com\/?p=1792\"},\"wordCount\":789,\"commentCount\":0,\"publisher\":{\"@id\":\"https:\/\/cacaunews.com\/#organization\"},\"keywords\":[\"denuncia\",\"ita pedro\",\"itabuna\",\"mpba\"],\"articleSection\":[\"cidades\",\"Jornalismo\",\"Politica\"],\"inLanguage\":\"pt-BR\",\"potentialAction\":[{\"@type\":\"CommentAction\",\"name\":\"Comment\",\"target\":[\"https:\/\/cacaunews.com\/?p=1792#respond\"]}]},{\"@type\":\"WebPage\",\"@id\":\"https:\/\/cacaunews.com\/?p=1792\",\"url\":\"https:\/\/cacaunews.com\/?p=1792\",\"name\":\"Itabuna: Advogado vai ao MP-BA por artistas locais no Ita Pedro; Presidente da FICC confirma edital. - Cacau News\",\"isPartOf\":{\"@id\":\"https:\/\/cacaunews.com\/#website\"},\"datePublished\":\"2023-05-24T18:12:16+00:00\",\"dateModified\":\"2023-05-24T20:31:13+00:00\",\"breadcrumb\":{\"@id\":\"https:\/\/cacaunews.com\/?p=1792#breadcrumb\"},\"inLanguage\":\"pt-BR\",\"potentialAction\":[{\"@type\":\"ReadAction\",\"target\":[\"https:\/\/cacaunews.com\/?p=1792\"]}]},{\"@type\":\"BreadcrumbList\",\"@id\":\"https:\/\/cacaunews.com\/?p=1792#breadcrumb\",\"itemListElement\":[{\"@type\":\"ListItem\",\"position\":1,\"name\":\"In\u00edcio\",\"item\":\"https:\/\/cacaunews.com\/\"},{\"@type\":\"ListItem\",\"position\":2,\"name\":\"Itabuna: Advogado vai ao MP-BA por artistas locais no Ita Pedro; Presidente da FICC confirma edital.\"}]},{\"@type\":\"WebSite\",\"@id\":\"https:\/\/cacaunews.com\/#website\",\"url\":\"https:\/\/cacaunews.com\/\",\"name\":\"Cacau News\",\"description\":\"A Informa\u00e7\u00e3o que voc\u00ea precisa!\",\"publisher\":{\"@id\":\"https:\/\/cacaunews.com\/#organization\"},\"potentialAction\":[{\"@type\":\"SearchAction\",\"target\":{\"@type\":\"EntryPoint\",\"urlTemplate\":\"https:\/\/cacaunews.com\/?s={search_term_string}\"},\"query-input\":\"required name=search_term_string\"}],\"inLanguage\":\"pt-BR\"},{\"@type\":\"Organization\",\"@id\":\"https:\/\/cacaunews.com\/#organization\",\"name\":\"Cacau News\",\"url\":\"https:\/\/cacaunews.com\/\",\"logo\":{\"@type\":\"ImageObject\",\"inLanguage\":\"pt-BR\",\"@id\":\"https:\/\/cacaunews.com\/#\/schema\/logo\/image\/\",\"url\":\"https:\/\/cacaunews.com\/wp-content\/uploads\/2025\/01\/cropped-LOGO-NOVA.png\",\"contentUrl\":\"https:\/\/cacaunews.com\/wp-content\/uploads\/2025\/01\/cropped-LOGO-NOVA.png\",\"width\":813,\"height\":813,\"caption\":\"Cacau News\"},\"image\":{\"@id\":\"https:\/\/cacaunews.com\/#\/schema\/logo\/image\/\"},\"sameAs\":[\"https:\/\/www.instagram.com\/cacaunews.online\/\",\"https:\/\/youtube.com\/@cacaunews?si=0VXLnjl08SrWbVG9\"]},{\"@type\":\"Person\",\"@id\":\"https:\/\/cacaunews.com\/#\/schema\/person\/ea69703103e606ad347ccd64bd72ef79\",\"name\":\"Reda\u00e7\u00e3o Cacau News\",\"image\":{\"@type\":\"ImageObject\",\"inLanguage\":\"pt-BR\",\"@id\":\"https:\/\/cacaunews.com\/#\/schema\/person\/image\/\",\"url\":\"https:\/\/secure.gravatar.com\/avatar\/d79227a2a7b6cc42e8d7a8f7c284cd3a?s=96&d=mm&r=g\",\"contentUrl\":\"https:\/\/secure.gravatar.com\/avatar\/d79227a2a7b6cc42e8d7a8f7c284cd3a?s=96&d=mm&r=g\",\"caption\":\"Reda\u00e7\u00e3o Cacau News\"},\"sameAs\":[\"https:\/\/cacaunews.com\"],\"url\":\"https:\/\/cacaunews.com\/?author=1\"}]}<\/script>\n<!-- \/ Yoast SEO plugin. -->","yoast_head_json":{"title":"Itabuna: Advogado vai ao MP-BA por artistas locais no Ita Pedro; Presidente da FICC confirma edital. - Cacau News","robots":{"index":"index","follow":"follow","max-snippet":"max-snippet:-1","max-image-preview":"max-image-preview:large","max-video-preview":"max-video-preview:-1"},"canonical":"https:\/\/cacaunews.com\/?p=1792","og_locale":"pt_BR","og_type":"article","og_title":"Itabuna: Advogado vai ao MP-BA por artistas locais no Ita Pedro; Presidente da FICC confirma edital. - Cacau News","og_description":"O Minist\u00e9rio P\u00fablico Estadual (MP-BA) foi acionado para cobrar, da Prefeitura de Itabuna e da...","og_url":"https:\/\/cacaunews.com\/?p=1792","og_site_name":"Cacau News","article_published_time":"2023-05-24T18:12:16+00:00","article_modified_time":"2023-05-24T20:31:13+00:00","og_image":[{"width":1080,"height":1049,"url":"https:\/\/cacaunews.com\/wp-content\/uploads\/2023\/05\/IMG_20230524_151107.jpg","type":"image\/jpeg"}],"author":"Reda\u00e7\u00e3o Cacau News","twitter_card":"summary_large_image","twitter_misc":{"Escrito por":"Reda\u00e7\u00e3o Cacau News","Est. tempo de leitura":"4 minutos"},"schema":{"@context":"https:\/\/schema.org","@graph":[{"@type":"Article","@id":"https:\/\/cacaunews.com\/?p=1792#article","isPartOf":{"@id":"https:\/\/cacaunews.com\/?p=1792"},"author":{"name":"Reda\u00e7\u00e3o Cacau News","@id":"https:\/\/cacaunews.com\/#\/schema\/person\/ea69703103e606ad347ccd64bd72ef79"},"headline":"Itabuna: Advogado vai ao MP-BA por artistas locais no Ita Pedro; Presidente da FICC confirma edital.","datePublished":"2023-05-24T18:12:16+00:00","dateModified":"2023-05-24T20:31:13+00:00","mainEntityOfPage":{"@id":"https:\/\/cacaunews.com\/?p=1792"},"wordCount":789,"commentCount":0,"publisher":{"@id":"https:\/\/cacaunews.com\/#organization"},"keywords":["denuncia","ita pedro","itabuna","mpba"],"articleSection":["cidades","Jornalismo","Politica"],"inLanguage":"pt-BR","potentialAction":[{"@type":"CommentAction","name":"Comment","target":["https:\/\/cacaunews.com\/?p=1792#respond"]}]},{"@type":"WebPage","@id":"https:\/\/cacaunews.com\/?p=1792","url":"https:\/\/cacaunews.com\/?p=1792","name":"Itabuna: Advogado vai ao MP-BA por artistas locais no Ita Pedro; Presidente da FICC confirma edital. - Cacau News","isPartOf":{"@id":"https:\/\/cacaunews.com\/#website"},"datePublished":"2023-05-24T18:12:16+00:00","dateModified":"2023-05-24T20:31:13+00:00","breadcrumb":{"@id":"https:\/\/cacaunews.com\/?p=1792#breadcrumb"},"inLanguage":"pt-BR","potentialAction":[{"@type":"ReadAction","target":["https:\/\/cacaunews.com\/?p=1792"]}]},{"@type":"BreadcrumbList","@id":"https:\/\/cacaunews.com\/?p=1792#breadcrumb","itemListElement":[{"@type":"ListItem","position":1,"name":"In\u00edcio","item":"https:\/\/cacaunews.com\/"},{"@type":"ListItem","position":2,"name":"Itabuna: Advogado vai ao MP-BA por artistas locais no Ita Pedro; Presidente da FICC confirma edital."}]},{"@type":"WebSite","@id":"https:\/\/cacaunews.com\/#website","url":"https:\/\/cacaunews.com\/","name":"Cacau News","description":"A Informa\u00e7\u00e3o que voc\u00ea precisa!","publisher":{"@id":"https:\/\/cacaunews.com\/#organization"},"potentialAction":[{"@type":"SearchAction","target":{"@type":"EntryPoint","urlTemplate":"https:\/\/cacaunews.com\/?s={search_term_string}"},"query-input":"required name=search_term_string"}],"inLanguage":"pt-BR"},{"@type":"Organization","@id":"https:\/\/cacaunews.com\/#organization","name":"Cacau News","url":"https:\/\/cacaunews.com\/","logo":{"@type":"ImageObject","inLanguage":"pt-BR","@id":"https:\/\/cacaunews.com\/#\/schema\/logo\/image\/","url":"https:\/\/cacaunews.com\/wp-content\/uploads\/2025\/01\/cropped-LOGO-NOVA.png","contentUrl":"https:\/\/cacaunews.com\/wp-content\/uploads\/2025\/01\/cropped-LOGO-NOVA.png","width":813,"height":813,"caption":"Cacau News"},"image":{"@id":"https:\/\/cacaunews.com\/#\/schema\/logo\/image\/"},"sameAs":["https:\/\/www.instagram.com\/cacaunews.online\/","https:\/\/youtube.com\/@cacaunews?si=0VXLnjl08SrWbVG9"]},{"@type":"Person","@id":"https:\/\/cacaunews.com\/#\/schema\/person\/ea69703103e606ad347ccd64bd72ef79","name":"Reda\u00e7\u00e3o Cacau News","image":{"@type":"ImageObject","inLanguage":"pt-BR","@id":"https:\/\/cacaunews.com\/#\/schema\/person\/image\/","url":"https:\/\/secure.gravatar.com\/avatar\/d79227a2a7b6cc42e8d7a8f7c284cd3a?s=96&d=mm&r=g","contentUrl":"https:\/\/secure.gravatar.com\/avatar\/d79227a2a7b6cc42e8d7a8f7c284cd3a?s=96&d=mm&r=g","caption":"Reda\u00e7\u00e3o Cacau News"},"sameAs":["https:\/\/cacaunews.com"],"url":"https:\/\/cacaunews.com\/?author=1"}]}},"jetpack_sharing_enabled":true,"jetpack_featured_media_url":"https:\/\/cacaunews.com\/wp-content\/uploads\/2023\/05\/IMG_20230524_151107.jpg","_links":{"self":[{"href":"https:\/\/cacaunews.com\/index.php?rest_route=\/wp\/v2\/posts\/1792"}],"collection":[{"href":"https:\/\/cacaunews.com\/index.php?rest_route=\/wp\/v2\/posts"}],"about":[{"href":"https:\/\/cacaunews.com\/index.php?rest_route=\/wp\/v2\/types\/post"}],"author":[{"embeddable":true,"href":"https:\/\/cacaunews.com\/index.php?rest_route=\/wp\/v2\/users\/1"}],"replies":[{"embeddable":true,"href":"https:\/\/cacaunews.com\/index.php?rest_route=%2Fwp%2Fv2%2Fcomments&post=1792"}],"version-history":[{"count":3,"href":"https:\/\/cacaunews.com\/index.php?rest_route=\/wp\/v2\/posts\/1792\/revisions"}],"predecessor-version":[{"id":1796,"href":"https:\/\/cacaunews.com\/index.php?rest_route=\/wp\/v2\/posts\/1792\/revisions\/1796"}],"wp:featuredmedia":[{"embeddable":true,"href":"https:\/\/cacaunews.com\/index.php?rest_route=\/wp\/v2\/media\/1794"}],"wp:attachment":[{"href":"https:\/\/cacaunews.com\/index.php?rest_route=%2Fwp%2Fv2%2Fmedia&parent=1792"}],"wp:term":[{"taxonomy":"category","embeddable":true,"href":"https:\/\/cacaunews.com\/index.php?rest_route=%2Fwp%2Fv2%2Fcategories&post=1792"},{"taxonomy":"post_tag","embeddable":true,"href":"https:\/\/cacaunews.com\/index.php?rest_route=%2Fwp%2Fv2%2Ftags&post=1792"}],"curies":[{"name":"wp","href":"https:\/\/api.w.org\/{rel}","templated":true}]}}