{"id":1806,"date":"2023-05-26T17:36:59","date_gmt":"2023-05-26T17:36:59","guid":{"rendered":"https:\/\/cacaunews.com\/?p=1806"},"modified":"2023-05-26T17:36:36","modified_gmt":"2023-05-26T17:36:36","slug":"associacao-comercial-de-itabuna-elege-novo-presidente","status":"publish","type":"post","link":"https:\/\/cacaunews.com\/?p=1806","title":{"rendered":"Associa\u00e7\u00e3o comercial de Itabuna  elege novo presidente."},"content":{"rendered":"\n<p>Durante todo dia de hoje, 25, nas depend\u00eancias do pr\u00e9dio  Uni\u00e3o  Comercial, Rua  S\u00e3o Vicente  de Paulo, no 9 andar, foi  realizada a elei\u00e7\u00e3o para  a nova diretoria da secular e tradicional  Associa\u00e7\u00e3o Comercial  de Itabuna &#8211; ACI. Com 33 votos apurados, o empres\u00e1rio  Valdino  Cunha foi eleito em chapa \u00fanica  para o bi\u00eanio  2023\/ 2025. <\/p>\n\n\n\n<p>A Assembl\u00e9ia  Geral foi  presidida  pelo atual  presidente, Mauro Luiz Silva  Ribeiro e coadjuvado  por  Luiz S\u00e9rgio  Neto Velanes, 1\u00b0 secret\u00e1rio  e Ronaldo Abude, 2\u00b0 secret\u00e1rio. O presidente eleito, empres\u00e1rio  Valdino Cunha ir\u00e1  presidir a entidade tendo como companheiros:<\/p>\n\n\n\n<p><br \/><strong>CONSELHO DO COM\u00c9RCIO <\/strong><br \/>  <br \/>Ludmila Vieira( Advogada)  <br \/>Jandson Nunes<br \/>Luis Carlos Mendon\u00e7a  Neto<br \/>Jos\u00e9  Dantas <br \/>Andr\u00e9  Nogueira.<br \/><br \/><br \/><strong>CONSELHO  DA  IND\u00daSTRIA <\/strong><br \/><br \/> Arthur Animais <br \/> J\u00e9ssica  Jatob\u00e1 <br \/> Harrison Nobre<br \/> Erivaldo  Benevides<br \/> Lourival Kruschewsky Badar\u00f3  Neto <br \/><br \/><br \/><strong>CONSELHO  DE  PRESTA\u00c7\u00c3O  DE SERVI\u00c7OS<\/strong><br \/>       <\/p>\n\n\n\n<p>Franklin  Bastos<br \/>Viviane Fernandes.                                                                     Wagner Santos  Souza Alves.                                         Alex Fabian.<br \/>Rafle  Salume.   <\/p>\n\n\n\n<p><strong>CONSELHO DE COMUNICA\u00c7\u00c3O <\/strong><br><br> Nelson  B\u00e2fica<br> Silvio Roberto<br> Carol Feriado<br> Matheus Berry<br> Ti\u00e3o Barros<br><br><strong>CONSELHO  DE AGRICULTURA E PECU\u00c1RIA <\/strong><br><br><br> Eduardo Carqueija  J\u00fanior <br> Ronaldo Abuse<br> Othon  Henrique <br> Welington  Ferraz      <br><br><br><strong>COMISS\u00c3O  DE CONTAS 1<\/strong><br><br>Luis S\u00e9rgio  Neto Velanes <br>Jos\u00e9  Adauto<br>Jorge Pires <br><br><strong>COMISS\u00c3O  DE CONTAS 2<\/strong><br><br> Tarik  Fontes <br> Luis  Roberto Vieira Ribeiro<br> Mauro Luiz Silva Ribeiro<\/p>\n\n\n\n<p>Texto: Paulo Lima &#8211; Jornalista <\/p>\n","protected":false},"excerpt":{"rendered":"<p>Durante todo dia de hoje, 25, nas depend\u00eancias do pr\u00e9dio Uni\u00e3o Comercial, Rua S\u00e3o Vicente&#8230;<\/p>\n","protected":false},"author":1,"featured_media":1805,"comment_status":"open","ping_status":"open","sticky":false,"template":"","format":"standard","meta":{"footnotes":""},"categories":[18,11],"tags":[713,88,27,714],"yoast_head":"<!-- This site is optimized with the Yoast SEO plugin v21.7 - https:\/\/yoast.com\/wordpress\/plugins\/seo\/ -->\n<title>Associa\u00e7\u00e3o comercial de Itabuna elege novo presidente. - Cacau News<\/title>\n<meta name=\"robots\" content=\"index, follow, max-snippet:-1, max-image-preview:large, max-video-preview:-1\" \/>\n<link rel=\"canonical\" href=\"https:\/\/cacaunews.com\/?p=1806\" \/>\n<meta property=\"og:locale\" content=\"pt_BR\" \/>\n<meta property=\"og:type\" content=\"article\" \/>\n<meta property=\"og:title\" content=\"Associa\u00e7\u00e3o comercial de Itabuna elege novo presidente. - Cacau News\" \/>\n<meta property=\"og:description\" content=\"Durante todo dia de hoje, 25, nas depend\u00eancias do pr\u00e9dio Uni\u00e3o Comercial, Rua S\u00e3o Vicente...\" \/>\n<meta property=\"og:url\" content=\"https:\/\/cacaunews.com\/?p=1806\" \/>\n<meta property=\"og:site_name\" content=\"Cacau News\" \/>\n<meta property=\"article:published_time\" content=\"2023-05-26T17:36:59+00:00\" \/>\n<meta property=\"article:modified_time\" content=\"2023-05-26T17:36:36+00:00\" \/>\n<meta property=\"og:image\" content=\"https:\/\/cacaunews.com\/wp-content\/uploads\/2023\/05\/IMG-20230525-WA0289.jpg\" \/>\n\t<meta property=\"og:image:width\" content=\"1600\" \/>\n\t<meta property=\"og:image:height\" content=\"1200\" \/>\n\t<meta property=\"og:image:type\" content=\"image\/jpeg\" \/>\n<meta name=\"author\" content=\"Reda\u00e7\u00e3o Cacau News\" \/>\n<meta name=\"twitter:card\" content=\"summary_large_image\" \/>\n<meta name=\"twitter:label1\" content=\"Escrito por\" \/>\n\t<meta name=\"twitter:data1\" content=\"Reda\u00e7\u00e3o Cacau News\" \/>\n\t<meta name=\"twitter:label2\" content=\"Est. tempo de leitura\" \/>\n\t<meta name=\"twitter:data2\" content=\"1 minuto\" \/>\n<script type=\"application\/ld+json\" class=\"yoast-schema-graph\">{\"@context\":\"https:\/\/schema.org\",\"@graph\":[{\"@type\":\"Article\",\"@id\":\"https:\/\/cacaunews.com\/?p=1806#article\",\"isPartOf\":{\"@id\":\"https:\/\/cacaunews.com\/?p=1806\"},\"author\":{\"name\":\"Reda\u00e7\u00e3o Cacau News\",\"@id\":\"https:\/\/cacaunews.com\/#\/schema\/person\/ea69703103e606ad347ccd64bd72ef79\"},\"headline\":\"Associa\u00e7\u00e3o comercial de Itabuna elege novo presidente.\",\"datePublished\":\"2023-05-26T17:36:59+00:00\",\"dateModified\":\"2023-05-26T17:36:36+00:00\",\"mainEntityOfPage\":{\"@id\":\"https:\/\/cacaunews.com\/?p=1806\"},\"wordCount\":223,\"commentCount\":0,\"publisher\":{\"@id\":\"https:\/\/cacaunews.com\/#organization\"},\"keywords\":[\"aci\",\"conselho\",\"itabuna\",\"presid\u00eancia\"],\"articleSection\":[\"cidades\",\"Jornalismo\"],\"inLanguage\":\"pt-BR\",\"potentialAction\":[{\"@type\":\"CommentAction\",\"name\":\"Comment\",\"target\":[\"https:\/\/cacaunews.com\/?p=1806#respond\"]}]},{\"@type\":\"WebPage\",\"@id\":\"https:\/\/cacaunews.com\/?p=1806\",\"url\":\"https:\/\/cacaunews.com\/?p=1806\",\"name\":\"Associa\u00e7\u00e3o comercial de Itabuna elege novo presidente. - Cacau News\",\"isPartOf\":{\"@id\":\"https:\/\/cacaunews.com\/#website\"},\"datePublished\":\"2023-05-26T17:36:59+00:00\",\"dateModified\":\"2023-05-26T17:36:36+00:00\",\"breadcrumb\":{\"@id\":\"https:\/\/cacaunews.com\/?p=1806#breadcrumb\"},\"inLanguage\":\"pt-BR\",\"potentialAction\":[{\"@type\":\"ReadAction\",\"target\":[\"https:\/\/cacaunews.com\/?p=1806\"]}]},{\"@type\":\"BreadcrumbList\",\"@id\":\"https:\/\/cacaunews.com\/?p=1806#breadcrumb\",\"itemListElement\":[{\"@type\":\"ListItem\",\"position\":1,\"name\":\"In\u00edcio\",\"item\":\"https:\/\/cacaunews.com\/\"},{\"@type\":\"ListItem\",\"position\":2,\"name\":\"Associa\u00e7\u00e3o comercial de Itabuna elege novo presidente.\"}]},{\"@type\":\"WebSite\",\"@id\":\"https:\/\/cacaunews.com\/#website\",\"url\":\"https:\/\/cacaunews.com\/\",\"name\":\"Cacau News\",\"description\":\"A Informa\u00e7\u00e3o que voc\u00ea precisa!\",\"publisher\":{\"@id\":\"https:\/\/cacaunews.com\/#organization\"},\"potentialAction\":[{\"@type\":\"SearchAction\",\"target\":{\"@type\":\"EntryPoint\",\"urlTemplate\":\"https:\/\/cacaunews.com\/?s={search_term_string}\"},\"query-input\":\"required name=search_term_string\"}],\"inLanguage\":\"pt-BR\"},{\"@type\":\"Organization\",\"@id\":\"https:\/\/cacaunews.com\/#organization\",\"name\":\"Cacau News\",\"url\":\"https:\/\/cacaunews.com\/\",\"logo\":{\"@type\":\"ImageObject\",\"inLanguage\":\"pt-BR\",\"@id\":\"https:\/\/cacaunews.com\/#\/schema\/logo\/image\/\",\"url\":\"https:\/\/cacaunews.com\/wp-content\/uploads\/2025\/01\/cropped-LOGO-NOVA.png\",\"contentUrl\":\"https:\/\/cacaunews.com\/wp-content\/uploads\/2025\/01\/cropped-LOGO-NOVA.png\",\"width\":813,\"height\":813,\"caption\":\"Cacau News\"},\"image\":{\"@id\":\"https:\/\/cacaunews.com\/#\/schema\/logo\/image\/\"},\"sameAs\":[\"https:\/\/www.instagram.com\/cacaunews.online\/\",\"https:\/\/youtube.com\/@cacaunews?si=0VXLnjl08SrWbVG9\"]},{\"@type\":\"Person\",\"@id\":\"https:\/\/cacaunews.com\/#\/schema\/person\/ea69703103e606ad347ccd64bd72ef79\",\"name\":\"Reda\u00e7\u00e3o Cacau News\",\"image\":{\"@type\":\"ImageObject\",\"inLanguage\":\"pt-BR\",\"@id\":\"https:\/\/cacaunews.com\/#\/schema\/person\/image\/\",\"url\":\"https:\/\/secure.gravatar.com\/avatar\/d79227a2a7b6cc42e8d7a8f7c284cd3a?s=96&d=mm&r=g\",\"contentUrl\":\"https:\/\/secure.gravatar.com\/avatar\/d79227a2a7b6cc42e8d7a8f7c284cd3a?s=96&d=mm&r=g\",\"caption\":\"Reda\u00e7\u00e3o Cacau News\"},\"sameAs\":[\"https:\/\/cacaunews.com\"],\"url\":\"https:\/\/cacaunews.com\/?author=1\"}]}<\/script>\n<!-- \/ Yoast SEO plugin. -->","yoast_head_json":{"title":"Associa\u00e7\u00e3o comercial de Itabuna elege novo presidente. - Cacau News","robots":{"index":"index","follow":"follow","max-snippet":"max-snippet:-1","max-image-preview":"max-image-preview:large","max-video-preview":"max-video-preview:-1"},"canonical":"https:\/\/cacaunews.com\/?p=1806","og_locale":"pt_BR","og_type":"article","og_title":"Associa\u00e7\u00e3o comercial de Itabuna elege novo presidente. - Cacau News","og_description":"Durante todo dia de hoje, 25, nas depend\u00eancias do pr\u00e9dio Uni\u00e3o Comercial, Rua S\u00e3o Vicente...","og_url":"https:\/\/cacaunews.com\/?p=1806","og_site_name":"Cacau News","article_published_time":"2023-05-26T17:36:59+00:00","article_modified_time":"2023-05-26T17:36:36+00:00","og_image":[{"width":1600,"height":1200,"url":"https:\/\/cacaunews.com\/wp-content\/uploads\/2023\/05\/IMG-20230525-WA0289.jpg","type":"image\/jpeg"}],"author":"Reda\u00e7\u00e3o Cacau News","twitter_card":"summary_large_image","twitter_misc":{"Escrito por":"Reda\u00e7\u00e3o Cacau News","Est. tempo de leitura":"1 minuto"},"schema":{"@context":"https:\/\/schema.org","@graph":[{"@type":"Article","@id":"https:\/\/cacaunews.com\/?p=1806#article","isPartOf":{"@id":"https:\/\/cacaunews.com\/?p=1806"},"author":{"name":"Reda\u00e7\u00e3o Cacau News","@id":"https:\/\/cacaunews.com\/#\/schema\/person\/ea69703103e606ad347ccd64bd72ef79"},"headline":"Associa\u00e7\u00e3o comercial de Itabuna elege novo presidente.","datePublished":"2023-05-26T17:36:59+00:00","dateModified":"2023-05-26T17:36:36+00:00","mainEntityOfPage":{"@id":"https:\/\/cacaunews.com\/?p=1806"},"wordCount":223,"commentCount":0,"publisher":{"@id":"https:\/\/cacaunews.com\/#organization"},"keywords":["aci","conselho","itabuna","presid\u00eancia"],"articleSection":["cidades","Jornalismo"],"inLanguage":"pt-BR","potentialAction":[{"@type":"CommentAction","name":"Comment","target":["https:\/\/cacaunews.com\/?p=1806#respond"]}]},{"@type":"WebPage","@id":"https:\/\/cacaunews.com\/?p=1806","url":"https:\/\/cacaunews.com\/?p=1806","name":"Associa\u00e7\u00e3o comercial de Itabuna elege novo presidente. - Cacau News","isPartOf":{"@id":"https:\/\/cacaunews.com\/#website"},"datePublished":"2023-05-26T17:36:59+00:00","dateModified":"2023-05-26T17:36:36+00:00","breadcrumb":{"@id":"https:\/\/cacaunews.com\/?p=1806#breadcrumb"},"inLanguage":"pt-BR","potentialAction":[{"@type":"ReadAction","target":["https:\/\/cacaunews.com\/?p=1806"]}]},{"@type":"BreadcrumbList","@id":"https:\/\/cacaunews.com\/?p=1806#breadcrumb","itemListElement":[{"@type":"ListItem","position":1,"name":"In\u00edcio","item":"https:\/\/cacaunews.com\/"},{"@type":"ListItem","position":2,"name":"Associa\u00e7\u00e3o comercial de Itabuna elege novo presidente."}]},{"@type":"WebSite","@id":"https:\/\/cacaunews.com\/#website","url":"https:\/\/cacaunews.com\/","name":"Cacau News","description":"A Informa\u00e7\u00e3o que voc\u00ea precisa!","publisher":{"@id":"https:\/\/cacaunews.com\/#organization"},"potentialAction":[{"@type":"SearchAction","target":{"@type":"EntryPoint","urlTemplate":"https:\/\/cacaunews.com\/?s={search_term_string}"},"query-input":"required name=search_term_string"}],"inLanguage":"pt-BR"},{"@type":"Organization","@id":"https:\/\/cacaunews.com\/#organization","name":"Cacau News","url":"https:\/\/cacaunews.com\/","logo":{"@type":"ImageObject","inLanguage":"pt-BR","@id":"https:\/\/cacaunews.com\/#\/schema\/logo\/image\/","url":"https:\/\/cacaunews.com\/wp-content\/uploads\/2025\/01\/cropped-LOGO-NOVA.png","contentUrl":"https:\/\/cacaunews.com\/wp-content\/uploads\/2025\/01\/cropped-LOGO-NOVA.png","width":813,"height":813,"caption":"Cacau News"},"image":{"@id":"https:\/\/cacaunews.com\/#\/schema\/logo\/image\/"},"sameAs":["https:\/\/www.instagram.com\/cacaunews.online\/","https:\/\/youtube.com\/@cacaunews?si=0VXLnjl08SrWbVG9"]},{"@type":"Person","@id":"https:\/\/cacaunews.com\/#\/schema\/person\/ea69703103e606ad347ccd64bd72ef79","name":"Reda\u00e7\u00e3o Cacau News","image":{"@type":"ImageObject","inLanguage":"pt-BR","@id":"https:\/\/cacaunews.com\/#\/schema\/person\/image\/","url":"https:\/\/secure.gravatar.com\/avatar\/d79227a2a7b6cc42e8d7a8f7c284cd3a?s=96&d=mm&r=g","contentUrl":"https:\/\/secure.gravatar.com\/avatar\/d79227a2a7b6cc42e8d7a8f7c284cd3a?s=96&d=mm&r=g","caption":"Reda\u00e7\u00e3o Cacau News"},"sameAs":["https:\/\/cacaunews.com"],"url":"https:\/\/cacaunews.com\/?author=1"}]}},"jetpack_sharing_enabled":true,"jetpack_featured_media_url":"https:\/\/cacaunews.com\/wp-content\/uploads\/2023\/05\/IMG-20230525-WA0289.jpg","_links":{"self":[{"href":"https:\/\/cacaunews.com\/index.php?rest_route=\/wp\/v2\/posts\/1806"}],"collection":[{"href":"https:\/\/cacaunews.com\/index.php?rest_route=\/wp\/v2\/posts"}],"about":[{"href":"https:\/\/cacaunews.com\/index.php?rest_route=\/wp\/v2\/types\/post"}],"author":[{"embeddable":true,"href":"https:\/\/cacaunews.com\/index.php?rest_route=\/wp\/v2\/users\/1"}],"replies":[{"embeddable":true,"href":"https:\/\/cacaunews.com\/index.php?rest_route=%2Fwp%2Fv2%2Fcomments&post=1806"}],"version-history":[{"count":2,"href":"https:\/\/cacaunews.com\/index.php?rest_route=\/wp\/v2\/posts\/1806\/revisions"}],"predecessor-version":[{"id":1811,"href":"https:\/\/cacaunews.com\/index.php?rest_route=\/wp\/v2\/posts\/1806\/revisions\/1811"}],"wp:featuredmedia":[{"embeddable":true,"href":"https:\/\/cacaunews.com\/index.php?rest_route=\/wp\/v2\/media\/1805"}],"wp:attachment":[{"href":"https:\/\/cacaunews.com\/index.php?rest_route=%2Fwp%2Fv2%2Fmedia&parent=1806"}],"wp:term":[{"taxonomy":"category","embeddable":true,"href":"https:\/\/cacaunews.com\/index.php?rest_route=%2Fwp%2Fv2%2Fcategories&post=1806"},{"taxonomy":"post_tag","embeddable":true,"href":"https:\/\/cacaunews.com\/index.php?rest_route=%2Fwp%2Fv2%2Ftags&post=1806"}],"curies":[{"name":"wp","href":"https:\/\/api.w.org\/{rel}","templated":true}]}}