{"id":1889,"date":"2023-06-01T02:16:01","date_gmt":"2023-06-01T02:16:01","guid":{"rendered":"https:\/\/cacaunews.com\/?p=1889"},"modified":"2023-06-01T02:15:27","modified_gmt":"2023-06-01T02:15:27","slug":"ilheus-acao-conjunta-desocupa-quiosques-na-avenida-dois-de-julho-para-instalacao-de-nova-base-da-pm","status":"publish","type":"post","link":"https:\/\/cacaunews.com\/?p=1889","title":{"rendered":"Ilh\u00e9us: A\u00e7\u00e3o conjunta desocupa quiosques na Avenida Dois de Julho para instala\u00e7\u00e3o de nova base da PM."},"content":{"rendered":"\n<p>Uma a\u00e7\u00e3o conjunta entre a Prefeitura de Ilh\u00e9us, C\u00e2mara de Dirigentes Lojistas (CDL) e a Pol\u00edcia Militar da Bahia (PM), realizada na manh\u00e3 desta ter\u00e7a-feira (30), p\u00f4s fim a um problema antigo na cidade: a invas\u00e3o dos quiosques da Pra\u00e7a Jos\u00e9 Marcelino, situada na Avenida Dois de Julho, no Centro Hist\u00f3rico. Por meio do trabalho realizado pelas secretarias de Ordem P\u00fablica (Seop) e Servi\u00e7os Urbanos, com apoio da PM, os quiosques foram inteiramente desocupados.<br><br>A finalidade \u00e9 instalar uma base da 68\u00aa Companhia Independente de Pol\u00edcia Militar (68\u00aa CIPM), aumentando a presen\u00e7a do efetivo e a taxa de impacto visual, e, consequentemente, reduzindo as ocorr\u00eancias policiais no Centro Hist\u00f3rico.<br><br>\u201cA gest\u00e3o do prefeito M\u00e1rio Alexandre trabalha no sentido de garantir bem-estar e tranquilidade aos frequentadores da regi\u00e3o central, moradores, turistas e comerciantes. O planejamento da administra\u00e7\u00e3o municipal consiste na revitaliza\u00e7\u00e3o da regi\u00e3o que engloba a Avenida Dois de Julho, uma \u00e1rea importante para o com\u00e9rcio e o entretenimento. A Pra\u00e7a Jos\u00e9 Marcelino era um ponto focal da seguran\u00e7a p\u00fablica. Ent\u00e3o, a Prefeitura est\u00e1 cedendo em comodato os quiosques, a fim de que a Pol\u00edcia Militar possa instalar uma base e gerar mais seguran\u00e7a em todo o entorno\u201d, explicou Marcelo Barreto, titular da Seop.<br><br>Os espa\u00e7os serviam como abrigo de usu\u00e1rios de drogas, representando perigo aos moradores e frequentadores dos estabelecimentos comerciais localizados nas imedia\u00e7\u00f5es da pra\u00e7a. Conforme Barreto, a opera\u00e7\u00e3o foi montada ap\u00f3s alinhamento entre o Munic\u00edpio, entidades comerciais e os \u00f3rg\u00e3os de seguran\u00e7a p\u00fablica.<br><br>\u201cAtrav\u00e9s do di\u00e1logo realizamos um trabalho importante no centro. O policiamento da 68\u00aa CIPM ser\u00e1 instalado para fortalecer toda a regi\u00e3o. Agradecemos ao prefeito M\u00e1rio Alexandre e \u00e0 deputada Soane Galv\u00e3o, que ouviram as demandas e atenderam \u00e0s nossas necessidades\u201d, ressaltou Anselmo Clement, presidente da CDL.  <br><br>Nos \u00faltimos anos foram registrados tr\u00eas homic\u00eddios nas adjac\u00eancias, al\u00e9m de roubos e den\u00fancias de tr\u00e1fico de drogas. \u201cAgradecemos \u00e0 Prefeitura de Ilh\u00e9us, CDL e \u00e0 Pol\u00edcia Militar por essa mobiliza\u00e7\u00e3o realizada nesta \u00e1rea. Um local que estava abandonado, mas que com a presen\u00e7a da PM voltar\u00e1 a ser apraz\u00edvel e mais visitado\u201d, afirmou o comerciante Ciro Martins, propriet\u00e1rio do espa\u00e7o O Rei da Kafta.<br><br>Para Paulo S\u00e9rgio dos Santos, presidente da Associa\u00e7\u00e3o Comercial e Industrial de Ilh\u00e9us, \u201cuma a\u00e7\u00e3o important\u00edssima desenvolvida pela gest\u00e3o do prefeito M\u00e1rio Alexandre para garantir policiamento 24 horas. Os bares e restaurantes que sofriam muita com a falta de policiamento e seguran\u00e7a ter\u00e3o um novo momento. Sem d\u00favida o turismo estar\u00e1 mais pujante, principalmente \u00e0 noite\u201d, comentou.<br><br><br><br>por Sucom<\/p>\n\n\n\n<p><\/p>\n","protected":false},"excerpt":{"rendered":"<p>Uma a\u00e7\u00e3o conjunta entre a Prefeitura de Ilh\u00e9us, C\u00e2mara de Dirigentes Lojistas (CDL) e a&#8230;<\/p>\n","protected":false},"author":1,"featured_media":1888,"comment_status":"open","ping_status":"open","sticky":false,"template":"","format":"standard","meta":{"footnotes":""},"categories":[18,11],"tags":[37,83,653,741],"yoast_head":"<!-- This site is optimized with the Yoast SEO plugin v21.7 - https:\/\/yoast.com\/wordpress\/plugins\/seo\/ -->\n<title>Ilh\u00e9us: A\u00e7\u00e3o conjunta desocupa quiosques na Avenida Dois de Julho para instala\u00e7\u00e3o de nova base da PM. - Cacau News<\/title>\n<meta name=\"robots\" content=\"index, follow, max-snippet:-1, max-image-preview:large, max-video-preview:-1\" \/>\n<link rel=\"canonical\" href=\"https:\/\/cacaunews.com\/?p=1889\" \/>\n<meta property=\"og:locale\" content=\"pt_BR\" \/>\n<meta property=\"og:type\" content=\"article\" \/>\n<meta property=\"og:title\" content=\"Ilh\u00e9us: A\u00e7\u00e3o conjunta desocupa quiosques na Avenida Dois de Julho para instala\u00e7\u00e3o de nova base da PM. - Cacau News\" \/>\n<meta property=\"og:description\" content=\"Uma a\u00e7\u00e3o conjunta entre a Prefeitura de Ilh\u00e9us, C\u00e2mara de Dirigentes Lojistas (CDL) e a...\" \/>\n<meta property=\"og:url\" content=\"https:\/\/cacaunews.com\/?p=1889\" \/>\n<meta property=\"og:site_name\" content=\"Cacau News\" \/>\n<meta property=\"article:published_time\" content=\"2023-06-01T02:16:01+00:00\" \/>\n<meta property=\"article:modified_time\" content=\"2023-06-01T02:15:27+00:00\" \/>\n<meta property=\"og:image\" content=\"https:\/\/cacaunews.com\/wp-content\/uploads\/2023\/05\/CA5D71DD-D01E-C131-3C3D-6BBEADBBCBE4_650X450.jpg\" \/>\n\t<meta property=\"og:image:width\" content=\"650\" \/>\n\t<meta property=\"og:image:height\" content=\"450\" \/>\n\t<meta property=\"og:image:type\" content=\"image\/jpeg\" \/>\n<meta name=\"author\" content=\"Reda\u00e7\u00e3o Cacau News\" \/>\n<meta name=\"twitter:card\" content=\"summary_large_image\" \/>\n<meta name=\"twitter:label1\" content=\"Escrito por\" \/>\n\t<meta name=\"twitter:data1\" content=\"Reda\u00e7\u00e3o Cacau News\" \/>\n\t<meta name=\"twitter:label2\" content=\"Est. tempo de leitura\" \/>\n\t<meta name=\"twitter:data2\" content=\"2 minutos\" \/>\n<script type=\"application\/ld+json\" class=\"yoast-schema-graph\">{\"@context\":\"https:\/\/schema.org\",\"@graph\":[{\"@type\":\"Article\",\"@id\":\"https:\/\/cacaunews.com\/?p=1889#article\",\"isPartOf\":{\"@id\":\"https:\/\/cacaunews.com\/?p=1889\"},\"author\":{\"name\":\"Reda\u00e7\u00e3o Cacau News\",\"@id\":\"https:\/\/cacaunews.com\/#\/schema\/person\/ea69703103e606ad347ccd64bd72ef79\"},\"headline\":\"Ilh\u00e9us: A\u00e7\u00e3o conjunta desocupa quiosques na Avenida Dois de Julho para instala\u00e7\u00e3o de nova base da PM.\",\"datePublished\":\"2023-06-01T02:16:01+00:00\",\"dateModified\":\"2023-06-01T02:15:27+00:00\",\"mainEntityOfPage\":{\"@id\":\"https:\/\/cacaunews.com\/?p=1889\"},\"wordCount\":491,\"commentCount\":0,\"publisher\":{\"@id\":\"https:\/\/cacaunews.com\/#organization\"},\"keywords\":[\"ilheus\",\"mudan\u00e7as\",\"PM\",\"quiosques\"],\"articleSection\":[\"cidades\",\"Jornalismo\"],\"inLanguage\":\"pt-BR\",\"potentialAction\":[{\"@type\":\"CommentAction\",\"name\":\"Comment\",\"target\":[\"https:\/\/cacaunews.com\/?p=1889#respond\"]}]},{\"@type\":\"WebPage\",\"@id\":\"https:\/\/cacaunews.com\/?p=1889\",\"url\":\"https:\/\/cacaunews.com\/?p=1889\",\"name\":\"Ilh\u00e9us: A\u00e7\u00e3o conjunta desocupa quiosques na Avenida Dois de Julho para instala\u00e7\u00e3o de nova base da PM. - Cacau News\",\"isPartOf\":{\"@id\":\"https:\/\/cacaunews.com\/#website\"},\"datePublished\":\"2023-06-01T02:16:01+00:00\",\"dateModified\":\"2023-06-01T02:15:27+00:00\",\"breadcrumb\":{\"@id\":\"https:\/\/cacaunews.com\/?p=1889#breadcrumb\"},\"inLanguage\":\"pt-BR\",\"potentialAction\":[{\"@type\":\"ReadAction\",\"target\":[\"https:\/\/cacaunews.com\/?p=1889\"]}]},{\"@type\":\"BreadcrumbList\",\"@id\":\"https:\/\/cacaunews.com\/?p=1889#breadcrumb\",\"itemListElement\":[{\"@type\":\"ListItem\",\"position\":1,\"name\":\"In\u00edcio\",\"item\":\"https:\/\/cacaunews.com\/\"},{\"@type\":\"ListItem\",\"position\":2,\"name\":\"Ilh\u00e9us: A\u00e7\u00e3o conjunta desocupa quiosques na Avenida Dois de Julho para instala\u00e7\u00e3o de nova base da PM.\"}]},{\"@type\":\"WebSite\",\"@id\":\"https:\/\/cacaunews.com\/#website\",\"url\":\"https:\/\/cacaunews.com\/\",\"name\":\"Cacau News\",\"description\":\"A Informa\u00e7\u00e3o que voc\u00ea precisa!\",\"publisher\":{\"@id\":\"https:\/\/cacaunews.com\/#organization\"},\"potentialAction\":[{\"@type\":\"SearchAction\",\"target\":{\"@type\":\"EntryPoint\",\"urlTemplate\":\"https:\/\/cacaunews.com\/?s={search_term_string}\"},\"query-input\":\"required name=search_term_string\"}],\"inLanguage\":\"pt-BR\"},{\"@type\":\"Organization\",\"@id\":\"https:\/\/cacaunews.com\/#organization\",\"name\":\"Cacau News\",\"url\":\"https:\/\/cacaunews.com\/\",\"logo\":{\"@type\":\"ImageObject\",\"inLanguage\":\"pt-BR\",\"@id\":\"https:\/\/cacaunews.com\/#\/schema\/logo\/image\/\",\"url\":\"https:\/\/cacaunews.com\/wp-content\/uploads\/2025\/01\/cropped-LOGO-NOVA.png\",\"contentUrl\":\"https:\/\/cacaunews.com\/wp-content\/uploads\/2025\/01\/cropped-LOGO-NOVA.png\",\"width\":813,\"height\":813,\"caption\":\"Cacau News\"},\"image\":{\"@id\":\"https:\/\/cacaunews.com\/#\/schema\/logo\/image\/\"},\"sameAs\":[\"https:\/\/www.instagram.com\/cacaunews.online\/\",\"https:\/\/youtube.com\/@cacaunews?si=0VXLnjl08SrWbVG9\"]},{\"@type\":\"Person\",\"@id\":\"https:\/\/cacaunews.com\/#\/schema\/person\/ea69703103e606ad347ccd64bd72ef79\",\"name\":\"Reda\u00e7\u00e3o Cacau News\",\"image\":{\"@type\":\"ImageObject\",\"inLanguage\":\"pt-BR\",\"@id\":\"https:\/\/cacaunews.com\/#\/schema\/person\/image\/\",\"url\":\"https:\/\/secure.gravatar.com\/avatar\/d79227a2a7b6cc42e8d7a8f7c284cd3a?s=96&d=mm&r=g\",\"contentUrl\":\"https:\/\/secure.gravatar.com\/avatar\/d79227a2a7b6cc42e8d7a8f7c284cd3a?s=96&d=mm&r=g\",\"caption\":\"Reda\u00e7\u00e3o Cacau News\"},\"sameAs\":[\"https:\/\/cacaunews.com\"],\"url\":\"https:\/\/cacaunews.com\/?author=1\"}]}<\/script>\n<!-- \/ Yoast SEO plugin. -->","yoast_head_json":{"title":"Ilh\u00e9us: A\u00e7\u00e3o conjunta desocupa quiosques na Avenida Dois de Julho para instala\u00e7\u00e3o de nova base da PM. - Cacau News","robots":{"index":"index","follow":"follow","max-snippet":"max-snippet:-1","max-image-preview":"max-image-preview:large","max-video-preview":"max-video-preview:-1"},"canonical":"https:\/\/cacaunews.com\/?p=1889","og_locale":"pt_BR","og_type":"article","og_title":"Ilh\u00e9us: A\u00e7\u00e3o conjunta desocupa quiosques na Avenida Dois de Julho para instala\u00e7\u00e3o de nova base da PM. - Cacau News","og_description":"Uma a\u00e7\u00e3o conjunta entre a Prefeitura de Ilh\u00e9us, C\u00e2mara de Dirigentes Lojistas (CDL) e a...","og_url":"https:\/\/cacaunews.com\/?p=1889","og_site_name":"Cacau News","article_published_time":"2023-06-01T02:16:01+00:00","article_modified_time":"2023-06-01T02:15:27+00:00","og_image":[{"width":650,"height":450,"url":"https:\/\/cacaunews.com\/wp-content\/uploads\/2023\/05\/CA5D71DD-D01E-C131-3C3D-6BBEADBBCBE4_650X450.jpg","type":"image\/jpeg"}],"author":"Reda\u00e7\u00e3o Cacau News","twitter_card":"summary_large_image","twitter_misc":{"Escrito por":"Reda\u00e7\u00e3o Cacau News","Est. tempo de leitura":"2 minutos"},"schema":{"@context":"https:\/\/schema.org","@graph":[{"@type":"Article","@id":"https:\/\/cacaunews.com\/?p=1889#article","isPartOf":{"@id":"https:\/\/cacaunews.com\/?p=1889"},"author":{"name":"Reda\u00e7\u00e3o Cacau News","@id":"https:\/\/cacaunews.com\/#\/schema\/person\/ea69703103e606ad347ccd64bd72ef79"},"headline":"Ilh\u00e9us: A\u00e7\u00e3o conjunta desocupa quiosques na Avenida Dois de Julho para instala\u00e7\u00e3o de nova base da PM.","datePublished":"2023-06-01T02:16:01+00:00","dateModified":"2023-06-01T02:15:27+00:00","mainEntityOfPage":{"@id":"https:\/\/cacaunews.com\/?p=1889"},"wordCount":491,"commentCount":0,"publisher":{"@id":"https:\/\/cacaunews.com\/#organization"},"keywords":["ilheus","mudan\u00e7as","PM","quiosques"],"articleSection":["cidades","Jornalismo"],"inLanguage":"pt-BR","potentialAction":[{"@type":"CommentAction","name":"Comment","target":["https:\/\/cacaunews.com\/?p=1889#respond"]}]},{"@type":"WebPage","@id":"https:\/\/cacaunews.com\/?p=1889","url":"https:\/\/cacaunews.com\/?p=1889","name":"Ilh\u00e9us: A\u00e7\u00e3o conjunta desocupa quiosques na Avenida Dois de Julho para instala\u00e7\u00e3o de nova base da PM. - Cacau News","isPartOf":{"@id":"https:\/\/cacaunews.com\/#website"},"datePublished":"2023-06-01T02:16:01+00:00","dateModified":"2023-06-01T02:15:27+00:00","breadcrumb":{"@id":"https:\/\/cacaunews.com\/?p=1889#breadcrumb"},"inLanguage":"pt-BR","potentialAction":[{"@type":"ReadAction","target":["https:\/\/cacaunews.com\/?p=1889"]}]},{"@type":"BreadcrumbList","@id":"https:\/\/cacaunews.com\/?p=1889#breadcrumb","itemListElement":[{"@type":"ListItem","position":1,"name":"In\u00edcio","item":"https:\/\/cacaunews.com\/"},{"@type":"ListItem","position":2,"name":"Ilh\u00e9us: A\u00e7\u00e3o conjunta desocupa quiosques na Avenida Dois de Julho para instala\u00e7\u00e3o de nova base da PM."}]},{"@type":"WebSite","@id":"https:\/\/cacaunews.com\/#website","url":"https:\/\/cacaunews.com\/","name":"Cacau News","description":"A Informa\u00e7\u00e3o que voc\u00ea precisa!","publisher":{"@id":"https:\/\/cacaunews.com\/#organization"},"potentialAction":[{"@type":"SearchAction","target":{"@type":"EntryPoint","urlTemplate":"https:\/\/cacaunews.com\/?s={search_term_string}"},"query-input":"required name=search_term_string"}],"inLanguage":"pt-BR"},{"@type":"Organization","@id":"https:\/\/cacaunews.com\/#organization","name":"Cacau News","url":"https:\/\/cacaunews.com\/","logo":{"@type":"ImageObject","inLanguage":"pt-BR","@id":"https:\/\/cacaunews.com\/#\/schema\/logo\/image\/","url":"https:\/\/cacaunews.com\/wp-content\/uploads\/2025\/01\/cropped-LOGO-NOVA.png","contentUrl":"https:\/\/cacaunews.com\/wp-content\/uploads\/2025\/01\/cropped-LOGO-NOVA.png","width":813,"height":813,"caption":"Cacau News"},"image":{"@id":"https:\/\/cacaunews.com\/#\/schema\/logo\/image\/"},"sameAs":["https:\/\/www.instagram.com\/cacaunews.online\/","https:\/\/youtube.com\/@cacaunews?si=0VXLnjl08SrWbVG9"]},{"@type":"Person","@id":"https:\/\/cacaunews.com\/#\/schema\/person\/ea69703103e606ad347ccd64bd72ef79","name":"Reda\u00e7\u00e3o Cacau News","image":{"@type":"ImageObject","inLanguage":"pt-BR","@id":"https:\/\/cacaunews.com\/#\/schema\/person\/image\/","url":"https:\/\/secure.gravatar.com\/avatar\/d79227a2a7b6cc42e8d7a8f7c284cd3a?s=96&d=mm&r=g","contentUrl":"https:\/\/secure.gravatar.com\/avatar\/d79227a2a7b6cc42e8d7a8f7c284cd3a?s=96&d=mm&r=g","caption":"Reda\u00e7\u00e3o Cacau News"},"sameAs":["https:\/\/cacaunews.com"],"url":"https:\/\/cacaunews.com\/?author=1"}]}},"jetpack_sharing_enabled":true,"jetpack_featured_media_url":"https:\/\/cacaunews.com\/wp-content\/uploads\/2023\/05\/CA5D71DD-D01E-C131-3C3D-6BBEADBBCBE4_650X450.jpg","_links":{"self":[{"href":"https:\/\/cacaunews.com\/index.php?rest_route=\/wp\/v2\/posts\/1889"}],"collection":[{"href":"https:\/\/cacaunews.com\/index.php?rest_route=\/wp\/v2\/posts"}],"about":[{"href":"https:\/\/cacaunews.com\/index.php?rest_route=\/wp\/v2\/types\/post"}],"author":[{"embeddable":true,"href":"https:\/\/cacaunews.com\/index.php?rest_route=\/wp\/v2\/users\/1"}],"replies":[{"embeddable":true,"href":"https:\/\/cacaunews.com\/index.php?rest_route=%2Fwp%2Fv2%2Fcomments&post=1889"}],"version-history":[{"count":1,"href":"https:\/\/cacaunews.com\/index.php?rest_route=\/wp\/v2\/posts\/1889\/revisions"}],"predecessor-version":[{"id":1890,"href":"https:\/\/cacaunews.com\/index.php?rest_route=\/wp\/v2\/posts\/1889\/revisions\/1890"}],"wp:featuredmedia":[{"embeddable":true,"href":"https:\/\/cacaunews.com\/index.php?rest_route=\/wp\/v2\/media\/1888"}],"wp:attachment":[{"href":"https:\/\/cacaunews.com\/index.php?rest_route=%2Fwp%2Fv2%2Fmedia&parent=1889"}],"wp:term":[{"taxonomy":"category","embeddable":true,"href":"https:\/\/cacaunews.com\/index.php?rest_route=%2Fwp%2Fv2%2Fcategories&post=1889"},{"taxonomy":"post_tag","embeddable":true,"href":"https:\/\/cacaunews.com\/index.php?rest_route=%2Fwp%2Fv2%2Ftags&post=1889"}],"curies":[{"name":"wp","href":"https:\/\/api.w.org\/{rel}","templated":true}]}}