{"id":1895,"date":"2023-06-01T12:57:40","date_gmt":"2023-06-01T12:57:40","guid":{"rendered":"https:\/\/cacaunews.com\/?p=1895"},"modified":"2023-06-01T12:58:26","modified_gmt":"2023-06-01T12:58:26","slug":"camara-aprova-texto-base-da-mp-da-esplanada","status":"publish","type":"post","link":"https:\/\/cacaunews.com\/?p=1895","title":{"rendered":"C\u00e2mara aprova texto-base da MP da Esplanada."},"content":{"rendered":"\n<p>A C\u00e2mara dos Deputados aprovou nesta quarta-feira (31) o texto-base da MP (medida provis\u00f3ria) que reestrutura o governo e evitou a maior derrota do presidente Lula (PT) no Parlamento at\u00e9 o momento.<br>A vota\u00e7\u00e3o ocorreu horas antes de a proposta perder a validade e pouco depois de o presidente da C\u00e2mara, Arthur Lira (PP-AL), emparedar o Planalto e disparar duras cr\u00edticas contra a articula\u00e7\u00e3o pol\u00edtica do governo.<br><br>Por 337 votos a 125 contra (e uma absten\u00e7\u00e3o), o plen\u00e1rio da C\u00e2mara aprovou o texto-base da MP (medida provis\u00f3ria) que ampliou para 37 o n\u00famero de minist\u00e9rios. Depois da vota\u00e7\u00e3o de destaques, que ainda podem alterar seu teor, o texto precisar\u00e1 ser aprovado pelo Senado nesta quinta-feira (1\u00ba) para n\u00e3o perder validade.<\/p>\n\n\n\n<p>No come\u00e7o da sess\u00e3o houve uma tentativa de retirar o assunto da pauta &#8211;mas o requerimento foi derrotado por 337 votos a 130.<\/p>\n\n\n\n<p>O presidente Lula lan\u00e7ou suas \u00faltimas cartadas para tentar contornar a crise nesta semana, quando l\u00edderes indicaram que a MP poderia ser derrotada em plen\u00e1rio. O Pal\u00e1cio do Planalto fez promessas de acelerar a libera\u00e7\u00e3o de emendas e nomea\u00e7\u00f5es em cargos diante da press\u00e3o do centr\u00e3o por mais espa\u00e7o no governo.<\/p>\n\n\n\n<p>Agora, o desafio do governo \u00e9 evitar, na vota\u00e7\u00e3o dos destaques, derrotas em trechos da proposta que podem gerar novo esvaziamento de pastas ocupadas por petistas ou ministros da cota pessoal de Lula.<\/p>\n\n\n\n<p>Com Informa\u00e7\u00f5es BNews.<\/p>\n","protected":false},"excerpt":{"rendered":"<p>A C\u00e2mara dos Deputados aprovou nesta quarta-feira (31) o texto-base da MP (medida provis\u00f3ria) que&#8230;<\/p>\n","protected":false},"author":1,"featured_media":1894,"comment_status":"open","ping_status":"open","sticky":false,"template":"","format":"standard","meta":{"footnotes":""},"categories":[11,5],"tags":[745,746,743,301,744],"yoast_head":"<!-- This site is optimized with the Yoast SEO plugin v21.7 - https:\/\/yoast.com\/wordpress\/plugins\/seo\/ -->\n<title>C\u00e2mara aprova texto-base da MP da Esplanada. - Cacau News<\/title>\n<meta name=\"robots\" content=\"index, follow, max-snippet:-1, max-image-preview:large, max-video-preview:-1\" \/>\n<link rel=\"canonical\" href=\"https:\/\/cacaunews.com\/?p=1895\" \/>\n<meta property=\"og:locale\" content=\"pt_BR\" \/>\n<meta property=\"og:type\" content=\"article\" \/>\n<meta property=\"og:title\" content=\"C\u00e2mara aprova texto-base da MP da Esplanada. - Cacau News\" \/>\n<meta property=\"og:description\" content=\"A C\u00e2mara dos Deputados aprovou nesta quarta-feira (31) o texto-base da MP (medida provis\u00f3ria) que...\" \/>\n<meta property=\"og:url\" content=\"https:\/\/cacaunews.com\/?p=1895\" \/>\n<meta property=\"og:site_name\" content=\"Cacau News\" \/>\n<meta property=\"article:published_time\" content=\"2023-06-01T12:57:40+00:00\" \/>\n<meta property=\"article:modified_time\" content=\"2023-06-01T12:58:26+00:00\" \/>\n<meta property=\"og:image\" content=\"https:\/\/cacaunews.com\/wp-content\/uploads\/2023\/06\/camara_dos_deputados_widelg.jpg\" \/>\n\t<meta property=\"og:image:width\" content=\"800\" \/>\n\t<meta property=\"og:image:height\" content=\"450\" \/>\n\t<meta property=\"og:image:type\" content=\"image\/jpeg\" \/>\n<meta name=\"author\" content=\"Reda\u00e7\u00e3o Cacau News\" \/>\n<meta name=\"twitter:card\" content=\"summary_large_image\" \/>\n<meta name=\"twitter:label1\" content=\"Escrito por\" \/>\n\t<meta name=\"twitter:data1\" content=\"Reda\u00e7\u00e3o Cacau News\" \/>\n\t<meta name=\"twitter:label2\" content=\"Est. tempo de leitura\" \/>\n\t<meta name=\"twitter:data2\" content=\"1 minuto\" \/>\n<script type=\"application\/ld+json\" class=\"yoast-schema-graph\">{\"@context\":\"https:\/\/schema.org\",\"@graph\":[{\"@type\":\"Article\",\"@id\":\"https:\/\/cacaunews.com\/?p=1895#article\",\"isPartOf\":{\"@id\":\"https:\/\/cacaunews.com\/?p=1895\"},\"author\":{\"name\":\"Reda\u00e7\u00e3o Cacau News\",\"@id\":\"https:\/\/cacaunews.com\/#\/schema\/person\/ea69703103e606ad347ccd64bd72ef79\"},\"headline\":\"C\u00e2mara aprova texto-base da MP da Esplanada.\",\"datePublished\":\"2023-06-01T12:57:40+00:00\",\"dateModified\":\"2023-06-01T12:58:26+00:00\",\"mainEntityOfPage\":{\"@id\":\"https:\/\/cacaunews.com\/?p=1895\"},\"wordCount\":258,\"commentCount\":0,\"publisher\":{\"@id\":\"https:\/\/cacaunews.com\/#organization\"},\"keywords\":[\"aprova\u00e7\u00e3o esplanada\",\"Bras\u00edlia\",\"c\u00e2mara dos deputados\",\"lula\",\"mp\"],\"articleSection\":[\"Jornalismo\",\"Politica\"],\"inLanguage\":\"pt-BR\",\"potentialAction\":[{\"@type\":\"CommentAction\",\"name\":\"Comment\",\"target\":[\"https:\/\/cacaunews.com\/?p=1895#respond\"]}]},{\"@type\":\"WebPage\",\"@id\":\"https:\/\/cacaunews.com\/?p=1895\",\"url\":\"https:\/\/cacaunews.com\/?p=1895\",\"name\":\"C\u00e2mara aprova texto-base da MP da Esplanada. - Cacau News\",\"isPartOf\":{\"@id\":\"https:\/\/cacaunews.com\/#website\"},\"datePublished\":\"2023-06-01T12:57:40+00:00\",\"dateModified\":\"2023-06-01T12:58:26+00:00\",\"breadcrumb\":{\"@id\":\"https:\/\/cacaunews.com\/?p=1895#breadcrumb\"},\"inLanguage\":\"pt-BR\",\"potentialAction\":[{\"@type\":\"ReadAction\",\"target\":[\"https:\/\/cacaunews.com\/?p=1895\"]}]},{\"@type\":\"BreadcrumbList\",\"@id\":\"https:\/\/cacaunews.com\/?p=1895#breadcrumb\",\"itemListElement\":[{\"@type\":\"ListItem\",\"position\":1,\"name\":\"In\u00edcio\",\"item\":\"https:\/\/cacaunews.com\/\"},{\"@type\":\"ListItem\",\"position\":2,\"name\":\"C\u00e2mara aprova texto-base da MP da Esplanada.\"}]},{\"@type\":\"WebSite\",\"@id\":\"https:\/\/cacaunews.com\/#website\",\"url\":\"https:\/\/cacaunews.com\/\",\"name\":\"Cacau News\",\"description\":\"A Informa\u00e7\u00e3o que voc\u00ea precisa!\",\"publisher\":{\"@id\":\"https:\/\/cacaunews.com\/#organization\"},\"potentialAction\":[{\"@type\":\"SearchAction\",\"target\":{\"@type\":\"EntryPoint\",\"urlTemplate\":\"https:\/\/cacaunews.com\/?s={search_term_string}\"},\"query-input\":\"required name=search_term_string\"}],\"inLanguage\":\"pt-BR\"},{\"@type\":\"Organization\",\"@id\":\"https:\/\/cacaunews.com\/#organization\",\"name\":\"Cacau News\",\"url\":\"https:\/\/cacaunews.com\/\",\"logo\":{\"@type\":\"ImageObject\",\"inLanguage\":\"pt-BR\",\"@id\":\"https:\/\/cacaunews.com\/#\/schema\/logo\/image\/\",\"url\":\"https:\/\/cacaunews.com\/wp-content\/uploads\/2025\/01\/cropped-LOGO-NOVA.png\",\"contentUrl\":\"https:\/\/cacaunews.com\/wp-content\/uploads\/2025\/01\/cropped-LOGO-NOVA.png\",\"width\":813,\"height\":813,\"caption\":\"Cacau News\"},\"image\":{\"@id\":\"https:\/\/cacaunews.com\/#\/schema\/logo\/image\/\"},\"sameAs\":[\"https:\/\/www.instagram.com\/cacaunews.online\/\",\"https:\/\/youtube.com\/@cacaunews?si=0VXLnjl08SrWbVG9\"]},{\"@type\":\"Person\",\"@id\":\"https:\/\/cacaunews.com\/#\/schema\/person\/ea69703103e606ad347ccd64bd72ef79\",\"name\":\"Reda\u00e7\u00e3o Cacau News\",\"image\":{\"@type\":\"ImageObject\",\"inLanguage\":\"pt-BR\",\"@id\":\"https:\/\/cacaunews.com\/#\/schema\/person\/image\/\",\"url\":\"https:\/\/secure.gravatar.com\/avatar\/d79227a2a7b6cc42e8d7a8f7c284cd3a?s=96&d=mm&r=g\",\"contentUrl\":\"https:\/\/secure.gravatar.com\/avatar\/d79227a2a7b6cc42e8d7a8f7c284cd3a?s=96&d=mm&r=g\",\"caption\":\"Reda\u00e7\u00e3o Cacau News\"},\"sameAs\":[\"https:\/\/cacaunews.com\"],\"url\":\"https:\/\/cacaunews.com\/?author=1\"}]}<\/script>\n<!-- \/ Yoast SEO plugin. -->","yoast_head_json":{"title":"C\u00e2mara aprova texto-base da MP da Esplanada. - Cacau News","robots":{"index":"index","follow":"follow","max-snippet":"max-snippet:-1","max-image-preview":"max-image-preview:large","max-video-preview":"max-video-preview:-1"},"canonical":"https:\/\/cacaunews.com\/?p=1895","og_locale":"pt_BR","og_type":"article","og_title":"C\u00e2mara aprova texto-base da MP da Esplanada. - Cacau News","og_description":"A C\u00e2mara dos Deputados aprovou nesta quarta-feira (31) o texto-base da MP (medida provis\u00f3ria) que...","og_url":"https:\/\/cacaunews.com\/?p=1895","og_site_name":"Cacau News","article_published_time":"2023-06-01T12:57:40+00:00","article_modified_time":"2023-06-01T12:58:26+00:00","og_image":[{"width":800,"height":450,"url":"https:\/\/cacaunews.com\/wp-content\/uploads\/2023\/06\/camara_dos_deputados_widelg.jpg","type":"image\/jpeg"}],"author":"Reda\u00e7\u00e3o Cacau News","twitter_card":"summary_large_image","twitter_misc":{"Escrito por":"Reda\u00e7\u00e3o Cacau News","Est. tempo de leitura":"1 minuto"},"schema":{"@context":"https:\/\/schema.org","@graph":[{"@type":"Article","@id":"https:\/\/cacaunews.com\/?p=1895#article","isPartOf":{"@id":"https:\/\/cacaunews.com\/?p=1895"},"author":{"name":"Reda\u00e7\u00e3o Cacau News","@id":"https:\/\/cacaunews.com\/#\/schema\/person\/ea69703103e606ad347ccd64bd72ef79"},"headline":"C\u00e2mara aprova texto-base da MP da Esplanada.","datePublished":"2023-06-01T12:57:40+00:00","dateModified":"2023-06-01T12:58:26+00:00","mainEntityOfPage":{"@id":"https:\/\/cacaunews.com\/?p=1895"},"wordCount":258,"commentCount":0,"publisher":{"@id":"https:\/\/cacaunews.com\/#organization"},"keywords":["aprova\u00e7\u00e3o esplanada","Bras\u00edlia","c\u00e2mara dos deputados","lula","mp"],"articleSection":["Jornalismo","Politica"],"inLanguage":"pt-BR","potentialAction":[{"@type":"CommentAction","name":"Comment","target":["https:\/\/cacaunews.com\/?p=1895#respond"]}]},{"@type":"WebPage","@id":"https:\/\/cacaunews.com\/?p=1895","url":"https:\/\/cacaunews.com\/?p=1895","name":"C\u00e2mara aprova texto-base da MP da Esplanada. - Cacau News","isPartOf":{"@id":"https:\/\/cacaunews.com\/#website"},"datePublished":"2023-06-01T12:57:40+00:00","dateModified":"2023-06-01T12:58:26+00:00","breadcrumb":{"@id":"https:\/\/cacaunews.com\/?p=1895#breadcrumb"},"inLanguage":"pt-BR","potentialAction":[{"@type":"ReadAction","target":["https:\/\/cacaunews.com\/?p=1895"]}]},{"@type":"BreadcrumbList","@id":"https:\/\/cacaunews.com\/?p=1895#breadcrumb","itemListElement":[{"@type":"ListItem","position":1,"name":"In\u00edcio","item":"https:\/\/cacaunews.com\/"},{"@type":"ListItem","position":2,"name":"C\u00e2mara aprova texto-base da MP da Esplanada."}]},{"@type":"WebSite","@id":"https:\/\/cacaunews.com\/#website","url":"https:\/\/cacaunews.com\/","name":"Cacau News","description":"A Informa\u00e7\u00e3o que voc\u00ea precisa!","publisher":{"@id":"https:\/\/cacaunews.com\/#organization"},"potentialAction":[{"@type":"SearchAction","target":{"@type":"EntryPoint","urlTemplate":"https:\/\/cacaunews.com\/?s={search_term_string}"},"query-input":"required name=search_term_string"}],"inLanguage":"pt-BR"},{"@type":"Organization","@id":"https:\/\/cacaunews.com\/#organization","name":"Cacau News","url":"https:\/\/cacaunews.com\/","logo":{"@type":"ImageObject","inLanguage":"pt-BR","@id":"https:\/\/cacaunews.com\/#\/schema\/logo\/image\/","url":"https:\/\/cacaunews.com\/wp-content\/uploads\/2025\/01\/cropped-LOGO-NOVA.png","contentUrl":"https:\/\/cacaunews.com\/wp-content\/uploads\/2025\/01\/cropped-LOGO-NOVA.png","width":813,"height":813,"caption":"Cacau News"},"image":{"@id":"https:\/\/cacaunews.com\/#\/schema\/logo\/image\/"},"sameAs":["https:\/\/www.instagram.com\/cacaunews.online\/","https:\/\/youtube.com\/@cacaunews?si=0VXLnjl08SrWbVG9"]},{"@type":"Person","@id":"https:\/\/cacaunews.com\/#\/schema\/person\/ea69703103e606ad347ccd64bd72ef79","name":"Reda\u00e7\u00e3o Cacau News","image":{"@type":"ImageObject","inLanguage":"pt-BR","@id":"https:\/\/cacaunews.com\/#\/schema\/person\/image\/","url":"https:\/\/secure.gravatar.com\/avatar\/d79227a2a7b6cc42e8d7a8f7c284cd3a?s=96&d=mm&r=g","contentUrl":"https:\/\/secure.gravatar.com\/avatar\/d79227a2a7b6cc42e8d7a8f7c284cd3a?s=96&d=mm&r=g","caption":"Reda\u00e7\u00e3o Cacau News"},"sameAs":["https:\/\/cacaunews.com"],"url":"https:\/\/cacaunews.com\/?author=1"}]}},"jetpack_sharing_enabled":true,"jetpack_featured_media_url":"https:\/\/cacaunews.com\/wp-content\/uploads\/2023\/06\/camara_dos_deputados_widelg.jpg","_links":{"self":[{"href":"https:\/\/cacaunews.com\/index.php?rest_route=\/wp\/v2\/posts\/1895"}],"collection":[{"href":"https:\/\/cacaunews.com\/index.php?rest_route=\/wp\/v2\/posts"}],"about":[{"href":"https:\/\/cacaunews.com\/index.php?rest_route=\/wp\/v2\/types\/post"}],"author":[{"embeddable":true,"href":"https:\/\/cacaunews.com\/index.php?rest_route=\/wp\/v2\/users\/1"}],"replies":[{"embeddable":true,"href":"https:\/\/cacaunews.com\/index.php?rest_route=%2Fwp%2Fv2%2Fcomments&post=1895"}],"version-history":[{"count":1,"href":"https:\/\/cacaunews.com\/index.php?rest_route=\/wp\/v2\/posts\/1895\/revisions"}],"predecessor-version":[{"id":1896,"href":"https:\/\/cacaunews.com\/index.php?rest_route=\/wp\/v2\/posts\/1895\/revisions\/1896"}],"wp:featuredmedia":[{"embeddable":true,"href":"https:\/\/cacaunews.com\/index.php?rest_route=\/wp\/v2\/media\/1894"}],"wp:attachment":[{"href":"https:\/\/cacaunews.com\/index.php?rest_route=%2Fwp%2Fv2%2Fmedia&parent=1895"}],"wp:term":[{"taxonomy":"category","embeddable":true,"href":"https:\/\/cacaunews.com\/index.php?rest_route=%2Fwp%2Fv2%2Fcategories&post=1895"},{"taxonomy":"post_tag","embeddable":true,"href":"https:\/\/cacaunews.com\/index.php?rest_route=%2Fwp%2Fv2%2Ftags&post=1895"}],"curies":[{"name":"wp","href":"https:\/\/api.w.org\/{rel}","templated":true}]}}