{"id":1900,"date":"2023-06-01T18:16:02","date_gmt":"2023-06-01T18:16:02","guid":{"rendered":"https:\/\/cacaunews.com\/?p=1900"},"modified":"2023-06-01T18:24:15","modified_gmt":"2023-06-01T18:24:15","slug":"lula-indica-o-advogado-cristiano-zanin-para-stf","status":"publish","type":"post","link":"https:\/\/cacaunews.com\/?p=1900","title":{"rendered":"Lula indica o advogado Cristiano Zanin para STF."},"content":{"rendered":"<p>O presidente Luiz In\u00e1cio Lula da Silva (PT) indicou nesta quinta-feira\u00a0(1\u00ba\/6) o advogado Cristiano Zanin, de 47 anos, para uma vaga de ministro no Supremo Tribunal Federal. O cargo est\u00e1 vago desde a aposentadoria de Ricardo Lewandowski, em 11 de abril. Agora o nome de Zanin ser\u00e1 submetido \u00e0 aprecia\u00e7\u00e3o do Senado.\u00a0A tend\u00eancia, segundo senadores consultados pela revista eletr\u00f4nica\u00a0<strong>Consultor Jur\u00eddico<\/strong>, \u00e9 que haja uma aprova\u00e7\u00e3o sem grandes sobressaltos.<\/p>\n<p>&nbsp;<\/p>\n<p>&nbsp;<\/p>\n<p>Lula confirmou a indica\u00e7\u00e3o, que\u00a0ainda n\u00e3o foi publicada no\u00a0<em>Di\u00e1rio Oficial da Uni\u00e3o<\/em>, durante evento no Itamaraty.<\/p>\n<p>&#8220;Voc\u00eas j\u00e1 esperavam que eu fosse indicar o Zanin. Todo mundo esperava. N\u00e3o s\u00f3 pelo papel que ele teve na minha defesa, mas porque ele se transformar\u00e1 em um grande ministro da Suprema Corte. Eu conhe\u00e7o as qualidades como advogado, como chefe de fam\u00edlia e conhe\u00e7o a forma\u00e7\u00e3o do Zanin. Ele ser\u00e1 um excepcional ministro da Suprema Corte, se aprovado pelo Senado, e eu acredito que ser\u00e1. Acho que o Brasil vai se orgulhar de ter o Zanin como ministro da Suprema Corte&#8221;, afirmou Lula a jornalistas durante encontro com o presidente da Finl\u00e2ndia, Sauli Niinist\u00f6.<\/p>\n<p>Antes de assinar a indica\u00e7\u00e3o e falar sobre ela publicamente, Lula informou alguns ministros do STF, como Alexandre de Moraes e Gilmar Mendes, sobre a escolha de Zanin, al\u00e9m de autoridades pol\u00edticas como o presidente da C\u00e2mara dos Deputados, Arthur Lira, e do Senado, Rodrigo Pacheco.<\/p>\n<p>Com informa\u00e7\u00f5es Conjur.<\/p>\n","protected":false},"excerpt":{"rendered":"<p>O presidente Luiz In\u00e1cio Lula da Silva (PT) indicou nesta quinta-feira\u00a0(1\u00ba\/6) o advogado Cristiano Zanin,&#8230;<\/p>\n","protected":false},"author":1,"featured_media":1901,"comment_status":"open","ping_status":"open","sticky":false,"template":"","format":"standard","meta":{"footnotes":""},"categories":[11,5],"tags":[297,301,750,751],"yoast_head":"<!-- This site is optimized with the Yoast SEO plugin v21.7 - https:\/\/yoast.com\/wordpress\/plugins\/seo\/ -->\n<title>Lula indica o advogado Cristiano Zanin para STF. - Cacau News<\/title>\n<meta name=\"robots\" content=\"index, follow, max-snippet:-1, max-image-preview:large, max-video-preview:-1\" \/>\n<link rel=\"canonical\" href=\"https:\/\/cacaunews.com\/?p=1900\" \/>\n<meta property=\"og:locale\" content=\"pt_BR\" \/>\n<meta property=\"og:type\" content=\"article\" \/>\n<meta property=\"og:title\" content=\"Lula indica o advogado Cristiano Zanin para STF. - Cacau News\" \/>\n<meta property=\"og:description\" content=\"O presidente Luiz In\u00e1cio Lula da Silva (PT) indicou nesta quinta-feira\u00a0(1\u00ba\/6) o advogado Cristiano Zanin,...\" \/>\n<meta property=\"og:url\" content=\"https:\/\/cacaunews.com\/?p=1900\" \/>\n<meta property=\"og:site_name\" content=\"Cacau News\" \/>\n<meta property=\"article:published_time\" content=\"2023-06-01T18:16:02+00:00\" \/>\n<meta property=\"article:modified_time\" content=\"2023-06-01T18:24:15+00:00\" \/>\n<meta property=\"og:image\" content=\"https:\/\/cacaunews.com\/wp-content\/uploads\/2023\/06\/zanin.jpeg\" \/>\n\t<meta property=\"og:image:width\" content=\"300\" \/>\n\t<meta property=\"og:image:height\" content=\"225\" \/>\n\t<meta property=\"og:image:type\" content=\"image\/jpeg\" \/>\n<meta name=\"author\" content=\"Reda\u00e7\u00e3o Cacau News\" \/>\n<meta name=\"twitter:card\" content=\"summary_large_image\" \/>\n<meta name=\"twitter:label1\" content=\"Escrito por\" \/>\n\t<meta name=\"twitter:data1\" content=\"Reda\u00e7\u00e3o Cacau News\" \/>\n\t<meta name=\"twitter:label2\" content=\"Est. tempo de leitura\" \/>\n\t<meta name=\"twitter:data2\" content=\"1 minuto\" \/>\n<script type=\"application\/ld+json\" class=\"yoast-schema-graph\">{\"@context\":\"https:\/\/schema.org\",\"@graph\":[{\"@type\":\"Article\",\"@id\":\"https:\/\/cacaunews.com\/?p=1900#article\",\"isPartOf\":{\"@id\":\"https:\/\/cacaunews.com\/?p=1900\"},\"author\":{\"name\":\"Reda\u00e7\u00e3o Cacau News\",\"@id\":\"https:\/\/cacaunews.com\/#\/schema\/person\/ea69703103e606ad347ccd64bd72ef79\"},\"headline\":\"Lula indica o advogado Cristiano Zanin para STF.\",\"datePublished\":\"2023-06-01T18:16:02+00:00\",\"dateModified\":\"2023-06-01T18:24:15+00:00\",\"mainEntityOfPage\":{\"@id\":\"https:\/\/cacaunews.com\/?p=1900\"},\"wordCount\":261,\"commentCount\":0,\"publisher\":{\"@id\":\"https:\/\/cacaunews.com\/#organization\"},\"keywords\":[\"indica\u00e7\u00e3o\",\"lula\",\"stf\",\"zanin\"],\"articleSection\":[\"Jornalismo\",\"Politica\"],\"inLanguage\":\"pt-BR\",\"potentialAction\":[{\"@type\":\"CommentAction\",\"name\":\"Comment\",\"target\":[\"https:\/\/cacaunews.com\/?p=1900#respond\"]}]},{\"@type\":\"WebPage\",\"@id\":\"https:\/\/cacaunews.com\/?p=1900\",\"url\":\"https:\/\/cacaunews.com\/?p=1900\",\"name\":\"Lula indica o advogado Cristiano Zanin para STF. - Cacau News\",\"isPartOf\":{\"@id\":\"https:\/\/cacaunews.com\/#website\"},\"datePublished\":\"2023-06-01T18:16:02+00:00\",\"dateModified\":\"2023-06-01T18:24:15+00:00\",\"breadcrumb\":{\"@id\":\"https:\/\/cacaunews.com\/?p=1900#breadcrumb\"},\"inLanguage\":\"pt-BR\",\"potentialAction\":[{\"@type\":\"ReadAction\",\"target\":[\"https:\/\/cacaunews.com\/?p=1900\"]}]},{\"@type\":\"BreadcrumbList\",\"@id\":\"https:\/\/cacaunews.com\/?p=1900#breadcrumb\",\"itemListElement\":[{\"@type\":\"ListItem\",\"position\":1,\"name\":\"In\u00edcio\",\"item\":\"https:\/\/cacaunews.com\/\"},{\"@type\":\"ListItem\",\"position\":2,\"name\":\"Lula indica o advogado Cristiano Zanin para STF.\"}]},{\"@type\":\"WebSite\",\"@id\":\"https:\/\/cacaunews.com\/#website\",\"url\":\"https:\/\/cacaunews.com\/\",\"name\":\"Cacau News\",\"description\":\"A Informa\u00e7\u00e3o que voc\u00ea precisa!\",\"publisher\":{\"@id\":\"https:\/\/cacaunews.com\/#organization\"},\"potentialAction\":[{\"@type\":\"SearchAction\",\"target\":{\"@type\":\"EntryPoint\",\"urlTemplate\":\"https:\/\/cacaunews.com\/?s={search_term_string}\"},\"query-input\":\"required name=search_term_string\"}],\"inLanguage\":\"pt-BR\"},{\"@type\":\"Organization\",\"@id\":\"https:\/\/cacaunews.com\/#organization\",\"name\":\"Cacau News\",\"url\":\"https:\/\/cacaunews.com\/\",\"logo\":{\"@type\":\"ImageObject\",\"inLanguage\":\"pt-BR\",\"@id\":\"https:\/\/cacaunews.com\/#\/schema\/logo\/image\/\",\"url\":\"https:\/\/cacaunews.com\/wp-content\/uploads\/2025\/01\/cropped-LOGO-NOVA.png\",\"contentUrl\":\"https:\/\/cacaunews.com\/wp-content\/uploads\/2025\/01\/cropped-LOGO-NOVA.png\",\"width\":813,\"height\":813,\"caption\":\"Cacau News\"},\"image\":{\"@id\":\"https:\/\/cacaunews.com\/#\/schema\/logo\/image\/\"},\"sameAs\":[\"https:\/\/www.instagram.com\/cacaunews.online\/\",\"https:\/\/youtube.com\/@cacaunews?si=0VXLnjl08SrWbVG9\"]},{\"@type\":\"Person\",\"@id\":\"https:\/\/cacaunews.com\/#\/schema\/person\/ea69703103e606ad347ccd64bd72ef79\",\"name\":\"Reda\u00e7\u00e3o Cacau News\",\"image\":{\"@type\":\"ImageObject\",\"inLanguage\":\"pt-BR\",\"@id\":\"https:\/\/cacaunews.com\/#\/schema\/person\/image\/\",\"url\":\"https:\/\/secure.gravatar.com\/avatar\/d79227a2a7b6cc42e8d7a8f7c284cd3a?s=96&d=mm&r=g\",\"contentUrl\":\"https:\/\/secure.gravatar.com\/avatar\/d79227a2a7b6cc42e8d7a8f7c284cd3a?s=96&d=mm&r=g\",\"caption\":\"Reda\u00e7\u00e3o Cacau News\"},\"sameAs\":[\"https:\/\/cacaunews.com\"],\"url\":\"https:\/\/cacaunews.com\/?author=1\"}]}<\/script>\n<!-- \/ Yoast SEO plugin. -->","yoast_head_json":{"title":"Lula indica o advogado Cristiano Zanin para STF. - Cacau News","robots":{"index":"index","follow":"follow","max-snippet":"max-snippet:-1","max-image-preview":"max-image-preview:large","max-video-preview":"max-video-preview:-1"},"canonical":"https:\/\/cacaunews.com\/?p=1900","og_locale":"pt_BR","og_type":"article","og_title":"Lula indica o advogado Cristiano Zanin para STF. - Cacau News","og_description":"O presidente Luiz In\u00e1cio Lula da Silva (PT) indicou nesta quinta-feira\u00a0(1\u00ba\/6) o advogado Cristiano Zanin,...","og_url":"https:\/\/cacaunews.com\/?p=1900","og_site_name":"Cacau News","article_published_time":"2023-06-01T18:16:02+00:00","article_modified_time":"2023-06-01T18:24:15+00:00","og_image":[{"width":300,"height":225,"url":"https:\/\/cacaunews.com\/wp-content\/uploads\/2023\/06\/zanin.jpeg","type":"image\/jpeg"}],"author":"Reda\u00e7\u00e3o Cacau News","twitter_card":"summary_large_image","twitter_misc":{"Escrito por":"Reda\u00e7\u00e3o Cacau News","Est. tempo de leitura":"1 minuto"},"schema":{"@context":"https:\/\/schema.org","@graph":[{"@type":"Article","@id":"https:\/\/cacaunews.com\/?p=1900#article","isPartOf":{"@id":"https:\/\/cacaunews.com\/?p=1900"},"author":{"name":"Reda\u00e7\u00e3o Cacau News","@id":"https:\/\/cacaunews.com\/#\/schema\/person\/ea69703103e606ad347ccd64bd72ef79"},"headline":"Lula indica o advogado Cristiano Zanin para STF.","datePublished":"2023-06-01T18:16:02+00:00","dateModified":"2023-06-01T18:24:15+00:00","mainEntityOfPage":{"@id":"https:\/\/cacaunews.com\/?p=1900"},"wordCount":261,"commentCount":0,"publisher":{"@id":"https:\/\/cacaunews.com\/#organization"},"keywords":["indica\u00e7\u00e3o","lula","stf","zanin"],"articleSection":["Jornalismo","Politica"],"inLanguage":"pt-BR","potentialAction":[{"@type":"CommentAction","name":"Comment","target":["https:\/\/cacaunews.com\/?p=1900#respond"]}]},{"@type":"WebPage","@id":"https:\/\/cacaunews.com\/?p=1900","url":"https:\/\/cacaunews.com\/?p=1900","name":"Lula indica o advogado Cristiano Zanin para STF. - Cacau News","isPartOf":{"@id":"https:\/\/cacaunews.com\/#website"},"datePublished":"2023-06-01T18:16:02+00:00","dateModified":"2023-06-01T18:24:15+00:00","breadcrumb":{"@id":"https:\/\/cacaunews.com\/?p=1900#breadcrumb"},"inLanguage":"pt-BR","potentialAction":[{"@type":"ReadAction","target":["https:\/\/cacaunews.com\/?p=1900"]}]},{"@type":"BreadcrumbList","@id":"https:\/\/cacaunews.com\/?p=1900#breadcrumb","itemListElement":[{"@type":"ListItem","position":1,"name":"In\u00edcio","item":"https:\/\/cacaunews.com\/"},{"@type":"ListItem","position":2,"name":"Lula indica o advogado Cristiano Zanin para STF."}]},{"@type":"WebSite","@id":"https:\/\/cacaunews.com\/#website","url":"https:\/\/cacaunews.com\/","name":"Cacau News","description":"A Informa\u00e7\u00e3o que voc\u00ea precisa!","publisher":{"@id":"https:\/\/cacaunews.com\/#organization"},"potentialAction":[{"@type":"SearchAction","target":{"@type":"EntryPoint","urlTemplate":"https:\/\/cacaunews.com\/?s={search_term_string}"},"query-input":"required name=search_term_string"}],"inLanguage":"pt-BR"},{"@type":"Organization","@id":"https:\/\/cacaunews.com\/#organization","name":"Cacau News","url":"https:\/\/cacaunews.com\/","logo":{"@type":"ImageObject","inLanguage":"pt-BR","@id":"https:\/\/cacaunews.com\/#\/schema\/logo\/image\/","url":"https:\/\/cacaunews.com\/wp-content\/uploads\/2025\/01\/cropped-LOGO-NOVA.png","contentUrl":"https:\/\/cacaunews.com\/wp-content\/uploads\/2025\/01\/cropped-LOGO-NOVA.png","width":813,"height":813,"caption":"Cacau News"},"image":{"@id":"https:\/\/cacaunews.com\/#\/schema\/logo\/image\/"},"sameAs":["https:\/\/www.instagram.com\/cacaunews.online\/","https:\/\/youtube.com\/@cacaunews?si=0VXLnjl08SrWbVG9"]},{"@type":"Person","@id":"https:\/\/cacaunews.com\/#\/schema\/person\/ea69703103e606ad347ccd64bd72ef79","name":"Reda\u00e7\u00e3o Cacau News","image":{"@type":"ImageObject","inLanguage":"pt-BR","@id":"https:\/\/cacaunews.com\/#\/schema\/person\/image\/","url":"https:\/\/secure.gravatar.com\/avatar\/d79227a2a7b6cc42e8d7a8f7c284cd3a?s=96&d=mm&r=g","contentUrl":"https:\/\/secure.gravatar.com\/avatar\/d79227a2a7b6cc42e8d7a8f7c284cd3a?s=96&d=mm&r=g","caption":"Reda\u00e7\u00e3o Cacau News"},"sameAs":["https:\/\/cacaunews.com"],"url":"https:\/\/cacaunews.com\/?author=1"}]}},"jetpack_sharing_enabled":true,"jetpack_featured_media_url":"https:\/\/cacaunews.com\/wp-content\/uploads\/2023\/06\/zanin.jpeg","_links":{"self":[{"href":"https:\/\/cacaunews.com\/index.php?rest_route=\/wp\/v2\/posts\/1900"}],"collection":[{"href":"https:\/\/cacaunews.com\/index.php?rest_route=\/wp\/v2\/posts"}],"about":[{"href":"https:\/\/cacaunews.com\/index.php?rest_route=\/wp\/v2\/types\/post"}],"author":[{"embeddable":true,"href":"https:\/\/cacaunews.com\/index.php?rest_route=\/wp\/v2\/users\/1"}],"replies":[{"embeddable":true,"href":"https:\/\/cacaunews.com\/index.php?rest_route=%2Fwp%2Fv2%2Fcomments&post=1900"}],"version-history":[{"count":2,"href":"https:\/\/cacaunews.com\/index.php?rest_route=\/wp\/v2\/posts\/1900\/revisions"}],"predecessor-version":[{"id":1903,"href":"https:\/\/cacaunews.com\/index.php?rest_route=\/wp\/v2\/posts\/1900\/revisions\/1903"}],"wp:featuredmedia":[{"embeddable":true,"href":"https:\/\/cacaunews.com\/index.php?rest_route=\/wp\/v2\/media\/1901"}],"wp:attachment":[{"href":"https:\/\/cacaunews.com\/index.php?rest_route=%2Fwp%2Fv2%2Fmedia&parent=1900"}],"wp:term":[{"taxonomy":"category","embeddable":true,"href":"https:\/\/cacaunews.com\/index.php?rest_route=%2Fwp%2Fv2%2Fcategories&post=1900"},{"taxonomy":"post_tag","embeddable":true,"href":"https:\/\/cacaunews.com\/index.php?rest_route=%2Fwp%2Fv2%2Ftags&post=1900"}],"curies":[{"name":"wp","href":"https:\/\/api.w.org\/{rel}","templated":true}]}}