{"id":1939,"date":"2023-06-05T17:52:48","date_gmt":"2023-06-05T17:52:48","guid":{"rendered":"https:\/\/cacaunews.com\/?p=1939"},"modified":"2023-06-05T17:52:52","modified_gmt":"2023-06-05T17:52:52","slug":"eunapolis-camara-prepara-primeira-audiencia-publica-para-discutir-mudancas-na-lei-organica","status":"publish","type":"post","link":"https:\/\/cacaunews.com\/?p=1939","title":{"rendered":"Eun\u00e1polis: C\u00e2mara prepara primeira audi\u00eancia p\u00fablica para discutir mudan\u00e7as na Lei Org\u00e2nica."},"content":{"rendered":"\n<p>Sob a presid\u00eancia do vereador Tiago Mota (Republicanos) a Comiss\u00e3o Especial para Reforma e Reestrutura\u00e7\u00e3o da Lei Org\u00e2nica do Munic\u00edpio de Eun\u00e1polis (LOM) realiza nesta ter\u00e7a-feira, dia 06 de junho, a primeira Audi\u00eancia P\u00fablica, com a presen\u00e7a de v\u00e1rias autoridades, lideran\u00e7as de v\u00e1rios segmentos sociais e cidad\u00e3os, para ouvir sugest\u00f5es.&nbsp;<\/p>\n\n\n\n<p>Ao instituir esta comiss\u00e3o tempor\u00e1ria, o presidente da Mesa Diretora da C\u00e2mara, Jorge Ma\u00e9cio (PP), fez uma homenagem especial ao servidor Milton Guerreiro, pelos mais de 25 anos de vida profissional dedicada \u00e0 assessoria parlamentar da Casa. Guerreiro, na condi\u00e7\u00e3o de funcion\u00e1rio, tem trabalhado ao lado da comiss\u00e3o, composta ainda pelos vereadores Renato Bromochenkel \u2013 relator (Avante) e Arthur Dap\u00e9 \u2013 secret\u00e1rio (UB).<\/p>\n\n\n\n<p>O presidente espera recepcionar v\u00e1rios representantes da sociedade, nesta audi\u00eancia p\u00fablica. Ele destacou que o debate sobre a LOM e o Regimento Interno deve ser um dos debates mais importantes da C\u00e2mara este ano. \u201cEstamos trabalhando nessa reforma v\u00e1rios temas importantes. A popula\u00e7\u00e3o deve participar, ao lado dos vereadores, porque a Lei Org\u00e2nica \u00e9 a Constitui\u00e7\u00e3o do Munic\u00edpio\u201d, disse.<\/p>\n\n\n\n<p>Ascom\/CME<\/p>\n","protected":false},"excerpt":{"rendered":"<p>Sob a presid\u00eancia do vereador Tiago Mota (Republicanos) a Comiss\u00e3o Especial para Reforma e Reestrutura\u00e7\u00e3o&#8230;<\/p>\n","protected":false},"author":1,"featured_media":1938,"comment_status":"open","ping_status":"open","sticky":false,"template":"","format":"standard","meta":{"footnotes":""},"categories":[18,11,5],"tags":[56,547,770,83],"yoast_head":"<!-- This site is optimized with the Yoast SEO plugin v21.7 - https:\/\/yoast.com\/wordpress\/plugins\/seo\/ -->\n<title>Eun\u00e1polis: C\u00e2mara prepara primeira audi\u00eancia p\u00fablica para discutir mudan\u00e7as na Lei Org\u00e2nica. - Cacau News<\/title>\n<meta name=\"robots\" content=\"index, follow, max-snippet:-1, max-image-preview:large, max-video-preview:-1\" \/>\n<link rel=\"canonical\" href=\"https:\/\/cacaunews.com\/?p=1939\" \/>\n<meta property=\"og:locale\" content=\"pt_BR\" \/>\n<meta property=\"og:type\" content=\"article\" \/>\n<meta property=\"og:title\" content=\"Eun\u00e1polis: C\u00e2mara prepara primeira audi\u00eancia p\u00fablica para discutir mudan\u00e7as na Lei Org\u00e2nica. - Cacau News\" \/>\n<meta property=\"og:description\" content=\"Sob a presid\u00eancia do vereador Tiago Mota (Republicanos) a Comiss\u00e3o Especial para Reforma e Reestrutura\u00e7\u00e3o...\" \/>\n<meta property=\"og:url\" content=\"https:\/\/cacaunews.com\/?p=1939\" \/>\n<meta property=\"og:site_name\" content=\"Cacau News\" \/>\n<meta property=\"article:published_time\" content=\"2023-06-05T17:52:48+00:00\" \/>\n<meta property=\"article:modified_time\" content=\"2023-06-05T17:52:52+00:00\" \/>\n<meta property=\"og:image\" content=\"https:\/\/cacaunews.com\/wp-content\/uploads\/2023\/06\/1685982339cats.jpg\" \/>\n\t<meta property=\"og:image:width\" content=\"530\" \/>\n\t<meta property=\"og:image:height\" content=\"353\" \/>\n\t<meta property=\"og:image:type\" content=\"image\/jpeg\" \/>\n<meta name=\"author\" content=\"Reda\u00e7\u00e3o Cacau News\" \/>\n<meta name=\"twitter:card\" content=\"summary_large_image\" \/>\n<meta name=\"twitter:label1\" content=\"Escrito por\" \/>\n\t<meta name=\"twitter:data1\" content=\"Reda\u00e7\u00e3o Cacau News\" \/>\n\t<meta name=\"twitter:label2\" content=\"Est. tempo de leitura\" \/>\n\t<meta name=\"twitter:data2\" content=\"1 minuto\" \/>\n<script type=\"application\/ld+json\" class=\"yoast-schema-graph\">{\"@context\":\"https:\/\/schema.org\",\"@graph\":[{\"@type\":\"Article\",\"@id\":\"https:\/\/cacaunews.com\/?p=1939#article\",\"isPartOf\":{\"@id\":\"https:\/\/cacaunews.com\/?p=1939\"},\"author\":{\"name\":\"Reda\u00e7\u00e3o Cacau News\",\"@id\":\"https:\/\/cacaunews.com\/#\/schema\/person\/ea69703103e606ad347ccd64bd72ef79\"},\"headline\":\"Eun\u00e1polis: C\u00e2mara prepara primeira audi\u00eancia p\u00fablica para discutir mudan\u00e7as na Lei Org\u00e2nica.\",\"datePublished\":\"2023-06-05T17:52:48+00:00\",\"dateModified\":\"2023-06-05T17:52:52+00:00\",\"mainEntityOfPage\":{\"@id\":\"https:\/\/cacaunews.com\/?p=1939\"},\"wordCount\":219,\"commentCount\":0,\"publisher\":{\"@id\":\"https:\/\/cacaunews.com\/#organization\"},\"keywords\":[\"c\u00e2mara\",\"Eun\u00e1polis\",\"lei org\u00e2nica\",\"mudan\u00e7as\"],\"articleSection\":[\"cidades\",\"Jornalismo\",\"Politica\"],\"inLanguage\":\"pt-BR\",\"potentialAction\":[{\"@type\":\"CommentAction\",\"name\":\"Comment\",\"target\":[\"https:\/\/cacaunews.com\/?p=1939#respond\"]}]},{\"@type\":\"WebPage\",\"@id\":\"https:\/\/cacaunews.com\/?p=1939\",\"url\":\"https:\/\/cacaunews.com\/?p=1939\",\"name\":\"Eun\u00e1polis: C\u00e2mara prepara primeira audi\u00eancia p\u00fablica para discutir mudan\u00e7as na Lei Org\u00e2nica. - Cacau News\",\"isPartOf\":{\"@id\":\"https:\/\/cacaunews.com\/#website\"},\"datePublished\":\"2023-06-05T17:52:48+00:00\",\"dateModified\":\"2023-06-05T17:52:52+00:00\",\"breadcrumb\":{\"@id\":\"https:\/\/cacaunews.com\/?p=1939#breadcrumb\"},\"inLanguage\":\"pt-BR\",\"potentialAction\":[{\"@type\":\"ReadAction\",\"target\":[\"https:\/\/cacaunews.com\/?p=1939\"]}]},{\"@type\":\"BreadcrumbList\",\"@id\":\"https:\/\/cacaunews.com\/?p=1939#breadcrumb\",\"itemListElement\":[{\"@type\":\"ListItem\",\"position\":1,\"name\":\"In\u00edcio\",\"item\":\"https:\/\/cacaunews.com\/\"},{\"@type\":\"ListItem\",\"position\":2,\"name\":\"Eun\u00e1polis: C\u00e2mara prepara primeira audi\u00eancia p\u00fablica para discutir mudan\u00e7as na Lei Org\u00e2nica.\"}]},{\"@type\":\"WebSite\",\"@id\":\"https:\/\/cacaunews.com\/#website\",\"url\":\"https:\/\/cacaunews.com\/\",\"name\":\"Cacau News\",\"description\":\"A Informa\u00e7\u00e3o que voc\u00ea precisa!\",\"publisher\":{\"@id\":\"https:\/\/cacaunews.com\/#organization\"},\"potentialAction\":[{\"@type\":\"SearchAction\",\"target\":{\"@type\":\"EntryPoint\",\"urlTemplate\":\"https:\/\/cacaunews.com\/?s={search_term_string}\"},\"query-input\":\"required name=search_term_string\"}],\"inLanguage\":\"pt-BR\"},{\"@type\":\"Organization\",\"@id\":\"https:\/\/cacaunews.com\/#organization\",\"name\":\"Cacau News\",\"url\":\"https:\/\/cacaunews.com\/\",\"logo\":{\"@type\":\"ImageObject\",\"inLanguage\":\"pt-BR\",\"@id\":\"https:\/\/cacaunews.com\/#\/schema\/logo\/image\/\",\"url\":\"https:\/\/cacaunews.com\/wp-content\/uploads\/2025\/01\/cropped-LOGO-NOVA.png\",\"contentUrl\":\"https:\/\/cacaunews.com\/wp-content\/uploads\/2025\/01\/cropped-LOGO-NOVA.png\",\"width\":813,\"height\":813,\"caption\":\"Cacau News\"},\"image\":{\"@id\":\"https:\/\/cacaunews.com\/#\/schema\/logo\/image\/\"},\"sameAs\":[\"https:\/\/www.instagram.com\/cacaunews.online\/\",\"https:\/\/youtube.com\/@cacaunews?si=0VXLnjl08SrWbVG9\"]},{\"@type\":\"Person\",\"@id\":\"https:\/\/cacaunews.com\/#\/schema\/person\/ea69703103e606ad347ccd64bd72ef79\",\"name\":\"Reda\u00e7\u00e3o Cacau News\",\"image\":{\"@type\":\"ImageObject\",\"inLanguage\":\"pt-BR\",\"@id\":\"https:\/\/cacaunews.com\/#\/schema\/person\/image\/\",\"url\":\"https:\/\/secure.gravatar.com\/avatar\/d79227a2a7b6cc42e8d7a8f7c284cd3a?s=96&d=mm&r=g\",\"contentUrl\":\"https:\/\/secure.gravatar.com\/avatar\/d79227a2a7b6cc42e8d7a8f7c284cd3a?s=96&d=mm&r=g\",\"caption\":\"Reda\u00e7\u00e3o Cacau News\"},\"sameAs\":[\"https:\/\/cacaunews.com\"],\"url\":\"https:\/\/cacaunews.com\/?author=1\"}]}<\/script>\n<!-- \/ Yoast SEO plugin. -->","yoast_head_json":{"title":"Eun\u00e1polis: C\u00e2mara prepara primeira audi\u00eancia p\u00fablica para discutir mudan\u00e7as na Lei Org\u00e2nica. - Cacau News","robots":{"index":"index","follow":"follow","max-snippet":"max-snippet:-1","max-image-preview":"max-image-preview:large","max-video-preview":"max-video-preview:-1"},"canonical":"https:\/\/cacaunews.com\/?p=1939","og_locale":"pt_BR","og_type":"article","og_title":"Eun\u00e1polis: C\u00e2mara prepara primeira audi\u00eancia p\u00fablica para discutir mudan\u00e7as na Lei Org\u00e2nica. - Cacau News","og_description":"Sob a presid\u00eancia do vereador Tiago Mota (Republicanos) a Comiss\u00e3o Especial para Reforma e Reestrutura\u00e7\u00e3o...","og_url":"https:\/\/cacaunews.com\/?p=1939","og_site_name":"Cacau News","article_published_time":"2023-06-05T17:52:48+00:00","article_modified_time":"2023-06-05T17:52:52+00:00","og_image":[{"width":530,"height":353,"url":"https:\/\/cacaunews.com\/wp-content\/uploads\/2023\/06\/1685982339cats.jpg","type":"image\/jpeg"}],"author":"Reda\u00e7\u00e3o Cacau News","twitter_card":"summary_large_image","twitter_misc":{"Escrito por":"Reda\u00e7\u00e3o Cacau News","Est. tempo de leitura":"1 minuto"},"schema":{"@context":"https:\/\/schema.org","@graph":[{"@type":"Article","@id":"https:\/\/cacaunews.com\/?p=1939#article","isPartOf":{"@id":"https:\/\/cacaunews.com\/?p=1939"},"author":{"name":"Reda\u00e7\u00e3o Cacau News","@id":"https:\/\/cacaunews.com\/#\/schema\/person\/ea69703103e606ad347ccd64bd72ef79"},"headline":"Eun\u00e1polis: C\u00e2mara prepara primeira audi\u00eancia p\u00fablica para discutir mudan\u00e7as na Lei Org\u00e2nica.","datePublished":"2023-06-05T17:52:48+00:00","dateModified":"2023-06-05T17:52:52+00:00","mainEntityOfPage":{"@id":"https:\/\/cacaunews.com\/?p=1939"},"wordCount":219,"commentCount":0,"publisher":{"@id":"https:\/\/cacaunews.com\/#organization"},"keywords":["c\u00e2mara","Eun\u00e1polis","lei org\u00e2nica","mudan\u00e7as"],"articleSection":["cidades","Jornalismo","Politica"],"inLanguage":"pt-BR","potentialAction":[{"@type":"CommentAction","name":"Comment","target":["https:\/\/cacaunews.com\/?p=1939#respond"]}]},{"@type":"WebPage","@id":"https:\/\/cacaunews.com\/?p=1939","url":"https:\/\/cacaunews.com\/?p=1939","name":"Eun\u00e1polis: C\u00e2mara prepara primeira audi\u00eancia p\u00fablica para discutir mudan\u00e7as na Lei Org\u00e2nica. - Cacau News","isPartOf":{"@id":"https:\/\/cacaunews.com\/#website"},"datePublished":"2023-06-05T17:52:48+00:00","dateModified":"2023-06-05T17:52:52+00:00","breadcrumb":{"@id":"https:\/\/cacaunews.com\/?p=1939#breadcrumb"},"inLanguage":"pt-BR","potentialAction":[{"@type":"ReadAction","target":["https:\/\/cacaunews.com\/?p=1939"]}]},{"@type":"BreadcrumbList","@id":"https:\/\/cacaunews.com\/?p=1939#breadcrumb","itemListElement":[{"@type":"ListItem","position":1,"name":"In\u00edcio","item":"https:\/\/cacaunews.com\/"},{"@type":"ListItem","position":2,"name":"Eun\u00e1polis: C\u00e2mara prepara primeira audi\u00eancia p\u00fablica para discutir mudan\u00e7as na Lei Org\u00e2nica."}]},{"@type":"WebSite","@id":"https:\/\/cacaunews.com\/#website","url":"https:\/\/cacaunews.com\/","name":"Cacau News","description":"A Informa\u00e7\u00e3o que voc\u00ea precisa!","publisher":{"@id":"https:\/\/cacaunews.com\/#organization"},"potentialAction":[{"@type":"SearchAction","target":{"@type":"EntryPoint","urlTemplate":"https:\/\/cacaunews.com\/?s={search_term_string}"},"query-input":"required name=search_term_string"}],"inLanguage":"pt-BR"},{"@type":"Organization","@id":"https:\/\/cacaunews.com\/#organization","name":"Cacau News","url":"https:\/\/cacaunews.com\/","logo":{"@type":"ImageObject","inLanguage":"pt-BR","@id":"https:\/\/cacaunews.com\/#\/schema\/logo\/image\/","url":"https:\/\/cacaunews.com\/wp-content\/uploads\/2025\/01\/cropped-LOGO-NOVA.png","contentUrl":"https:\/\/cacaunews.com\/wp-content\/uploads\/2025\/01\/cropped-LOGO-NOVA.png","width":813,"height":813,"caption":"Cacau News"},"image":{"@id":"https:\/\/cacaunews.com\/#\/schema\/logo\/image\/"},"sameAs":["https:\/\/www.instagram.com\/cacaunews.online\/","https:\/\/youtube.com\/@cacaunews?si=0VXLnjl08SrWbVG9"]},{"@type":"Person","@id":"https:\/\/cacaunews.com\/#\/schema\/person\/ea69703103e606ad347ccd64bd72ef79","name":"Reda\u00e7\u00e3o Cacau News","image":{"@type":"ImageObject","inLanguage":"pt-BR","@id":"https:\/\/cacaunews.com\/#\/schema\/person\/image\/","url":"https:\/\/secure.gravatar.com\/avatar\/d79227a2a7b6cc42e8d7a8f7c284cd3a?s=96&d=mm&r=g","contentUrl":"https:\/\/secure.gravatar.com\/avatar\/d79227a2a7b6cc42e8d7a8f7c284cd3a?s=96&d=mm&r=g","caption":"Reda\u00e7\u00e3o Cacau News"},"sameAs":["https:\/\/cacaunews.com"],"url":"https:\/\/cacaunews.com\/?author=1"}]}},"jetpack_sharing_enabled":true,"jetpack_featured_media_url":"https:\/\/cacaunews.com\/wp-content\/uploads\/2023\/06\/1685982339cats.jpg","_links":{"self":[{"href":"https:\/\/cacaunews.com\/index.php?rest_route=\/wp\/v2\/posts\/1939"}],"collection":[{"href":"https:\/\/cacaunews.com\/index.php?rest_route=\/wp\/v2\/posts"}],"about":[{"href":"https:\/\/cacaunews.com\/index.php?rest_route=\/wp\/v2\/types\/post"}],"author":[{"embeddable":true,"href":"https:\/\/cacaunews.com\/index.php?rest_route=\/wp\/v2\/users\/1"}],"replies":[{"embeddable":true,"href":"https:\/\/cacaunews.com\/index.php?rest_route=%2Fwp%2Fv2%2Fcomments&post=1939"}],"version-history":[{"count":1,"href":"https:\/\/cacaunews.com\/index.php?rest_route=\/wp\/v2\/posts\/1939\/revisions"}],"predecessor-version":[{"id":1940,"href":"https:\/\/cacaunews.com\/index.php?rest_route=\/wp\/v2\/posts\/1939\/revisions\/1940"}],"wp:featuredmedia":[{"embeddable":true,"href":"https:\/\/cacaunews.com\/index.php?rest_route=\/wp\/v2\/media\/1938"}],"wp:attachment":[{"href":"https:\/\/cacaunews.com\/index.php?rest_route=%2Fwp%2Fv2%2Fmedia&parent=1939"}],"wp:term":[{"taxonomy":"category","embeddable":true,"href":"https:\/\/cacaunews.com\/index.php?rest_route=%2Fwp%2Fv2%2Fcategories&post=1939"},{"taxonomy":"post_tag","embeddable":true,"href":"https:\/\/cacaunews.com\/index.php?rest_route=%2Fwp%2Fv2%2Ftags&post=1939"}],"curies":[{"name":"wp","href":"https:\/\/api.w.org\/{rel}","templated":true}]}}