{"id":1962,"date":"2023-06-06T11:44:31","date_gmt":"2023-06-06T11:44:31","guid":{"rendered":"https:\/\/cacaunews.com\/?p=1962"},"modified":"2023-06-06T11:52:00","modified_gmt":"2023-06-06T11:52:00","slug":"aniversario-de-erasmo-avila-comemoracao-conta-com-presencas-importantes-e-muita-alegria-compartilhada","status":"publish","type":"post","link":"https:\/\/cacaunews.com\/?p=1962","title":{"rendered":"Anivers\u00e1rio de Erasmo \u00c1vila: Comemora\u00e7\u00e3o conta com presen\u00e7as importantes e muita alegria compartilhada."},"content":{"rendered":"\n<p>No dia 2 de junho, o vereador Erasmo \u00c1vila comemorou seu anivers\u00e1rio em grande estilo. A festa, que aconteceu no espa\u00e7o Divino Bosque, contou com mais de 2 mil pessoas, incluindo amigos, familiares, empres\u00e1rios, vereadores, deputados e prefeitos que foram prestigiar a comemora\u00e7\u00e3o. Os presentes puderam desfrutar de muita alegria com atra\u00e7\u00f5es musicais renomadas na regi\u00e3o.<\/p>\n\n\n\n<figure class=\"wp-block-image size-large\"><img fetchpriority=\"high\" decoding=\"async\" width=\"1024\" height=\"604\" src=\"https:\/\/cacaunews.com\/wp-content\/uploads\/2023\/06\/IMG-20230606-WA0031-1024x604.jpg\" alt=\"\" class=\"wp-image-1964\" srcset=\"https:\/\/cacaunews.com\/wp-content\/uploads\/2023\/06\/IMG-20230606-WA0031-1024x604.jpg 1024w, https:\/\/cacaunews.com\/wp-content\/uploads\/2023\/06\/IMG-20230606-WA0031-300x177.jpg 300w, https:\/\/cacaunews.com\/wp-content\/uploads\/2023\/06\/IMG-20230606-WA0031-768x453.jpg 768w, https:\/\/cacaunews.com\/wp-content\/uploads\/2023\/06\/IMG-20230606-WA0031.jpg 1400w\" sizes=\"(max-width: 1024px) 100vw, 1024px\" \/><\/figure>\n\n\n\n<p><br>O clima da festa foi bastante animado e o aniversariante est\u00e1 muito satisfeito e cheio de gratid\u00e3o. Em seu discurso, o vereador agradeceu a presen\u00e7a de todos os convidados e falou sobre a sua trajet\u00f3ria pol\u00edtica e seus planos para o futuro.<br>Erasmo \u00c1vila \u00e9 conhecido por sua atua\u00e7\u00e3o na C\u00e2mara Municipal de Itabuna, buscando melhorias e avan\u00e7os na Casa do Povo. Al\u00e9m disso, ele \u00e9 um grande apoiador da cultura, do lazer e do esporte na cidade. A festa de anivers\u00e1rio foi um sucesso e ficar\u00e1 na mem\u00f3ria de todos. Uma verdadeira demonstra\u00e7\u00e3o de carinho, respeito, admira\u00e7\u00e3o e for\u00e7a pol\u00edtica.<\/p>\n\n\n\n<figure class=\"wp-block-image size-large\"><img decoding=\"async\" width=\"1024\" height=\"461\" src=\"https:\/\/cacaunews.com\/wp-content\/uploads\/2023\/06\/IMG-20230606-WA0032-1024x461.jpg\" alt=\"\" class=\"wp-image-1965\" srcset=\"https:\/\/cacaunews.com\/wp-content\/uploads\/2023\/06\/IMG-20230606-WA0032-1024x461.jpg 1024w, https:\/\/cacaunews.com\/wp-content\/uploads\/2023\/06\/IMG-20230606-WA0032-300x135.jpg 300w, https:\/\/cacaunews.com\/wp-content\/uploads\/2023\/06\/IMG-20230606-WA0032-768x346.jpg 768w, https:\/\/cacaunews.com\/wp-content\/uploads\/2023\/06\/IMG-20230606-WA0032.jpg 1500w\" sizes=\"(max-width: 1024px) 100vw, 1024px\" \/><\/figure>\n\n\n\n<figure class=\"wp-block-image\"><img decoding=\"async\" width=\"1024\" height=\"571\" src=\"https:\/\/cacaunews.com\/wp-content\/uploads\/2023\/06\/IMG-20230606-WA0029-1024x571.jpg\" alt=\"\" class=\"wp-image-1966\" srcset=\"https:\/\/cacaunews.com\/wp-content\/uploads\/2023\/06\/IMG-20230606-WA0029-1024x571.jpg 1024w, https:\/\/cacaunews.com\/wp-content\/uploads\/2023\/06\/IMG-20230606-WA0029-300x167.jpg 300w, https:\/\/cacaunews.com\/wp-content\/uploads\/2023\/06\/IMG-20230606-WA0029-768x428.jpg 768w, https:\/\/cacaunews.com\/wp-content\/uploads\/2023\/06\/IMG-20230606-WA0029.jpg 1400w\" sizes=\"(max-width: 1024px) 100vw, 1024px\" \/><\/figure>\n","protected":false},"excerpt":{"rendered":"<p>No dia 2 de junho, o vereador Erasmo \u00c1vila comemorou seu anivers\u00e1rio em grande estilo&#8230;.<\/p>\n","protected":false},"author":1,"featured_media":1961,"comment_status":"open","ping_status":"open","sticky":false,"template":"","format":"standard","meta":{"footnotes":""},"categories":[18,11],"tags":[69,424,783,27],"yoast_head":"<!-- This site is optimized with the Yoast SEO plugin v21.7 - https:\/\/yoast.com\/wordpress\/plugins\/seo\/ -->\n<title>Anivers\u00e1rio de Erasmo \u00c1vila: Comemora\u00e7\u00e3o conta com presen\u00e7as importantes e muita alegria compartilhada. - Cacau News<\/title>\n<meta name=\"robots\" content=\"index, follow, max-snippet:-1, max-image-preview:large, max-video-preview:-1\" \/>\n<link rel=\"canonical\" href=\"https:\/\/cacaunews.com\/?p=1962\" \/>\n<meta property=\"og:locale\" content=\"pt_BR\" \/>\n<meta property=\"og:type\" content=\"article\" \/>\n<meta property=\"og:title\" content=\"Anivers\u00e1rio de Erasmo \u00c1vila: Comemora\u00e7\u00e3o conta com presen\u00e7as importantes e muita alegria compartilhada. - Cacau News\" \/>\n<meta property=\"og:description\" content=\"No dia 2 de junho, o vereador Erasmo \u00c1vila comemorou seu anivers\u00e1rio em grande estilo....\" \/>\n<meta property=\"og:url\" content=\"https:\/\/cacaunews.com\/?p=1962\" \/>\n<meta property=\"og:site_name\" content=\"Cacau News\" \/>\n<meta property=\"article:published_time\" content=\"2023-06-06T11:44:31+00:00\" \/>\n<meta property=\"article:modified_time\" content=\"2023-06-06T11:52:00+00:00\" \/>\n<meta property=\"og:image\" content=\"https:\/\/cacaunews.com\/wp-content\/uploads\/2023\/06\/IMG-20230606-WA0030.jpg\" \/>\n\t<meta property=\"og:image:width\" content=\"1500\" \/>\n\t<meta property=\"og:image:height\" content=\"745\" \/>\n\t<meta property=\"og:image:type\" content=\"image\/jpeg\" \/>\n<meta name=\"author\" content=\"Reda\u00e7\u00e3o Cacau News\" \/>\n<meta name=\"twitter:card\" content=\"summary_large_image\" \/>\n<meta name=\"twitter:label1\" content=\"Escrito por\" \/>\n\t<meta name=\"twitter:data1\" content=\"Reda\u00e7\u00e3o Cacau News\" \/>\n\t<meta name=\"twitter:label2\" content=\"Est. tempo de leitura\" \/>\n\t<meta name=\"twitter:data2\" content=\"1 minuto\" \/>\n<script type=\"application\/ld+json\" class=\"yoast-schema-graph\">{\"@context\":\"https:\/\/schema.org\",\"@graph\":[{\"@type\":\"Article\",\"@id\":\"https:\/\/cacaunews.com\/?p=1962#article\",\"isPartOf\":{\"@id\":\"https:\/\/cacaunews.com\/?p=1962\"},\"author\":{\"name\":\"Reda\u00e7\u00e3o Cacau News\",\"@id\":\"https:\/\/cacaunews.com\/#\/schema\/person\/ea69703103e606ad347ccd64bd72ef79\"},\"headline\":\"Anivers\u00e1rio de Erasmo \u00c1vila: Comemora\u00e7\u00e3o conta com presen\u00e7as importantes e muita alegria compartilhada.\",\"datePublished\":\"2023-06-06T11:44:31+00:00\",\"dateModified\":\"2023-06-06T11:52:00+00:00\",\"mainEntityOfPage\":{\"@id\":\"https:\/\/cacaunews.com\/?p=1962\"},\"wordCount\":189,\"commentCount\":0,\"publisher\":{\"@id\":\"https:\/\/cacaunews.com\/#organization\"},\"keywords\":[\"anivers\u00e1rio\",\"comemorac\u00e3o\",\"Erasmo \u00c1vila\",\"itabuna\"],\"articleSection\":[\"cidades\",\"Jornalismo\"],\"inLanguage\":\"pt-BR\",\"potentialAction\":[{\"@type\":\"CommentAction\",\"name\":\"Comment\",\"target\":[\"https:\/\/cacaunews.com\/?p=1962#respond\"]}]},{\"@type\":\"WebPage\",\"@id\":\"https:\/\/cacaunews.com\/?p=1962\",\"url\":\"https:\/\/cacaunews.com\/?p=1962\",\"name\":\"Anivers\u00e1rio de Erasmo \u00c1vila: Comemora\u00e7\u00e3o conta com presen\u00e7as importantes e muita alegria compartilhada. - Cacau News\",\"isPartOf\":{\"@id\":\"https:\/\/cacaunews.com\/#website\"},\"datePublished\":\"2023-06-06T11:44:31+00:00\",\"dateModified\":\"2023-06-06T11:52:00+00:00\",\"breadcrumb\":{\"@id\":\"https:\/\/cacaunews.com\/?p=1962#breadcrumb\"},\"inLanguage\":\"pt-BR\",\"potentialAction\":[{\"@type\":\"ReadAction\",\"target\":[\"https:\/\/cacaunews.com\/?p=1962\"]}]},{\"@type\":\"BreadcrumbList\",\"@id\":\"https:\/\/cacaunews.com\/?p=1962#breadcrumb\",\"itemListElement\":[{\"@type\":\"ListItem\",\"position\":1,\"name\":\"In\u00edcio\",\"item\":\"https:\/\/cacaunews.com\/\"},{\"@type\":\"ListItem\",\"position\":2,\"name\":\"Anivers\u00e1rio de Erasmo \u00c1vila: Comemora\u00e7\u00e3o conta com presen\u00e7as importantes e muita alegria compartilhada.\"}]},{\"@type\":\"WebSite\",\"@id\":\"https:\/\/cacaunews.com\/#website\",\"url\":\"https:\/\/cacaunews.com\/\",\"name\":\"Cacau News\",\"description\":\"A Informa\u00e7\u00e3o que voc\u00ea precisa!\",\"publisher\":{\"@id\":\"https:\/\/cacaunews.com\/#organization\"},\"potentialAction\":[{\"@type\":\"SearchAction\",\"target\":{\"@type\":\"EntryPoint\",\"urlTemplate\":\"https:\/\/cacaunews.com\/?s={search_term_string}\"},\"query-input\":\"required name=search_term_string\"}],\"inLanguage\":\"pt-BR\"},{\"@type\":\"Organization\",\"@id\":\"https:\/\/cacaunews.com\/#organization\",\"name\":\"Cacau News\",\"url\":\"https:\/\/cacaunews.com\/\",\"logo\":{\"@type\":\"ImageObject\",\"inLanguage\":\"pt-BR\",\"@id\":\"https:\/\/cacaunews.com\/#\/schema\/logo\/image\/\",\"url\":\"https:\/\/cacaunews.com\/wp-content\/uploads\/2025\/01\/cropped-LOGO-NOVA.png\",\"contentUrl\":\"https:\/\/cacaunews.com\/wp-content\/uploads\/2025\/01\/cropped-LOGO-NOVA.png\",\"width\":813,\"height\":813,\"caption\":\"Cacau News\"},\"image\":{\"@id\":\"https:\/\/cacaunews.com\/#\/schema\/logo\/image\/\"},\"sameAs\":[\"https:\/\/www.instagram.com\/cacaunews.online\/\",\"https:\/\/youtube.com\/@cacaunews?si=0VXLnjl08SrWbVG9\"]},{\"@type\":\"Person\",\"@id\":\"https:\/\/cacaunews.com\/#\/schema\/person\/ea69703103e606ad347ccd64bd72ef79\",\"name\":\"Reda\u00e7\u00e3o Cacau News\",\"image\":{\"@type\":\"ImageObject\",\"inLanguage\":\"pt-BR\",\"@id\":\"https:\/\/cacaunews.com\/#\/schema\/person\/image\/\",\"url\":\"https:\/\/secure.gravatar.com\/avatar\/d79227a2a7b6cc42e8d7a8f7c284cd3a?s=96&d=mm&r=g\",\"contentUrl\":\"https:\/\/secure.gravatar.com\/avatar\/d79227a2a7b6cc42e8d7a8f7c284cd3a?s=96&d=mm&r=g\",\"caption\":\"Reda\u00e7\u00e3o Cacau News\"},\"sameAs\":[\"https:\/\/cacaunews.com\"],\"url\":\"https:\/\/cacaunews.com\/?author=1\"}]}<\/script>\n<!-- \/ Yoast SEO plugin. -->","yoast_head_json":{"title":"Anivers\u00e1rio de Erasmo \u00c1vila: Comemora\u00e7\u00e3o conta com presen\u00e7as importantes e muita alegria compartilhada. - Cacau News","robots":{"index":"index","follow":"follow","max-snippet":"max-snippet:-1","max-image-preview":"max-image-preview:large","max-video-preview":"max-video-preview:-1"},"canonical":"https:\/\/cacaunews.com\/?p=1962","og_locale":"pt_BR","og_type":"article","og_title":"Anivers\u00e1rio de Erasmo \u00c1vila: Comemora\u00e7\u00e3o conta com presen\u00e7as importantes e muita alegria compartilhada. - Cacau News","og_description":"No dia 2 de junho, o vereador Erasmo \u00c1vila comemorou seu anivers\u00e1rio em grande estilo....","og_url":"https:\/\/cacaunews.com\/?p=1962","og_site_name":"Cacau News","article_published_time":"2023-06-06T11:44:31+00:00","article_modified_time":"2023-06-06T11:52:00+00:00","og_image":[{"width":1500,"height":745,"url":"https:\/\/cacaunews.com\/wp-content\/uploads\/2023\/06\/IMG-20230606-WA0030.jpg","type":"image\/jpeg"}],"author":"Reda\u00e7\u00e3o Cacau News","twitter_card":"summary_large_image","twitter_misc":{"Escrito por":"Reda\u00e7\u00e3o Cacau News","Est. tempo de leitura":"1 minuto"},"schema":{"@context":"https:\/\/schema.org","@graph":[{"@type":"Article","@id":"https:\/\/cacaunews.com\/?p=1962#article","isPartOf":{"@id":"https:\/\/cacaunews.com\/?p=1962"},"author":{"name":"Reda\u00e7\u00e3o Cacau News","@id":"https:\/\/cacaunews.com\/#\/schema\/person\/ea69703103e606ad347ccd64bd72ef79"},"headline":"Anivers\u00e1rio de Erasmo \u00c1vila: Comemora\u00e7\u00e3o conta com presen\u00e7as importantes e muita alegria compartilhada.","datePublished":"2023-06-06T11:44:31+00:00","dateModified":"2023-06-06T11:52:00+00:00","mainEntityOfPage":{"@id":"https:\/\/cacaunews.com\/?p=1962"},"wordCount":189,"commentCount":0,"publisher":{"@id":"https:\/\/cacaunews.com\/#organization"},"keywords":["anivers\u00e1rio","comemorac\u00e3o","Erasmo \u00c1vila","itabuna"],"articleSection":["cidades","Jornalismo"],"inLanguage":"pt-BR","potentialAction":[{"@type":"CommentAction","name":"Comment","target":["https:\/\/cacaunews.com\/?p=1962#respond"]}]},{"@type":"WebPage","@id":"https:\/\/cacaunews.com\/?p=1962","url":"https:\/\/cacaunews.com\/?p=1962","name":"Anivers\u00e1rio de Erasmo \u00c1vila: Comemora\u00e7\u00e3o conta com presen\u00e7as importantes e muita alegria compartilhada. - Cacau News","isPartOf":{"@id":"https:\/\/cacaunews.com\/#website"},"datePublished":"2023-06-06T11:44:31+00:00","dateModified":"2023-06-06T11:52:00+00:00","breadcrumb":{"@id":"https:\/\/cacaunews.com\/?p=1962#breadcrumb"},"inLanguage":"pt-BR","potentialAction":[{"@type":"ReadAction","target":["https:\/\/cacaunews.com\/?p=1962"]}]},{"@type":"BreadcrumbList","@id":"https:\/\/cacaunews.com\/?p=1962#breadcrumb","itemListElement":[{"@type":"ListItem","position":1,"name":"In\u00edcio","item":"https:\/\/cacaunews.com\/"},{"@type":"ListItem","position":2,"name":"Anivers\u00e1rio de Erasmo \u00c1vila: Comemora\u00e7\u00e3o conta com presen\u00e7as importantes e muita alegria compartilhada."}]},{"@type":"WebSite","@id":"https:\/\/cacaunews.com\/#website","url":"https:\/\/cacaunews.com\/","name":"Cacau News","description":"A Informa\u00e7\u00e3o que voc\u00ea precisa!","publisher":{"@id":"https:\/\/cacaunews.com\/#organization"},"potentialAction":[{"@type":"SearchAction","target":{"@type":"EntryPoint","urlTemplate":"https:\/\/cacaunews.com\/?s={search_term_string}"},"query-input":"required name=search_term_string"}],"inLanguage":"pt-BR"},{"@type":"Organization","@id":"https:\/\/cacaunews.com\/#organization","name":"Cacau News","url":"https:\/\/cacaunews.com\/","logo":{"@type":"ImageObject","inLanguage":"pt-BR","@id":"https:\/\/cacaunews.com\/#\/schema\/logo\/image\/","url":"https:\/\/cacaunews.com\/wp-content\/uploads\/2025\/01\/cropped-LOGO-NOVA.png","contentUrl":"https:\/\/cacaunews.com\/wp-content\/uploads\/2025\/01\/cropped-LOGO-NOVA.png","width":813,"height":813,"caption":"Cacau News"},"image":{"@id":"https:\/\/cacaunews.com\/#\/schema\/logo\/image\/"},"sameAs":["https:\/\/www.instagram.com\/cacaunews.online\/","https:\/\/youtube.com\/@cacaunews?si=0VXLnjl08SrWbVG9"]},{"@type":"Person","@id":"https:\/\/cacaunews.com\/#\/schema\/person\/ea69703103e606ad347ccd64bd72ef79","name":"Reda\u00e7\u00e3o Cacau News","image":{"@type":"ImageObject","inLanguage":"pt-BR","@id":"https:\/\/cacaunews.com\/#\/schema\/person\/image\/","url":"https:\/\/secure.gravatar.com\/avatar\/d79227a2a7b6cc42e8d7a8f7c284cd3a?s=96&d=mm&r=g","contentUrl":"https:\/\/secure.gravatar.com\/avatar\/d79227a2a7b6cc42e8d7a8f7c284cd3a?s=96&d=mm&r=g","caption":"Reda\u00e7\u00e3o Cacau News"},"sameAs":["https:\/\/cacaunews.com"],"url":"https:\/\/cacaunews.com\/?author=1"}]}},"jetpack_sharing_enabled":true,"jetpack_featured_media_url":"https:\/\/cacaunews.com\/wp-content\/uploads\/2023\/06\/IMG-20230606-WA0030.jpg","_links":{"self":[{"href":"https:\/\/cacaunews.com\/index.php?rest_route=\/wp\/v2\/posts\/1962"}],"collection":[{"href":"https:\/\/cacaunews.com\/index.php?rest_route=\/wp\/v2\/posts"}],"about":[{"href":"https:\/\/cacaunews.com\/index.php?rest_route=\/wp\/v2\/types\/post"}],"author":[{"embeddable":true,"href":"https:\/\/cacaunews.com\/index.php?rest_route=\/wp\/v2\/users\/1"}],"replies":[{"embeddable":true,"href":"https:\/\/cacaunews.com\/index.php?rest_route=%2Fwp%2Fv2%2Fcomments&post=1962"}],"version-history":[{"count":2,"href":"https:\/\/cacaunews.com\/index.php?rest_route=\/wp\/v2\/posts\/1962\/revisions"}],"predecessor-version":[{"id":1967,"href":"https:\/\/cacaunews.com\/index.php?rest_route=\/wp\/v2\/posts\/1962\/revisions\/1967"}],"wp:featuredmedia":[{"embeddable":true,"href":"https:\/\/cacaunews.com\/index.php?rest_route=\/wp\/v2\/media\/1961"}],"wp:attachment":[{"href":"https:\/\/cacaunews.com\/index.php?rest_route=%2Fwp%2Fv2%2Fmedia&parent=1962"}],"wp:term":[{"taxonomy":"category","embeddable":true,"href":"https:\/\/cacaunews.com\/index.php?rest_route=%2Fwp%2Fv2%2Fcategories&post=1962"},{"taxonomy":"post_tag","embeddable":true,"href":"https:\/\/cacaunews.com\/index.php?rest_route=%2Fwp%2Fv2%2Ftags&post=1962"}],"curies":[{"name":"wp","href":"https:\/\/api.w.org\/{rel}","templated":true}]}}