{"id":2003,"date":"2023-06-08T19:50:56","date_gmt":"2023-06-08T19:50:56","guid":{"rendered":"https:\/\/cacaunews.com\/?p=2003"},"modified":"2023-06-08T19:50:23","modified_gmt":"2023-06-08T19:50:23","slug":"baiana-e-selecionada-para-expor-telas-no-museu-do-louvre-em-paris","status":"publish","type":"post","link":"https:\/\/cacaunews.com\/?p=2003","title":{"rendered":"Baiana \u00e9 selecionada para expor telas no Museu do Louvre, em Paris."},"content":{"rendered":"\n<p>Com apenas 17 anos, a pintora baiana Queila Teles foi selecionada para expor suas telas no Museu du Louvre, que fica em Paris e \u00e9 considerado o espa\u00e7o mais visitado do mundo. A exposi\u00e7\u00e3o vai acontecer em outubro deste ano e a adolescente , que \u00e9 natural de Itamaraju, cidade do sul da Bahia, est\u00e1 arrecadando valores para conseguir viajar e participar do evento.<br><br>&#8220;Surpresa muito grande para mim e para todos que convivem comigo&#8221;, comentou. Em entrevista ao G1 Bahia, Queila sempre gostou de desenhar no papel e foi incentivada pela m\u00e3e a passar os rabiscos para a tela, com tinta e pincel. Com aulas e bastante treino, ela aprendeu t\u00e9cnicas em \u00f3leo sobre tela e participou de concursos.<\/p>\n\n\n\n<p>&#8220;Mas h\u00e1 dificuldades financeiras, afinal, \u00e9 um oceano que vamos atravessar para chegar na Cidade Luz&#8221;, contou a adolescente, que ainda n\u00e3o sabe ter\u00e1 condi\u00e7\u00f5es de viajar. Em 2022, a adolescente elaborou um projeto e foi selecionada para expor no Louvre.<\/p>\n\n\n\n<figure class=\"wp-block-image size-large\"><img fetchpriority=\"high\" decoding=\"async\" width=\"780\" height=\"494\" src=\"https:\/\/cacaunews.com\/wp-content\/uploads\/2023\/06\/Baiana-e-selecionada-para-expor-telas-no-Museu-do-0029532901202306070738-2.jpeg\" alt=\"\" class=\"wp-image-2001\" srcset=\"https:\/\/cacaunews.com\/wp-content\/uploads\/2023\/06\/Baiana-e-selecionada-para-expor-telas-no-Museu-do-0029532901202306070738-2.jpeg 780w, https:\/\/cacaunews.com\/wp-content\/uploads\/2023\/06\/Baiana-e-selecionada-para-expor-telas-no-Museu-do-0029532901202306070738-2-300x190.jpeg 300w, https:\/\/cacaunews.com\/wp-content\/uploads\/2023\/06\/Baiana-e-selecionada-para-expor-telas-no-Museu-do-0029532901202306070738-2-768x486.jpeg 768w\" sizes=\"(max-width: 780px) 100vw, 780px\" \/><\/figure>\n\n\n\n<p>As duas obras da exposi\u00e7\u00e3o foram enviadas para a Fran\u00e7a e retratam a flora e a fauna brasileira. Os amigos e familiares de Queila n\u00e3o escondem o orgulho que \u00e9 conhecer algu\u00e9m que ir\u00e1 expor telas no mesmo espa\u00e7o onde est\u00e1 a obra Monalisa, de Leonardo da Vinci.<\/p>\n\n\n\n<p>&#8220;Ela vai expor no subsolo onde est\u00e1 a Monalisa, ent\u00e3o, a gente fica sem palavras. Queila vai representar n\u00e3o s\u00f3 Itamaraju, n\u00e3o s\u00f3 a Bahia, mas o Brasil&#8221;, afirmou Naman Falc\u00e3o, amigo da adolescente.<br><br>Al\u00e9m de pintar, Queila d\u00e1 curso e aulas particulares de pintura. Ela tamb\u00e9m usa as redes sociais para mostrar o passo a passo dos seus trabalhos, dar dicas de desenho e, neste caso, acolher ajudas para a viagem. <\/p>\n\n\n\n<p>Com informa\u00e7\u00f5es IBahia.<\/p>\n","protected":false},"excerpt":{"rendered":"<p>Com apenas 17 anos, a pintora baiana Queila Teles foi selecionada para expor suas telas&#8230;<\/p>\n","protected":false},"author":1,"featured_media":2002,"comment_status":"open","ping_status":"open","sticky":false,"template":"","format":"standard","meta":{"footnotes":""},"categories":[18,31,11],"tags":[795,469,793,796,794],"yoast_head":"<!-- This site is optimized with the Yoast SEO plugin v21.7 - https:\/\/yoast.com\/wordpress\/plugins\/seo\/ -->\n<title>Baiana \u00e9 selecionada para expor telas no Museu do Louvre, em Paris. - Cacau News<\/title>\n<meta name=\"robots\" content=\"index, follow, max-snippet:-1, max-image-preview:large, max-video-preview:-1\" \/>\n<link rel=\"canonical\" href=\"https:\/\/cacaunews.com\/?p=2003\" \/>\n<meta property=\"og:locale\" content=\"pt_BR\" \/>\n<meta property=\"og:type\" content=\"article\" \/>\n<meta property=\"og:title\" content=\"Baiana \u00e9 selecionada para expor telas no Museu do Louvre, em Paris. - Cacau News\" \/>\n<meta property=\"og:description\" content=\"Com apenas 17 anos, a pintora baiana Queila Teles foi selecionada para expor suas telas...\" \/>\n<meta property=\"og:url\" content=\"https:\/\/cacaunews.com\/?p=2003\" \/>\n<meta property=\"og:site_name\" content=\"Cacau News\" \/>\n<meta property=\"article:published_time\" content=\"2023-06-08T19:50:56+00:00\" \/>\n<meta property=\"article:modified_time\" content=\"2023-06-08T19:50:23+00:00\" \/>\n<meta property=\"og:image\" content=\"https:\/\/cacaunews.com\/wp-content\/uploads\/2023\/06\/Baiana-e-selecionada-para-expor-telas-no-Museu-do-0029532900202306070738-2.jpeg\" \/>\n\t<meta property=\"og:image:width\" content=\"780\" \/>\n\t<meta property=\"og:image:height\" content=\"494\" \/>\n\t<meta property=\"og:image:type\" content=\"image\/jpeg\" \/>\n<meta name=\"author\" content=\"Reda\u00e7\u00e3o Cacau News\" \/>\n<meta name=\"twitter:card\" content=\"summary_large_image\" \/>\n<meta name=\"twitter:label1\" content=\"Escrito por\" \/>\n\t<meta name=\"twitter:data1\" content=\"Reda\u00e7\u00e3o Cacau News\" \/>\n\t<meta name=\"twitter:label2\" content=\"Est. tempo de leitura\" \/>\n\t<meta name=\"twitter:data2\" content=\"1 minuto\" \/>\n<script type=\"application\/ld+json\" class=\"yoast-schema-graph\">{\"@context\":\"https:\/\/schema.org\",\"@graph\":[{\"@type\":\"Article\",\"@id\":\"https:\/\/cacaunews.com\/?p=2003#article\",\"isPartOf\":{\"@id\":\"https:\/\/cacaunews.com\/?p=2003\"},\"author\":{\"name\":\"Reda\u00e7\u00e3o Cacau News\",\"@id\":\"https:\/\/cacaunews.com\/#\/schema\/person\/ea69703103e606ad347ccd64bd72ef79\"},\"headline\":\"Baiana \u00e9 selecionada para expor telas no Museu do Louvre, em Paris.\",\"datePublished\":\"2023-06-08T19:50:56+00:00\",\"dateModified\":\"2023-06-08T19:50:23+00:00\",\"mainEntityOfPage\":{\"@id\":\"https:\/\/cacaunews.com\/?p=2003\"},\"wordCount\":306,\"commentCount\":0,\"publisher\":{\"@id\":\"https:\/\/cacaunews.com\/#organization\"},\"keywords\":[\"artista\",\"baiana\",\"exposi\u00e7\u00e3o\",\"itamaraju\",\"Paris\"],\"articleSection\":[\"cidades\",\"Cultura\",\"Jornalismo\"],\"inLanguage\":\"pt-BR\",\"potentialAction\":[{\"@type\":\"CommentAction\",\"name\":\"Comment\",\"target\":[\"https:\/\/cacaunews.com\/?p=2003#respond\"]}]},{\"@type\":\"WebPage\",\"@id\":\"https:\/\/cacaunews.com\/?p=2003\",\"url\":\"https:\/\/cacaunews.com\/?p=2003\",\"name\":\"Baiana \u00e9 selecionada para expor telas no Museu do Louvre, em Paris. - Cacau News\",\"isPartOf\":{\"@id\":\"https:\/\/cacaunews.com\/#website\"},\"datePublished\":\"2023-06-08T19:50:56+00:00\",\"dateModified\":\"2023-06-08T19:50:23+00:00\",\"breadcrumb\":{\"@id\":\"https:\/\/cacaunews.com\/?p=2003#breadcrumb\"},\"inLanguage\":\"pt-BR\",\"potentialAction\":[{\"@type\":\"ReadAction\",\"target\":[\"https:\/\/cacaunews.com\/?p=2003\"]}]},{\"@type\":\"BreadcrumbList\",\"@id\":\"https:\/\/cacaunews.com\/?p=2003#breadcrumb\",\"itemListElement\":[{\"@type\":\"ListItem\",\"position\":1,\"name\":\"In\u00edcio\",\"item\":\"https:\/\/cacaunews.com\/\"},{\"@type\":\"ListItem\",\"position\":2,\"name\":\"Baiana \u00e9 selecionada para expor telas no Museu do Louvre, em Paris.\"}]},{\"@type\":\"WebSite\",\"@id\":\"https:\/\/cacaunews.com\/#website\",\"url\":\"https:\/\/cacaunews.com\/\",\"name\":\"Cacau News\",\"description\":\"A Informa\u00e7\u00e3o que voc\u00ea precisa!\",\"publisher\":{\"@id\":\"https:\/\/cacaunews.com\/#organization\"},\"potentialAction\":[{\"@type\":\"SearchAction\",\"target\":{\"@type\":\"EntryPoint\",\"urlTemplate\":\"https:\/\/cacaunews.com\/?s={search_term_string}\"},\"query-input\":\"required name=search_term_string\"}],\"inLanguage\":\"pt-BR\"},{\"@type\":\"Organization\",\"@id\":\"https:\/\/cacaunews.com\/#organization\",\"name\":\"Cacau News\",\"url\":\"https:\/\/cacaunews.com\/\",\"logo\":{\"@type\":\"ImageObject\",\"inLanguage\":\"pt-BR\",\"@id\":\"https:\/\/cacaunews.com\/#\/schema\/logo\/image\/\",\"url\":\"https:\/\/cacaunews.com\/wp-content\/uploads\/2025\/01\/cropped-LOGO-NOVA.png\",\"contentUrl\":\"https:\/\/cacaunews.com\/wp-content\/uploads\/2025\/01\/cropped-LOGO-NOVA.png\",\"width\":813,\"height\":813,\"caption\":\"Cacau News\"},\"image\":{\"@id\":\"https:\/\/cacaunews.com\/#\/schema\/logo\/image\/\"},\"sameAs\":[\"https:\/\/www.instagram.com\/cacaunews.online\/\",\"https:\/\/youtube.com\/@cacaunews?si=0VXLnjl08SrWbVG9\"]},{\"@type\":\"Person\",\"@id\":\"https:\/\/cacaunews.com\/#\/schema\/person\/ea69703103e606ad347ccd64bd72ef79\",\"name\":\"Reda\u00e7\u00e3o Cacau News\",\"image\":{\"@type\":\"ImageObject\",\"inLanguage\":\"pt-BR\",\"@id\":\"https:\/\/cacaunews.com\/#\/schema\/person\/image\/\",\"url\":\"https:\/\/secure.gravatar.com\/avatar\/d79227a2a7b6cc42e8d7a8f7c284cd3a?s=96&d=mm&r=g\",\"contentUrl\":\"https:\/\/secure.gravatar.com\/avatar\/d79227a2a7b6cc42e8d7a8f7c284cd3a?s=96&d=mm&r=g\",\"caption\":\"Reda\u00e7\u00e3o Cacau News\"},\"sameAs\":[\"https:\/\/cacaunews.com\"],\"url\":\"https:\/\/cacaunews.com\/?author=1\"}]}<\/script>\n<!-- \/ Yoast SEO plugin. -->","yoast_head_json":{"title":"Baiana \u00e9 selecionada para expor telas no Museu do Louvre, em Paris. - Cacau News","robots":{"index":"index","follow":"follow","max-snippet":"max-snippet:-1","max-image-preview":"max-image-preview:large","max-video-preview":"max-video-preview:-1"},"canonical":"https:\/\/cacaunews.com\/?p=2003","og_locale":"pt_BR","og_type":"article","og_title":"Baiana \u00e9 selecionada para expor telas no Museu do Louvre, em Paris. - Cacau News","og_description":"Com apenas 17 anos, a pintora baiana Queila Teles foi selecionada para expor suas telas...","og_url":"https:\/\/cacaunews.com\/?p=2003","og_site_name":"Cacau News","article_published_time":"2023-06-08T19:50:56+00:00","article_modified_time":"2023-06-08T19:50:23+00:00","og_image":[{"width":780,"height":494,"url":"https:\/\/cacaunews.com\/wp-content\/uploads\/2023\/06\/Baiana-e-selecionada-para-expor-telas-no-Museu-do-0029532900202306070738-2.jpeg","type":"image\/jpeg"}],"author":"Reda\u00e7\u00e3o Cacau News","twitter_card":"summary_large_image","twitter_misc":{"Escrito por":"Reda\u00e7\u00e3o Cacau News","Est. tempo de leitura":"1 minuto"},"schema":{"@context":"https:\/\/schema.org","@graph":[{"@type":"Article","@id":"https:\/\/cacaunews.com\/?p=2003#article","isPartOf":{"@id":"https:\/\/cacaunews.com\/?p=2003"},"author":{"name":"Reda\u00e7\u00e3o Cacau News","@id":"https:\/\/cacaunews.com\/#\/schema\/person\/ea69703103e606ad347ccd64bd72ef79"},"headline":"Baiana \u00e9 selecionada para expor telas no Museu do Louvre, em Paris.","datePublished":"2023-06-08T19:50:56+00:00","dateModified":"2023-06-08T19:50:23+00:00","mainEntityOfPage":{"@id":"https:\/\/cacaunews.com\/?p=2003"},"wordCount":306,"commentCount":0,"publisher":{"@id":"https:\/\/cacaunews.com\/#organization"},"keywords":["artista","baiana","exposi\u00e7\u00e3o","itamaraju","Paris"],"articleSection":["cidades","Cultura","Jornalismo"],"inLanguage":"pt-BR","potentialAction":[{"@type":"CommentAction","name":"Comment","target":["https:\/\/cacaunews.com\/?p=2003#respond"]}]},{"@type":"WebPage","@id":"https:\/\/cacaunews.com\/?p=2003","url":"https:\/\/cacaunews.com\/?p=2003","name":"Baiana \u00e9 selecionada para expor telas no Museu do Louvre, em Paris. - Cacau News","isPartOf":{"@id":"https:\/\/cacaunews.com\/#website"},"datePublished":"2023-06-08T19:50:56+00:00","dateModified":"2023-06-08T19:50:23+00:00","breadcrumb":{"@id":"https:\/\/cacaunews.com\/?p=2003#breadcrumb"},"inLanguage":"pt-BR","potentialAction":[{"@type":"ReadAction","target":["https:\/\/cacaunews.com\/?p=2003"]}]},{"@type":"BreadcrumbList","@id":"https:\/\/cacaunews.com\/?p=2003#breadcrumb","itemListElement":[{"@type":"ListItem","position":1,"name":"In\u00edcio","item":"https:\/\/cacaunews.com\/"},{"@type":"ListItem","position":2,"name":"Baiana \u00e9 selecionada para expor telas no Museu do Louvre, em Paris."}]},{"@type":"WebSite","@id":"https:\/\/cacaunews.com\/#website","url":"https:\/\/cacaunews.com\/","name":"Cacau News","description":"A Informa\u00e7\u00e3o que voc\u00ea precisa!","publisher":{"@id":"https:\/\/cacaunews.com\/#organization"},"potentialAction":[{"@type":"SearchAction","target":{"@type":"EntryPoint","urlTemplate":"https:\/\/cacaunews.com\/?s={search_term_string}"},"query-input":"required name=search_term_string"}],"inLanguage":"pt-BR"},{"@type":"Organization","@id":"https:\/\/cacaunews.com\/#organization","name":"Cacau News","url":"https:\/\/cacaunews.com\/","logo":{"@type":"ImageObject","inLanguage":"pt-BR","@id":"https:\/\/cacaunews.com\/#\/schema\/logo\/image\/","url":"https:\/\/cacaunews.com\/wp-content\/uploads\/2025\/01\/cropped-LOGO-NOVA.png","contentUrl":"https:\/\/cacaunews.com\/wp-content\/uploads\/2025\/01\/cropped-LOGO-NOVA.png","width":813,"height":813,"caption":"Cacau News"},"image":{"@id":"https:\/\/cacaunews.com\/#\/schema\/logo\/image\/"},"sameAs":["https:\/\/www.instagram.com\/cacaunews.online\/","https:\/\/youtube.com\/@cacaunews?si=0VXLnjl08SrWbVG9"]},{"@type":"Person","@id":"https:\/\/cacaunews.com\/#\/schema\/person\/ea69703103e606ad347ccd64bd72ef79","name":"Reda\u00e7\u00e3o Cacau News","image":{"@type":"ImageObject","inLanguage":"pt-BR","@id":"https:\/\/cacaunews.com\/#\/schema\/person\/image\/","url":"https:\/\/secure.gravatar.com\/avatar\/d79227a2a7b6cc42e8d7a8f7c284cd3a?s=96&d=mm&r=g","contentUrl":"https:\/\/secure.gravatar.com\/avatar\/d79227a2a7b6cc42e8d7a8f7c284cd3a?s=96&d=mm&r=g","caption":"Reda\u00e7\u00e3o Cacau News"},"sameAs":["https:\/\/cacaunews.com"],"url":"https:\/\/cacaunews.com\/?author=1"}]}},"jetpack_sharing_enabled":true,"jetpack_featured_media_url":"https:\/\/cacaunews.com\/wp-content\/uploads\/2023\/06\/Baiana-e-selecionada-para-expor-telas-no-Museu-do-0029532900202306070738-2.jpeg","_links":{"self":[{"href":"https:\/\/cacaunews.com\/index.php?rest_route=\/wp\/v2\/posts\/2003"}],"collection":[{"href":"https:\/\/cacaunews.com\/index.php?rest_route=\/wp\/v2\/posts"}],"about":[{"href":"https:\/\/cacaunews.com\/index.php?rest_route=\/wp\/v2\/types\/post"}],"author":[{"embeddable":true,"href":"https:\/\/cacaunews.com\/index.php?rest_route=\/wp\/v2\/users\/1"}],"replies":[{"embeddable":true,"href":"https:\/\/cacaunews.com\/index.php?rest_route=%2Fwp%2Fv2%2Fcomments&post=2003"}],"version-history":[{"count":1,"href":"https:\/\/cacaunews.com\/index.php?rest_route=\/wp\/v2\/posts\/2003\/revisions"}],"predecessor-version":[{"id":2004,"href":"https:\/\/cacaunews.com\/index.php?rest_route=\/wp\/v2\/posts\/2003\/revisions\/2004"}],"wp:featuredmedia":[{"embeddable":true,"href":"https:\/\/cacaunews.com\/index.php?rest_route=\/wp\/v2\/media\/2002"}],"wp:attachment":[{"href":"https:\/\/cacaunews.com\/index.php?rest_route=%2Fwp%2Fv2%2Fmedia&parent=2003"}],"wp:term":[{"taxonomy":"category","embeddable":true,"href":"https:\/\/cacaunews.com\/index.php?rest_route=%2Fwp%2Fv2%2Fcategories&post=2003"},{"taxonomy":"post_tag","embeddable":true,"href":"https:\/\/cacaunews.com\/index.php?rest_route=%2Fwp%2Fv2%2Ftags&post=2003"}],"curies":[{"name":"wp","href":"https:\/\/api.w.org\/{rel}","templated":true}]}}