{"id":2015,"date":"2023-06-10T20:44:51","date_gmt":"2023-06-10T20:44:51","guid":{"rendered":"https:\/\/cacaunews.com\/?p=2015"},"modified":"2023-06-10T20:44:15","modified_gmt":"2023-06-10T20:44:15","slug":"praia-sul-baiana-esta-entre-as-10-melhores-da-america-latina-veja-ranking-da-proplaya","status":"publish","type":"post","link":"https:\/\/cacaunews.com\/?p=2015","title":{"rendered":"Praia Sul-Baiana est\u00e1 entre as 10 melhores da Am\u00e9rica Latina; Veja ranking da Proplaya."},"content":{"rendered":"\n<p>Ela encanta pela exuber\u00e2ncia e sossego. A Praia do Sargi, em Uru\u00e7uca, no sul da Bahia, foi eleita uma das 10 melhores da Am\u00e9rica Latina, segundo a Red Proplayas, comunidade de especialistas mundiais em gest\u00e3o e certifica\u00e7\u00e3o de praias no mundo. Os especialistas analisaram qualidade da paisagem, infraestrutura, acessibilidade, qualidade da \u00e1gua e turismo sustent\u00e1vel.<br><br>O ranking foi divulgado nesta quinta-feira (8) e ainda traz, da Bahia, a Praia da Ponta de Nossa Senhora de Guadalupe, na Ilha dos Frades, em Salvador. Organiza\u00e7\u00e3o n\u00e3o-governamental, a rede iberoamericana de colabora\u00e7\u00e3o para gest\u00e3o de certifica\u00e7\u00e3o de praias p\u00f4s ainda, no ranking, outras duas atra\u00e7\u00f5es brasileiras, ambas no estado do Rio de Janeiro: Prainha, no Rio de Janeiro, e Per\u00f3, em Cabo Frio.<br><br>A  Praia do Sargi, em Uru\u00e7uca, figura na oitava coloca\u00e7\u00e3o entre as 10. \u00c9 dos destinos pouco explorados no turismo da Costa do Cacau. Pr\u00f3ximo \u00e0 sede de Serra Grande, ela encanta pela rara beleza e o encontro com o rio que d\u00e1 nome \u00e0 praia e ao vilarejo.<br><br>Pode ser contemplada a partir do mirante de Serra Grande, numa das margens da BA-001, sentido Ilh\u00e9us-Itacar\u00e9, garantindo uma das mais belas vistas do litoral baiano.<br><br>A partir do Aeroporto Jorge Amado, em Ilh\u00e9us, a dist\u00e2ncia at\u00e9 Sargi \u00e9 de aproximadamente 40 quil\u00f4metros. A depender das condi\u00e7\u00f5es de tr\u00e2nsito, fazer o trajeto pode levar menos de uma hora. Hoje, parte do trecho encontra-se em obra.<br><br>O RANKING<br><br>O ranking da Red Proplayas \u00e9 liderado pela Praia de Varadero Internacional, Cuba. Na segunda posi\u00e7\u00e3o, outra cubana, a Varadero Hist\u00f3rico. A Praia da Ponta de Guadalupe figura na terceira coloca\u00e7\u00e3o. A Playa de Foro de Maya, em Cuba, \u00e9 a quarta colocada.<\/p>\n\n\n\n<p>Com Informa\u00e7\u00f5es Blog Pimenta.<\/p>\n","protected":false},"excerpt":{"rendered":"<p>Ela encanta pela exuber\u00e2ncia e sossego. A Praia do Sargi, em Uru\u00e7uca, no sul da&#8230;<\/p>\n","protected":false},"author":1,"featured_media":2014,"comment_status":"open","ping_status":"open","sticky":false,"template":"","format":"standard","meta":{"footnotes":""},"categories":[18,4,11],"tags":[39,801,120,377],"yoast_head":"<!-- This site is optimized with the Yoast SEO plugin v21.7 - https:\/\/yoast.com\/wordpress\/plugins\/seo\/ -->\n<title>Praia Sul-Baiana est\u00e1 entre as 10 melhores da Am\u00e9rica Latina; Veja ranking da Proplaya. - Cacau News<\/title>\n<meta name=\"robots\" content=\"index, follow, max-snippet:-1, max-image-preview:large, max-video-preview:-1\" \/>\n<link rel=\"canonical\" href=\"https:\/\/cacaunews.com\/?p=2015\" \/>\n<meta property=\"og:locale\" content=\"pt_BR\" \/>\n<meta property=\"og:type\" content=\"article\" \/>\n<meta property=\"og:title\" content=\"Praia Sul-Baiana est\u00e1 entre as 10 melhores da Am\u00e9rica Latina; Veja ranking da Proplaya. - Cacau News\" \/>\n<meta property=\"og:description\" content=\"Ela encanta pela exuber\u00e2ncia e sossego. A Praia do Sargi, em Uru\u00e7uca, no sul da...\" \/>\n<meta property=\"og:url\" content=\"https:\/\/cacaunews.com\/?p=2015\" \/>\n<meta property=\"og:site_name\" content=\"Cacau News\" \/>\n<meta property=\"article:published_time\" content=\"2023-06-10T20:44:51+00:00\" \/>\n<meta property=\"article:modified_time\" content=\"2023-06-10T20:44:15+00:00\" \/>\n<meta property=\"og:image\" content=\"https:\/\/cacaunews.com\/wp-content\/uploads\/2023\/06\/IMG_20230610_174215.jpg\" \/>\n\t<meta property=\"og:image:width\" content=\"893\" \/>\n\t<meta property=\"og:image:height\" content=\"582\" \/>\n\t<meta property=\"og:image:type\" content=\"image\/jpeg\" \/>\n<meta name=\"author\" content=\"Reda\u00e7\u00e3o Cacau News\" \/>\n<meta name=\"twitter:card\" content=\"summary_large_image\" \/>\n<meta name=\"twitter:label1\" content=\"Escrito por\" \/>\n\t<meta name=\"twitter:data1\" content=\"Reda\u00e7\u00e3o Cacau News\" \/>\n\t<meta name=\"twitter:label2\" content=\"Est. tempo de leitura\" \/>\n\t<meta name=\"twitter:data2\" content=\"1 minuto\" \/>\n<script type=\"application\/ld+json\" class=\"yoast-schema-graph\">{\"@context\":\"https:\/\/schema.org\",\"@graph\":[{\"@type\":\"Article\",\"@id\":\"https:\/\/cacaunews.com\/?p=2015#article\",\"isPartOf\":{\"@id\":\"https:\/\/cacaunews.com\/?p=2015\"},\"author\":{\"name\":\"Reda\u00e7\u00e3o Cacau News\",\"@id\":\"https:\/\/cacaunews.com\/#\/schema\/person\/ea69703103e606ad347ccd64bd72ef79\"},\"headline\":\"Praia Sul-Baiana est\u00e1 entre as 10 melhores da Am\u00e9rica Latina; Veja ranking da Proplaya.\",\"datePublished\":\"2023-06-10T20:44:51+00:00\",\"dateModified\":\"2023-06-10T20:44:15+00:00\",\"mainEntityOfPage\":{\"@id\":\"https:\/\/cacaunews.com\/?p=2015\"},\"wordCount\":313,\"commentCount\":0,\"publisher\":{\"@id\":\"https:\/\/cacaunews.com\/#organization\"},\"keywords\":[\"bahia\",\"beleza natural\",\"praias\",\"ranking\"],\"articleSection\":[\"cidades\",\"Internet\",\"Jornalismo\"],\"inLanguage\":\"pt-BR\",\"potentialAction\":[{\"@type\":\"CommentAction\",\"name\":\"Comment\",\"target\":[\"https:\/\/cacaunews.com\/?p=2015#respond\"]}]},{\"@type\":\"WebPage\",\"@id\":\"https:\/\/cacaunews.com\/?p=2015\",\"url\":\"https:\/\/cacaunews.com\/?p=2015\",\"name\":\"Praia Sul-Baiana est\u00e1 entre as 10 melhores da Am\u00e9rica Latina; Veja ranking da Proplaya. - Cacau News\",\"isPartOf\":{\"@id\":\"https:\/\/cacaunews.com\/#website\"},\"datePublished\":\"2023-06-10T20:44:51+00:00\",\"dateModified\":\"2023-06-10T20:44:15+00:00\",\"breadcrumb\":{\"@id\":\"https:\/\/cacaunews.com\/?p=2015#breadcrumb\"},\"inLanguage\":\"pt-BR\",\"potentialAction\":[{\"@type\":\"ReadAction\",\"target\":[\"https:\/\/cacaunews.com\/?p=2015\"]}]},{\"@type\":\"BreadcrumbList\",\"@id\":\"https:\/\/cacaunews.com\/?p=2015#breadcrumb\",\"itemListElement\":[{\"@type\":\"ListItem\",\"position\":1,\"name\":\"In\u00edcio\",\"item\":\"https:\/\/cacaunews.com\/\"},{\"@type\":\"ListItem\",\"position\":2,\"name\":\"Praia Sul-Baiana est\u00e1 entre as 10 melhores da Am\u00e9rica Latina; Veja ranking da Proplaya.\"}]},{\"@type\":\"WebSite\",\"@id\":\"https:\/\/cacaunews.com\/#website\",\"url\":\"https:\/\/cacaunews.com\/\",\"name\":\"Cacau News\",\"description\":\"A Informa\u00e7\u00e3o que voc\u00ea precisa!\",\"publisher\":{\"@id\":\"https:\/\/cacaunews.com\/#organization\"},\"potentialAction\":[{\"@type\":\"SearchAction\",\"target\":{\"@type\":\"EntryPoint\",\"urlTemplate\":\"https:\/\/cacaunews.com\/?s={search_term_string}\"},\"query-input\":\"required name=search_term_string\"}],\"inLanguage\":\"pt-BR\"},{\"@type\":\"Organization\",\"@id\":\"https:\/\/cacaunews.com\/#organization\",\"name\":\"Cacau News\",\"url\":\"https:\/\/cacaunews.com\/\",\"logo\":{\"@type\":\"ImageObject\",\"inLanguage\":\"pt-BR\",\"@id\":\"https:\/\/cacaunews.com\/#\/schema\/logo\/image\/\",\"url\":\"https:\/\/cacaunews.com\/wp-content\/uploads\/2025\/01\/cropped-LOGO-NOVA.png\",\"contentUrl\":\"https:\/\/cacaunews.com\/wp-content\/uploads\/2025\/01\/cropped-LOGO-NOVA.png\",\"width\":813,\"height\":813,\"caption\":\"Cacau News\"},\"image\":{\"@id\":\"https:\/\/cacaunews.com\/#\/schema\/logo\/image\/\"},\"sameAs\":[\"https:\/\/www.instagram.com\/cacaunews.online\/\",\"https:\/\/youtube.com\/@cacaunews?si=0VXLnjl08SrWbVG9\"]},{\"@type\":\"Person\",\"@id\":\"https:\/\/cacaunews.com\/#\/schema\/person\/ea69703103e606ad347ccd64bd72ef79\",\"name\":\"Reda\u00e7\u00e3o Cacau News\",\"image\":{\"@type\":\"ImageObject\",\"inLanguage\":\"pt-BR\",\"@id\":\"https:\/\/cacaunews.com\/#\/schema\/person\/image\/\",\"url\":\"https:\/\/secure.gravatar.com\/avatar\/d79227a2a7b6cc42e8d7a8f7c284cd3a?s=96&d=mm&r=g\",\"contentUrl\":\"https:\/\/secure.gravatar.com\/avatar\/d79227a2a7b6cc42e8d7a8f7c284cd3a?s=96&d=mm&r=g\",\"caption\":\"Reda\u00e7\u00e3o Cacau News\"},\"sameAs\":[\"https:\/\/cacaunews.com\"],\"url\":\"https:\/\/cacaunews.com\/?author=1\"}]}<\/script>\n<!-- \/ Yoast SEO plugin. -->","yoast_head_json":{"title":"Praia Sul-Baiana est\u00e1 entre as 10 melhores da Am\u00e9rica Latina; Veja ranking da Proplaya. - Cacau News","robots":{"index":"index","follow":"follow","max-snippet":"max-snippet:-1","max-image-preview":"max-image-preview:large","max-video-preview":"max-video-preview:-1"},"canonical":"https:\/\/cacaunews.com\/?p=2015","og_locale":"pt_BR","og_type":"article","og_title":"Praia Sul-Baiana est\u00e1 entre as 10 melhores da Am\u00e9rica Latina; Veja ranking da Proplaya. - Cacau News","og_description":"Ela encanta pela exuber\u00e2ncia e sossego. A Praia do Sargi, em Uru\u00e7uca, no sul da...","og_url":"https:\/\/cacaunews.com\/?p=2015","og_site_name":"Cacau News","article_published_time":"2023-06-10T20:44:51+00:00","article_modified_time":"2023-06-10T20:44:15+00:00","og_image":[{"width":893,"height":582,"url":"https:\/\/cacaunews.com\/wp-content\/uploads\/2023\/06\/IMG_20230610_174215.jpg","type":"image\/jpeg"}],"author":"Reda\u00e7\u00e3o Cacau News","twitter_card":"summary_large_image","twitter_misc":{"Escrito por":"Reda\u00e7\u00e3o Cacau News","Est. tempo de leitura":"1 minuto"},"schema":{"@context":"https:\/\/schema.org","@graph":[{"@type":"Article","@id":"https:\/\/cacaunews.com\/?p=2015#article","isPartOf":{"@id":"https:\/\/cacaunews.com\/?p=2015"},"author":{"name":"Reda\u00e7\u00e3o Cacau News","@id":"https:\/\/cacaunews.com\/#\/schema\/person\/ea69703103e606ad347ccd64bd72ef79"},"headline":"Praia Sul-Baiana est\u00e1 entre as 10 melhores da Am\u00e9rica Latina; Veja ranking da Proplaya.","datePublished":"2023-06-10T20:44:51+00:00","dateModified":"2023-06-10T20:44:15+00:00","mainEntityOfPage":{"@id":"https:\/\/cacaunews.com\/?p=2015"},"wordCount":313,"commentCount":0,"publisher":{"@id":"https:\/\/cacaunews.com\/#organization"},"keywords":["bahia","beleza natural","praias","ranking"],"articleSection":["cidades","Internet","Jornalismo"],"inLanguage":"pt-BR","potentialAction":[{"@type":"CommentAction","name":"Comment","target":["https:\/\/cacaunews.com\/?p=2015#respond"]}]},{"@type":"WebPage","@id":"https:\/\/cacaunews.com\/?p=2015","url":"https:\/\/cacaunews.com\/?p=2015","name":"Praia Sul-Baiana est\u00e1 entre as 10 melhores da Am\u00e9rica Latina; Veja ranking da Proplaya. - Cacau News","isPartOf":{"@id":"https:\/\/cacaunews.com\/#website"},"datePublished":"2023-06-10T20:44:51+00:00","dateModified":"2023-06-10T20:44:15+00:00","breadcrumb":{"@id":"https:\/\/cacaunews.com\/?p=2015#breadcrumb"},"inLanguage":"pt-BR","potentialAction":[{"@type":"ReadAction","target":["https:\/\/cacaunews.com\/?p=2015"]}]},{"@type":"BreadcrumbList","@id":"https:\/\/cacaunews.com\/?p=2015#breadcrumb","itemListElement":[{"@type":"ListItem","position":1,"name":"In\u00edcio","item":"https:\/\/cacaunews.com\/"},{"@type":"ListItem","position":2,"name":"Praia Sul-Baiana est\u00e1 entre as 10 melhores da Am\u00e9rica Latina; Veja ranking da Proplaya."}]},{"@type":"WebSite","@id":"https:\/\/cacaunews.com\/#website","url":"https:\/\/cacaunews.com\/","name":"Cacau News","description":"A Informa\u00e7\u00e3o que voc\u00ea precisa!","publisher":{"@id":"https:\/\/cacaunews.com\/#organization"},"potentialAction":[{"@type":"SearchAction","target":{"@type":"EntryPoint","urlTemplate":"https:\/\/cacaunews.com\/?s={search_term_string}"},"query-input":"required name=search_term_string"}],"inLanguage":"pt-BR"},{"@type":"Organization","@id":"https:\/\/cacaunews.com\/#organization","name":"Cacau News","url":"https:\/\/cacaunews.com\/","logo":{"@type":"ImageObject","inLanguage":"pt-BR","@id":"https:\/\/cacaunews.com\/#\/schema\/logo\/image\/","url":"https:\/\/cacaunews.com\/wp-content\/uploads\/2025\/01\/cropped-LOGO-NOVA.png","contentUrl":"https:\/\/cacaunews.com\/wp-content\/uploads\/2025\/01\/cropped-LOGO-NOVA.png","width":813,"height":813,"caption":"Cacau News"},"image":{"@id":"https:\/\/cacaunews.com\/#\/schema\/logo\/image\/"},"sameAs":["https:\/\/www.instagram.com\/cacaunews.online\/","https:\/\/youtube.com\/@cacaunews?si=0VXLnjl08SrWbVG9"]},{"@type":"Person","@id":"https:\/\/cacaunews.com\/#\/schema\/person\/ea69703103e606ad347ccd64bd72ef79","name":"Reda\u00e7\u00e3o Cacau News","image":{"@type":"ImageObject","inLanguage":"pt-BR","@id":"https:\/\/cacaunews.com\/#\/schema\/person\/image\/","url":"https:\/\/secure.gravatar.com\/avatar\/d79227a2a7b6cc42e8d7a8f7c284cd3a?s=96&d=mm&r=g","contentUrl":"https:\/\/secure.gravatar.com\/avatar\/d79227a2a7b6cc42e8d7a8f7c284cd3a?s=96&d=mm&r=g","caption":"Reda\u00e7\u00e3o Cacau News"},"sameAs":["https:\/\/cacaunews.com"],"url":"https:\/\/cacaunews.com\/?author=1"}]}},"jetpack_sharing_enabled":true,"jetpack_featured_media_url":"https:\/\/cacaunews.com\/wp-content\/uploads\/2023\/06\/IMG_20230610_174215.jpg","_links":{"self":[{"href":"https:\/\/cacaunews.com\/index.php?rest_route=\/wp\/v2\/posts\/2015"}],"collection":[{"href":"https:\/\/cacaunews.com\/index.php?rest_route=\/wp\/v2\/posts"}],"about":[{"href":"https:\/\/cacaunews.com\/index.php?rest_route=\/wp\/v2\/types\/post"}],"author":[{"embeddable":true,"href":"https:\/\/cacaunews.com\/index.php?rest_route=\/wp\/v2\/users\/1"}],"replies":[{"embeddable":true,"href":"https:\/\/cacaunews.com\/index.php?rest_route=%2Fwp%2Fv2%2Fcomments&post=2015"}],"version-history":[{"count":1,"href":"https:\/\/cacaunews.com\/index.php?rest_route=\/wp\/v2\/posts\/2015\/revisions"}],"predecessor-version":[{"id":2016,"href":"https:\/\/cacaunews.com\/index.php?rest_route=\/wp\/v2\/posts\/2015\/revisions\/2016"}],"wp:featuredmedia":[{"embeddable":true,"href":"https:\/\/cacaunews.com\/index.php?rest_route=\/wp\/v2\/media\/2014"}],"wp:attachment":[{"href":"https:\/\/cacaunews.com\/index.php?rest_route=%2Fwp%2Fv2%2Fmedia&parent=2015"}],"wp:term":[{"taxonomy":"category","embeddable":true,"href":"https:\/\/cacaunews.com\/index.php?rest_route=%2Fwp%2Fv2%2Fcategories&post=2015"},{"taxonomy":"post_tag","embeddable":true,"href":"https:\/\/cacaunews.com\/index.php?rest_route=%2Fwp%2Fv2%2Ftags&post=2015"}],"curies":[{"name":"wp","href":"https:\/\/api.w.org\/{rel}","templated":true}]}}