{"id":2028,"date":"2023-06-12T17:29:52","date_gmt":"2023-06-12T17:29:52","guid":{"rendered":"https:\/\/cacaunews.com\/?p=2028"},"modified":"2023-06-12T17:29:14","modified_gmt":"2023-06-12T17:29:14","slug":"gacc-sul-bahia-promove-capacitacao-em-diagnostico-precoce-para-profissionais-da-area-da-saude","status":"publish","type":"post","link":"https:\/\/cacaunews.com\/?p=2028","title":{"rendered":"GACC Sul Bahia promove capacita\u00e7\u00e3o em Diagn\u00f3stico Precoce para profissionais da \u00e1rea da sa\u00fade."},"content":{"rendered":"\n<p>Nos dias 14 e 15, \u00e0s 18h30min acontecer\u00e1 a capacita\u00e7\u00e3o do Programa Diagn\u00f3stico Precoce, voltado para estudantes de sa\u00fade e pediatras, promovido pelo Gacc Sul Bahia em parceria com o Instituto Ronald. Em um formato online, com inscri\u00e7\u00f5es gratuitas e podem ser feitas no link: <a href=\"https:\/\/forms.gle\/GgrFL8soiPxaaJzb6\">https:\/\/forms.gle\/GgrFL8soiPxaaJzb6<\/a>. <br><br><br>O Programa Diagn\u00f3stico Precoce visa conscientizar e capacitar profissionais da \u00e1rea da sa\u00fade e educa\u00e7\u00e3o sobre a import\u00e2ncia de identificar precocemente o c\u00e2ncer infantojuvenil. Ao proporcionar um diagn\u00f3stico mais r\u00e1pido, as chances de cura aumentam consideravelmente, al\u00e9m de permitir um suporte adequado para as crian\u00e7as e adolescentes em tratamento.<\/p>\n\n\n\n<figure class=\"wp-block-image size-large\"><img fetchpriority=\"high\" decoding=\"async\" width=\"1024\" height=\"682\" src=\"https:\/\/cacaunews.com\/wp-content\/uploads\/2023\/06\/IMG-20230612-WA0040-1024x682.jpg\" alt=\"\" class=\"wp-image-2026\" srcset=\"https:\/\/cacaunews.com\/wp-content\/uploads\/2023\/06\/IMG-20230612-WA0040-1024x682.jpg 1024w, https:\/\/cacaunews.com\/wp-content\/uploads\/2023\/06\/IMG-20230612-WA0040-300x200.jpg 300w, https:\/\/cacaunews.com\/wp-content\/uploads\/2023\/06\/IMG-20230612-WA0040-768x512.jpg 768w, https:\/\/cacaunews.com\/wp-content\/uploads\/2023\/06\/IMG-20230612-WA0040-1536x1023.jpg 1536w, https:\/\/cacaunews.com\/wp-content\/uploads\/2023\/06\/IMG-20230612-WA0040.jpg 1600w\" sizes=\"(max-width: 1024px) 100vw, 1024px\" \/><\/figure>\n\n\n\n<p><br><br><br>Dra Teresa Fonseca ir\u00e1 compartilhar sua experi\u00eancia e conhecimentos adquiridos ao longo de sua trajet\u00f3ria m\u00e9dica, abordando sinais de alerta, estrat\u00e9gias de abordagem e encaminhamento adequado dos casos suspeitos. A Dra. Fonseca enfatiza a import\u00e2ncia do evento, afirmando: &#8220;\u00c9 essencial que os profissionais da \u00e1rea da sa\u00fade estejam preparados para identificar os sinais do c\u00e2ncer em crian\u00e7as e adolescentes. O diagn\u00f3stico precoce pode salvar vidas e melhorar significativamente o progn\u00f3stico dos pacientes&#8221;.<br><br><br>A primeira turma da etapa de capacita\u00e7\u00e3o 2023 aconteceu com profissionais de educa\u00e7\u00e3o em maio deste ano e capacitou cerca de 30 profissionais. Vale destacar que as vagas s\u00e3o limitadas. Para participar basta entrar em contato com o GACC Sul Bahia pelo n\u00famero 73 99161-0033 ou fazer a inscri\u00e7\u00e3o no link https:\/\/forms.gle\/GgrFL8soiPxaaJzb6 (Estudantes e Pediatras). <br><br><strong>Servi\u00e7o: <\/strong><br>O que: Capacita\u00e7\u00e3o Diagn\u00f3stico Precoce do C\u00e2ncer Infantojuvenil \u2013 Profissionais de Sa\u00fade<br>Quando: 14 e 15\/06\/2023 \u00e0s 18h30min <br>Onde: Online<br>Inscri\u00e7\u00f5es Gratuitas Estudantes e Pediatras:<a href=\"https:\/\/forms.gle\/GgrFL8soiPxaaJzb6\">https:\/\/forms.gle\/GgrFL8soiPxaaJzb6<\/a><br>Informa\u00e7\u00f5es: 73 99161-0033<\/p>\n\n\n\n<figure class=\"wp-block-image size-large\"><img decoding=\"async\" width=\"1024\" height=\"682\" src=\"https:\/\/cacaunews.com\/wp-content\/uploads\/2023\/06\/IMG-20230612-WA0129-1024x682.jpg\" alt=\"\" class=\"wp-image-2027\" srcset=\"https:\/\/cacaunews.com\/wp-content\/uploads\/2023\/06\/IMG-20230612-WA0129-1024x682.jpg 1024w, https:\/\/cacaunews.com\/wp-content\/uploads\/2023\/06\/IMG-20230612-WA0129-300x200.jpg 300w, https:\/\/cacaunews.com\/wp-content\/uploads\/2023\/06\/IMG-20230612-WA0129-768x512.jpg 768w, https:\/\/cacaunews.com\/wp-content\/uploads\/2023\/06\/IMG-20230612-WA0129-1536x1023.jpg 1536w, https:\/\/cacaunews.com\/wp-content\/uploads\/2023\/06\/IMG-20230612-WA0129.jpg 1600w\" sizes=\"(max-width: 1024px) 100vw, 1024px\" \/><\/figure>\n","protected":false},"excerpt":{"rendered":"<p>Nos dias 14 e 15, \u00e0s 18h30min acontecer\u00e1 a capacita\u00e7\u00e3o do Programa Diagn\u00f3stico Precoce, voltado&#8230;<\/p>\n","protected":false},"author":1,"featured_media":2025,"comment_status":"open","ping_status":"open","sticky":false,"template":"","format":"standard","meta":{"footnotes":""},"categories":[18,11],"tags":[22,33,707,27],"yoast_head":"<!-- This site is optimized with the Yoast SEO plugin v21.7 - https:\/\/yoast.com\/wordpress\/plugins\/seo\/ -->\n<title>GACC Sul Bahia promove capacita\u00e7\u00e3o em Diagn\u00f3stico Precoce para profissionais da \u00e1rea da sa\u00fade. - Cacau News<\/title>\n<meta name=\"robots\" content=\"index, follow, max-snippet:-1, max-image-preview:large, max-video-preview:-1\" \/>\n<link rel=\"canonical\" href=\"https:\/\/cacaunews.com\/?p=2028\" \/>\n<meta property=\"og:locale\" content=\"pt_BR\" \/>\n<meta property=\"og:type\" content=\"article\" \/>\n<meta property=\"og:title\" content=\"GACC Sul Bahia promove capacita\u00e7\u00e3o em Diagn\u00f3stico Precoce para profissionais da \u00e1rea da sa\u00fade. - Cacau News\" \/>\n<meta property=\"og:description\" content=\"Nos dias 14 e 15, \u00e0s 18h30min acontecer\u00e1 a capacita\u00e7\u00e3o do Programa Diagn\u00f3stico Precoce, voltado...\" \/>\n<meta property=\"og:url\" content=\"https:\/\/cacaunews.com\/?p=2028\" \/>\n<meta property=\"og:site_name\" content=\"Cacau News\" \/>\n<meta property=\"article:published_time\" content=\"2023-06-12T17:29:52+00:00\" \/>\n<meta property=\"article:modified_time\" content=\"2023-06-12T17:29:14+00:00\" \/>\n<meta property=\"og:image\" content=\"https:\/\/cacaunews.com\/wp-content\/uploads\/2023\/06\/IMG-20230612-WA0039.jpg\" \/>\n\t<meta property=\"og:image:width\" content=\"1600\" \/>\n\t<meta property=\"og:image:height\" content=\"1066\" \/>\n\t<meta property=\"og:image:type\" content=\"image\/jpeg\" \/>\n<meta name=\"author\" content=\"Reda\u00e7\u00e3o Cacau News\" \/>\n<meta name=\"twitter:card\" content=\"summary_large_image\" \/>\n<meta name=\"twitter:label1\" content=\"Escrito por\" \/>\n\t<meta name=\"twitter:data1\" content=\"Reda\u00e7\u00e3o Cacau News\" \/>\n\t<meta name=\"twitter:label2\" content=\"Est. tempo de leitura\" \/>\n\t<meta name=\"twitter:data2\" content=\"1 minuto\" \/>\n<script type=\"application\/ld+json\" class=\"yoast-schema-graph\">{\"@context\":\"https:\/\/schema.org\",\"@graph\":[{\"@type\":\"Article\",\"@id\":\"https:\/\/cacaunews.com\/?p=2028#article\",\"isPartOf\":{\"@id\":\"https:\/\/cacaunews.com\/?p=2028\"},\"author\":{\"name\":\"Reda\u00e7\u00e3o Cacau News\",\"@id\":\"https:\/\/cacaunews.com\/#\/schema\/person\/ea69703103e606ad347ccd64bd72ef79\"},\"headline\":\"GACC Sul Bahia promove capacita\u00e7\u00e3o em Diagn\u00f3stico Precoce para profissionais da \u00e1rea da sa\u00fade.\",\"datePublished\":\"2023-06-12T17:29:52+00:00\",\"dateModified\":\"2023-06-12T17:29:14+00:00\",\"mainEntityOfPage\":{\"@id\":\"https:\/\/cacaunews.com\/?p=2028\"},\"wordCount\":306,\"commentCount\":0,\"publisher\":{\"@id\":\"https:\/\/cacaunews.com\/#organization\"},\"keywords\":[\"capacita\u00e7\u00e3o\",\"educa\u00e7\u00e3o\",\"gacc\",\"itabuna\"],\"articleSection\":[\"cidades\",\"Jornalismo\"],\"inLanguage\":\"pt-BR\",\"potentialAction\":[{\"@type\":\"CommentAction\",\"name\":\"Comment\",\"target\":[\"https:\/\/cacaunews.com\/?p=2028#respond\"]}]},{\"@type\":\"WebPage\",\"@id\":\"https:\/\/cacaunews.com\/?p=2028\",\"url\":\"https:\/\/cacaunews.com\/?p=2028\",\"name\":\"GACC Sul Bahia promove capacita\u00e7\u00e3o em Diagn\u00f3stico Precoce para profissionais da \u00e1rea da sa\u00fade. - Cacau News\",\"isPartOf\":{\"@id\":\"https:\/\/cacaunews.com\/#website\"},\"datePublished\":\"2023-06-12T17:29:52+00:00\",\"dateModified\":\"2023-06-12T17:29:14+00:00\",\"breadcrumb\":{\"@id\":\"https:\/\/cacaunews.com\/?p=2028#breadcrumb\"},\"inLanguage\":\"pt-BR\",\"potentialAction\":[{\"@type\":\"ReadAction\",\"target\":[\"https:\/\/cacaunews.com\/?p=2028\"]}]},{\"@type\":\"BreadcrumbList\",\"@id\":\"https:\/\/cacaunews.com\/?p=2028#breadcrumb\",\"itemListElement\":[{\"@type\":\"ListItem\",\"position\":1,\"name\":\"In\u00edcio\",\"item\":\"https:\/\/cacaunews.com\/\"},{\"@type\":\"ListItem\",\"position\":2,\"name\":\"GACC Sul Bahia promove capacita\u00e7\u00e3o em Diagn\u00f3stico Precoce para profissionais da \u00e1rea da sa\u00fade.\"}]},{\"@type\":\"WebSite\",\"@id\":\"https:\/\/cacaunews.com\/#website\",\"url\":\"https:\/\/cacaunews.com\/\",\"name\":\"Cacau News\",\"description\":\"A Informa\u00e7\u00e3o que voc\u00ea precisa!\",\"publisher\":{\"@id\":\"https:\/\/cacaunews.com\/#organization\"},\"potentialAction\":[{\"@type\":\"SearchAction\",\"target\":{\"@type\":\"EntryPoint\",\"urlTemplate\":\"https:\/\/cacaunews.com\/?s={search_term_string}\"},\"query-input\":\"required name=search_term_string\"}],\"inLanguage\":\"pt-BR\"},{\"@type\":\"Organization\",\"@id\":\"https:\/\/cacaunews.com\/#organization\",\"name\":\"Cacau News\",\"url\":\"https:\/\/cacaunews.com\/\",\"logo\":{\"@type\":\"ImageObject\",\"inLanguage\":\"pt-BR\",\"@id\":\"https:\/\/cacaunews.com\/#\/schema\/logo\/image\/\",\"url\":\"https:\/\/cacaunews.com\/wp-content\/uploads\/2025\/01\/cropped-LOGO-NOVA.png\",\"contentUrl\":\"https:\/\/cacaunews.com\/wp-content\/uploads\/2025\/01\/cropped-LOGO-NOVA.png\",\"width\":813,\"height\":813,\"caption\":\"Cacau News\"},\"image\":{\"@id\":\"https:\/\/cacaunews.com\/#\/schema\/logo\/image\/\"},\"sameAs\":[\"https:\/\/www.instagram.com\/cacaunews.online\/\",\"https:\/\/youtube.com\/@cacaunews?si=0VXLnjl08SrWbVG9\"]},{\"@type\":\"Person\",\"@id\":\"https:\/\/cacaunews.com\/#\/schema\/person\/ea69703103e606ad347ccd64bd72ef79\",\"name\":\"Reda\u00e7\u00e3o Cacau News\",\"image\":{\"@type\":\"ImageObject\",\"inLanguage\":\"pt-BR\",\"@id\":\"https:\/\/cacaunews.com\/#\/schema\/person\/image\/\",\"url\":\"https:\/\/secure.gravatar.com\/avatar\/d79227a2a7b6cc42e8d7a8f7c284cd3a?s=96&d=mm&r=g\",\"contentUrl\":\"https:\/\/secure.gravatar.com\/avatar\/d79227a2a7b6cc42e8d7a8f7c284cd3a?s=96&d=mm&r=g\",\"caption\":\"Reda\u00e7\u00e3o Cacau News\"},\"sameAs\":[\"https:\/\/cacaunews.com\"],\"url\":\"https:\/\/cacaunews.com\/?author=1\"}]}<\/script>\n<!-- \/ Yoast SEO plugin. -->","yoast_head_json":{"title":"GACC Sul Bahia promove capacita\u00e7\u00e3o em Diagn\u00f3stico Precoce para profissionais da \u00e1rea da sa\u00fade. - Cacau News","robots":{"index":"index","follow":"follow","max-snippet":"max-snippet:-1","max-image-preview":"max-image-preview:large","max-video-preview":"max-video-preview:-1"},"canonical":"https:\/\/cacaunews.com\/?p=2028","og_locale":"pt_BR","og_type":"article","og_title":"GACC Sul Bahia promove capacita\u00e7\u00e3o em Diagn\u00f3stico Precoce para profissionais da \u00e1rea da sa\u00fade. - Cacau News","og_description":"Nos dias 14 e 15, \u00e0s 18h30min acontecer\u00e1 a capacita\u00e7\u00e3o do Programa Diagn\u00f3stico Precoce, voltado...","og_url":"https:\/\/cacaunews.com\/?p=2028","og_site_name":"Cacau News","article_published_time":"2023-06-12T17:29:52+00:00","article_modified_time":"2023-06-12T17:29:14+00:00","og_image":[{"width":1600,"height":1066,"url":"https:\/\/cacaunews.com\/wp-content\/uploads\/2023\/06\/IMG-20230612-WA0039.jpg","type":"image\/jpeg"}],"author":"Reda\u00e7\u00e3o Cacau News","twitter_card":"summary_large_image","twitter_misc":{"Escrito por":"Reda\u00e7\u00e3o Cacau News","Est. tempo de leitura":"1 minuto"},"schema":{"@context":"https:\/\/schema.org","@graph":[{"@type":"Article","@id":"https:\/\/cacaunews.com\/?p=2028#article","isPartOf":{"@id":"https:\/\/cacaunews.com\/?p=2028"},"author":{"name":"Reda\u00e7\u00e3o Cacau News","@id":"https:\/\/cacaunews.com\/#\/schema\/person\/ea69703103e606ad347ccd64bd72ef79"},"headline":"GACC Sul Bahia promove capacita\u00e7\u00e3o em Diagn\u00f3stico Precoce para profissionais da \u00e1rea da sa\u00fade.","datePublished":"2023-06-12T17:29:52+00:00","dateModified":"2023-06-12T17:29:14+00:00","mainEntityOfPage":{"@id":"https:\/\/cacaunews.com\/?p=2028"},"wordCount":306,"commentCount":0,"publisher":{"@id":"https:\/\/cacaunews.com\/#organization"},"keywords":["capacita\u00e7\u00e3o","educa\u00e7\u00e3o","gacc","itabuna"],"articleSection":["cidades","Jornalismo"],"inLanguage":"pt-BR","potentialAction":[{"@type":"CommentAction","name":"Comment","target":["https:\/\/cacaunews.com\/?p=2028#respond"]}]},{"@type":"WebPage","@id":"https:\/\/cacaunews.com\/?p=2028","url":"https:\/\/cacaunews.com\/?p=2028","name":"GACC Sul Bahia promove capacita\u00e7\u00e3o em Diagn\u00f3stico Precoce para profissionais da \u00e1rea da sa\u00fade. - Cacau News","isPartOf":{"@id":"https:\/\/cacaunews.com\/#website"},"datePublished":"2023-06-12T17:29:52+00:00","dateModified":"2023-06-12T17:29:14+00:00","breadcrumb":{"@id":"https:\/\/cacaunews.com\/?p=2028#breadcrumb"},"inLanguage":"pt-BR","potentialAction":[{"@type":"ReadAction","target":["https:\/\/cacaunews.com\/?p=2028"]}]},{"@type":"BreadcrumbList","@id":"https:\/\/cacaunews.com\/?p=2028#breadcrumb","itemListElement":[{"@type":"ListItem","position":1,"name":"In\u00edcio","item":"https:\/\/cacaunews.com\/"},{"@type":"ListItem","position":2,"name":"GACC Sul Bahia promove capacita\u00e7\u00e3o em Diagn\u00f3stico Precoce para profissionais da \u00e1rea da sa\u00fade."}]},{"@type":"WebSite","@id":"https:\/\/cacaunews.com\/#website","url":"https:\/\/cacaunews.com\/","name":"Cacau News","description":"A Informa\u00e7\u00e3o que voc\u00ea precisa!","publisher":{"@id":"https:\/\/cacaunews.com\/#organization"},"potentialAction":[{"@type":"SearchAction","target":{"@type":"EntryPoint","urlTemplate":"https:\/\/cacaunews.com\/?s={search_term_string}"},"query-input":"required name=search_term_string"}],"inLanguage":"pt-BR"},{"@type":"Organization","@id":"https:\/\/cacaunews.com\/#organization","name":"Cacau News","url":"https:\/\/cacaunews.com\/","logo":{"@type":"ImageObject","inLanguage":"pt-BR","@id":"https:\/\/cacaunews.com\/#\/schema\/logo\/image\/","url":"https:\/\/cacaunews.com\/wp-content\/uploads\/2025\/01\/cropped-LOGO-NOVA.png","contentUrl":"https:\/\/cacaunews.com\/wp-content\/uploads\/2025\/01\/cropped-LOGO-NOVA.png","width":813,"height":813,"caption":"Cacau News"},"image":{"@id":"https:\/\/cacaunews.com\/#\/schema\/logo\/image\/"},"sameAs":["https:\/\/www.instagram.com\/cacaunews.online\/","https:\/\/youtube.com\/@cacaunews?si=0VXLnjl08SrWbVG9"]},{"@type":"Person","@id":"https:\/\/cacaunews.com\/#\/schema\/person\/ea69703103e606ad347ccd64bd72ef79","name":"Reda\u00e7\u00e3o Cacau News","image":{"@type":"ImageObject","inLanguage":"pt-BR","@id":"https:\/\/cacaunews.com\/#\/schema\/person\/image\/","url":"https:\/\/secure.gravatar.com\/avatar\/d79227a2a7b6cc42e8d7a8f7c284cd3a?s=96&d=mm&r=g","contentUrl":"https:\/\/secure.gravatar.com\/avatar\/d79227a2a7b6cc42e8d7a8f7c284cd3a?s=96&d=mm&r=g","caption":"Reda\u00e7\u00e3o Cacau News"},"sameAs":["https:\/\/cacaunews.com"],"url":"https:\/\/cacaunews.com\/?author=1"}]}},"jetpack_sharing_enabled":true,"jetpack_featured_media_url":"https:\/\/cacaunews.com\/wp-content\/uploads\/2023\/06\/IMG-20230612-WA0039.jpg","_links":{"self":[{"href":"https:\/\/cacaunews.com\/index.php?rest_route=\/wp\/v2\/posts\/2028"}],"collection":[{"href":"https:\/\/cacaunews.com\/index.php?rest_route=\/wp\/v2\/posts"}],"about":[{"href":"https:\/\/cacaunews.com\/index.php?rest_route=\/wp\/v2\/types\/post"}],"author":[{"embeddable":true,"href":"https:\/\/cacaunews.com\/index.php?rest_route=\/wp\/v2\/users\/1"}],"replies":[{"embeddable":true,"href":"https:\/\/cacaunews.com\/index.php?rest_route=%2Fwp%2Fv2%2Fcomments&post=2028"}],"version-history":[{"count":1,"href":"https:\/\/cacaunews.com\/index.php?rest_route=\/wp\/v2\/posts\/2028\/revisions"}],"predecessor-version":[{"id":2029,"href":"https:\/\/cacaunews.com\/index.php?rest_route=\/wp\/v2\/posts\/2028\/revisions\/2029"}],"wp:featuredmedia":[{"embeddable":true,"href":"https:\/\/cacaunews.com\/index.php?rest_route=\/wp\/v2\/media\/2025"}],"wp:attachment":[{"href":"https:\/\/cacaunews.com\/index.php?rest_route=%2Fwp%2Fv2%2Fmedia&parent=2028"}],"wp:term":[{"taxonomy":"category","embeddable":true,"href":"https:\/\/cacaunews.com\/index.php?rest_route=%2Fwp%2Fv2%2Fcategories&post=2028"},{"taxonomy":"post_tag","embeddable":true,"href":"https:\/\/cacaunews.com\/index.php?rest_route=%2Fwp%2Fv2%2Ftags&post=2028"}],"curies":[{"name":"wp","href":"https:\/\/api.w.org\/{rel}","templated":true}]}}