{"id":2030,"date":"2023-06-13T17:03:35","date_gmt":"2023-06-13T17:03:35","guid":{"rendered":"https:\/\/cacaunews.com\/?p=2030"},"modified":"2023-06-13T17:03:35","modified_gmt":"2023-06-13T17:03:35","slug":"camacan-unidade-da-defensoria-publica-da-bahia-sera-inaugurada-nesta-quarta-14","status":"publish","type":"post","link":"https:\/\/cacaunews.com\/?p=2030","title":{"rendered":"Camacan: Unidade da Defensoria P\u00fablica da Bahia ser\u00e1 Inaugurada nesta quarta (14)."},"content":{"rendered":"<p>A Defensoria P\u00fablica da Bahia (DPE-BA) inaugura, na quarta-feira (14), a partir das 9h, uma unidade na cidade de Camacan. O servi\u00e7o funcionar\u00e1 na Avenida Doutor Jo\u00e3o Vargens, n\u00ba 326, no centro da cidade.<\/p>\n<p>Vinculada \u00e0 4\u00aa Regional em Itabuna, a nova unidade conta com estrutura ampla, acess\u00edvel para receber demandas de acesso \u00e0 justi\u00e7a em todas as \u00e1reas de atua\u00e7\u00e3o da Defensoria da Bahia. Al\u00e9m de Camacan, a unidade atender\u00e1 moradores dos munic\u00edpios de Pau Brasil, Santa Luzia, Mascote e Arataca.<\/p>\n<p>Segundo dados coletados pelo Sistema de Planejamento de Expans\u00e3o da Defensoria, 2.874 pessoas ind\u00edgenas moram nos munic\u00edpios que ser\u00e3o atendidos pela nova sede. E a chegada da Defensoria em Camacan reafirma o compromisso institucional com a promo\u00e7\u00e3o de direitos dessas pessoas j\u00e1 que a presen\u00e7a de povos ind\u00edgenas na regi\u00e3o foi um dos crit\u00e9rios usados para instala\u00e7\u00e3o da DPE-BA no munic\u00edpio.<\/p>\n<p><strong>SERVI\u00c7OS<\/strong><br \/>\nInstitui\u00e7\u00e3o essencial para acesso \u00e0 Justi\u00e7a, a Defensoria atua na presta\u00e7\u00e3o de servi\u00e7os p\u00fablicos gratuitos para aqueles que est\u00e3o em situa\u00e7\u00e3o de vulnerabilidade ou que n\u00e3o podem arcar com advogado particular e custas judiciais. Em Camacan, uma defensora e um defensor p\u00fablico, al\u00e9m de equipe servidores multiprofissional de servidores v\u00e3o garantir os atendimentos \u00e0 popula\u00e7\u00e3o.<\/p>\n<p>Entre os servi\u00e7os prestados gratuitamente pela Defensoria est\u00e3o acordos de alimentos (pens\u00e3o aliment\u00edcia), reconhecimento de paternidade, div\u00f3rcio, retifica\u00e7\u00e3o de documenta\u00e7\u00e3o pessoal, habeas corpus, indeniza\u00e7\u00f5es por danos materiais ou morais, invent\u00e1rio, defesa penal, sa\u00fade p\u00fablica\u00a0 e orienta\u00e7\u00f5es jur\u00eddicas gerais.<\/p>\n<p>Com Informa\u00e7\u00f5es Pimenta.<\/p>\n","protected":false},"excerpt":{"rendered":"<p>A Defensoria P\u00fablica da Bahia (DPE-BA) inaugura, na quarta-feira (14), a partir das 9h, uma&#8230;<\/p>\n","protected":false},"author":1,"featured_media":2031,"comment_status":"open","ping_status":"open","sticky":false,"template":"","format":"standard","meta":{"footnotes":""},"categories":[18,11],"tags":[231,810,348,811],"yoast_head":"<!-- This site is optimized with the Yoast SEO plugin v21.7 - https:\/\/yoast.com\/wordpress\/plugins\/seo\/ -->\n<title>Camacan: Unidade da Defensoria P\u00fablica da Bahia ser\u00e1 Inaugurada nesta quarta (14). - Cacau News<\/title>\n<meta name=\"robots\" content=\"index, follow, max-snippet:-1, max-image-preview:large, max-video-preview:-1\" \/>\n<link rel=\"canonical\" href=\"https:\/\/cacaunews.com\/?p=2030\" \/>\n<meta property=\"og:locale\" content=\"pt_BR\" \/>\n<meta property=\"og:type\" content=\"article\" \/>\n<meta property=\"og:title\" content=\"Camacan: Unidade da Defensoria P\u00fablica da Bahia ser\u00e1 Inaugurada nesta quarta (14). - Cacau News\" \/>\n<meta property=\"og:description\" content=\"A Defensoria P\u00fablica da Bahia (DPE-BA) inaugura, na quarta-feira (14), a partir das 9h, uma...\" \/>\n<meta property=\"og:url\" content=\"https:\/\/cacaunews.com\/?p=2030\" \/>\n<meta property=\"og:site_name\" content=\"Cacau News\" \/>\n<meta property=\"article:published_time\" content=\"2023-06-13T17:03:35+00:00\" \/>\n<meta property=\"og:image\" content=\"https:\/\/cacaunews.com\/wp-content\/uploads\/2023\/06\/Defensoria.jpeg\" \/>\n\t<meta property=\"og:image:width\" content=\"700\" \/>\n\t<meta property=\"og:image:height\" content=\"450\" \/>\n\t<meta property=\"og:image:type\" content=\"image\/jpeg\" \/>\n<meta name=\"author\" content=\"Reda\u00e7\u00e3o Cacau News\" \/>\n<meta name=\"twitter:card\" content=\"summary_large_image\" \/>\n<meta name=\"twitter:label1\" content=\"Escrito por\" \/>\n\t<meta name=\"twitter:data1\" content=\"Reda\u00e7\u00e3o Cacau News\" \/>\n\t<meta name=\"twitter:label2\" content=\"Est. tempo de leitura\" \/>\n\t<meta name=\"twitter:data2\" content=\"1 minuto\" \/>\n<script type=\"application\/ld+json\" class=\"yoast-schema-graph\">{\"@context\":\"https:\/\/schema.org\",\"@graph\":[{\"@type\":\"Article\",\"@id\":\"https:\/\/cacaunews.com\/?p=2030#article\",\"isPartOf\":{\"@id\":\"https:\/\/cacaunews.com\/?p=2030\"},\"author\":{\"name\":\"Reda\u00e7\u00e3o Cacau News\",\"@id\":\"https:\/\/cacaunews.com\/#\/schema\/person\/ea69703103e606ad347ccd64bd72ef79\"},\"headline\":\"Camacan: Unidade da Defensoria P\u00fablica da Bahia ser\u00e1 Inaugurada nesta quarta (14).\",\"datePublished\":\"2023-06-13T17:03:35+00:00\",\"dateModified\":\"2023-06-13T17:03:35+00:00\",\"mainEntityOfPage\":{\"@id\":\"https:\/\/cacaunews.com\/?p=2030\"},\"wordCount\":290,\"commentCount\":0,\"publisher\":{\"@id\":\"https:\/\/cacaunews.com\/#organization\"},\"keywords\":[\"camacan\",\"denfensoria\",\"inaugura\u00e7\u00e3o\",\"unidade\"],\"articleSection\":[\"cidades\",\"Jornalismo\"],\"inLanguage\":\"pt-BR\",\"potentialAction\":[{\"@type\":\"CommentAction\",\"name\":\"Comment\",\"target\":[\"https:\/\/cacaunews.com\/?p=2030#respond\"]}]},{\"@type\":\"WebPage\",\"@id\":\"https:\/\/cacaunews.com\/?p=2030\",\"url\":\"https:\/\/cacaunews.com\/?p=2030\",\"name\":\"Camacan: Unidade da Defensoria P\u00fablica da Bahia ser\u00e1 Inaugurada nesta quarta (14). - Cacau News\",\"isPartOf\":{\"@id\":\"https:\/\/cacaunews.com\/#website\"},\"datePublished\":\"2023-06-13T17:03:35+00:00\",\"dateModified\":\"2023-06-13T17:03:35+00:00\",\"breadcrumb\":{\"@id\":\"https:\/\/cacaunews.com\/?p=2030#breadcrumb\"},\"inLanguage\":\"pt-BR\",\"potentialAction\":[{\"@type\":\"ReadAction\",\"target\":[\"https:\/\/cacaunews.com\/?p=2030\"]}]},{\"@type\":\"BreadcrumbList\",\"@id\":\"https:\/\/cacaunews.com\/?p=2030#breadcrumb\",\"itemListElement\":[{\"@type\":\"ListItem\",\"position\":1,\"name\":\"In\u00edcio\",\"item\":\"https:\/\/cacaunews.com\/\"},{\"@type\":\"ListItem\",\"position\":2,\"name\":\"Camacan: Unidade da Defensoria P\u00fablica da Bahia ser\u00e1 Inaugurada nesta quarta (14).\"}]},{\"@type\":\"WebSite\",\"@id\":\"https:\/\/cacaunews.com\/#website\",\"url\":\"https:\/\/cacaunews.com\/\",\"name\":\"Cacau News\",\"description\":\"A Informa\u00e7\u00e3o que voc\u00ea precisa!\",\"publisher\":{\"@id\":\"https:\/\/cacaunews.com\/#organization\"},\"potentialAction\":[{\"@type\":\"SearchAction\",\"target\":{\"@type\":\"EntryPoint\",\"urlTemplate\":\"https:\/\/cacaunews.com\/?s={search_term_string}\"},\"query-input\":\"required name=search_term_string\"}],\"inLanguage\":\"pt-BR\"},{\"@type\":\"Organization\",\"@id\":\"https:\/\/cacaunews.com\/#organization\",\"name\":\"Cacau News\",\"url\":\"https:\/\/cacaunews.com\/\",\"logo\":{\"@type\":\"ImageObject\",\"inLanguage\":\"pt-BR\",\"@id\":\"https:\/\/cacaunews.com\/#\/schema\/logo\/image\/\",\"url\":\"https:\/\/cacaunews.com\/wp-content\/uploads\/2025\/01\/cropped-LOGO-NOVA.png\",\"contentUrl\":\"https:\/\/cacaunews.com\/wp-content\/uploads\/2025\/01\/cropped-LOGO-NOVA.png\",\"width\":813,\"height\":813,\"caption\":\"Cacau News\"},\"image\":{\"@id\":\"https:\/\/cacaunews.com\/#\/schema\/logo\/image\/\"},\"sameAs\":[\"https:\/\/www.instagram.com\/cacaunews.online\/\",\"https:\/\/youtube.com\/@cacaunews?si=0VXLnjl08SrWbVG9\"]},{\"@type\":\"Person\",\"@id\":\"https:\/\/cacaunews.com\/#\/schema\/person\/ea69703103e606ad347ccd64bd72ef79\",\"name\":\"Reda\u00e7\u00e3o Cacau News\",\"image\":{\"@type\":\"ImageObject\",\"inLanguage\":\"pt-BR\",\"@id\":\"https:\/\/cacaunews.com\/#\/schema\/person\/image\/\",\"url\":\"https:\/\/secure.gravatar.com\/avatar\/d79227a2a7b6cc42e8d7a8f7c284cd3a?s=96&d=mm&r=g\",\"contentUrl\":\"https:\/\/secure.gravatar.com\/avatar\/d79227a2a7b6cc42e8d7a8f7c284cd3a?s=96&d=mm&r=g\",\"caption\":\"Reda\u00e7\u00e3o Cacau News\"},\"sameAs\":[\"https:\/\/cacaunews.com\"],\"url\":\"https:\/\/cacaunews.com\/?author=1\"}]}<\/script>\n<!-- \/ Yoast SEO plugin. -->","yoast_head_json":{"title":"Camacan: Unidade da Defensoria P\u00fablica da Bahia ser\u00e1 Inaugurada nesta quarta (14). - Cacau News","robots":{"index":"index","follow":"follow","max-snippet":"max-snippet:-1","max-image-preview":"max-image-preview:large","max-video-preview":"max-video-preview:-1"},"canonical":"https:\/\/cacaunews.com\/?p=2030","og_locale":"pt_BR","og_type":"article","og_title":"Camacan: Unidade da Defensoria P\u00fablica da Bahia ser\u00e1 Inaugurada nesta quarta (14). - Cacau News","og_description":"A Defensoria P\u00fablica da Bahia (DPE-BA) inaugura, na quarta-feira (14), a partir das 9h, uma...","og_url":"https:\/\/cacaunews.com\/?p=2030","og_site_name":"Cacau News","article_published_time":"2023-06-13T17:03:35+00:00","og_image":[{"width":700,"height":450,"url":"https:\/\/cacaunews.com\/wp-content\/uploads\/2023\/06\/Defensoria.jpeg","type":"image\/jpeg"}],"author":"Reda\u00e7\u00e3o Cacau News","twitter_card":"summary_large_image","twitter_misc":{"Escrito por":"Reda\u00e7\u00e3o Cacau News","Est. tempo de leitura":"1 minuto"},"schema":{"@context":"https:\/\/schema.org","@graph":[{"@type":"Article","@id":"https:\/\/cacaunews.com\/?p=2030#article","isPartOf":{"@id":"https:\/\/cacaunews.com\/?p=2030"},"author":{"name":"Reda\u00e7\u00e3o Cacau News","@id":"https:\/\/cacaunews.com\/#\/schema\/person\/ea69703103e606ad347ccd64bd72ef79"},"headline":"Camacan: Unidade da Defensoria P\u00fablica da Bahia ser\u00e1 Inaugurada nesta quarta (14).","datePublished":"2023-06-13T17:03:35+00:00","dateModified":"2023-06-13T17:03:35+00:00","mainEntityOfPage":{"@id":"https:\/\/cacaunews.com\/?p=2030"},"wordCount":290,"commentCount":0,"publisher":{"@id":"https:\/\/cacaunews.com\/#organization"},"keywords":["camacan","denfensoria","inaugura\u00e7\u00e3o","unidade"],"articleSection":["cidades","Jornalismo"],"inLanguage":"pt-BR","potentialAction":[{"@type":"CommentAction","name":"Comment","target":["https:\/\/cacaunews.com\/?p=2030#respond"]}]},{"@type":"WebPage","@id":"https:\/\/cacaunews.com\/?p=2030","url":"https:\/\/cacaunews.com\/?p=2030","name":"Camacan: Unidade da Defensoria P\u00fablica da Bahia ser\u00e1 Inaugurada nesta quarta (14). - Cacau News","isPartOf":{"@id":"https:\/\/cacaunews.com\/#website"},"datePublished":"2023-06-13T17:03:35+00:00","dateModified":"2023-06-13T17:03:35+00:00","breadcrumb":{"@id":"https:\/\/cacaunews.com\/?p=2030#breadcrumb"},"inLanguage":"pt-BR","potentialAction":[{"@type":"ReadAction","target":["https:\/\/cacaunews.com\/?p=2030"]}]},{"@type":"BreadcrumbList","@id":"https:\/\/cacaunews.com\/?p=2030#breadcrumb","itemListElement":[{"@type":"ListItem","position":1,"name":"In\u00edcio","item":"https:\/\/cacaunews.com\/"},{"@type":"ListItem","position":2,"name":"Camacan: Unidade da Defensoria P\u00fablica da Bahia ser\u00e1 Inaugurada nesta quarta (14)."}]},{"@type":"WebSite","@id":"https:\/\/cacaunews.com\/#website","url":"https:\/\/cacaunews.com\/","name":"Cacau News","description":"A Informa\u00e7\u00e3o que voc\u00ea precisa!","publisher":{"@id":"https:\/\/cacaunews.com\/#organization"},"potentialAction":[{"@type":"SearchAction","target":{"@type":"EntryPoint","urlTemplate":"https:\/\/cacaunews.com\/?s={search_term_string}"},"query-input":"required name=search_term_string"}],"inLanguage":"pt-BR"},{"@type":"Organization","@id":"https:\/\/cacaunews.com\/#organization","name":"Cacau News","url":"https:\/\/cacaunews.com\/","logo":{"@type":"ImageObject","inLanguage":"pt-BR","@id":"https:\/\/cacaunews.com\/#\/schema\/logo\/image\/","url":"https:\/\/cacaunews.com\/wp-content\/uploads\/2025\/01\/cropped-LOGO-NOVA.png","contentUrl":"https:\/\/cacaunews.com\/wp-content\/uploads\/2025\/01\/cropped-LOGO-NOVA.png","width":813,"height":813,"caption":"Cacau News"},"image":{"@id":"https:\/\/cacaunews.com\/#\/schema\/logo\/image\/"},"sameAs":["https:\/\/www.instagram.com\/cacaunews.online\/","https:\/\/youtube.com\/@cacaunews?si=0VXLnjl08SrWbVG9"]},{"@type":"Person","@id":"https:\/\/cacaunews.com\/#\/schema\/person\/ea69703103e606ad347ccd64bd72ef79","name":"Reda\u00e7\u00e3o Cacau News","image":{"@type":"ImageObject","inLanguage":"pt-BR","@id":"https:\/\/cacaunews.com\/#\/schema\/person\/image\/","url":"https:\/\/secure.gravatar.com\/avatar\/d79227a2a7b6cc42e8d7a8f7c284cd3a?s=96&d=mm&r=g","contentUrl":"https:\/\/secure.gravatar.com\/avatar\/d79227a2a7b6cc42e8d7a8f7c284cd3a?s=96&d=mm&r=g","caption":"Reda\u00e7\u00e3o Cacau News"},"sameAs":["https:\/\/cacaunews.com"],"url":"https:\/\/cacaunews.com\/?author=1"}]}},"jetpack_sharing_enabled":true,"jetpack_featured_media_url":"https:\/\/cacaunews.com\/wp-content\/uploads\/2023\/06\/Defensoria.jpeg","_links":{"self":[{"href":"https:\/\/cacaunews.com\/index.php?rest_route=\/wp\/v2\/posts\/2030"}],"collection":[{"href":"https:\/\/cacaunews.com\/index.php?rest_route=\/wp\/v2\/posts"}],"about":[{"href":"https:\/\/cacaunews.com\/index.php?rest_route=\/wp\/v2\/types\/post"}],"author":[{"embeddable":true,"href":"https:\/\/cacaunews.com\/index.php?rest_route=\/wp\/v2\/users\/1"}],"replies":[{"embeddable":true,"href":"https:\/\/cacaunews.com\/index.php?rest_route=%2Fwp%2Fv2%2Fcomments&post=2030"}],"version-history":[{"count":1,"href":"https:\/\/cacaunews.com\/index.php?rest_route=\/wp\/v2\/posts\/2030\/revisions"}],"predecessor-version":[{"id":2032,"href":"https:\/\/cacaunews.com\/index.php?rest_route=\/wp\/v2\/posts\/2030\/revisions\/2032"}],"wp:featuredmedia":[{"embeddable":true,"href":"https:\/\/cacaunews.com\/index.php?rest_route=\/wp\/v2\/media\/2031"}],"wp:attachment":[{"href":"https:\/\/cacaunews.com\/index.php?rest_route=%2Fwp%2Fv2%2Fmedia&parent=2030"}],"wp:term":[{"taxonomy":"category","embeddable":true,"href":"https:\/\/cacaunews.com\/index.php?rest_route=%2Fwp%2Fv2%2Fcategories&post=2030"},{"taxonomy":"post_tag","embeddable":true,"href":"https:\/\/cacaunews.com\/index.php?rest_route=%2Fwp%2Fv2%2Ftags&post=2030"}],"curies":[{"name":"wp","href":"https:\/\/api.w.org\/{rel}","templated":true}]}}