{"id":2122,"date":"2023-06-22T16:33:05","date_gmt":"2023-06-22T16:33:05","guid":{"rendered":"https:\/\/cacaunews.com\/?p=2122"},"modified":"2023-06-22T16:33:05","modified_gmt":"2023-06-22T16:33:05","slug":"prefeitos-da-regiao-do-cacau-se-reunem-e-articulam-novo-aeroporto-internacional","status":"publish","type":"post","link":"https:\/\/cacaunews.com\/?p=2122","title":{"rendered":"Prefeitos da regi\u00e3o do Cacau se re\u00fanem e articulam novo aeroporto internacional."},"content":{"rendered":"<p>Prefeitos e segmentos empresariais e institui\u00e7\u00f5es sul-baianas iniciaram, nesta quarta-feira (21), uma ofensiva para a inclus\u00e3o do projeto de constru\u00e7\u00e3o do Aeroporto Internacional da Costa do Cacau na nova vers\u00e3o do Programa de Acelera\u00e7\u00e3o do Crescimento (PAC), que o presidente Luiz In\u00e1cio Lula da Silva lan\u00e7ar\u00e1 em julho.<\/p>\n<p>Hoje, em Serra Grande, balne\u00e1rio de Uru\u00e7uca, no sul do estado, houve reuni\u00e3o com representantes de diversos segmentos, Cons\u00f3rcio Litoral Sul e Amurc para definir plano de a\u00e7\u00e3o da ofensiva pelo aeroporto.<\/p>\n<p>\u201cO projeto do novo aeroporto est\u00e1 previsto no plano intermodal do Porto Sul. J\u00e1 temos iniciadas [as obras] da Ferrovia Oeste-Leste e do Porto Sul. Falta o aeroporto\u201d, observa o presidente do Cons\u00f3rcio de Desenvolvimento Litoral Sul (CDS-LS) e prefeito de Itacar\u00e9, Ant\u00f4nio de An\u00edzio, em entrevista ao PIMENTA por telefone.<\/p>\n<p>O terminal aeroportu\u00e1rio dever\u00e1 ser constru\u00eddo na regi\u00e3o do Joia do Atl\u00e2ntico, litoral norte de Ilh\u00e9us. O dirigente do CDS-LS cita benef\u00edcios para a regi\u00e3o n\u00e3o apenas no turismo, mas em v\u00e1rios setores da economia e na mobilidade. \u201cH\u00e1 um consenso de que a regi\u00e3o est\u00e1 fortalecida politicamente e devemos fazer ofensiva [nos planos estadual e federal] para que a obra saia. S\u00e3o mais de 40 munic\u00edpios beneficiados\u201d, enfatiza An\u00edzio.<\/p>\n<p>Prefeitos de munic\u00edpios como Almadina (Milton Cerqueira), de Mara\u00fa (Manass\u00e9s Souza) e de Coaraci (Jadson Albano), al\u00e9m de Uru\u00e7uca (Moacyr Leite Junior), participaram da reuni\u00e3o de hoje. O plano de trabalho do grupo prev\u00ea articula\u00e7\u00e3o com a bancada baiana no Congresso e, ainda, a Assembleia Legislativa.<\/p>\n<p>Com Informa\u00e7\u00f5es Pimenta.<\/p>\n","protected":false},"excerpt":{"rendered":"<p>Prefeitos e segmentos empresariais e institui\u00e7\u00f5es sul-baianas iniciaram, nesta quarta-feira (21), uma ofensiva para a&#8230;<\/p>\n","protected":false},"author":1,"featured_media":2123,"comment_status":"open","ping_status":"open","sticky":false,"template":"","format":"standard","meta":{"footnotes":""},"categories":[18,11,5],"tags":[738,238,96,843,496],"yoast_head":"<!-- This site is optimized with the Yoast SEO plugin v21.7 - https:\/\/yoast.com\/wordpress\/plugins\/seo\/ -->\n<title>Prefeitos da regi\u00e3o do Cacau se re\u00fanem e articulam novo aeroporto internacional. - Cacau News<\/title>\n<meta name=\"robots\" content=\"index, follow, max-snippet:-1, max-image-preview:large, max-video-preview:-1\" \/>\n<link rel=\"canonical\" href=\"https:\/\/cacaunews.com\/?p=2122\" \/>\n<meta property=\"og:locale\" content=\"pt_BR\" \/>\n<meta property=\"og:type\" content=\"article\" \/>\n<meta property=\"og:title\" content=\"Prefeitos da regi\u00e3o do Cacau se re\u00fanem e articulam novo aeroporto internacional. - Cacau News\" \/>\n<meta property=\"og:description\" content=\"Prefeitos e segmentos empresariais e institui\u00e7\u00f5es sul-baianas iniciaram, nesta quarta-feira (21), uma ofensiva para a...\" \/>\n<meta property=\"og:url\" content=\"https:\/\/cacaunews.com\/?p=2122\" \/>\n<meta property=\"og:site_name\" content=\"Cacau News\" \/>\n<meta property=\"article:published_time\" content=\"2023-06-22T16:33:05+00:00\" \/>\n<meta property=\"og:image\" content=\"https:\/\/cacaunews.com\/wp-content\/uploads\/2023\/06\/novo-aeroporto.jpg\" \/>\n\t<meta property=\"og:image:width\" content=\"790\" \/>\n\t<meta property=\"og:image:height\" content=\"524\" \/>\n\t<meta property=\"og:image:type\" content=\"image\/jpeg\" \/>\n<meta name=\"author\" content=\"Reda\u00e7\u00e3o Cacau News\" \/>\n<meta name=\"twitter:card\" content=\"summary_large_image\" \/>\n<meta name=\"twitter:label1\" content=\"Escrito por\" \/>\n\t<meta name=\"twitter:data1\" content=\"Reda\u00e7\u00e3o Cacau News\" \/>\n\t<meta name=\"twitter:label2\" content=\"Est. tempo de leitura\" \/>\n\t<meta name=\"twitter:data2\" content=\"1 minuto\" \/>\n<script type=\"application\/ld+json\" class=\"yoast-schema-graph\">{\"@context\":\"https:\/\/schema.org\",\"@graph\":[{\"@type\":\"Article\",\"@id\":\"https:\/\/cacaunews.com\/?p=2122#article\",\"isPartOf\":{\"@id\":\"https:\/\/cacaunews.com\/?p=2122\"},\"author\":{\"name\":\"Reda\u00e7\u00e3o Cacau News\",\"@id\":\"https:\/\/cacaunews.com\/#\/schema\/person\/ea69703103e606ad347ccd64bd72ef79\"},\"headline\":\"Prefeitos da regi\u00e3o do Cacau se re\u00fanem e articulam novo aeroporto internacional.\",\"datePublished\":\"2023-06-22T16:33:05+00:00\",\"dateModified\":\"2023-06-22T16:33:05+00:00\",\"mainEntityOfPage\":{\"@id\":\"https:\/\/cacaunews.com\/?p=2122\"},\"wordCount\":297,\"commentCount\":0,\"publisher\":{\"@id\":\"https:\/\/cacaunews.com\/#organization\"},\"keywords\":[\"aeroporto\",\"AMURC\",\"cds\",\"costa do cacau\",\"internacional\"],\"articleSection\":[\"cidades\",\"Jornalismo\",\"Politica\"],\"inLanguage\":\"pt-BR\",\"potentialAction\":[{\"@type\":\"CommentAction\",\"name\":\"Comment\",\"target\":[\"https:\/\/cacaunews.com\/?p=2122#respond\"]}]},{\"@type\":\"WebPage\",\"@id\":\"https:\/\/cacaunews.com\/?p=2122\",\"url\":\"https:\/\/cacaunews.com\/?p=2122\",\"name\":\"Prefeitos da regi\u00e3o do Cacau se re\u00fanem e articulam novo aeroporto internacional. - Cacau News\",\"isPartOf\":{\"@id\":\"https:\/\/cacaunews.com\/#website\"},\"datePublished\":\"2023-06-22T16:33:05+00:00\",\"dateModified\":\"2023-06-22T16:33:05+00:00\",\"breadcrumb\":{\"@id\":\"https:\/\/cacaunews.com\/?p=2122#breadcrumb\"},\"inLanguage\":\"pt-BR\",\"potentialAction\":[{\"@type\":\"ReadAction\",\"target\":[\"https:\/\/cacaunews.com\/?p=2122\"]}]},{\"@type\":\"BreadcrumbList\",\"@id\":\"https:\/\/cacaunews.com\/?p=2122#breadcrumb\",\"itemListElement\":[{\"@type\":\"ListItem\",\"position\":1,\"name\":\"In\u00edcio\",\"item\":\"https:\/\/cacaunews.com\/\"},{\"@type\":\"ListItem\",\"position\":2,\"name\":\"Prefeitos da regi\u00e3o do Cacau se re\u00fanem e articulam novo aeroporto internacional.\"}]},{\"@type\":\"WebSite\",\"@id\":\"https:\/\/cacaunews.com\/#website\",\"url\":\"https:\/\/cacaunews.com\/\",\"name\":\"Cacau News\",\"description\":\"A Informa\u00e7\u00e3o que voc\u00ea precisa!\",\"publisher\":{\"@id\":\"https:\/\/cacaunews.com\/#organization\"},\"potentialAction\":[{\"@type\":\"SearchAction\",\"target\":{\"@type\":\"EntryPoint\",\"urlTemplate\":\"https:\/\/cacaunews.com\/?s={search_term_string}\"},\"query-input\":\"required name=search_term_string\"}],\"inLanguage\":\"pt-BR\"},{\"@type\":\"Organization\",\"@id\":\"https:\/\/cacaunews.com\/#organization\",\"name\":\"Cacau News\",\"url\":\"https:\/\/cacaunews.com\/\",\"logo\":{\"@type\":\"ImageObject\",\"inLanguage\":\"pt-BR\",\"@id\":\"https:\/\/cacaunews.com\/#\/schema\/logo\/image\/\",\"url\":\"https:\/\/cacaunews.com\/wp-content\/uploads\/2025\/01\/cropped-LOGO-NOVA.png\",\"contentUrl\":\"https:\/\/cacaunews.com\/wp-content\/uploads\/2025\/01\/cropped-LOGO-NOVA.png\",\"width\":813,\"height\":813,\"caption\":\"Cacau News\"},\"image\":{\"@id\":\"https:\/\/cacaunews.com\/#\/schema\/logo\/image\/\"},\"sameAs\":[\"https:\/\/www.instagram.com\/cacaunews.online\/\",\"https:\/\/youtube.com\/@cacaunews?si=0VXLnjl08SrWbVG9\"]},{\"@type\":\"Person\",\"@id\":\"https:\/\/cacaunews.com\/#\/schema\/person\/ea69703103e606ad347ccd64bd72ef79\",\"name\":\"Reda\u00e7\u00e3o Cacau News\",\"image\":{\"@type\":\"ImageObject\",\"inLanguage\":\"pt-BR\",\"@id\":\"https:\/\/cacaunews.com\/#\/schema\/person\/image\/\",\"url\":\"https:\/\/secure.gravatar.com\/avatar\/d79227a2a7b6cc42e8d7a8f7c284cd3a?s=96&d=mm&r=g\",\"contentUrl\":\"https:\/\/secure.gravatar.com\/avatar\/d79227a2a7b6cc42e8d7a8f7c284cd3a?s=96&d=mm&r=g\",\"caption\":\"Reda\u00e7\u00e3o Cacau News\"},\"sameAs\":[\"https:\/\/cacaunews.com\"],\"url\":\"https:\/\/cacaunews.com\/?author=1\"}]}<\/script>\n<!-- \/ Yoast SEO plugin. -->","yoast_head_json":{"title":"Prefeitos da regi\u00e3o do Cacau se re\u00fanem e articulam novo aeroporto internacional. - Cacau News","robots":{"index":"index","follow":"follow","max-snippet":"max-snippet:-1","max-image-preview":"max-image-preview:large","max-video-preview":"max-video-preview:-1"},"canonical":"https:\/\/cacaunews.com\/?p=2122","og_locale":"pt_BR","og_type":"article","og_title":"Prefeitos da regi\u00e3o do Cacau se re\u00fanem e articulam novo aeroporto internacional. - Cacau News","og_description":"Prefeitos e segmentos empresariais e institui\u00e7\u00f5es sul-baianas iniciaram, nesta quarta-feira (21), uma ofensiva para a...","og_url":"https:\/\/cacaunews.com\/?p=2122","og_site_name":"Cacau News","article_published_time":"2023-06-22T16:33:05+00:00","og_image":[{"width":790,"height":524,"url":"https:\/\/cacaunews.com\/wp-content\/uploads\/2023\/06\/novo-aeroporto.jpg","type":"image\/jpeg"}],"author":"Reda\u00e7\u00e3o Cacau News","twitter_card":"summary_large_image","twitter_misc":{"Escrito por":"Reda\u00e7\u00e3o Cacau News","Est. tempo de leitura":"1 minuto"},"schema":{"@context":"https:\/\/schema.org","@graph":[{"@type":"Article","@id":"https:\/\/cacaunews.com\/?p=2122#article","isPartOf":{"@id":"https:\/\/cacaunews.com\/?p=2122"},"author":{"name":"Reda\u00e7\u00e3o Cacau News","@id":"https:\/\/cacaunews.com\/#\/schema\/person\/ea69703103e606ad347ccd64bd72ef79"},"headline":"Prefeitos da regi\u00e3o do Cacau se re\u00fanem e articulam novo aeroporto internacional.","datePublished":"2023-06-22T16:33:05+00:00","dateModified":"2023-06-22T16:33:05+00:00","mainEntityOfPage":{"@id":"https:\/\/cacaunews.com\/?p=2122"},"wordCount":297,"commentCount":0,"publisher":{"@id":"https:\/\/cacaunews.com\/#organization"},"keywords":["aeroporto","AMURC","cds","costa do cacau","internacional"],"articleSection":["cidades","Jornalismo","Politica"],"inLanguage":"pt-BR","potentialAction":[{"@type":"CommentAction","name":"Comment","target":["https:\/\/cacaunews.com\/?p=2122#respond"]}]},{"@type":"WebPage","@id":"https:\/\/cacaunews.com\/?p=2122","url":"https:\/\/cacaunews.com\/?p=2122","name":"Prefeitos da regi\u00e3o do Cacau se re\u00fanem e articulam novo aeroporto internacional. - Cacau News","isPartOf":{"@id":"https:\/\/cacaunews.com\/#website"},"datePublished":"2023-06-22T16:33:05+00:00","dateModified":"2023-06-22T16:33:05+00:00","breadcrumb":{"@id":"https:\/\/cacaunews.com\/?p=2122#breadcrumb"},"inLanguage":"pt-BR","potentialAction":[{"@type":"ReadAction","target":["https:\/\/cacaunews.com\/?p=2122"]}]},{"@type":"BreadcrumbList","@id":"https:\/\/cacaunews.com\/?p=2122#breadcrumb","itemListElement":[{"@type":"ListItem","position":1,"name":"In\u00edcio","item":"https:\/\/cacaunews.com\/"},{"@type":"ListItem","position":2,"name":"Prefeitos da regi\u00e3o do Cacau se re\u00fanem e articulam novo aeroporto internacional."}]},{"@type":"WebSite","@id":"https:\/\/cacaunews.com\/#website","url":"https:\/\/cacaunews.com\/","name":"Cacau News","description":"A Informa\u00e7\u00e3o que voc\u00ea precisa!","publisher":{"@id":"https:\/\/cacaunews.com\/#organization"},"potentialAction":[{"@type":"SearchAction","target":{"@type":"EntryPoint","urlTemplate":"https:\/\/cacaunews.com\/?s={search_term_string}"},"query-input":"required name=search_term_string"}],"inLanguage":"pt-BR"},{"@type":"Organization","@id":"https:\/\/cacaunews.com\/#organization","name":"Cacau News","url":"https:\/\/cacaunews.com\/","logo":{"@type":"ImageObject","inLanguage":"pt-BR","@id":"https:\/\/cacaunews.com\/#\/schema\/logo\/image\/","url":"https:\/\/cacaunews.com\/wp-content\/uploads\/2025\/01\/cropped-LOGO-NOVA.png","contentUrl":"https:\/\/cacaunews.com\/wp-content\/uploads\/2025\/01\/cropped-LOGO-NOVA.png","width":813,"height":813,"caption":"Cacau News"},"image":{"@id":"https:\/\/cacaunews.com\/#\/schema\/logo\/image\/"},"sameAs":["https:\/\/www.instagram.com\/cacaunews.online\/","https:\/\/youtube.com\/@cacaunews?si=0VXLnjl08SrWbVG9"]},{"@type":"Person","@id":"https:\/\/cacaunews.com\/#\/schema\/person\/ea69703103e606ad347ccd64bd72ef79","name":"Reda\u00e7\u00e3o Cacau News","image":{"@type":"ImageObject","inLanguage":"pt-BR","@id":"https:\/\/cacaunews.com\/#\/schema\/person\/image\/","url":"https:\/\/secure.gravatar.com\/avatar\/d79227a2a7b6cc42e8d7a8f7c284cd3a?s=96&d=mm&r=g","contentUrl":"https:\/\/secure.gravatar.com\/avatar\/d79227a2a7b6cc42e8d7a8f7c284cd3a?s=96&d=mm&r=g","caption":"Reda\u00e7\u00e3o Cacau News"},"sameAs":["https:\/\/cacaunews.com"],"url":"https:\/\/cacaunews.com\/?author=1"}]}},"jetpack_sharing_enabled":true,"jetpack_featured_media_url":"https:\/\/cacaunews.com\/wp-content\/uploads\/2023\/06\/novo-aeroporto.jpg","_links":{"self":[{"href":"https:\/\/cacaunews.com\/index.php?rest_route=\/wp\/v2\/posts\/2122"}],"collection":[{"href":"https:\/\/cacaunews.com\/index.php?rest_route=\/wp\/v2\/posts"}],"about":[{"href":"https:\/\/cacaunews.com\/index.php?rest_route=\/wp\/v2\/types\/post"}],"author":[{"embeddable":true,"href":"https:\/\/cacaunews.com\/index.php?rest_route=\/wp\/v2\/users\/1"}],"replies":[{"embeddable":true,"href":"https:\/\/cacaunews.com\/index.php?rest_route=%2Fwp%2Fv2%2Fcomments&post=2122"}],"version-history":[{"count":1,"href":"https:\/\/cacaunews.com\/index.php?rest_route=\/wp\/v2\/posts\/2122\/revisions"}],"predecessor-version":[{"id":2124,"href":"https:\/\/cacaunews.com\/index.php?rest_route=\/wp\/v2\/posts\/2122\/revisions\/2124"}],"wp:featuredmedia":[{"embeddable":true,"href":"https:\/\/cacaunews.com\/index.php?rest_route=\/wp\/v2\/media\/2123"}],"wp:attachment":[{"href":"https:\/\/cacaunews.com\/index.php?rest_route=%2Fwp%2Fv2%2Fmedia&parent=2122"}],"wp:term":[{"taxonomy":"category","embeddable":true,"href":"https:\/\/cacaunews.com\/index.php?rest_route=%2Fwp%2Fv2%2Fcategories&post=2122"},{"taxonomy":"post_tag","embeddable":true,"href":"https:\/\/cacaunews.com\/index.php?rest_route=%2Fwp%2Fv2%2Ftags&post=2122"}],"curies":[{"name":"wp","href":"https:\/\/api.w.org\/{rel}","templated":true}]}}