{"id":2149,"date":"2023-06-28T11:27:48","date_gmt":"2023-06-28T11:27:48","guid":{"rendered":"https:\/\/cacaunews.com\/?p=2149"},"modified":"2023-06-28T11:27:05","modified_gmt":"2023-06-28T11:27:05","slug":"ilheus-489-anos-de-historia-desafios-para-o-futuro-por-alessandro-fernandes","status":"publish","type":"post","link":"https:\/\/cacaunews.com\/?p=2149","title":{"rendered":"Ilh\u00e9us, 489 anos de hist\u00f3ria: desafios para o futuro!                Por Alessandro Fernandes"},"content":{"rendered":"\n<p>Com uma riqueza que integra a hist\u00f3ria, a geografia privilegiada, a cultura, a biodiversidade e a economia, Ilh\u00e9us completa neste 28 de junho, 489 anos de exist\u00eancia.<\/p>\n\n\n\n<p>Ilh\u00e9us, com sua sede pol\u00edtica administrativa composta por 27 bairros, al\u00e9m dos seus 11 distritos em uma vasta zona rural, faz limite com nove munic\u00edpios, sendo sua \u00e1rea litor\u00e2nea a maior do Estado, constituindo-se assim num dos munic\u00edpios mais importantes da Bahia. A Princesinha do Sul, como \u00e9 carinhosamente conhecida, tem muito a comemorar, mas tamb\u00e9m muito a refletir sobre seu passado, presente e futuro.<\/p>\n\n\n\n<p>\u00c0s v\u00e9speras de completar 500 anos, Ilh\u00e9us passou ao longo de sua hist\u00f3ria, por momentos de expans\u00e3o e de crises econ\u00f4micas, algumas delas narradas por uma variedade de escritoras e escritores, com destaque para o nosso Amado Jorge, homenageado em tr\u00eas equipamentos importantes para o transporte e a log\u00edstica de Ilh\u00e9us: o aeroporto, a rodovia Ilh\u00e9us-Itabuna e a ponte estaiada Centro-Pontal. Esses tr\u00eas equipamentos nos ligam com o mundo, mas efetivamente o que ajuda a levar o nome de ilh\u00e9us ao mundo, \u00e9 a sua literatura, ali\u00e1s, Jorge Amado \u00e9 membro fundador da prestigiosa Academia de Letras de Ilh\u00e9us.<\/p>\n\n\n\n<p>Ap\u00f3s a \u00faltima grande crise da lavoura cacaueira, Ilh\u00e9us teve que se reinventar. O munic\u00edpio outrora exportador de cacau em am\u00eandoas passou a produzir chocolate, agregando valor ao produto prim\u00e1rio e realizando o seu pr\u00f3prio Festival Internacional, explorando de forma mais profissionalizada o seu potencial, ao mesmo tempo em que buscou alternativas econ\u00f4micas para seu desenvolvimento, como por exemplo a cria\u00e7\u00e3o do polo de inform\u00e1tica.<\/p>\n\n\n\n<p>Nos \u00faltimos anos, o munic\u00edpio, foi impulsionado por investimentos do Governo do Estado, como: a BA-649 \u2013 a nova rodovia Ilh\u00e9us-Itabuna que est\u00e1 sendo constru\u00edda; a ponte estaiada Centro-Pontal; a constru\u00e7\u00e3o dos hospitais Regional Costa do Cacau e Materno-Infantil Dr. Joaquim Sampaio; a duplica\u00e7\u00e3o da BA 001 &#8211; trecho Pontal-Cururupe; a requalifica\u00e7\u00e3o da Zona Norte, dentre outras parcerias dos Governos Estadual e Federal com o setor privado que viabilizam a Fiol (Ferrovia Oeste-Leste) e o Porto Sul. Este boom de investimentos p\u00fablicos estimulou outros implementados pelo setor privado, destacando-se setores como a constru\u00e7\u00e3o civil, o turismo, o com\u00e9rcio, a educa\u00e7\u00e3o superior e a retomada do polo industrial.<\/p>\n\n\n\n<p>Esses investimentos, t\u00e3o importantes e necess\u00e1rios, trazem consigo b\u00f4nus e poss\u00edveis \u00f4nus. Neste sentido, obras estruturantes s\u00e3o necess\u00e1rias para minimizar impactos negativos, mas principalmente para proporcionar uma melhor qualidade de vida para a nossa popula\u00e7\u00e3o e para os turistas.<\/p>\n\n\n\n<p>Pensar grande! Esse deve ser o horizonte de Ilh\u00e9us. \u00c9 preciso implementar um modelo de desenvolvimento equilibrado, sustent\u00e1vel, inclusivo e inovador que venha modernizar o munic\u00edpio com as tecnologias e metodologias de gest\u00e3o existentes e j\u00e1 operando nas grandes cidades brasileiras as chamadas \u201ccidades inteligentes\u201d, comprometidas com o desenvolvimento urbano e tamb\u00e9m do campo, com a transforma\u00e7\u00e3o digital, em seus aspectos econ\u00f4mico, ambiental e sociocultural, com pr\u00e1ticas de governan\u00e7a e a gest\u00e3o colaborativas, acompanhadas por pol\u00edticas de financiamento e investimentos em sa\u00fade, educa\u00e7\u00e3o, agricultura, apoio social e em obras de infraestrutura.<\/p>\n\n\n\n<p>Ilh\u00e9us ter\u00e1 que enfrentar complexos desafios, e isso exige planejamento hol\u00edstico em curto, m\u00e9dio e longo prazos, que envolva os mais diversos atores sociais e institucionais: poder p\u00fablico, empresariado, classe trabalhadora, entidades de classe, Universidades, Ong\u2019s, movimentos sociais, associa\u00e7\u00f5es e a sociedade civil como um todo, viabilizando assim o fortalecimento do seu precioso tecido social.<\/p>\n\n\n\n<p>Existem algumas a\u00e7\u00f5es sendo executadas nessa dire\u00e7\u00e3o, subsidiadas dentre outras, por informa\u00e7\u00f5es de institui\u00e7\u00f5es como as universidades, a Ag\u00eancia de Desenvolvimento Regional (ADR) Sul da Bahia, bem como a\u00e7\u00f5es de monitoramento social, a exemplo do realizado pelo Instituto Nossa Ilh\u00e9us.<\/p>\n\n\n\n<p>As rela\u00e7\u00f5es estreitas existentes no atual cen\u00e1rio pol\u00edtico, entre a cidade e os governos Estadual e Federal, s\u00e3o fundamentais para o presente e para o futuro de Ilh\u00e9us, mas n\u00e3o podemos perder de vista o protagonismo do munic\u00edpio na decis\u00e3o dos seus destinos e nos da Regi\u00e3o Sul da Bahia. Faz-se necess\u00e1rio criar e fortalecer articula\u00e7\u00f5es interinstitucionais, intersetoriais e intermunicipais.<\/p>\n\n\n\n<p>Um exemplo dessas articula\u00e7\u00f5es, est\u00e1 presente na extens\u00e3o da Rodovia Jorge Amado, que cumpre o objetivo de unir nossas duas cidades-polo, com a regi\u00e3o, e que em conjunto como aeroporto e do porto de Ilh\u00e9us, nos conectar com o mundo.<\/p>\n\n\n\n<p>Ao longo dessa Rodovia, tamb\u00e9m conhecida como \u201cA Estrada do Conhecimento\u201d, est\u00e3o: a Universidade Estadual de Santa Cruz (Uesc) com seu majestoso campus Professor Soane Nazar\u00e9 de Andrade, nele instalados o Centro de Inova\u00e7\u00e3o do Cacau (CIC), o N\u00facleo de Inova\u00e7\u00e3o Tecnol\u00f3gica (NIT), a F\u00e1brica de Chocolate da Economia Solid\u00e1ria, a sede do Parque Tecnol\u00f3gico do Sul da Bahia, e a Base Ambiental, dentre outros importantes equipamentos; o campus da Universidade Federal do Sul da Bahia (UFSB); a sede da Ceplac; um campus do Instituto Federal da Bahia (IFBA); uma unidade do SESI\/SENAI, com a escola Adonias Filho e o Instituto Euvaldo Lode, al\u00e9m do Hospital Costa do Cacau e a Policl\u00ednica Regional.<\/p>\n\n\n\n<p>Respeitando a diversidade e a pluralidade da sociedade ilheense, nossa maior riqueza, \u00e9 fundamental refletirmos sobre nossas escolhas, nossos pap\u00e9is sociais e institucionais. \u00c9 mais que necess\u00e1rio, unirmos esfor\u00e7os para promovermos o desenvolvimento do nosso munic\u00edpio. Refiro-me aqui diretamente, a todos atores institucionais e sociais citados anteriormente.<\/p>\n\n\n\n<p>Em nome da Universidade Estadual de Santa Cruz (Uesc) e do Centro de Desenvolvimento em Eletroeletr\u00f4nica de Ilh\u00e9us (Cepedi), com alegria sa\u00fado Ilh\u00e9us!<\/p>\n\n\n\n<p>A nossa Uesc, com campus localizado no Bairro do Salobrinho, conta com um quadro de servidores composto por 800 docentes, 500 t\u00e9cnicos administrativos e cerca de aproximadamente 9.000 discentes distribu\u00eddos nos seus 35 cursos de gradua\u00e7\u00e3o e nos cursos de p\u00f3s p\u00f3s-gradua\u00e7\u00e3o com seus 08 doutorados; 25 mestrados e 08 especializa\u00e7\u00f5es. A Uesc realiza assim suas atividades final\u00edsticas de Ensino, Pesquisa e Extens\u00e3o, al\u00e9m de promover a Inova\u00e7\u00e3o Tecnol\u00f3gica e seu processo internacionaliza\u00e7\u00e3o.<\/p>\n\n\n\n<p> Atualmente a Universidade possui conv\u00eanios com 44 Institui\u00e7\u00f5es de Ensino Superior situadas em 19 pa\u00edses. Desta forma a Uesc contribui efetivamente para o desenvolvimento local e regional, cumprindo sua fun\u00e7\u00e3o social e sua tarefa prec\u00edpua, que \u00e9: \u201ctransformar a vida das pessoas\u201d. A Uesc, \u00e9 um patrim\u00f4nio da sociedade baiana e um orgulho de todos n\u00f3s!<\/p>\n\n\n\n<p>O Cepedi, com origem em Ilh\u00e9us, vem expandindo suas atividades para outras regi\u00f5es brasileiras e j\u00e1 alcan\u00e7a outros pa\u00edses. Atualmente estamos desenvolvendo o software que ser\u00e1 embarcado no primeiro tom\u00f3grafo com tecnologia genuinamente brasileira e, uma vez conclu\u00eddo, colocar\u00e1 Ilh\u00e9us no mapa-m\u00fandi da T&amp;I.<\/p>\n\n\n\n<p>Em 28 de junho de 2034, o Brasil e uma parte do mundo, estar\u00e3o com as aten\u00e7\u00f5es voltadas para nosso munic\u00edpio, pela import\u00e2ncia da data comemorativa, afinal, Ilh\u00e9us foi uma das nossas 14 capitanias heredit\u00e1rias. Neste dia, o Governo Federal, deveria transferir simbolicamente a capital do pa\u00eds, para Ilh\u00e9us.<\/p>\n\n\n\n<p><br \/>As janelas de oportunidades est\u00e3o abertas!<br \/>Abertos e atentos, precisam estar tamb\u00e9m nossos olhos, p\u00e9s firmes no ch\u00e3o, bra\u00e7os dispostos ao trabalho, cabe\u00e7as pensantes e atuantes para constru\u00e7\u00e3o de um futuro promissor. O desenvolvimento de Ilh\u00e9us \u00e9 tamb\u00e9m o desenvolvimento da pr\u00f3pria Regi\u00e3o Sul da Bahia, pois Ilh\u00e9us \u00e9 para todos n\u00f3s, um grande farol.<\/p>\n\n\n\n<p>Viva Ilh\u00e9us!<\/p>\n\n\n\n<figure class=\"wp-block-image size-large\"><img fetchpriority=\"high\" decoding=\"async\" width=\"829\" height=\"1024\" src=\"https:\/\/cacaunews.com\/wp-content\/uploads\/2023\/06\/IMG-20230627-WA0769-829x1024.jpg\" alt=\"\" class=\"wp-image-2147\" srcset=\"https:\/\/cacaunews.com\/wp-content\/uploads\/2023\/06\/IMG-20230627-WA0769-829x1024.jpg 829w, https:\/\/cacaunews.com\/wp-content\/uploads\/2023\/06\/IMG-20230627-WA0769-243x300.jpg 243w, https:\/\/cacaunews.com\/wp-content\/uploads\/2023\/06\/IMG-20230627-WA0769-768x949.jpg 768w, https:\/\/cacaunews.com\/wp-content\/uploads\/2023\/06\/IMG-20230627-WA0769-1024x1265.jpg 1024w, https:\/\/cacaunews.com\/wp-content\/uploads\/2023\/06\/IMG-20230627-WA0769.jpg 1036w\" sizes=\"(max-width: 829px) 100vw, 829px\" \/><\/figure>\n\n\n\n<p><strong>Alessandro Fernandes<\/strong>                                                   Reitor da Uesc<br \/>Economista, Administrador e Doutor em Desenvolvimento<br \/>Presidente do Conselho de Administra\u00e7\u00e3o do Cepedi<\/p>\n\n\n\n<p><\/p>\n","protected":false},"excerpt":{"rendered":"<p>Com uma riqueza que integra a hist\u00f3ria, a geografia privilegiada, a cultura, a biodiversidade e&#8230;<\/p>\n","protected":false},"author":1,"featured_media":2148,"comment_status":"open","ping_status":"open","sticky":false,"template":"","format":"standard","meta":{"footnotes":""},"categories":[18,4,11],"tags":[853,851,852,37],"yoast_head":"<!-- This site is optimized with the Yoast SEO plugin v21.7 - https:\/\/yoast.com\/wordpress\/plugins\/seo\/ -->\n<title>Ilh\u00e9us, 489 anos de hist\u00f3ria: desafios para o futuro!        Por Alessandro Fernandes - Cacau News<\/title>\n<meta name=\"robots\" content=\"index, follow, max-snippet:-1, max-image-preview:large, max-video-preview:-1\" \/>\n<link rel=\"canonical\" href=\"https:\/\/cacaunews.com\/?p=2149\" \/>\n<meta property=\"og:locale\" content=\"pt_BR\" \/>\n<meta property=\"og:type\" content=\"article\" \/>\n<meta property=\"og:title\" content=\"Ilh\u00e9us, 489 anos de hist\u00f3ria: desafios para o futuro!        Por Alessandro Fernandes - Cacau News\" \/>\n<meta property=\"og:description\" content=\"Com uma riqueza que integra a hist\u00f3ria, a geografia privilegiada, a cultura, a biodiversidade e...\" \/>\n<meta property=\"og:url\" content=\"https:\/\/cacaunews.com\/?p=2149\" \/>\n<meta property=\"og:site_name\" content=\"Cacau News\" \/>\n<meta property=\"article:published_time\" content=\"2023-06-28T11:27:48+00:00\" \/>\n<meta property=\"article:modified_time\" content=\"2023-06-28T11:27:05+00:00\" \/>\n<meta property=\"og:image\" content=\"https:\/\/cacaunews.com\/wp-content\/uploads\/2023\/06\/IMG-20230627-WA0755.jpg\" \/>\n\t<meta property=\"og:image:width\" content=\"870\" \/>\n\t<meta property=\"og:image:height\" content=\"506\" \/>\n\t<meta property=\"og:image:type\" content=\"image\/jpeg\" \/>\n<meta name=\"author\" content=\"Reda\u00e7\u00e3o Cacau News\" \/>\n<meta name=\"twitter:card\" content=\"summary_large_image\" \/>\n<meta name=\"twitter:label1\" content=\"Escrito por\" \/>\n\t<meta name=\"twitter:data1\" content=\"Reda\u00e7\u00e3o Cacau News\" \/>\n\t<meta name=\"twitter:label2\" content=\"Est. tempo de leitura\" \/>\n\t<meta name=\"twitter:data2\" content=\"7 minutos\" \/>\n<script type=\"application\/ld+json\" class=\"yoast-schema-graph\">{\"@context\":\"https:\/\/schema.org\",\"@graph\":[{\"@type\":\"Article\",\"@id\":\"https:\/\/cacaunews.com\/?p=2149#article\",\"isPartOf\":{\"@id\":\"https:\/\/cacaunews.com\/?p=2149\"},\"author\":{\"name\":\"Reda\u00e7\u00e3o Cacau News\",\"@id\":\"https:\/\/cacaunews.com\/#\/schema\/person\/ea69703103e606ad347ccd64bd72ef79\"},\"headline\":\"Ilh\u00e9us, 489 anos de hist\u00f3ria: desafios para o futuro! Por Alessandro Fernandes\",\"datePublished\":\"2023-06-28T11:27:48+00:00\",\"dateModified\":\"2023-06-28T11:27:05+00:00\",\"mainEntityOfPage\":{\"@id\":\"https:\/\/cacaunews.com\/?p=2149\"},\"wordCount\":1313,\"commentCount\":0,\"publisher\":{\"@id\":\"https:\/\/cacaunews.com\/#organization\"},\"keywords\":[\"Alessandro Fernandes\",\"artigo\",\"emancipa\u00e7\u00e3o\",\"ilheus\"],\"articleSection\":[\"cidades\",\"Internet\",\"Jornalismo\"],\"inLanguage\":\"pt-BR\",\"potentialAction\":[{\"@type\":\"CommentAction\",\"name\":\"Comment\",\"target\":[\"https:\/\/cacaunews.com\/?p=2149#respond\"]}]},{\"@type\":\"WebPage\",\"@id\":\"https:\/\/cacaunews.com\/?p=2149\",\"url\":\"https:\/\/cacaunews.com\/?p=2149\",\"name\":\"Ilh\u00e9us, 489 anos de hist\u00f3ria: desafios para o futuro! Por Alessandro Fernandes - Cacau News\",\"isPartOf\":{\"@id\":\"https:\/\/cacaunews.com\/#website\"},\"datePublished\":\"2023-06-28T11:27:48+00:00\",\"dateModified\":\"2023-06-28T11:27:05+00:00\",\"breadcrumb\":{\"@id\":\"https:\/\/cacaunews.com\/?p=2149#breadcrumb\"},\"inLanguage\":\"pt-BR\",\"potentialAction\":[{\"@type\":\"ReadAction\",\"target\":[\"https:\/\/cacaunews.com\/?p=2149\"]}]},{\"@type\":\"BreadcrumbList\",\"@id\":\"https:\/\/cacaunews.com\/?p=2149#breadcrumb\",\"itemListElement\":[{\"@type\":\"ListItem\",\"position\":1,\"name\":\"In\u00edcio\",\"item\":\"https:\/\/cacaunews.com\/\"},{\"@type\":\"ListItem\",\"position\":2,\"name\":\"Ilh\u00e9us, 489 anos de hist\u00f3ria: desafios para o futuro! Por Alessandro Fernandes\"}]},{\"@type\":\"WebSite\",\"@id\":\"https:\/\/cacaunews.com\/#website\",\"url\":\"https:\/\/cacaunews.com\/\",\"name\":\"Cacau News\",\"description\":\"A Informa\u00e7\u00e3o que voc\u00ea precisa!\",\"publisher\":{\"@id\":\"https:\/\/cacaunews.com\/#organization\"},\"potentialAction\":[{\"@type\":\"SearchAction\",\"target\":{\"@type\":\"EntryPoint\",\"urlTemplate\":\"https:\/\/cacaunews.com\/?s={search_term_string}\"},\"query-input\":\"required name=search_term_string\"}],\"inLanguage\":\"pt-BR\"},{\"@type\":\"Organization\",\"@id\":\"https:\/\/cacaunews.com\/#organization\",\"name\":\"Cacau News\",\"url\":\"https:\/\/cacaunews.com\/\",\"logo\":{\"@type\":\"ImageObject\",\"inLanguage\":\"pt-BR\",\"@id\":\"https:\/\/cacaunews.com\/#\/schema\/logo\/image\/\",\"url\":\"https:\/\/cacaunews.com\/wp-content\/uploads\/2025\/01\/cropped-LOGO-NOVA.png\",\"contentUrl\":\"https:\/\/cacaunews.com\/wp-content\/uploads\/2025\/01\/cropped-LOGO-NOVA.png\",\"width\":813,\"height\":813,\"caption\":\"Cacau News\"},\"image\":{\"@id\":\"https:\/\/cacaunews.com\/#\/schema\/logo\/image\/\"},\"sameAs\":[\"https:\/\/www.instagram.com\/cacaunews.online\/\",\"https:\/\/youtube.com\/@cacaunews?si=0VXLnjl08SrWbVG9\"]},{\"@type\":\"Person\",\"@id\":\"https:\/\/cacaunews.com\/#\/schema\/person\/ea69703103e606ad347ccd64bd72ef79\",\"name\":\"Reda\u00e7\u00e3o Cacau News\",\"image\":{\"@type\":\"ImageObject\",\"inLanguage\":\"pt-BR\",\"@id\":\"https:\/\/cacaunews.com\/#\/schema\/person\/image\/\",\"url\":\"https:\/\/secure.gravatar.com\/avatar\/d79227a2a7b6cc42e8d7a8f7c284cd3a?s=96&d=mm&r=g\",\"contentUrl\":\"https:\/\/secure.gravatar.com\/avatar\/d79227a2a7b6cc42e8d7a8f7c284cd3a?s=96&d=mm&r=g\",\"caption\":\"Reda\u00e7\u00e3o Cacau News\"},\"sameAs\":[\"https:\/\/cacaunews.com\"],\"url\":\"https:\/\/cacaunews.com\/?author=1\"}]}<\/script>\n<!-- \/ Yoast SEO plugin. -->","yoast_head_json":{"title":"Ilh\u00e9us, 489 anos de hist\u00f3ria: desafios para o futuro!        Por Alessandro Fernandes - Cacau News","robots":{"index":"index","follow":"follow","max-snippet":"max-snippet:-1","max-image-preview":"max-image-preview:large","max-video-preview":"max-video-preview:-1"},"canonical":"https:\/\/cacaunews.com\/?p=2149","og_locale":"pt_BR","og_type":"article","og_title":"Ilh\u00e9us, 489 anos de hist\u00f3ria: desafios para o futuro!        Por Alessandro Fernandes - Cacau News","og_description":"Com uma riqueza que integra a hist\u00f3ria, a geografia privilegiada, a cultura, a biodiversidade e...","og_url":"https:\/\/cacaunews.com\/?p=2149","og_site_name":"Cacau News","article_published_time":"2023-06-28T11:27:48+00:00","article_modified_time":"2023-06-28T11:27:05+00:00","og_image":[{"width":870,"height":506,"url":"https:\/\/cacaunews.com\/wp-content\/uploads\/2023\/06\/IMG-20230627-WA0755.jpg","type":"image\/jpeg"}],"author":"Reda\u00e7\u00e3o Cacau News","twitter_card":"summary_large_image","twitter_misc":{"Escrito por":"Reda\u00e7\u00e3o Cacau News","Est. tempo de leitura":"7 minutos"},"schema":{"@context":"https:\/\/schema.org","@graph":[{"@type":"Article","@id":"https:\/\/cacaunews.com\/?p=2149#article","isPartOf":{"@id":"https:\/\/cacaunews.com\/?p=2149"},"author":{"name":"Reda\u00e7\u00e3o Cacau News","@id":"https:\/\/cacaunews.com\/#\/schema\/person\/ea69703103e606ad347ccd64bd72ef79"},"headline":"Ilh\u00e9us, 489 anos de hist\u00f3ria: desafios para o futuro! Por Alessandro Fernandes","datePublished":"2023-06-28T11:27:48+00:00","dateModified":"2023-06-28T11:27:05+00:00","mainEntityOfPage":{"@id":"https:\/\/cacaunews.com\/?p=2149"},"wordCount":1313,"commentCount":0,"publisher":{"@id":"https:\/\/cacaunews.com\/#organization"},"keywords":["Alessandro Fernandes","artigo","emancipa\u00e7\u00e3o","ilheus"],"articleSection":["cidades","Internet","Jornalismo"],"inLanguage":"pt-BR","potentialAction":[{"@type":"CommentAction","name":"Comment","target":["https:\/\/cacaunews.com\/?p=2149#respond"]}]},{"@type":"WebPage","@id":"https:\/\/cacaunews.com\/?p=2149","url":"https:\/\/cacaunews.com\/?p=2149","name":"Ilh\u00e9us, 489 anos de hist\u00f3ria: desafios para o futuro! Por Alessandro Fernandes - Cacau News","isPartOf":{"@id":"https:\/\/cacaunews.com\/#website"},"datePublished":"2023-06-28T11:27:48+00:00","dateModified":"2023-06-28T11:27:05+00:00","breadcrumb":{"@id":"https:\/\/cacaunews.com\/?p=2149#breadcrumb"},"inLanguage":"pt-BR","potentialAction":[{"@type":"ReadAction","target":["https:\/\/cacaunews.com\/?p=2149"]}]},{"@type":"BreadcrumbList","@id":"https:\/\/cacaunews.com\/?p=2149#breadcrumb","itemListElement":[{"@type":"ListItem","position":1,"name":"In\u00edcio","item":"https:\/\/cacaunews.com\/"},{"@type":"ListItem","position":2,"name":"Ilh\u00e9us, 489 anos de hist\u00f3ria: desafios para o futuro! Por Alessandro Fernandes"}]},{"@type":"WebSite","@id":"https:\/\/cacaunews.com\/#website","url":"https:\/\/cacaunews.com\/","name":"Cacau News","description":"A Informa\u00e7\u00e3o que voc\u00ea precisa!","publisher":{"@id":"https:\/\/cacaunews.com\/#organization"},"potentialAction":[{"@type":"SearchAction","target":{"@type":"EntryPoint","urlTemplate":"https:\/\/cacaunews.com\/?s={search_term_string}"},"query-input":"required name=search_term_string"}],"inLanguage":"pt-BR"},{"@type":"Organization","@id":"https:\/\/cacaunews.com\/#organization","name":"Cacau News","url":"https:\/\/cacaunews.com\/","logo":{"@type":"ImageObject","inLanguage":"pt-BR","@id":"https:\/\/cacaunews.com\/#\/schema\/logo\/image\/","url":"https:\/\/cacaunews.com\/wp-content\/uploads\/2025\/01\/cropped-LOGO-NOVA.png","contentUrl":"https:\/\/cacaunews.com\/wp-content\/uploads\/2025\/01\/cropped-LOGO-NOVA.png","width":813,"height":813,"caption":"Cacau News"},"image":{"@id":"https:\/\/cacaunews.com\/#\/schema\/logo\/image\/"},"sameAs":["https:\/\/www.instagram.com\/cacaunews.online\/","https:\/\/youtube.com\/@cacaunews?si=0VXLnjl08SrWbVG9"]},{"@type":"Person","@id":"https:\/\/cacaunews.com\/#\/schema\/person\/ea69703103e606ad347ccd64bd72ef79","name":"Reda\u00e7\u00e3o Cacau News","image":{"@type":"ImageObject","inLanguage":"pt-BR","@id":"https:\/\/cacaunews.com\/#\/schema\/person\/image\/","url":"https:\/\/secure.gravatar.com\/avatar\/d79227a2a7b6cc42e8d7a8f7c284cd3a?s=96&d=mm&r=g","contentUrl":"https:\/\/secure.gravatar.com\/avatar\/d79227a2a7b6cc42e8d7a8f7c284cd3a?s=96&d=mm&r=g","caption":"Reda\u00e7\u00e3o Cacau News"},"sameAs":["https:\/\/cacaunews.com"],"url":"https:\/\/cacaunews.com\/?author=1"}]}},"jetpack_sharing_enabled":true,"jetpack_featured_media_url":"https:\/\/cacaunews.com\/wp-content\/uploads\/2023\/06\/IMG-20230627-WA0755.jpg","_links":{"self":[{"href":"https:\/\/cacaunews.com\/index.php?rest_route=\/wp\/v2\/posts\/2149"}],"collection":[{"href":"https:\/\/cacaunews.com\/index.php?rest_route=\/wp\/v2\/posts"}],"about":[{"href":"https:\/\/cacaunews.com\/index.php?rest_route=\/wp\/v2\/types\/post"}],"author":[{"embeddable":true,"href":"https:\/\/cacaunews.com\/index.php?rest_route=\/wp\/v2\/users\/1"}],"replies":[{"embeddable":true,"href":"https:\/\/cacaunews.com\/index.php?rest_route=%2Fwp%2Fv2%2Fcomments&post=2149"}],"version-history":[{"count":2,"href":"https:\/\/cacaunews.com\/index.php?rest_route=\/wp\/v2\/posts\/2149\/revisions"}],"predecessor-version":[{"id":2151,"href":"https:\/\/cacaunews.com\/index.php?rest_route=\/wp\/v2\/posts\/2149\/revisions\/2151"}],"wp:featuredmedia":[{"embeddable":true,"href":"https:\/\/cacaunews.com\/index.php?rest_route=\/wp\/v2\/media\/2148"}],"wp:attachment":[{"href":"https:\/\/cacaunews.com\/index.php?rest_route=%2Fwp%2Fv2%2Fmedia&parent=2149"}],"wp:term":[{"taxonomy":"category","embeddable":true,"href":"https:\/\/cacaunews.com\/index.php?rest_route=%2Fwp%2Fv2%2Fcategories&post=2149"},{"taxonomy":"post_tag","embeddable":true,"href":"https:\/\/cacaunews.com\/index.php?rest_route=%2Fwp%2Fv2%2Ftags&post=2149"}],"curies":[{"name":"wp","href":"https:\/\/api.w.org\/{rel}","templated":true}]}}