{"id":2153,"date":"2023-06-28T04:25:25","date_gmt":"2023-06-28T04:25:25","guid":{"rendered":"https:\/\/cacaunews.com\/?p=2153"},"modified":"2023-06-28T04:25:27","modified_gmt":"2023-06-28T04:25:27","slug":"itabuna-glebao-assume-vaga-de-vereador-afastado-pela-justica","status":"publish","type":"post","link":"https:\/\/cacaunews.com\/?p=2153","title":{"rendered":"Itabuna: Gleb\u00e3o assume vaga de vereador afastado pela justi\u00e7a."},"content":{"rendered":"\n<p>O suplente Glaby Carvalho, Gleb\u00e3o, tomou posse hoje (27) como vereador de Itabuna, ap\u00f3s Dando Leone, tamb\u00e9m do PDT, ser afastado do mandato ao ser acusado de se apropriar de parte do sal\u00e1rio de assessores (\u201crachadinha\u201d). A posse de Gleb\u00e3o ocorreu na C\u00e2mara de Vereadores. O presidente do Legislativo, Erasmo \u00c1vila (PSD), comandou o ato de posse.<br><br>Gleb\u00e3o retorna \u00e0 casa. Foi vereador no per\u00edodo de 2013 a 2016, ap\u00f3s sair das urnas em outubro de 2012 como o terceiro mais votado na disputa \u00e0 C\u00e2mara de Itabuna, com 1.788 votos. No ato de posse, jurou respeitar o Regimento Interno da Casa e a Lei Org\u00e2nica do Munic\u00edpio de Itabuna (Lomi), al\u00e9m das constitui\u00e7\u00f5es Federal e Estadual.<\/p>\n\n\n\n<p>Fonte: Pimenta Blog.<\/p>\n","protected":false},"excerpt":{"rendered":"<p>O suplente Glaby Carvalho, Gleb\u00e3o, tomou posse hoje (27) como vereador de Itabuna, ap\u00f3s Dando&#8230;<\/p>\n","protected":false},"author":1,"featured_media":2152,"comment_status":"open","ping_status":"open","sticky":false,"template":"","format":"standard","meta":{"footnotes":""},"categories":[18,11,5],"tags":[56,837,27,144],"yoast_head":"<!-- This site is optimized with the Yoast SEO plugin v21.7 - https:\/\/yoast.com\/wordpress\/plugins\/seo\/ -->\n<title>Itabuna: Gleb\u00e3o assume vaga de vereador afastado pela justi\u00e7a. - Cacau News<\/title>\n<meta name=\"robots\" content=\"index, follow, max-snippet:-1, max-image-preview:large, max-video-preview:-1\" \/>\n<link rel=\"canonical\" href=\"https:\/\/cacaunews.com\/?p=2153\" \/>\n<meta property=\"og:locale\" content=\"pt_BR\" \/>\n<meta property=\"og:type\" content=\"article\" \/>\n<meta property=\"og:title\" content=\"Itabuna: Gleb\u00e3o assume vaga de vereador afastado pela justi\u00e7a. - Cacau News\" \/>\n<meta property=\"og:description\" content=\"O suplente Glaby Carvalho, Gleb\u00e3o, tomou posse hoje (27) como vereador de Itabuna, ap\u00f3s Dando...\" \/>\n<meta property=\"og:url\" content=\"https:\/\/cacaunews.com\/?p=2153\" \/>\n<meta property=\"og:site_name\" content=\"Cacau News\" \/>\n<meta property=\"article:published_time\" content=\"2023-06-28T04:25:25+00:00\" \/>\n<meta property=\"article:modified_time\" content=\"2023-06-28T04:25:27+00:00\" \/>\n<meta property=\"og:image\" content=\"https:\/\/cacaunews.com\/wp-content\/uploads\/2023\/06\/Glebao-posse.jpg\" \/>\n\t<meta property=\"og:image:width\" content=\"795\" \/>\n\t<meta property=\"og:image:height\" content=\"694\" \/>\n\t<meta property=\"og:image:type\" content=\"image\/jpeg\" \/>\n<meta name=\"author\" content=\"Reda\u00e7\u00e3o Cacau News\" \/>\n<meta name=\"twitter:card\" content=\"summary_large_image\" \/>\n<meta name=\"twitter:label1\" content=\"Escrito por\" \/>\n\t<meta name=\"twitter:data1\" content=\"Reda\u00e7\u00e3o Cacau News\" \/>\n\t<meta name=\"twitter:label2\" content=\"Est. tempo de leitura\" \/>\n\t<meta name=\"twitter:data2\" content=\"1 minuto\" \/>\n<script type=\"application\/ld+json\" class=\"yoast-schema-graph\">{\"@context\":\"https:\/\/schema.org\",\"@graph\":[{\"@type\":\"Article\",\"@id\":\"https:\/\/cacaunews.com\/?p=2153#article\",\"isPartOf\":{\"@id\":\"https:\/\/cacaunews.com\/?p=2153\"},\"author\":{\"name\":\"Reda\u00e7\u00e3o Cacau News\",\"@id\":\"https:\/\/cacaunews.com\/#\/schema\/person\/ea69703103e606ad347ccd64bd72ef79\"},\"headline\":\"Itabuna: Gleb\u00e3o assume vaga de vereador afastado pela justi\u00e7a.\",\"datePublished\":\"2023-06-28T04:25:25+00:00\",\"dateModified\":\"2023-06-28T04:25:27+00:00\",\"mainEntityOfPage\":{\"@id\":\"https:\/\/cacaunews.com\/?p=2153\"},\"wordCount\":138,\"commentCount\":0,\"publisher\":{\"@id\":\"https:\/\/cacaunews.com\/#organization\"},\"keywords\":[\"c\u00e2mara\",\"Gleb\u00e3o\",\"itabuna\",\"posse\"],\"articleSection\":[\"cidades\",\"Jornalismo\",\"Politica\"],\"inLanguage\":\"pt-BR\",\"potentialAction\":[{\"@type\":\"CommentAction\",\"name\":\"Comment\",\"target\":[\"https:\/\/cacaunews.com\/?p=2153#respond\"]}]},{\"@type\":\"WebPage\",\"@id\":\"https:\/\/cacaunews.com\/?p=2153\",\"url\":\"https:\/\/cacaunews.com\/?p=2153\",\"name\":\"Itabuna: Gleb\u00e3o assume vaga de vereador afastado pela justi\u00e7a. - Cacau News\",\"isPartOf\":{\"@id\":\"https:\/\/cacaunews.com\/#website\"},\"datePublished\":\"2023-06-28T04:25:25+00:00\",\"dateModified\":\"2023-06-28T04:25:27+00:00\",\"breadcrumb\":{\"@id\":\"https:\/\/cacaunews.com\/?p=2153#breadcrumb\"},\"inLanguage\":\"pt-BR\",\"potentialAction\":[{\"@type\":\"ReadAction\",\"target\":[\"https:\/\/cacaunews.com\/?p=2153\"]}]},{\"@type\":\"BreadcrumbList\",\"@id\":\"https:\/\/cacaunews.com\/?p=2153#breadcrumb\",\"itemListElement\":[{\"@type\":\"ListItem\",\"position\":1,\"name\":\"In\u00edcio\",\"item\":\"https:\/\/cacaunews.com\/\"},{\"@type\":\"ListItem\",\"position\":2,\"name\":\"Itabuna: Gleb\u00e3o assume vaga de vereador afastado pela justi\u00e7a.\"}]},{\"@type\":\"WebSite\",\"@id\":\"https:\/\/cacaunews.com\/#website\",\"url\":\"https:\/\/cacaunews.com\/\",\"name\":\"Cacau News\",\"description\":\"A Informa\u00e7\u00e3o que voc\u00ea precisa!\",\"publisher\":{\"@id\":\"https:\/\/cacaunews.com\/#organization\"},\"potentialAction\":[{\"@type\":\"SearchAction\",\"target\":{\"@type\":\"EntryPoint\",\"urlTemplate\":\"https:\/\/cacaunews.com\/?s={search_term_string}\"},\"query-input\":\"required name=search_term_string\"}],\"inLanguage\":\"pt-BR\"},{\"@type\":\"Organization\",\"@id\":\"https:\/\/cacaunews.com\/#organization\",\"name\":\"Cacau News\",\"url\":\"https:\/\/cacaunews.com\/\",\"logo\":{\"@type\":\"ImageObject\",\"inLanguage\":\"pt-BR\",\"@id\":\"https:\/\/cacaunews.com\/#\/schema\/logo\/image\/\",\"url\":\"https:\/\/cacaunews.com\/wp-content\/uploads\/2025\/01\/cropped-LOGO-NOVA.png\",\"contentUrl\":\"https:\/\/cacaunews.com\/wp-content\/uploads\/2025\/01\/cropped-LOGO-NOVA.png\",\"width\":813,\"height\":813,\"caption\":\"Cacau News\"},\"image\":{\"@id\":\"https:\/\/cacaunews.com\/#\/schema\/logo\/image\/\"},\"sameAs\":[\"https:\/\/www.instagram.com\/cacaunews.online\/\",\"https:\/\/youtube.com\/@cacaunews?si=0VXLnjl08SrWbVG9\"]},{\"@type\":\"Person\",\"@id\":\"https:\/\/cacaunews.com\/#\/schema\/person\/ea69703103e606ad347ccd64bd72ef79\",\"name\":\"Reda\u00e7\u00e3o Cacau News\",\"image\":{\"@type\":\"ImageObject\",\"inLanguage\":\"pt-BR\",\"@id\":\"https:\/\/cacaunews.com\/#\/schema\/person\/image\/\",\"url\":\"https:\/\/secure.gravatar.com\/avatar\/d79227a2a7b6cc42e8d7a8f7c284cd3a?s=96&d=mm&r=g\",\"contentUrl\":\"https:\/\/secure.gravatar.com\/avatar\/d79227a2a7b6cc42e8d7a8f7c284cd3a?s=96&d=mm&r=g\",\"caption\":\"Reda\u00e7\u00e3o Cacau News\"},\"sameAs\":[\"https:\/\/cacaunews.com\"],\"url\":\"https:\/\/cacaunews.com\/?author=1\"}]}<\/script>\n<!-- \/ Yoast SEO plugin. -->","yoast_head_json":{"title":"Itabuna: Gleb\u00e3o assume vaga de vereador afastado pela justi\u00e7a. - Cacau News","robots":{"index":"index","follow":"follow","max-snippet":"max-snippet:-1","max-image-preview":"max-image-preview:large","max-video-preview":"max-video-preview:-1"},"canonical":"https:\/\/cacaunews.com\/?p=2153","og_locale":"pt_BR","og_type":"article","og_title":"Itabuna: Gleb\u00e3o assume vaga de vereador afastado pela justi\u00e7a. - Cacau News","og_description":"O suplente Glaby Carvalho, Gleb\u00e3o, tomou posse hoje (27) como vereador de Itabuna, ap\u00f3s Dando...","og_url":"https:\/\/cacaunews.com\/?p=2153","og_site_name":"Cacau News","article_published_time":"2023-06-28T04:25:25+00:00","article_modified_time":"2023-06-28T04:25:27+00:00","og_image":[{"width":795,"height":694,"url":"https:\/\/cacaunews.com\/wp-content\/uploads\/2023\/06\/Glebao-posse.jpg","type":"image\/jpeg"}],"author":"Reda\u00e7\u00e3o Cacau News","twitter_card":"summary_large_image","twitter_misc":{"Escrito por":"Reda\u00e7\u00e3o Cacau News","Est. tempo de leitura":"1 minuto"},"schema":{"@context":"https:\/\/schema.org","@graph":[{"@type":"Article","@id":"https:\/\/cacaunews.com\/?p=2153#article","isPartOf":{"@id":"https:\/\/cacaunews.com\/?p=2153"},"author":{"name":"Reda\u00e7\u00e3o Cacau News","@id":"https:\/\/cacaunews.com\/#\/schema\/person\/ea69703103e606ad347ccd64bd72ef79"},"headline":"Itabuna: Gleb\u00e3o assume vaga de vereador afastado pela justi\u00e7a.","datePublished":"2023-06-28T04:25:25+00:00","dateModified":"2023-06-28T04:25:27+00:00","mainEntityOfPage":{"@id":"https:\/\/cacaunews.com\/?p=2153"},"wordCount":138,"commentCount":0,"publisher":{"@id":"https:\/\/cacaunews.com\/#organization"},"keywords":["c\u00e2mara","Gleb\u00e3o","itabuna","posse"],"articleSection":["cidades","Jornalismo","Politica"],"inLanguage":"pt-BR","potentialAction":[{"@type":"CommentAction","name":"Comment","target":["https:\/\/cacaunews.com\/?p=2153#respond"]}]},{"@type":"WebPage","@id":"https:\/\/cacaunews.com\/?p=2153","url":"https:\/\/cacaunews.com\/?p=2153","name":"Itabuna: Gleb\u00e3o assume vaga de vereador afastado pela justi\u00e7a. - Cacau News","isPartOf":{"@id":"https:\/\/cacaunews.com\/#website"},"datePublished":"2023-06-28T04:25:25+00:00","dateModified":"2023-06-28T04:25:27+00:00","breadcrumb":{"@id":"https:\/\/cacaunews.com\/?p=2153#breadcrumb"},"inLanguage":"pt-BR","potentialAction":[{"@type":"ReadAction","target":["https:\/\/cacaunews.com\/?p=2153"]}]},{"@type":"BreadcrumbList","@id":"https:\/\/cacaunews.com\/?p=2153#breadcrumb","itemListElement":[{"@type":"ListItem","position":1,"name":"In\u00edcio","item":"https:\/\/cacaunews.com\/"},{"@type":"ListItem","position":2,"name":"Itabuna: Gleb\u00e3o assume vaga de vereador afastado pela justi\u00e7a."}]},{"@type":"WebSite","@id":"https:\/\/cacaunews.com\/#website","url":"https:\/\/cacaunews.com\/","name":"Cacau News","description":"A Informa\u00e7\u00e3o que voc\u00ea precisa!","publisher":{"@id":"https:\/\/cacaunews.com\/#organization"},"potentialAction":[{"@type":"SearchAction","target":{"@type":"EntryPoint","urlTemplate":"https:\/\/cacaunews.com\/?s={search_term_string}"},"query-input":"required name=search_term_string"}],"inLanguage":"pt-BR"},{"@type":"Organization","@id":"https:\/\/cacaunews.com\/#organization","name":"Cacau News","url":"https:\/\/cacaunews.com\/","logo":{"@type":"ImageObject","inLanguage":"pt-BR","@id":"https:\/\/cacaunews.com\/#\/schema\/logo\/image\/","url":"https:\/\/cacaunews.com\/wp-content\/uploads\/2025\/01\/cropped-LOGO-NOVA.png","contentUrl":"https:\/\/cacaunews.com\/wp-content\/uploads\/2025\/01\/cropped-LOGO-NOVA.png","width":813,"height":813,"caption":"Cacau News"},"image":{"@id":"https:\/\/cacaunews.com\/#\/schema\/logo\/image\/"},"sameAs":["https:\/\/www.instagram.com\/cacaunews.online\/","https:\/\/youtube.com\/@cacaunews?si=0VXLnjl08SrWbVG9"]},{"@type":"Person","@id":"https:\/\/cacaunews.com\/#\/schema\/person\/ea69703103e606ad347ccd64bd72ef79","name":"Reda\u00e7\u00e3o Cacau News","image":{"@type":"ImageObject","inLanguage":"pt-BR","@id":"https:\/\/cacaunews.com\/#\/schema\/person\/image\/","url":"https:\/\/secure.gravatar.com\/avatar\/d79227a2a7b6cc42e8d7a8f7c284cd3a?s=96&d=mm&r=g","contentUrl":"https:\/\/secure.gravatar.com\/avatar\/d79227a2a7b6cc42e8d7a8f7c284cd3a?s=96&d=mm&r=g","caption":"Reda\u00e7\u00e3o Cacau News"},"sameAs":["https:\/\/cacaunews.com"],"url":"https:\/\/cacaunews.com\/?author=1"}]}},"jetpack_sharing_enabled":true,"jetpack_featured_media_url":"https:\/\/cacaunews.com\/wp-content\/uploads\/2023\/06\/Glebao-posse.jpg","_links":{"self":[{"href":"https:\/\/cacaunews.com\/index.php?rest_route=\/wp\/v2\/posts\/2153"}],"collection":[{"href":"https:\/\/cacaunews.com\/index.php?rest_route=\/wp\/v2\/posts"}],"about":[{"href":"https:\/\/cacaunews.com\/index.php?rest_route=\/wp\/v2\/types\/post"}],"author":[{"embeddable":true,"href":"https:\/\/cacaunews.com\/index.php?rest_route=\/wp\/v2\/users\/1"}],"replies":[{"embeddable":true,"href":"https:\/\/cacaunews.com\/index.php?rest_route=%2Fwp%2Fv2%2Fcomments&post=2153"}],"version-history":[{"count":1,"href":"https:\/\/cacaunews.com\/index.php?rest_route=\/wp\/v2\/posts\/2153\/revisions"}],"predecessor-version":[{"id":2154,"href":"https:\/\/cacaunews.com\/index.php?rest_route=\/wp\/v2\/posts\/2153\/revisions\/2154"}],"wp:featuredmedia":[{"embeddable":true,"href":"https:\/\/cacaunews.com\/index.php?rest_route=\/wp\/v2\/media\/2152"}],"wp:attachment":[{"href":"https:\/\/cacaunews.com\/index.php?rest_route=%2Fwp%2Fv2%2Fmedia&parent=2153"}],"wp:term":[{"taxonomy":"category","embeddable":true,"href":"https:\/\/cacaunews.com\/index.php?rest_route=%2Fwp%2Fv2%2Fcategories&post=2153"},{"taxonomy":"post_tag","embeddable":true,"href":"https:\/\/cacaunews.com\/index.php?rest_route=%2Fwp%2Fv2%2Ftags&post=2153"}],"curies":[{"name":"wp","href":"https:\/\/api.w.org\/{rel}","templated":true}]}}