{"id":2160,"date":"2023-06-30T14:38:07","date_gmt":"2023-06-30T14:38:07","guid":{"rendered":"https:\/\/cacaunews.com\/?p=2160"},"modified":"2023-06-30T14:37:19","modified_gmt":"2023-06-30T14:37:19","slug":"itabuna-em-nota-conselho-municipal-de-politicas-culturais-repudia-a-gestao-da-ficc","status":"publish","type":"post","link":"https:\/\/cacaunews.com\/?p=2160","title":{"rendered":"Itabuna: Em nota, Conselho Municipal de Pol\u00edticas Culturais repudia a gest\u00e3o da FICC."},"content":{"rendered":"\n<p>No dia de ontem (29) o Conselho Municipal de Pol\u00edticas Culturais, atrav\u00e9s de uma nota p\u00fablica repudiou a gest\u00e3o da Funda\u00e7\u00e3o Itabunense de Cultura e Cidadania &#8211; FICC, segundo informa\u00e7\u00f5es do texto a Funda\u00e7\u00e3o Cultural tem desviado de sua fun\u00e7\u00e3o, que est\u00e1 contida no Estatuto que versa sobre a finalidade e obriga\u00e7\u00f5es da FICC.<\/p>\n\n\n\n<p>Leia na \u00edntegra a nota:<\/p>\n\n\n\n<p>NOTA P\u00daBLICA DE REP\u00daDIO DO CONSELHO MUNICIPAL DE POL\u00cdTICAS CULTURAIS DE ITABUNA.<\/p>\n\n\n\n<p>O Conselho Municipal de Pol\u00edticas Culturais de Itabuna &#8211; CMPCI, institu\u00eddo pela Lei Municipal n\u00ba 2.274, de 25 de junho de 2014, em comum acordo com artistas e agentes culturais de Itabuna reunidos em assembleia no dia 21 de junho de 2023, vem manifestar rep\u00fadio ao cont\u00ednuo desmonte do Sistema Municipal de Cultura de nossa cidade, e desvio de fun\u00e7\u00e3o da Funda\u00e7\u00e3o Itabunense de Cultura e Cidadania, promovidos pela atual gest\u00e3o da FICC &#8211; e tamb\u00e9m por outras anteriores &#8211; expressos no desrespeito: \u00e0 Lei n\u00ba 2.443\/2019 (Lei dos 30%), \u00e0 Lei 1.839\/2001; ao Estatuto que versa sobre a finalidade e obriga\u00e7\u00f5es da FICC; e por ignorar, em quest\u00f5es fundamentais, o Conselho Deliberativo e o Conselho Municipal de Pol\u00edticas Culturais de Itabuna. Repudiamos as ilegalidades monocr\u00e1ticas praticadas pela atual gest\u00e3o, ferindo nossa Constitui\u00e7\u00e3o no artigo 255, que garante legalmente que tenhamos pol\u00edticas culturais com soberania popular, democratizando o acesso aos bens de cultura e valorizando nossa diversidade \u00e9tnica e regional.<\/p>\n\n\n\n<p>Leis Municipais n\u00ba 1.839\/2001 e n\u00ba 2.443\/2019, e no Estatuto da Funda\u00e7\u00e3o Itabunense de Cultura e Cidadania. A finalidade da Funda\u00e7\u00e3o vem sendo desviada pela pol\u00edtica cultural desse governo. A cria\u00e7\u00e3o da FICC, bem como a promulga\u00e7\u00e3o das leis citadas, s\u00e3o ac\u00famulos hist\u00f3ricos da luta de agentes culturais e de artistas, n\u00e3o apenas em nossa cidade. Ao arbitrariamente ignorar ou distorcer a legisla\u00e7\u00e3o cultural, a atual gest\u00e3o escarnece de toda uma classe, que tem nesses aparatos suas mais importantes ferramentas para garantir o trabalho decente. As atividades art\u00edsticas e culturais desenvolvidas em nossa cidade tem potencial para gerar emprego e renda, se associam a pol\u00edticas de desenvolvimento humano e preserva\u00e7\u00e3o ambiental, impulsionam a Educa\u00e7\u00e3o e garantem a elabora\u00e7\u00e3o de narrativas populares de nossa Hist\u00f3ria, bem como o fortalecimento dos sentimentos de identidade e perten\u00e7a. Defender a Cultura de uma comunidade \u00e9 fazer uma defesa da pr\u00f3pria comunidade. Como prega a Lei, no artigo 4\u00ba, \u00e9 dever da FICC: <br><br>&#8220;(&#8230;) formar nos mun\u00edcipes uma consci\u00eancia \u00e9tica, est\u00e9tica e cidad\u00e3, capaz de desenvolver um trabalho de resgate de valores \u00e9ticos, c\u00edvicos, est\u00e9ticos e art\u00edstico-culturais da comunidade nacional e internacional.&#8221;<br><br>Refor\u00e7a ainda mais o nosso rep\u00fadio, e nosso entendimento de que h\u00e1 um desmonte sistem\u00e1tico, o fato de que em nenhum ano da atual gest\u00e3o houve organiza\u00e7\u00e3o do Festival Multiarte Firmino Rocha. Segundo o que diz a Lei Municipal n\u00ba 1.839\/2001, no Cap\u00edtulo III, Art. 9, par\u00e1grafo X, a FICC deve &#8220;instituir, regulamentar e implementar, nos termos desta lei, o Festival Multiarte Firmino Rocha&#8221;. A Funda\u00e7\u00e3o Itabunense de Cultura e Cidadania tem a obriga\u00e7\u00e3o e a finalidade de oferecer os meios poss\u00edveis e necess\u00e1rios para que a produ\u00e7\u00e3o art\u00edstica e cultural possa transcender as fronteiras locais, estabelecendo interc\u00e2mbios com as mais diversas pr\u00e1ticas. O Festival Multiarte Firmino Rocha j\u00e1 se tornou uma refer\u00eancia na regi\u00e3o que agora chamamos de Litoral Sul da Bahia. Ele foi um meio de difus\u00e3o e est\u00edmulo art\u00edstico para toda uma gera\u00e7\u00e3o (incluindo o p\u00fablico), e muitos dos artistas que se apresentaram no Festival encontraram espa\u00e7o e incentivo para construir suas carreiras art\u00edsticas.<br><br>\u00c9 necess\u00e1rio salientar que tais desvios da lei s\u00e3o a pr\u00e1tica usual da atual gest\u00e3o &#8211;  foram tamb\u00e9m de gest\u00f5es anteriores -, e que as determina\u00e7\u00f5es valem, tamb\u00e9m, a produ\u00e7\u00f5es como o Natal de Luzes e Sonhos e a Lavagem do Beco do Fuxico.<br><br>A fim de contribuirmos com a melhor conscientiza\u00e7\u00e3o p\u00fablica dos fatos expostos, e para que n\u00e3o reste d\u00favidas sobre o que aqui apresentamos, encaminhamos em anexo c\u00f3pias das Leis Municipais citadas, o Estatuto da FICC e c\u00f3pias de nossos of\u00edcios para a Funda\u00e7\u00e3o, assim como suas devolutivas.<br><br>A exist\u00eancia da FICC \u00e9 fruto de uma vit\u00f3ria hist\u00f3rica da Cultura de nossa cidade, e ela faz parte de um sistema de cultura que conta com leis e \u00f3rg\u00e3os que precisam ser respeitados para que tenhamos um funcionamento saud\u00e1vel, popular e democr\u00e1tico de nossas pol\u00edticas p\u00fablicas culturais.<br><br><br>Itabuna, 29 de junho de 2023.<\/p>\n\n\n\n<p>O mun\u00edcipe que quiser sub escrever poder\u00e1 atrav\u00e9s do seguinte link: <a href=\"https:\/\/docs.google.com\/forms\/d\/e\/1FAIpQLSc3qdlQlhT9BLplriSa0fNoRccZxOA61FECabHej3jmfjro7g\/viewform\">https:\/\/docs.google.com\/forms\/d\/e\/1FAIpQLSc3qdlQlhT9BLplriSa0fNoRccZxOA61FECabHej3jmfjro7g\/viewform<\/a><a href=\"https:\/\/docs.google.com\/forms\/d\/e\/1FAIpQLSc3qdlQlhT9BLplriSa0fNoRccZxOA61FECabHej3jmfjro7g\/viewform\" target=\"_blank\" rel=\"noreferrer noopener\">https:\/\/docs.google.com\/forms\/d\/e\/1FAIpQLSc3qdlQlhT9BLplriSa0fNoRccZxOA61FECabHej3jmfjro7g\/viewform<\/a><\/p>\n","protected":false},"excerpt":{"rendered":"<p>No dia de ontem (29) o Conselho Municipal de Pol\u00edticas Culturais, atrav\u00e9s de uma nota&#8230;<\/p>\n","protected":false},"author":1,"featured_media":2159,"comment_status":"open","ping_status":"open","sticky":false,"template":"","format":"standard","meta":{"footnotes":""},"categories":[18,31,11],"tags":[855,672,27,670],"yoast_head":"<!-- This site is optimized with the Yoast SEO plugin v21.7 - https:\/\/yoast.com\/wordpress\/plugins\/seo\/ -->\n<title>Itabuna: Em nota, Conselho Municipal de Pol\u00edticas Culturais repudia a gest\u00e3o da FICC. - Cacau News<\/title>\n<meta name=\"robots\" content=\"index, follow, max-snippet:-1, max-image-preview:large, max-video-preview:-1\" \/>\n<link rel=\"canonical\" href=\"https:\/\/cacaunews.com\/?p=2160\" \/>\n<meta property=\"og:locale\" content=\"pt_BR\" \/>\n<meta property=\"og:type\" content=\"article\" \/>\n<meta property=\"og:title\" content=\"Itabuna: Em nota, Conselho Municipal de Pol\u00edticas Culturais repudia a gest\u00e3o da FICC. - Cacau News\" \/>\n<meta property=\"og:description\" content=\"No dia de ontem (29) o Conselho Municipal de Pol\u00edticas Culturais, atrav\u00e9s de uma nota...\" \/>\n<meta property=\"og:url\" content=\"https:\/\/cacaunews.com\/?p=2160\" \/>\n<meta property=\"og:site_name\" content=\"Cacau News\" \/>\n<meta property=\"article:published_time\" content=\"2023-06-30T14:38:07+00:00\" \/>\n<meta property=\"article:modified_time\" content=\"2023-06-30T14:37:19+00:00\" \/>\n<meta property=\"og:image\" content=\"https:\/\/cacaunews.com\/wp-content\/uploads\/2023\/06\/images-72.jpeg\" \/>\n\t<meta property=\"og:image:width\" content=\"770\" \/>\n\t<meta property=\"og:image:height\" content=\"375\" \/>\n\t<meta property=\"og:image:type\" content=\"image\/jpeg\" \/>\n<meta name=\"author\" content=\"Reda\u00e7\u00e3o Cacau News\" \/>\n<meta name=\"twitter:card\" content=\"summary_large_image\" \/>\n<meta name=\"twitter:label1\" content=\"Escrito por\" \/>\n\t<meta name=\"twitter:data1\" content=\"Reda\u00e7\u00e3o Cacau News\" \/>\n\t<meta name=\"twitter:label2\" content=\"Est. tempo de leitura\" \/>\n\t<meta name=\"twitter:data2\" content=\"4 minutos\" \/>\n<script type=\"application\/ld+json\" class=\"yoast-schema-graph\">{\"@context\":\"https:\/\/schema.org\",\"@graph\":[{\"@type\":\"Article\",\"@id\":\"https:\/\/cacaunews.com\/?p=2160#article\",\"isPartOf\":{\"@id\":\"https:\/\/cacaunews.com\/?p=2160\"},\"author\":{\"name\":\"Reda\u00e7\u00e3o Cacau News\",\"@id\":\"https:\/\/cacaunews.com\/#\/schema\/person\/ea69703103e606ad347ccd64bd72ef79\"},\"headline\":\"Itabuna: Em nota, Conselho Municipal de Pol\u00edticas Culturais repudia a gest\u00e3o da FICC.\",\"datePublished\":\"2023-06-30T14:38:07+00:00\",\"dateModified\":\"2023-06-30T14:37:19+00:00\",\"mainEntityOfPage\":{\"@id\":\"https:\/\/cacaunews.com\/?p=2160\"},\"wordCount\":855,\"commentCount\":0,\"publisher\":{\"@id\":\"https:\/\/cacaunews.com\/#organization\"},\"keywords\":[\"cmpc\",\"FICC\",\"itabuna\",\"Itapedro\"],\"articleSection\":[\"cidades\",\"Cultura\",\"Jornalismo\"],\"inLanguage\":\"pt-BR\",\"potentialAction\":[{\"@type\":\"CommentAction\",\"name\":\"Comment\",\"target\":[\"https:\/\/cacaunews.com\/?p=2160#respond\"]}]},{\"@type\":\"WebPage\",\"@id\":\"https:\/\/cacaunews.com\/?p=2160\",\"url\":\"https:\/\/cacaunews.com\/?p=2160\",\"name\":\"Itabuna: Em nota, Conselho Municipal de Pol\u00edticas Culturais repudia a gest\u00e3o da FICC. - Cacau News\",\"isPartOf\":{\"@id\":\"https:\/\/cacaunews.com\/#website\"},\"datePublished\":\"2023-06-30T14:38:07+00:00\",\"dateModified\":\"2023-06-30T14:37:19+00:00\",\"breadcrumb\":{\"@id\":\"https:\/\/cacaunews.com\/?p=2160#breadcrumb\"},\"inLanguage\":\"pt-BR\",\"potentialAction\":[{\"@type\":\"ReadAction\",\"target\":[\"https:\/\/cacaunews.com\/?p=2160\"]}]},{\"@type\":\"BreadcrumbList\",\"@id\":\"https:\/\/cacaunews.com\/?p=2160#breadcrumb\",\"itemListElement\":[{\"@type\":\"ListItem\",\"position\":1,\"name\":\"In\u00edcio\",\"item\":\"https:\/\/cacaunews.com\/\"},{\"@type\":\"ListItem\",\"position\":2,\"name\":\"Itabuna: Em nota, Conselho Municipal de Pol\u00edticas Culturais repudia a gest\u00e3o da FICC.\"}]},{\"@type\":\"WebSite\",\"@id\":\"https:\/\/cacaunews.com\/#website\",\"url\":\"https:\/\/cacaunews.com\/\",\"name\":\"Cacau News\",\"description\":\"A Informa\u00e7\u00e3o que voc\u00ea precisa!\",\"publisher\":{\"@id\":\"https:\/\/cacaunews.com\/#organization\"},\"potentialAction\":[{\"@type\":\"SearchAction\",\"target\":{\"@type\":\"EntryPoint\",\"urlTemplate\":\"https:\/\/cacaunews.com\/?s={search_term_string}\"},\"query-input\":\"required name=search_term_string\"}],\"inLanguage\":\"pt-BR\"},{\"@type\":\"Organization\",\"@id\":\"https:\/\/cacaunews.com\/#organization\",\"name\":\"Cacau News\",\"url\":\"https:\/\/cacaunews.com\/\",\"logo\":{\"@type\":\"ImageObject\",\"inLanguage\":\"pt-BR\",\"@id\":\"https:\/\/cacaunews.com\/#\/schema\/logo\/image\/\",\"url\":\"https:\/\/cacaunews.com\/wp-content\/uploads\/2025\/01\/cropped-LOGO-NOVA.png\",\"contentUrl\":\"https:\/\/cacaunews.com\/wp-content\/uploads\/2025\/01\/cropped-LOGO-NOVA.png\",\"width\":813,\"height\":813,\"caption\":\"Cacau News\"},\"image\":{\"@id\":\"https:\/\/cacaunews.com\/#\/schema\/logo\/image\/\"},\"sameAs\":[\"https:\/\/www.instagram.com\/cacaunews.online\/\",\"https:\/\/youtube.com\/@cacaunews?si=0VXLnjl08SrWbVG9\"]},{\"@type\":\"Person\",\"@id\":\"https:\/\/cacaunews.com\/#\/schema\/person\/ea69703103e606ad347ccd64bd72ef79\",\"name\":\"Reda\u00e7\u00e3o Cacau News\",\"image\":{\"@type\":\"ImageObject\",\"inLanguage\":\"pt-BR\",\"@id\":\"https:\/\/cacaunews.com\/#\/schema\/person\/image\/\",\"url\":\"https:\/\/secure.gravatar.com\/avatar\/d79227a2a7b6cc42e8d7a8f7c284cd3a?s=96&d=mm&r=g\",\"contentUrl\":\"https:\/\/secure.gravatar.com\/avatar\/d79227a2a7b6cc42e8d7a8f7c284cd3a?s=96&d=mm&r=g\",\"caption\":\"Reda\u00e7\u00e3o Cacau News\"},\"sameAs\":[\"https:\/\/cacaunews.com\"],\"url\":\"https:\/\/cacaunews.com\/?author=1\"}]}<\/script>\n<!-- \/ Yoast SEO plugin. -->","yoast_head_json":{"title":"Itabuna: Em nota, Conselho Municipal de Pol\u00edticas Culturais repudia a gest\u00e3o da FICC. - Cacau News","robots":{"index":"index","follow":"follow","max-snippet":"max-snippet:-1","max-image-preview":"max-image-preview:large","max-video-preview":"max-video-preview:-1"},"canonical":"https:\/\/cacaunews.com\/?p=2160","og_locale":"pt_BR","og_type":"article","og_title":"Itabuna: Em nota, Conselho Municipal de Pol\u00edticas Culturais repudia a gest\u00e3o da FICC. - Cacau News","og_description":"No dia de ontem (29) o Conselho Municipal de Pol\u00edticas Culturais, atrav\u00e9s de uma nota...","og_url":"https:\/\/cacaunews.com\/?p=2160","og_site_name":"Cacau News","article_published_time":"2023-06-30T14:38:07+00:00","article_modified_time":"2023-06-30T14:37:19+00:00","og_image":[{"width":770,"height":375,"url":"https:\/\/cacaunews.com\/wp-content\/uploads\/2023\/06\/images-72.jpeg","type":"image\/jpeg"}],"author":"Reda\u00e7\u00e3o Cacau News","twitter_card":"summary_large_image","twitter_misc":{"Escrito por":"Reda\u00e7\u00e3o Cacau News","Est. tempo de leitura":"4 minutos"},"schema":{"@context":"https:\/\/schema.org","@graph":[{"@type":"Article","@id":"https:\/\/cacaunews.com\/?p=2160#article","isPartOf":{"@id":"https:\/\/cacaunews.com\/?p=2160"},"author":{"name":"Reda\u00e7\u00e3o Cacau News","@id":"https:\/\/cacaunews.com\/#\/schema\/person\/ea69703103e606ad347ccd64bd72ef79"},"headline":"Itabuna: Em nota, Conselho Municipal de Pol\u00edticas Culturais repudia a gest\u00e3o da FICC.","datePublished":"2023-06-30T14:38:07+00:00","dateModified":"2023-06-30T14:37:19+00:00","mainEntityOfPage":{"@id":"https:\/\/cacaunews.com\/?p=2160"},"wordCount":855,"commentCount":0,"publisher":{"@id":"https:\/\/cacaunews.com\/#organization"},"keywords":["cmpc","FICC","itabuna","Itapedro"],"articleSection":["cidades","Cultura","Jornalismo"],"inLanguage":"pt-BR","potentialAction":[{"@type":"CommentAction","name":"Comment","target":["https:\/\/cacaunews.com\/?p=2160#respond"]}]},{"@type":"WebPage","@id":"https:\/\/cacaunews.com\/?p=2160","url":"https:\/\/cacaunews.com\/?p=2160","name":"Itabuna: Em nota, Conselho Municipal de Pol\u00edticas Culturais repudia a gest\u00e3o da FICC. - Cacau News","isPartOf":{"@id":"https:\/\/cacaunews.com\/#website"},"datePublished":"2023-06-30T14:38:07+00:00","dateModified":"2023-06-30T14:37:19+00:00","breadcrumb":{"@id":"https:\/\/cacaunews.com\/?p=2160#breadcrumb"},"inLanguage":"pt-BR","potentialAction":[{"@type":"ReadAction","target":["https:\/\/cacaunews.com\/?p=2160"]}]},{"@type":"BreadcrumbList","@id":"https:\/\/cacaunews.com\/?p=2160#breadcrumb","itemListElement":[{"@type":"ListItem","position":1,"name":"In\u00edcio","item":"https:\/\/cacaunews.com\/"},{"@type":"ListItem","position":2,"name":"Itabuna: Em nota, Conselho Municipal de Pol\u00edticas Culturais repudia a gest\u00e3o da FICC."}]},{"@type":"WebSite","@id":"https:\/\/cacaunews.com\/#website","url":"https:\/\/cacaunews.com\/","name":"Cacau News","description":"A Informa\u00e7\u00e3o que voc\u00ea precisa!","publisher":{"@id":"https:\/\/cacaunews.com\/#organization"},"potentialAction":[{"@type":"SearchAction","target":{"@type":"EntryPoint","urlTemplate":"https:\/\/cacaunews.com\/?s={search_term_string}"},"query-input":"required name=search_term_string"}],"inLanguage":"pt-BR"},{"@type":"Organization","@id":"https:\/\/cacaunews.com\/#organization","name":"Cacau News","url":"https:\/\/cacaunews.com\/","logo":{"@type":"ImageObject","inLanguage":"pt-BR","@id":"https:\/\/cacaunews.com\/#\/schema\/logo\/image\/","url":"https:\/\/cacaunews.com\/wp-content\/uploads\/2025\/01\/cropped-LOGO-NOVA.png","contentUrl":"https:\/\/cacaunews.com\/wp-content\/uploads\/2025\/01\/cropped-LOGO-NOVA.png","width":813,"height":813,"caption":"Cacau News"},"image":{"@id":"https:\/\/cacaunews.com\/#\/schema\/logo\/image\/"},"sameAs":["https:\/\/www.instagram.com\/cacaunews.online\/","https:\/\/youtube.com\/@cacaunews?si=0VXLnjl08SrWbVG9"]},{"@type":"Person","@id":"https:\/\/cacaunews.com\/#\/schema\/person\/ea69703103e606ad347ccd64bd72ef79","name":"Reda\u00e7\u00e3o Cacau News","image":{"@type":"ImageObject","inLanguage":"pt-BR","@id":"https:\/\/cacaunews.com\/#\/schema\/person\/image\/","url":"https:\/\/secure.gravatar.com\/avatar\/d79227a2a7b6cc42e8d7a8f7c284cd3a?s=96&d=mm&r=g","contentUrl":"https:\/\/secure.gravatar.com\/avatar\/d79227a2a7b6cc42e8d7a8f7c284cd3a?s=96&d=mm&r=g","caption":"Reda\u00e7\u00e3o Cacau News"},"sameAs":["https:\/\/cacaunews.com"],"url":"https:\/\/cacaunews.com\/?author=1"}]}},"jetpack_sharing_enabled":true,"jetpack_featured_media_url":"https:\/\/cacaunews.com\/wp-content\/uploads\/2023\/06\/images-72.jpeg","_links":{"self":[{"href":"https:\/\/cacaunews.com\/index.php?rest_route=\/wp\/v2\/posts\/2160"}],"collection":[{"href":"https:\/\/cacaunews.com\/index.php?rest_route=\/wp\/v2\/posts"}],"about":[{"href":"https:\/\/cacaunews.com\/index.php?rest_route=\/wp\/v2\/types\/post"}],"author":[{"embeddable":true,"href":"https:\/\/cacaunews.com\/index.php?rest_route=\/wp\/v2\/users\/1"}],"replies":[{"embeddable":true,"href":"https:\/\/cacaunews.com\/index.php?rest_route=%2Fwp%2Fv2%2Fcomments&post=2160"}],"version-history":[{"count":1,"href":"https:\/\/cacaunews.com\/index.php?rest_route=\/wp\/v2\/posts\/2160\/revisions"}],"predecessor-version":[{"id":2161,"href":"https:\/\/cacaunews.com\/index.php?rest_route=\/wp\/v2\/posts\/2160\/revisions\/2161"}],"wp:featuredmedia":[{"embeddable":true,"href":"https:\/\/cacaunews.com\/index.php?rest_route=\/wp\/v2\/media\/2159"}],"wp:attachment":[{"href":"https:\/\/cacaunews.com\/index.php?rest_route=%2Fwp%2Fv2%2Fmedia&parent=2160"}],"wp:term":[{"taxonomy":"category","embeddable":true,"href":"https:\/\/cacaunews.com\/index.php?rest_route=%2Fwp%2Fv2%2Fcategories&post=2160"},{"taxonomy":"post_tag","embeddable":true,"href":"https:\/\/cacaunews.com\/index.php?rest_route=%2Fwp%2Fv2%2Ftags&post=2160"}],"curies":[{"name":"wp","href":"https:\/\/api.w.org\/{rel}","templated":true}]}}