{"id":2163,"date":"2023-06-30T17:49:35","date_gmt":"2023-06-30T17:49:35","guid":{"rendered":"https:\/\/cacaunews.com\/?p=2163"},"modified":"2023-06-30T17:48:46","modified_gmt":"2023-06-30T17:48:46","slug":"hoje-levei-uma-facada-nas-costas-diz-bolsonaro-apos-ficar-inelegivel-pelo-tse","status":"publish","type":"post","link":"https:\/\/cacaunews.com\/?p=2163","title":{"rendered":"\u201cHoje levei uma facada nas costas\u201d, diz Bolsonaro ap\u00f3s ficar ineleg\u00edvel pelo TSE."},"content":{"rendered":"\n<p>O ex-presidente&nbsp;<a href=\"https:\/\/www.cnnbrasil.com.br\/tudo-sobre\/jair-bolsonaro\/\">Jair Bolsonaro<\/a>&nbsp;(PL) disse que levou \u201cuma facada nas costas\u201d ap\u00f3s&nbsp;<a href=\"https:\/\/www.cnnbrasil.com.br\/politica\/bolsonaro-tse-placar\/\">decis\u00e3o do Tribunal Superior Eleitoral (TSE) que o tornou ineleg\u00edvel por oito anos<\/a>.<\/p>\n\n\n\n<p>\u201cH\u00e1 pouco tempo tentaram me matar em Juiz de Fora, levei uma facada na barriga. Hoje levei uma facada nas costas com a inelegibilidade.\u201d<\/p>\n\n\n\n<p>Falando \u00e0 imprensa, em Belo Horizonte (MG), na tarde desta sexta-feira (30), Bolsonaro disse que acredita que tenha sido \u201ca primeira condena\u00e7\u00e3o por abuso e poder pol\u00edtico\u201d. \u201cUm crime sem corrup\u00e7\u00e3o\u201d, acrescentou.<\/p>\n\n\n\n<p>\u201cIsso \u00e9 crime? Abuso de poder pol\u00edtico? Por defender algo que eu sempre defendi quando parlamentar [o voto imprensso]?\u201d<\/p>\n\n\n\n<p>O ex-presidente falou sobre ter sido julgado sobre o 8 de janeiro e questionou qual teria sido a sua participa\u00e7\u00e3o nos atos.<\/p>\n\n\n\n<p>\u201cDia 30 [de dezembro] eu sa\u00ed do Brasil e infelizmente aconteceu o 8 de janeiro. Quem fala em golpe n\u00e3o sabe o que \u00e9 golpe Com todo respeito, \u00e9 um anafalbeto pol\u00edtico. Ningu\u00e9m vai dar golpe com senhorzinhos e senhorinhas com bandeira do Brasil\u201d, disse.<\/p>\n\n\n\n<p>\u201cLamentamos a depreda\u00e7\u00e3o do patrim\u00f4nio p\u00fablico ocorrido. E as pessoas que fizeram isso tem que arcar as suas responsabilidades.\u201d<\/p>\n\n\n\n<p>O Tribunal Superior Eleitoral (TSE) formou maioria para condenar Bolsonaro e deix\u00e1-lo ineleg\u00edvel pelo prazo de oito anos. O voto decisivo foi dado pela ministra C\u00e1rmen L\u00facia.<br><br>O placar final ficou em 5 a 2 pela condena\u00e7\u00e3o. Confirmada a condena\u00e7\u00e3o e a inelegibilidade, Bolsonaro ficar\u00e1 fora das elei\u00e7\u00f5es at\u00e9 2030.<\/p>\n\n\n\n<p>Com informa\u00e7\u00f5es CNN Brasil.<\/p>\n","protected":false},"excerpt":{"rendered":"<p>O ex-presidente&nbsp;Jair Bolsonaro&nbsp;(PL) disse que levou \u201cuma facada nas costas\u201d ap\u00f3s&nbsp;decis\u00e3o do Tribunal Superior Eleitoral&#8230;<\/p>\n","protected":false},"author":1,"featured_media":2162,"comment_status":"open","ping_status":"open","sticky":false,"template":"","format":"standard","meta":{"footnotes":""},"categories":[18,11,5],"tags":[52,35,856,517,857],"yoast_head":"<!-- This site is optimized with the Yoast SEO plugin v21.7 - https:\/\/yoast.com\/wordpress\/plugins\/seo\/ -->\n<title>\u201cHoje levei uma facada nas costas\u201d, diz Bolsonaro ap\u00f3s ficar ineleg\u00edvel pelo TSE. - Cacau News<\/title>\n<meta name=\"robots\" content=\"index, follow, max-snippet:-1, max-image-preview:large, max-video-preview:-1\" \/>\n<link rel=\"canonical\" href=\"https:\/\/cacaunews.com\/?p=2163\" \/>\n<meta property=\"og:locale\" content=\"pt_BR\" \/>\n<meta property=\"og:type\" content=\"article\" \/>\n<meta property=\"og:title\" content=\"\u201cHoje levei uma facada nas costas\u201d, diz Bolsonaro ap\u00f3s ficar ineleg\u00edvel pelo TSE. - Cacau News\" \/>\n<meta property=\"og:description\" content=\"O ex-presidente&nbsp;Jair Bolsonaro&nbsp;(PL) disse que levou \u201cuma facada nas costas\u201d ap\u00f3s&nbsp;decis\u00e3o do Tribunal Superior Eleitoral...\" \/>\n<meta property=\"og:url\" content=\"https:\/\/cacaunews.com\/?p=2163\" \/>\n<meta property=\"og:site_name\" content=\"Cacau News\" \/>\n<meta property=\"article:published_time\" content=\"2023-06-30T17:49:35+00:00\" \/>\n<meta property=\"article:modified_time\" content=\"2023-06-30T17:48:46+00:00\" \/>\n<meta property=\"og:image\" content=\"https:\/\/cacaunews.com\/wp-content\/uploads\/2023\/06\/Bolsonaro_inelegivel-1024x643-1.jpeg\" \/>\n\t<meta property=\"og:image:width\" content=\"1024\" \/>\n\t<meta property=\"og:image:height\" content=\"643\" \/>\n\t<meta property=\"og:image:type\" content=\"image\/jpeg\" \/>\n<meta name=\"author\" content=\"Reda\u00e7\u00e3o Cacau News\" \/>\n<meta name=\"twitter:card\" content=\"summary_large_image\" \/>\n<meta name=\"twitter:label1\" content=\"Escrito por\" \/>\n\t<meta name=\"twitter:data1\" content=\"Reda\u00e7\u00e3o Cacau News\" \/>\n\t<meta name=\"twitter:label2\" content=\"Est. tempo de leitura\" \/>\n\t<meta name=\"twitter:data2\" content=\"1 minuto\" \/>\n<script type=\"application\/ld+json\" class=\"yoast-schema-graph\">{\"@context\":\"https:\/\/schema.org\",\"@graph\":[{\"@type\":\"Article\",\"@id\":\"https:\/\/cacaunews.com\/?p=2163#article\",\"isPartOf\":{\"@id\":\"https:\/\/cacaunews.com\/?p=2163\"},\"author\":{\"name\":\"Reda\u00e7\u00e3o Cacau News\",\"@id\":\"https:\/\/cacaunews.com\/#\/schema\/person\/ea69703103e606ad347ccd64bd72ef79\"},\"headline\":\"\u201cHoje levei uma facada nas costas\u201d, diz Bolsonaro ap\u00f3s ficar ineleg\u00edvel pelo TSE.\",\"datePublished\":\"2023-06-30T17:49:35+00:00\",\"dateModified\":\"2023-06-30T17:48:46+00:00\",\"mainEntityOfPage\":{\"@id\":\"https:\/\/cacaunews.com\/?p=2163\"},\"wordCount\":270,\"commentCount\":0,\"publisher\":{\"@id\":\"https:\/\/cacaunews.com\/#organization\"},\"keywords\":[\"bolsonaro\",\"brasil\",\"ineleg\u00edvel\",\"julgamento\",\"tse\"],\"articleSection\":[\"cidades\",\"Jornalismo\",\"Politica\"],\"inLanguage\":\"pt-BR\",\"potentialAction\":[{\"@type\":\"CommentAction\",\"name\":\"Comment\",\"target\":[\"https:\/\/cacaunews.com\/?p=2163#respond\"]}]},{\"@type\":\"WebPage\",\"@id\":\"https:\/\/cacaunews.com\/?p=2163\",\"url\":\"https:\/\/cacaunews.com\/?p=2163\",\"name\":\"\u201cHoje levei uma facada nas costas\u201d, diz Bolsonaro ap\u00f3s ficar ineleg\u00edvel pelo TSE. - Cacau News\",\"isPartOf\":{\"@id\":\"https:\/\/cacaunews.com\/#website\"},\"datePublished\":\"2023-06-30T17:49:35+00:00\",\"dateModified\":\"2023-06-30T17:48:46+00:00\",\"breadcrumb\":{\"@id\":\"https:\/\/cacaunews.com\/?p=2163#breadcrumb\"},\"inLanguage\":\"pt-BR\",\"potentialAction\":[{\"@type\":\"ReadAction\",\"target\":[\"https:\/\/cacaunews.com\/?p=2163\"]}]},{\"@type\":\"BreadcrumbList\",\"@id\":\"https:\/\/cacaunews.com\/?p=2163#breadcrumb\",\"itemListElement\":[{\"@type\":\"ListItem\",\"position\":1,\"name\":\"In\u00edcio\",\"item\":\"https:\/\/cacaunews.com\/\"},{\"@type\":\"ListItem\",\"position\":2,\"name\":\"\u201cHoje levei uma facada nas costas\u201d, diz Bolsonaro ap\u00f3s ficar ineleg\u00edvel pelo TSE.\"}]},{\"@type\":\"WebSite\",\"@id\":\"https:\/\/cacaunews.com\/#website\",\"url\":\"https:\/\/cacaunews.com\/\",\"name\":\"Cacau News\",\"description\":\"A Informa\u00e7\u00e3o que voc\u00ea precisa!\",\"publisher\":{\"@id\":\"https:\/\/cacaunews.com\/#organization\"},\"potentialAction\":[{\"@type\":\"SearchAction\",\"target\":{\"@type\":\"EntryPoint\",\"urlTemplate\":\"https:\/\/cacaunews.com\/?s={search_term_string}\"},\"query-input\":\"required name=search_term_string\"}],\"inLanguage\":\"pt-BR\"},{\"@type\":\"Organization\",\"@id\":\"https:\/\/cacaunews.com\/#organization\",\"name\":\"Cacau News\",\"url\":\"https:\/\/cacaunews.com\/\",\"logo\":{\"@type\":\"ImageObject\",\"inLanguage\":\"pt-BR\",\"@id\":\"https:\/\/cacaunews.com\/#\/schema\/logo\/image\/\",\"url\":\"https:\/\/cacaunews.com\/wp-content\/uploads\/2025\/01\/cropped-LOGO-NOVA.png\",\"contentUrl\":\"https:\/\/cacaunews.com\/wp-content\/uploads\/2025\/01\/cropped-LOGO-NOVA.png\",\"width\":813,\"height\":813,\"caption\":\"Cacau News\"},\"image\":{\"@id\":\"https:\/\/cacaunews.com\/#\/schema\/logo\/image\/\"},\"sameAs\":[\"https:\/\/www.instagram.com\/cacaunews.online\/\",\"https:\/\/youtube.com\/@cacaunews?si=0VXLnjl08SrWbVG9\"]},{\"@type\":\"Person\",\"@id\":\"https:\/\/cacaunews.com\/#\/schema\/person\/ea69703103e606ad347ccd64bd72ef79\",\"name\":\"Reda\u00e7\u00e3o Cacau News\",\"image\":{\"@type\":\"ImageObject\",\"inLanguage\":\"pt-BR\",\"@id\":\"https:\/\/cacaunews.com\/#\/schema\/person\/image\/\",\"url\":\"https:\/\/secure.gravatar.com\/avatar\/d79227a2a7b6cc42e8d7a8f7c284cd3a?s=96&d=mm&r=g\",\"contentUrl\":\"https:\/\/secure.gravatar.com\/avatar\/d79227a2a7b6cc42e8d7a8f7c284cd3a?s=96&d=mm&r=g\",\"caption\":\"Reda\u00e7\u00e3o Cacau News\"},\"sameAs\":[\"https:\/\/cacaunews.com\"],\"url\":\"https:\/\/cacaunews.com\/?author=1\"}]}<\/script>\n<!-- \/ Yoast SEO plugin. -->","yoast_head_json":{"title":"\u201cHoje levei uma facada nas costas\u201d, diz Bolsonaro ap\u00f3s ficar ineleg\u00edvel pelo TSE. - Cacau News","robots":{"index":"index","follow":"follow","max-snippet":"max-snippet:-1","max-image-preview":"max-image-preview:large","max-video-preview":"max-video-preview:-1"},"canonical":"https:\/\/cacaunews.com\/?p=2163","og_locale":"pt_BR","og_type":"article","og_title":"\u201cHoje levei uma facada nas costas\u201d, diz Bolsonaro ap\u00f3s ficar ineleg\u00edvel pelo TSE. - Cacau News","og_description":"O ex-presidente&nbsp;Jair Bolsonaro&nbsp;(PL) disse que levou \u201cuma facada nas costas\u201d ap\u00f3s&nbsp;decis\u00e3o do Tribunal Superior Eleitoral...","og_url":"https:\/\/cacaunews.com\/?p=2163","og_site_name":"Cacau News","article_published_time":"2023-06-30T17:49:35+00:00","article_modified_time":"2023-06-30T17:48:46+00:00","og_image":[{"width":1024,"height":643,"url":"https:\/\/cacaunews.com\/wp-content\/uploads\/2023\/06\/Bolsonaro_inelegivel-1024x643-1.jpeg","type":"image\/jpeg"}],"author":"Reda\u00e7\u00e3o Cacau News","twitter_card":"summary_large_image","twitter_misc":{"Escrito por":"Reda\u00e7\u00e3o Cacau News","Est. tempo de leitura":"1 minuto"},"schema":{"@context":"https:\/\/schema.org","@graph":[{"@type":"Article","@id":"https:\/\/cacaunews.com\/?p=2163#article","isPartOf":{"@id":"https:\/\/cacaunews.com\/?p=2163"},"author":{"name":"Reda\u00e7\u00e3o Cacau News","@id":"https:\/\/cacaunews.com\/#\/schema\/person\/ea69703103e606ad347ccd64bd72ef79"},"headline":"\u201cHoje levei uma facada nas costas\u201d, diz Bolsonaro ap\u00f3s ficar ineleg\u00edvel pelo TSE.","datePublished":"2023-06-30T17:49:35+00:00","dateModified":"2023-06-30T17:48:46+00:00","mainEntityOfPage":{"@id":"https:\/\/cacaunews.com\/?p=2163"},"wordCount":270,"commentCount":0,"publisher":{"@id":"https:\/\/cacaunews.com\/#organization"},"keywords":["bolsonaro","brasil","ineleg\u00edvel","julgamento","tse"],"articleSection":["cidades","Jornalismo","Politica"],"inLanguage":"pt-BR","potentialAction":[{"@type":"CommentAction","name":"Comment","target":["https:\/\/cacaunews.com\/?p=2163#respond"]}]},{"@type":"WebPage","@id":"https:\/\/cacaunews.com\/?p=2163","url":"https:\/\/cacaunews.com\/?p=2163","name":"\u201cHoje levei uma facada nas costas\u201d, diz Bolsonaro ap\u00f3s ficar ineleg\u00edvel pelo TSE. - Cacau News","isPartOf":{"@id":"https:\/\/cacaunews.com\/#website"},"datePublished":"2023-06-30T17:49:35+00:00","dateModified":"2023-06-30T17:48:46+00:00","breadcrumb":{"@id":"https:\/\/cacaunews.com\/?p=2163#breadcrumb"},"inLanguage":"pt-BR","potentialAction":[{"@type":"ReadAction","target":["https:\/\/cacaunews.com\/?p=2163"]}]},{"@type":"BreadcrumbList","@id":"https:\/\/cacaunews.com\/?p=2163#breadcrumb","itemListElement":[{"@type":"ListItem","position":1,"name":"In\u00edcio","item":"https:\/\/cacaunews.com\/"},{"@type":"ListItem","position":2,"name":"\u201cHoje levei uma facada nas costas\u201d, diz Bolsonaro ap\u00f3s ficar ineleg\u00edvel pelo TSE."}]},{"@type":"WebSite","@id":"https:\/\/cacaunews.com\/#website","url":"https:\/\/cacaunews.com\/","name":"Cacau News","description":"A Informa\u00e7\u00e3o que voc\u00ea precisa!","publisher":{"@id":"https:\/\/cacaunews.com\/#organization"},"potentialAction":[{"@type":"SearchAction","target":{"@type":"EntryPoint","urlTemplate":"https:\/\/cacaunews.com\/?s={search_term_string}"},"query-input":"required name=search_term_string"}],"inLanguage":"pt-BR"},{"@type":"Organization","@id":"https:\/\/cacaunews.com\/#organization","name":"Cacau News","url":"https:\/\/cacaunews.com\/","logo":{"@type":"ImageObject","inLanguage":"pt-BR","@id":"https:\/\/cacaunews.com\/#\/schema\/logo\/image\/","url":"https:\/\/cacaunews.com\/wp-content\/uploads\/2025\/01\/cropped-LOGO-NOVA.png","contentUrl":"https:\/\/cacaunews.com\/wp-content\/uploads\/2025\/01\/cropped-LOGO-NOVA.png","width":813,"height":813,"caption":"Cacau News"},"image":{"@id":"https:\/\/cacaunews.com\/#\/schema\/logo\/image\/"},"sameAs":["https:\/\/www.instagram.com\/cacaunews.online\/","https:\/\/youtube.com\/@cacaunews?si=0VXLnjl08SrWbVG9"]},{"@type":"Person","@id":"https:\/\/cacaunews.com\/#\/schema\/person\/ea69703103e606ad347ccd64bd72ef79","name":"Reda\u00e7\u00e3o Cacau News","image":{"@type":"ImageObject","inLanguage":"pt-BR","@id":"https:\/\/cacaunews.com\/#\/schema\/person\/image\/","url":"https:\/\/secure.gravatar.com\/avatar\/d79227a2a7b6cc42e8d7a8f7c284cd3a?s=96&d=mm&r=g","contentUrl":"https:\/\/secure.gravatar.com\/avatar\/d79227a2a7b6cc42e8d7a8f7c284cd3a?s=96&d=mm&r=g","caption":"Reda\u00e7\u00e3o Cacau News"},"sameAs":["https:\/\/cacaunews.com"],"url":"https:\/\/cacaunews.com\/?author=1"}]}},"jetpack_sharing_enabled":true,"jetpack_featured_media_url":"https:\/\/cacaunews.com\/wp-content\/uploads\/2023\/06\/Bolsonaro_inelegivel-1024x643-1.jpeg","_links":{"self":[{"href":"https:\/\/cacaunews.com\/index.php?rest_route=\/wp\/v2\/posts\/2163"}],"collection":[{"href":"https:\/\/cacaunews.com\/index.php?rest_route=\/wp\/v2\/posts"}],"about":[{"href":"https:\/\/cacaunews.com\/index.php?rest_route=\/wp\/v2\/types\/post"}],"author":[{"embeddable":true,"href":"https:\/\/cacaunews.com\/index.php?rest_route=\/wp\/v2\/users\/1"}],"replies":[{"embeddable":true,"href":"https:\/\/cacaunews.com\/index.php?rest_route=%2Fwp%2Fv2%2Fcomments&post=2163"}],"version-history":[{"count":1,"href":"https:\/\/cacaunews.com\/index.php?rest_route=\/wp\/v2\/posts\/2163\/revisions"}],"predecessor-version":[{"id":2164,"href":"https:\/\/cacaunews.com\/index.php?rest_route=\/wp\/v2\/posts\/2163\/revisions\/2164"}],"wp:featuredmedia":[{"embeddable":true,"href":"https:\/\/cacaunews.com\/index.php?rest_route=\/wp\/v2\/media\/2162"}],"wp:attachment":[{"href":"https:\/\/cacaunews.com\/index.php?rest_route=%2Fwp%2Fv2%2Fmedia&parent=2163"}],"wp:term":[{"taxonomy":"category","embeddable":true,"href":"https:\/\/cacaunews.com\/index.php?rest_route=%2Fwp%2Fv2%2Fcategories&post=2163"},{"taxonomy":"post_tag","embeddable":true,"href":"https:\/\/cacaunews.com\/index.php?rest_route=%2Fwp%2Fv2%2Ftags&post=2163"}],"curies":[{"name":"wp","href":"https:\/\/api.w.org\/{rel}","templated":true}]}}