{"id":2233,"date":"2023-07-13T16:51:24","date_gmt":"2023-07-13T16:51:24","guid":{"rendered":"https:\/\/cacaunews.com\/?p=2233"},"modified":"2023-07-19T12:19:08","modified_gmt":"2023-07-19T12:19:08","slug":"dez-mortes-causada-pela-dengue-sao-registradas-na-bahia","status":"publish","type":"post","link":"https:\/\/cacaunews.com\/?p=2233","title":{"rendered":"Dez mortes causadas pela DENGUE s\u00e3o registradas na Bahia."},"content":{"rendered":"\n<p>O aumento do n\u00famero de casos de dengue na Bahia tem causado preocupa\u00e7\u00e3o para a popula\u00e7\u00e3o. Entre janeiro e julho, o n\u00famero de casos da forma grave da doen\u00e7a j\u00e1 \u00e9 168% maior que o per\u00edodo igual do ano passado: de janeiro a julho, foram 670 casos, enquanto, em 2022, foram 250. A informa\u00e7\u00e3o \u00e9 da Diretoria de Vigil\u00e2ncia Epidemiol\u00f3gica da Bahia.<\/p>\n\n\n\n<p>Foram 670 casos de dengue grave neste primeiro semestre contra 250 no mesmo per\u00edodo de 2022. J\u00e1 o n\u00famero de mortes por dengue grave no primeiro semestre caiu de 20 (2022) para nove (2023), uma redu\u00e7\u00e3o de 55%.<\/p>\n\n\n\n<p>A Sesab destaca que nem toda dengue grave \u00e9 caso de dengue hemorr\u00e1gica. Conforme explicou a diretora da Vigil\u00e2ncia Epidemiol\u00f3gica da Sesab \u2014 M\u00e1rcia S\u00e3o Pedro, a gravidade da dengue n\u00e3o \u00e9 definida somente por hemorragias. Outras condi\u00e7\u00f5es s\u00e3o apontadas como gravidade, a exemplo do choque e manifesta\u00e7\u00f5es neurol\u00f3gicas.<\/p>\n\n\n\n<p>As nove mortes j\u00e1 registradas no estado foram contabilizadas at\u00e9 1\u00ba de julho. Os \u00f3bitos ocorreram nos seguintes munic\u00edpios, com as respectivas quantidades ao lado:<\/p>\n\n\n\n<ul>\n<li>Feira de Santana (3);<\/li>\n\n\n\n<li>Janda\u00edra (1);<\/li>\n\n\n\n<li>Campo Alegre de Lourdes (1);&nbsp;<\/li>\n\n\n\n<li>Boninal (1);<\/li>\n\n\n\n<li>Mucuri (1);<\/li>\n\n\n\n<li>Mirante (1) ;<\/li>\n\n\n\n<li>Vit\u00f3ria da Conquista (1)<\/li>\n\n\n\n<li>Alagoinhas (1)<\/li>\n<\/ul>\n\n\n\n<p>Com informa\u00e7\u00f5es &nbsp;Giro Ipia\u00fa e Sesab.<\/p>\n","protected":false},"excerpt":{"rendered":"<p>O aumento do n\u00famero de casos de dengue na Bahia tem causado preocupa\u00e7\u00e3o para a&#8230;<\/p>\n","protected":false},"author":1,"featured_media":2232,"comment_status":"open","ping_status":"open","sticky":false,"template":"","format":"standard","meta":{"footnotes":""},"categories":[18,4,11],"tags":[39,180,886,885],"yoast_head":"<!-- This site is optimized with the Yoast SEO plugin v21.7 - https:\/\/yoast.com\/wordpress\/plugins\/seo\/ -->\n<title>Dez mortes causadas pela DENGUE s\u00e3o registradas na Bahia. - Cacau News<\/title>\n<meta name=\"robots\" content=\"index, follow, max-snippet:-1, max-image-preview:large, max-video-preview:-1\" \/>\n<link rel=\"canonical\" href=\"https:\/\/cacaunews.com\/?p=2233\" \/>\n<meta property=\"og:locale\" content=\"pt_BR\" \/>\n<meta property=\"og:type\" content=\"article\" \/>\n<meta property=\"og:title\" content=\"Dez mortes causadas pela DENGUE s\u00e3o registradas na Bahia. - Cacau News\" \/>\n<meta property=\"og:description\" content=\"O aumento do n\u00famero de casos de dengue na Bahia tem causado preocupa\u00e7\u00e3o para a...\" \/>\n<meta property=\"og:url\" content=\"https:\/\/cacaunews.com\/?p=2233\" \/>\n<meta property=\"og:site_name\" content=\"Cacau News\" \/>\n<meta property=\"article:published_time\" content=\"2023-07-13T16:51:24+00:00\" \/>\n<meta property=\"article:modified_time\" content=\"2023-07-19T12:19:08+00:00\" \/>\n<meta property=\"og:image\" content=\"https:\/\/cacaunews.com\/wp-content\/uploads\/2023\/07\/dengue.jpg\" \/>\n\t<meta property=\"og:image:width\" content=\"441\" \/>\n\t<meta property=\"og:image:height\" content=\"289\" \/>\n\t<meta property=\"og:image:type\" content=\"image\/jpeg\" \/>\n<meta name=\"author\" content=\"Reda\u00e7\u00e3o Cacau News\" \/>\n<meta name=\"twitter:card\" content=\"summary_large_image\" \/>\n<meta name=\"twitter:label1\" content=\"Escrito por\" \/>\n\t<meta name=\"twitter:data1\" content=\"Reda\u00e7\u00e3o Cacau News\" \/>\n\t<meta name=\"twitter:label2\" content=\"Est. tempo de leitura\" \/>\n\t<meta name=\"twitter:data2\" content=\"1 minuto\" \/>\n<script type=\"application\/ld+json\" class=\"yoast-schema-graph\">{\"@context\":\"https:\/\/schema.org\",\"@graph\":[{\"@type\":\"Article\",\"@id\":\"https:\/\/cacaunews.com\/?p=2233#article\",\"isPartOf\":{\"@id\":\"https:\/\/cacaunews.com\/?p=2233\"},\"author\":{\"name\":\"Reda\u00e7\u00e3o Cacau News\",\"@id\":\"https:\/\/cacaunews.com\/#\/schema\/person\/ea69703103e606ad347ccd64bd72ef79\"},\"headline\":\"Dez mortes causadas pela DENGUE s\u00e3o registradas na Bahia.\",\"datePublished\":\"2023-07-13T16:51:24+00:00\",\"dateModified\":\"2023-07-19T12:19:08+00:00\",\"mainEntityOfPage\":{\"@id\":\"https:\/\/cacaunews.com\/?p=2233\"},\"wordCount\":216,\"commentCount\":0,\"publisher\":{\"@id\":\"https:\/\/cacaunews.com\/#organization\"},\"keywords\":[\"bahia\",\"dengue\",\"hemorragia\",\"mortes\"],\"articleSection\":[\"cidades\",\"Internet\",\"Jornalismo\"],\"inLanguage\":\"pt-BR\",\"potentialAction\":[{\"@type\":\"CommentAction\",\"name\":\"Comment\",\"target\":[\"https:\/\/cacaunews.com\/?p=2233#respond\"]}]},{\"@type\":\"WebPage\",\"@id\":\"https:\/\/cacaunews.com\/?p=2233\",\"url\":\"https:\/\/cacaunews.com\/?p=2233\",\"name\":\"Dez mortes causadas pela DENGUE s\u00e3o registradas na Bahia. - Cacau News\",\"isPartOf\":{\"@id\":\"https:\/\/cacaunews.com\/#website\"},\"datePublished\":\"2023-07-13T16:51:24+00:00\",\"dateModified\":\"2023-07-19T12:19:08+00:00\",\"breadcrumb\":{\"@id\":\"https:\/\/cacaunews.com\/?p=2233#breadcrumb\"},\"inLanguage\":\"pt-BR\",\"potentialAction\":[{\"@type\":\"ReadAction\",\"target\":[\"https:\/\/cacaunews.com\/?p=2233\"]}]},{\"@type\":\"BreadcrumbList\",\"@id\":\"https:\/\/cacaunews.com\/?p=2233#breadcrumb\",\"itemListElement\":[{\"@type\":\"ListItem\",\"position\":1,\"name\":\"In\u00edcio\",\"item\":\"https:\/\/cacaunews.com\/\"},{\"@type\":\"ListItem\",\"position\":2,\"name\":\"Dez mortes causadas pela DENGUE s\u00e3o registradas na Bahia.\"}]},{\"@type\":\"WebSite\",\"@id\":\"https:\/\/cacaunews.com\/#website\",\"url\":\"https:\/\/cacaunews.com\/\",\"name\":\"Cacau News\",\"description\":\"A Informa\u00e7\u00e3o que voc\u00ea precisa!\",\"publisher\":{\"@id\":\"https:\/\/cacaunews.com\/#organization\"},\"potentialAction\":[{\"@type\":\"SearchAction\",\"target\":{\"@type\":\"EntryPoint\",\"urlTemplate\":\"https:\/\/cacaunews.com\/?s={search_term_string}\"},\"query-input\":\"required name=search_term_string\"}],\"inLanguage\":\"pt-BR\"},{\"@type\":\"Organization\",\"@id\":\"https:\/\/cacaunews.com\/#organization\",\"name\":\"Cacau News\",\"url\":\"https:\/\/cacaunews.com\/\",\"logo\":{\"@type\":\"ImageObject\",\"inLanguage\":\"pt-BR\",\"@id\":\"https:\/\/cacaunews.com\/#\/schema\/logo\/image\/\",\"url\":\"https:\/\/cacaunews.com\/wp-content\/uploads\/2025\/01\/cropped-LOGO-NOVA.png\",\"contentUrl\":\"https:\/\/cacaunews.com\/wp-content\/uploads\/2025\/01\/cropped-LOGO-NOVA.png\",\"width\":813,\"height\":813,\"caption\":\"Cacau News\"},\"image\":{\"@id\":\"https:\/\/cacaunews.com\/#\/schema\/logo\/image\/\"},\"sameAs\":[\"https:\/\/www.instagram.com\/cacaunews.online\/\",\"https:\/\/youtube.com\/@cacaunews?si=0VXLnjl08SrWbVG9\"]},{\"@type\":\"Person\",\"@id\":\"https:\/\/cacaunews.com\/#\/schema\/person\/ea69703103e606ad347ccd64bd72ef79\",\"name\":\"Reda\u00e7\u00e3o Cacau News\",\"image\":{\"@type\":\"ImageObject\",\"inLanguage\":\"pt-BR\",\"@id\":\"https:\/\/cacaunews.com\/#\/schema\/person\/image\/\",\"url\":\"https:\/\/secure.gravatar.com\/avatar\/d79227a2a7b6cc42e8d7a8f7c284cd3a?s=96&d=mm&r=g\",\"contentUrl\":\"https:\/\/secure.gravatar.com\/avatar\/d79227a2a7b6cc42e8d7a8f7c284cd3a?s=96&d=mm&r=g\",\"caption\":\"Reda\u00e7\u00e3o Cacau News\"},\"sameAs\":[\"https:\/\/cacaunews.com\"],\"url\":\"https:\/\/cacaunews.com\/?author=1\"}]}<\/script>\n<!-- \/ Yoast SEO plugin. -->","yoast_head_json":{"title":"Dez mortes causadas pela DENGUE s\u00e3o registradas na Bahia. - Cacau News","robots":{"index":"index","follow":"follow","max-snippet":"max-snippet:-1","max-image-preview":"max-image-preview:large","max-video-preview":"max-video-preview:-1"},"canonical":"https:\/\/cacaunews.com\/?p=2233","og_locale":"pt_BR","og_type":"article","og_title":"Dez mortes causadas pela DENGUE s\u00e3o registradas na Bahia. - Cacau News","og_description":"O aumento do n\u00famero de casos de dengue na Bahia tem causado preocupa\u00e7\u00e3o para a...","og_url":"https:\/\/cacaunews.com\/?p=2233","og_site_name":"Cacau News","article_published_time":"2023-07-13T16:51:24+00:00","article_modified_time":"2023-07-19T12:19:08+00:00","og_image":[{"width":441,"height":289,"url":"https:\/\/cacaunews.com\/wp-content\/uploads\/2023\/07\/dengue.jpg","type":"image\/jpeg"}],"author":"Reda\u00e7\u00e3o Cacau News","twitter_card":"summary_large_image","twitter_misc":{"Escrito por":"Reda\u00e7\u00e3o Cacau News","Est. tempo de leitura":"1 minuto"},"schema":{"@context":"https:\/\/schema.org","@graph":[{"@type":"Article","@id":"https:\/\/cacaunews.com\/?p=2233#article","isPartOf":{"@id":"https:\/\/cacaunews.com\/?p=2233"},"author":{"name":"Reda\u00e7\u00e3o Cacau News","@id":"https:\/\/cacaunews.com\/#\/schema\/person\/ea69703103e606ad347ccd64bd72ef79"},"headline":"Dez mortes causadas pela DENGUE s\u00e3o registradas na Bahia.","datePublished":"2023-07-13T16:51:24+00:00","dateModified":"2023-07-19T12:19:08+00:00","mainEntityOfPage":{"@id":"https:\/\/cacaunews.com\/?p=2233"},"wordCount":216,"commentCount":0,"publisher":{"@id":"https:\/\/cacaunews.com\/#organization"},"keywords":["bahia","dengue","hemorragia","mortes"],"articleSection":["cidades","Internet","Jornalismo"],"inLanguage":"pt-BR","potentialAction":[{"@type":"CommentAction","name":"Comment","target":["https:\/\/cacaunews.com\/?p=2233#respond"]}]},{"@type":"WebPage","@id":"https:\/\/cacaunews.com\/?p=2233","url":"https:\/\/cacaunews.com\/?p=2233","name":"Dez mortes causadas pela DENGUE s\u00e3o registradas na Bahia. - Cacau News","isPartOf":{"@id":"https:\/\/cacaunews.com\/#website"},"datePublished":"2023-07-13T16:51:24+00:00","dateModified":"2023-07-19T12:19:08+00:00","breadcrumb":{"@id":"https:\/\/cacaunews.com\/?p=2233#breadcrumb"},"inLanguage":"pt-BR","potentialAction":[{"@type":"ReadAction","target":["https:\/\/cacaunews.com\/?p=2233"]}]},{"@type":"BreadcrumbList","@id":"https:\/\/cacaunews.com\/?p=2233#breadcrumb","itemListElement":[{"@type":"ListItem","position":1,"name":"In\u00edcio","item":"https:\/\/cacaunews.com\/"},{"@type":"ListItem","position":2,"name":"Dez mortes causadas pela DENGUE s\u00e3o registradas na Bahia."}]},{"@type":"WebSite","@id":"https:\/\/cacaunews.com\/#website","url":"https:\/\/cacaunews.com\/","name":"Cacau News","description":"A Informa\u00e7\u00e3o que voc\u00ea precisa!","publisher":{"@id":"https:\/\/cacaunews.com\/#organization"},"potentialAction":[{"@type":"SearchAction","target":{"@type":"EntryPoint","urlTemplate":"https:\/\/cacaunews.com\/?s={search_term_string}"},"query-input":"required name=search_term_string"}],"inLanguage":"pt-BR"},{"@type":"Organization","@id":"https:\/\/cacaunews.com\/#organization","name":"Cacau News","url":"https:\/\/cacaunews.com\/","logo":{"@type":"ImageObject","inLanguage":"pt-BR","@id":"https:\/\/cacaunews.com\/#\/schema\/logo\/image\/","url":"https:\/\/cacaunews.com\/wp-content\/uploads\/2025\/01\/cropped-LOGO-NOVA.png","contentUrl":"https:\/\/cacaunews.com\/wp-content\/uploads\/2025\/01\/cropped-LOGO-NOVA.png","width":813,"height":813,"caption":"Cacau News"},"image":{"@id":"https:\/\/cacaunews.com\/#\/schema\/logo\/image\/"},"sameAs":["https:\/\/www.instagram.com\/cacaunews.online\/","https:\/\/youtube.com\/@cacaunews?si=0VXLnjl08SrWbVG9"]},{"@type":"Person","@id":"https:\/\/cacaunews.com\/#\/schema\/person\/ea69703103e606ad347ccd64bd72ef79","name":"Reda\u00e7\u00e3o Cacau News","image":{"@type":"ImageObject","inLanguage":"pt-BR","@id":"https:\/\/cacaunews.com\/#\/schema\/person\/image\/","url":"https:\/\/secure.gravatar.com\/avatar\/d79227a2a7b6cc42e8d7a8f7c284cd3a?s=96&d=mm&r=g","contentUrl":"https:\/\/secure.gravatar.com\/avatar\/d79227a2a7b6cc42e8d7a8f7c284cd3a?s=96&d=mm&r=g","caption":"Reda\u00e7\u00e3o Cacau News"},"sameAs":["https:\/\/cacaunews.com"],"url":"https:\/\/cacaunews.com\/?author=1"}]}},"jetpack_sharing_enabled":true,"jetpack_featured_media_url":"https:\/\/cacaunews.com\/wp-content\/uploads\/2023\/07\/dengue.jpg","_links":{"self":[{"href":"https:\/\/cacaunews.com\/index.php?rest_route=\/wp\/v2\/posts\/2233"}],"collection":[{"href":"https:\/\/cacaunews.com\/index.php?rest_route=\/wp\/v2\/posts"}],"about":[{"href":"https:\/\/cacaunews.com\/index.php?rest_route=\/wp\/v2\/types\/post"}],"author":[{"embeddable":true,"href":"https:\/\/cacaunews.com\/index.php?rest_route=\/wp\/v2\/users\/1"}],"replies":[{"embeddable":true,"href":"https:\/\/cacaunews.com\/index.php?rest_route=%2Fwp%2Fv2%2Fcomments&post=2233"}],"version-history":[{"count":2,"href":"https:\/\/cacaunews.com\/index.php?rest_route=\/wp\/v2\/posts\/2233\/revisions"}],"predecessor-version":[{"id":2265,"href":"https:\/\/cacaunews.com\/index.php?rest_route=\/wp\/v2\/posts\/2233\/revisions\/2265"}],"wp:featuredmedia":[{"embeddable":true,"href":"https:\/\/cacaunews.com\/index.php?rest_route=\/wp\/v2\/media\/2232"}],"wp:attachment":[{"href":"https:\/\/cacaunews.com\/index.php?rest_route=%2Fwp%2Fv2%2Fmedia&parent=2233"}],"wp:term":[{"taxonomy":"category","embeddable":true,"href":"https:\/\/cacaunews.com\/index.php?rest_route=%2Fwp%2Fv2%2Fcategories&post=2233"},{"taxonomy":"post_tag","embeddable":true,"href":"https:\/\/cacaunews.com\/index.php?rest_route=%2Fwp%2Fv2%2Ftags&post=2233"}],"curies":[{"name":"wp","href":"https:\/\/api.w.org\/{rel}","templated":true}]}}