{"id":2248,"date":"2023-07-17T15:51:33","date_gmt":"2023-07-17T15:51:33","guid":{"rendered":"https:\/\/cacaunews.com\/?p=2248"},"modified":"2023-07-17T15:51:33","modified_gmt":"2023-07-17T15:51:33","slug":"ilheus-14o-festival-internacional-do-chocolate-acontece-nos-dias-20-a-23-de-julho","status":"publish","type":"post","link":"https:\/\/cacaunews.com\/?p=2248","title":{"rendered":"Ilh\u00e9us: 14\u00ba Festival Internacional do Chocolate acontece nos dias 20 a 23 de Julho."},"content":{"rendered":"<p>O Festival Internacional de Chocolate e Cacau chega \u00e0 sua 14\u00aa edi\u00e7\u00e3o no munic\u00edpio e promete superar os eventos anteriores. Com apoio da Prefeitura de Ilh\u00e9us, a programa\u00e7\u00e3o gratuita inclui o 6\u00ba F\u00f3rum Anual do Cacau e acontece entre os dias 20 e 23 de julho, no Centro de Conven\u00e7\u00f5es.<\/p>\n<p>Considerado o maior evento de cacau e chocolate da Am\u00e9rica Latina, o \u201cChocolat Festival\u201d completa 30 edi\u00e7\u00f5es realizadas em seis estados brasileiros. Conforme os organizadores, no encontro deste ano h\u00e1 expectativa de atra\u00e7\u00e3o de mais de 300 expositores de, pelo menos, 120 marcas, al\u00e9m de expositores nacionais e internacionais, destacando os aspectos culturais, tur\u00edsticos, gastron\u00f4micos e sociais que envolvem a cadeia produtiva do chocolate e cacau.<\/p>\n<p>O Chocolat Festival se consagra como um grande promotor de neg\u00f3cios para os estados que j\u00e1 receberam o evento, favorecendo quem se associa \u00e0 marca, tendo gerado R$ 150 milh\u00f5es em neg\u00f3cios. Desde 2009, o Festival Internacional de Chocolate e Cacau j\u00e1 atraiu mais de 1 milh\u00e3o de visitantes, distribuindo mais de 80 mil certifica\u00e7\u00f5es em oficinas e cursos t\u00e9cnicos e gastron\u00f4micos, contribuindo para a cria\u00e7\u00e3o de mais de 350 marcas em todo o pa\u00eds.<\/p>\n<p>O 6\u00ba F\u00f3rum Anual do Cacau, por sua vez, acontece nos dois primeiros dias do festival, 20 e 21 de julho. O encontro tem entre seus objetivos disseminar conhecimento, compartilhar casos de sucesso e unir os diferentes atores da cadeia para discutir solu\u00e7\u00f5es rumo a um setor mais pr\u00f3spero e sustent\u00e1vel.<\/p>\n<p>As inscri\u00e7\u00f5es para o F\u00f3rum podem ser feitas no site https:\/\/forumanualdocacau.com.br<\/p>\n<p>O Festival Internacional do Chocolate e Cacau conta com a parceria do Estado da Bahia, Ceplac, Centro Internacional de Neg\u00f3cios da Bahia (CIN), FIEB, Sebrae, Desenbahia, Associa\u00e7\u00e3o dos Produtores de Cacau (APC), ATIL (Associa\u00e7\u00e3o do Turismo de Ilh\u00e9us), Biof\u00e1brica da Bahia e Estado do Par\u00e1.<\/p>\n<p>Com Informa\u00e7\u00f5es Ipolitica.<\/p>\n","protected":false},"excerpt":{"rendered":"<p>O Festival Internacional de Chocolate e Cacau chega \u00e0 sua 14\u00aa edi\u00e7\u00e3o no munic\u00edpio e&#8230;<\/p>\n","protected":false},"author":1,"featured_media":2249,"comment_status":"open","ping_status":"open","sticky":false,"template":"","format":"standard","meta":{"footnotes":""},"categories":[18,31,11],"tags":[353,34,896,37],"yoast_head":"<!-- This site is optimized with the Yoast SEO plugin v21.7 - https:\/\/yoast.com\/wordpress\/plugins\/seo\/ -->\n<title>Ilh\u00e9us: 14\u00ba Festival Internacional do Chocolate acontece nos dias 20 a 23 de Julho. - Cacau News<\/title>\n<meta name=\"robots\" content=\"index, follow, max-snippet:-1, max-image-preview:large, max-video-preview:-1\" \/>\n<link rel=\"canonical\" href=\"https:\/\/cacaunews.com\/?p=2248\" \/>\n<meta property=\"og:locale\" content=\"pt_BR\" \/>\n<meta property=\"og:type\" content=\"article\" \/>\n<meta property=\"og:title\" content=\"Ilh\u00e9us: 14\u00ba Festival Internacional do Chocolate acontece nos dias 20 a 23 de Julho. - Cacau News\" \/>\n<meta property=\"og:description\" content=\"O Festival Internacional de Chocolate e Cacau chega \u00e0 sua 14\u00aa edi\u00e7\u00e3o no munic\u00edpio e...\" \/>\n<meta property=\"og:url\" content=\"https:\/\/cacaunews.com\/?p=2248\" \/>\n<meta property=\"og:site_name\" content=\"Cacau News\" \/>\n<meta property=\"article:published_time\" content=\"2023-07-17T15:51:33+00:00\" \/>\n<meta property=\"og:image\" content=\"https:\/\/cacaunews.com\/wp-content\/uploads\/2023\/07\/Chocolat.webp\" \/>\n\t<meta property=\"og:image:width\" content=\"768\" \/>\n\t<meta property=\"og:image:height\" content=\"499\" \/>\n\t<meta property=\"og:image:type\" content=\"image\/webp\" \/>\n<meta name=\"author\" content=\"Reda\u00e7\u00e3o Cacau News\" \/>\n<meta name=\"twitter:card\" content=\"summary_large_image\" \/>\n<meta name=\"twitter:label1\" content=\"Escrito por\" \/>\n\t<meta name=\"twitter:data1\" content=\"Reda\u00e7\u00e3o Cacau News\" \/>\n\t<meta name=\"twitter:label2\" content=\"Est. tempo de leitura\" \/>\n\t<meta name=\"twitter:data2\" content=\"2 minutos\" \/>\n<script type=\"application\/ld+json\" class=\"yoast-schema-graph\">{\"@context\":\"https:\/\/schema.org\",\"@graph\":[{\"@type\":\"Article\",\"@id\":\"https:\/\/cacaunews.com\/?p=2248#article\",\"isPartOf\":{\"@id\":\"https:\/\/cacaunews.com\/?p=2248\"},\"author\":{\"name\":\"Reda\u00e7\u00e3o Cacau News\",\"@id\":\"https:\/\/cacaunews.com\/#\/schema\/person\/ea69703103e606ad347ccd64bd72ef79\"},\"headline\":\"Ilh\u00e9us: 14\u00ba Festival Internacional do Chocolate acontece nos dias 20 a 23 de Julho.\",\"datePublished\":\"2023-07-17T15:51:33+00:00\",\"dateModified\":\"2023-07-17T15:51:33+00:00\",\"mainEntityOfPage\":{\"@id\":\"https:\/\/cacaunews.com\/?p=2248\"},\"wordCount\":332,\"commentCount\":0,\"publisher\":{\"@id\":\"https:\/\/cacaunews.com\/#organization\"},\"keywords\":[\"chocolate\",\"cultura\",\"festival\",\"ilheus\"],\"articleSection\":[\"cidades\",\"Cultura\",\"Jornalismo\"],\"inLanguage\":\"pt-BR\",\"potentialAction\":[{\"@type\":\"CommentAction\",\"name\":\"Comment\",\"target\":[\"https:\/\/cacaunews.com\/?p=2248#respond\"]}]},{\"@type\":\"WebPage\",\"@id\":\"https:\/\/cacaunews.com\/?p=2248\",\"url\":\"https:\/\/cacaunews.com\/?p=2248\",\"name\":\"Ilh\u00e9us: 14\u00ba Festival Internacional do Chocolate acontece nos dias 20 a 23 de Julho. - Cacau News\",\"isPartOf\":{\"@id\":\"https:\/\/cacaunews.com\/#website\"},\"datePublished\":\"2023-07-17T15:51:33+00:00\",\"dateModified\":\"2023-07-17T15:51:33+00:00\",\"breadcrumb\":{\"@id\":\"https:\/\/cacaunews.com\/?p=2248#breadcrumb\"},\"inLanguage\":\"pt-BR\",\"potentialAction\":[{\"@type\":\"ReadAction\",\"target\":[\"https:\/\/cacaunews.com\/?p=2248\"]}]},{\"@type\":\"BreadcrumbList\",\"@id\":\"https:\/\/cacaunews.com\/?p=2248#breadcrumb\",\"itemListElement\":[{\"@type\":\"ListItem\",\"position\":1,\"name\":\"In\u00edcio\",\"item\":\"https:\/\/cacaunews.com\/\"},{\"@type\":\"ListItem\",\"position\":2,\"name\":\"Ilh\u00e9us: 14\u00ba Festival Internacional do Chocolate acontece nos dias 20 a 23 de Julho.\"}]},{\"@type\":\"WebSite\",\"@id\":\"https:\/\/cacaunews.com\/#website\",\"url\":\"https:\/\/cacaunews.com\/\",\"name\":\"Cacau News\",\"description\":\"A Informa\u00e7\u00e3o que voc\u00ea precisa!\",\"publisher\":{\"@id\":\"https:\/\/cacaunews.com\/#organization\"},\"potentialAction\":[{\"@type\":\"SearchAction\",\"target\":{\"@type\":\"EntryPoint\",\"urlTemplate\":\"https:\/\/cacaunews.com\/?s={search_term_string}\"},\"query-input\":\"required name=search_term_string\"}],\"inLanguage\":\"pt-BR\"},{\"@type\":\"Organization\",\"@id\":\"https:\/\/cacaunews.com\/#organization\",\"name\":\"Cacau News\",\"url\":\"https:\/\/cacaunews.com\/\",\"logo\":{\"@type\":\"ImageObject\",\"inLanguage\":\"pt-BR\",\"@id\":\"https:\/\/cacaunews.com\/#\/schema\/logo\/image\/\",\"url\":\"https:\/\/cacaunews.com\/wp-content\/uploads\/2025\/01\/cropped-LOGO-NOVA.png\",\"contentUrl\":\"https:\/\/cacaunews.com\/wp-content\/uploads\/2025\/01\/cropped-LOGO-NOVA.png\",\"width\":813,\"height\":813,\"caption\":\"Cacau News\"},\"image\":{\"@id\":\"https:\/\/cacaunews.com\/#\/schema\/logo\/image\/\"},\"sameAs\":[\"https:\/\/www.instagram.com\/cacaunews.online\/\",\"https:\/\/youtube.com\/@cacaunews?si=0VXLnjl08SrWbVG9\"]},{\"@type\":\"Person\",\"@id\":\"https:\/\/cacaunews.com\/#\/schema\/person\/ea69703103e606ad347ccd64bd72ef79\",\"name\":\"Reda\u00e7\u00e3o Cacau News\",\"image\":{\"@type\":\"ImageObject\",\"inLanguage\":\"pt-BR\",\"@id\":\"https:\/\/cacaunews.com\/#\/schema\/person\/image\/\",\"url\":\"https:\/\/secure.gravatar.com\/avatar\/d79227a2a7b6cc42e8d7a8f7c284cd3a?s=96&d=mm&r=g\",\"contentUrl\":\"https:\/\/secure.gravatar.com\/avatar\/d79227a2a7b6cc42e8d7a8f7c284cd3a?s=96&d=mm&r=g\",\"caption\":\"Reda\u00e7\u00e3o Cacau News\"},\"sameAs\":[\"https:\/\/cacaunews.com\"],\"url\":\"https:\/\/cacaunews.com\/?author=1\"}]}<\/script>\n<!-- \/ Yoast SEO plugin. -->","yoast_head_json":{"title":"Ilh\u00e9us: 14\u00ba Festival Internacional do Chocolate acontece nos dias 20 a 23 de Julho. - Cacau News","robots":{"index":"index","follow":"follow","max-snippet":"max-snippet:-1","max-image-preview":"max-image-preview:large","max-video-preview":"max-video-preview:-1"},"canonical":"https:\/\/cacaunews.com\/?p=2248","og_locale":"pt_BR","og_type":"article","og_title":"Ilh\u00e9us: 14\u00ba Festival Internacional do Chocolate acontece nos dias 20 a 23 de Julho. - Cacau News","og_description":"O Festival Internacional de Chocolate e Cacau chega \u00e0 sua 14\u00aa edi\u00e7\u00e3o no munic\u00edpio e...","og_url":"https:\/\/cacaunews.com\/?p=2248","og_site_name":"Cacau News","article_published_time":"2023-07-17T15:51:33+00:00","og_image":[{"width":768,"height":499,"url":"https:\/\/cacaunews.com\/wp-content\/uploads\/2023\/07\/Chocolat.webp","type":"image\/webp"}],"author":"Reda\u00e7\u00e3o Cacau News","twitter_card":"summary_large_image","twitter_misc":{"Escrito por":"Reda\u00e7\u00e3o Cacau News","Est. tempo de leitura":"2 minutos"},"schema":{"@context":"https:\/\/schema.org","@graph":[{"@type":"Article","@id":"https:\/\/cacaunews.com\/?p=2248#article","isPartOf":{"@id":"https:\/\/cacaunews.com\/?p=2248"},"author":{"name":"Reda\u00e7\u00e3o Cacau News","@id":"https:\/\/cacaunews.com\/#\/schema\/person\/ea69703103e606ad347ccd64bd72ef79"},"headline":"Ilh\u00e9us: 14\u00ba Festival Internacional do Chocolate acontece nos dias 20 a 23 de Julho.","datePublished":"2023-07-17T15:51:33+00:00","dateModified":"2023-07-17T15:51:33+00:00","mainEntityOfPage":{"@id":"https:\/\/cacaunews.com\/?p=2248"},"wordCount":332,"commentCount":0,"publisher":{"@id":"https:\/\/cacaunews.com\/#organization"},"keywords":["chocolate","cultura","festival","ilheus"],"articleSection":["cidades","Cultura","Jornalismo"],"inLanguage":"pt-BR","potentialAction":[{"@type":"CommentAction","name":"Comment","target":["https:\/\/cacaunews.com\/?p=2248#respond"]}]},{"@type":"WebPage","@id":"https:\/\/cacaunews.com\/?p=2248","url":"https:\/\/cacaunews.com\/?p=2248","name":"Ilh\u00e9us: 14\u00ba Festival Internacional do Chocolate acontece nos dias 20 a 23 de Julho. - Cacau News","isPartOf":{"@id":"https:\/\/cacaunews.com\/#website"},"datePublished":"2023-07-17T15:51:33+00:00","dateModified":"2023-07-17T15:51:33+00:00","breadcrumb":{"@id":"https:\/\/cacaunews.com\/?p=2248#breadcrumb"},"inLanguage":"pt-BR","potentialAction":[{"@type":"ReadAction","target":["https:\/\/cacaunews.com\/?p=2248"]}]},{"@type":"BreadcrumbList","@id":"https:\/\/cacaunews.com\/?p=2248#breadcrumb","itemListElement":[{"@type":"ListItem","position":1,"name":"In\u00edcio","item":"https:\/\/cacaunews.com\/"},{"@type":"ListItem","position":2,"name":"Ilh\u00e9us: 14\u00ba Festival Internacional do Chocolate acontece nos dias 20 a 23 de Julho."}]},{"@type":"WebSite","@id":"https:\/\/cacaunews.com\/#website","url":"https:\/\/cacaunews.com\/","name":"Cacau News","description":"A Informa\u00e7\u00e3o que voc\u00ea precisa!","publisher":{"@id":"https:\/\/cacaunews.com\/#organization"},"potentialAction":[{"@type":"SearchAction","target":{"@type":"EntryPoint","urlTemplate":"https:\/\/cacaunews.com\/?s={search_term_string}"},"query-input":"required name=search_term_string"}],"inLanguage":"pt-BR"},{"@type":"Organization","@id":"https:\/\/cacaunews.com\/#organization","name":"Cacau News","url":"https:\/\/cacaunews.com\/","logo":{"@type":"ImageObject","inLanguage":"pt-BR","@id":"https:\/\/cacaunews.com\/#\/schema\/logo\/image\/","url":"https:\/\/cacaunews.com\/wp-content\/uploads\/2025\/01\/cropped-LOGO-NOVA.png","contentUrl":"https:\/\/cacaunews.com\/wp-content\/uploads\/2025\/01\/cropped-LOGO-NOVA.png","width":813,"height":813,"caption":"Cacau News"},"image":{"@id":"https:\/\/cacaunews.com\/#\/schema\/logo\/image\/"},"sameAs":["https:\/\/www.instagram.com\/cacaunews.online\/","https:\/\/youtube.com\/@cacaunews?si=0VXLnjl08SrWbVG9"]},{"@type":"Person","@id":"https:\/\/cacaunews.com\/#\/schema\/person\/ea69703103e606ad347ccd64bd72ef79","name":"Reda\u00e7\u00e3o Cacau News","image":{"@type":"ImageObject","inLanguage":"pt-BR","@id":"https:\/\/cacaunews.com\/#\/schema\/person\/image\/","url":"https:\/\/secure.gravatar.com\/avatar\/d79227a2a7b6cc42e8d7a8f7c284cd3a?s=96&d=mm&r=g","contentUrl":"https:\/\/secure.gravatar.com\/avatar\/d79227a2a7b6cc42e8d7a8f7c284cd3a?s=96&d=mm&r=g","caption":"Reda\u00e7\u00e3o Cacau News"},"sameAs":["https:\/\/cacaunews.com"],"url":"https:\/\/cacaunews.com\/?author=1"}]}},"jetpack_sharing_enabled":true,"jetpack_featured_media_url":"https:\/\/cacaunews.com\/wp-content\/uploads\/2023\/07\/Chocolat.webp","_links":{"self":[{"href":"https:\/\/cacaunews.com\/index.php?rest_route=\/wp\/v2\/posts\/2248"}],"collection":[{"href":"https:\/\/cacaunews.com\/index.php?rest_route=\/wp\/v2\/posts"}],"about":[{"href":"https:\/\/cacaunews.com\/index.php?rest_route=\/wp\/v2\/types\/post"}],"author":[{"embeddable":true,"href":"https:\/\/cacaunews.com\/index.php?rest_route=\/wp\/v2\/users\/1"}],"replies":[{"embeddable":true,"href":"https:\/\/cacaunews.com\/index.php?rest_route=%2Fwp%2Fv2%2Fcomments&post=2248"}],"version-history":[{"count":1,"href":"https:\/\/cacaunews.com\/index.php?rest_route=\/wp\/v2\/posts\/2248\/revisions"}],"predecessor-version":[{"id":2250,"href":"https:\/\/cacaunews.com\/index.php?rest_route=\/wp\/v2\/posts\/2248\/revisions\/2250"}],"wp:featuredmedia":[{"embeddable":true,"href":"https:\/\/cacaunews.com\/index.php?rest_route=\/wp\/v2\/media\/2249"}],"wp:attachment":[{"href":"https:\/\/cacaunews.com\/index.php?rest_route=%2Fwp%2Fv2%2Fmedia&parent=2248"}],"wp:term":[{"taxonomy":"category","embeddable":true,"href":"https:\/\/cacaunews.com\/index.php?rest_route=%2Fwp%2Fv2%2Fcategories&post=2248"},{"taxonomy":"post_tag","embeddable":true,"href":"https:\/\/cacaunews.com\/index.php?rest_route=%2Fwp%2Fv2%2Ftags&post=2248"}],"curies":[{"name":"wp","href":"https:\/\/api.w.org\/{rel}","templated":true}]}}