{"id":2268,"date":"2023-07-21T11:54:06","date_gmt":"2023-07-21T11:54:06","guid":{"rendered":"https:\/\/cacaunews.com\/?p=2268"},"modified":"2023-07-21T15:30:41","modified_gmt":"2023-07-21T15:30:41","slug":"chocolat-bahia-festival-de-ilheus-e-aberto-nesta-quinta-20-governador-participa-do-evento","status":"publish","type":"post","link":"https:\/\/cacaunews.com\/?p=2268","title":{"rendered":"Chocolat Bahia Festival de Ilh\u00e9us \u00e9 aberto nesta quinta (20); governador participa do evento."},"content":{"rendered":"\n<p>At\u00e9 domingo (23), a cidade de Ilh\u00e9us, no Sul do estado, um dos destinos tur\u00edsticos mais procurados da Costa do Cacau, vai se tornar a capital do chocolate. \u00c9 que foi aberta, oficialmente, nesta quinta-feira (20), a edi\u00e7\u00e3o especial n\u00famero 30 do Festival Internacional do Chocolate, a 14\u00aa realizada na Bahia. Reconhecido internacionalmente como o maior encontro de chocolate e cacau da Am\u00e9rica Latina, o evento tem patroc\u00ednio do Governo do Estado. <br><br>O governador Jer\u00f4nimo Rodrigues participou do ato e visitou os estandes instalados no Centro de Conven\u00e7\u00f5es da cidade. \u201cO festival est\u00e1 a cada ano mais amadurecido, com novas marcas e diversidade dentro das marcas. Aqui tem gera\u00e7\u00e3o de renda, de emprego e valoriza\u00e7\u00e3o de um produto que no passado era s\u00f3 am\u00eandoa do cacau. Agora, tem toda uma cadeia produtiva envolvida, desde a planta\u00e7\u00e3o at\u00e9 a comercializa\u00e7\u00e3o dos produtos\u201d, apontou o Jer\u00f4nimo. <br><br>De acordo com Marco Lessa, organizador do festival, a expectativa \u00e9 que 70 mil pessoas visitem a feira at\u00e9 domingo (23), movimentando R$ 20 milh\u00f5es em neg\u00f3cios.  \u201cTemos aqui 200 marcas de chocolate que existem no estado. Temos tamb\u00e9m outros neg\u00f3cios. Temos o desenvolvimento de tecnologia em cima de uma mat\u00e9ria prima que \u00e9 o s\u00edmbolo da sustentabilidade brasileira, que \u00e9 o cacau\u201d, afirmou.<br><br>No local, estar\u00e3o reunidos pelos pr\u00f3ximos dias, produtores, chefs e apreciadores do cacau e do chocolate da Bahia, de diversos estados brasileiros e de outros pa\u00edses. A programa\u00e7\u00e3o inclui palestras, cozinha show, degusta\u00e7\u00e3o, oficinas e rodadas de neg\u00f3cios. Tamb\u00e9m \u00e9 poss\u00edvel adquirir chocolates finos e artesanais, al\u00e9m de produtos produzidos por cooperativas da agricultura familiar da regi\u00e3o, como nibs, barras, mel de cacau e licor de mel de cacau.<br> <br><strong>Apoio Estadual <\/strong><br><br>O governo do estado tamb\u00e9m conta com alguns estandes no Festival, como o da F\u00e1brica-Escola de Chocolate Deize Silva Santana, ligada ao Centro Estadual de Educa\u00e7\u00e3o Profissional (CEEP) Nelson Schaun, em Ilh\u00e9us, que conta com 243 estudantes no curso de Agroind\u00fastria; o do Centro P\u00fablico de Economia Solid\u00e1ria (Cesol), da Secretaria do Trabalho, Emprego, Renda e Esporte da Bahia (Setre), com a presen\u00e7a de diversos empreendimentos apoiados pelo governo baiano; e o da Secretaria do Turismo da Bahia. <br><br>Para o titular da Setur, Maur\u00edcio Bacelar, \u00e9 uma boa oportunidade para atrair mais visitantes para a Bahia. \u201cAl\u00e9m de estimular a ind\u00fastria cacaueira, gerando emprego e renda nas fazendas de cacau, estamos fazendo uma diversifica\u00e7\u00e3o da oferta tur\u00edstica. O chocolate \u00e9 um atrativo a mais para que o turista venha em outras \u00e9pocas do ano, sem ser alta esta\u00e7\u00e3o, e permane\u00e7a mais tempo no destino\u201d, disse o secret\u00e1rio.<br><br><strong>Economia Solid\u00e1ria<\/strong><br><br>Em mar\u00e7o deste ano, foi inaugurada, em Ilh\u00e9us, a ChocoSol \u2013 primeira f\u00e1brica de chocolates da economia solid\u00e1ria do Brasil. A unidade teve investimento de R$ 523 mil da Setre e tem capacidade para produzir at\u00e9 1,2 tonelada de chocolate.<br><br><strong>Servi\u00e7o<\/strong><br><br>O festival ocorre todos os dias das 14h \u00e0s 22h, exceto no domingo, que encerra \u00e0s 21h. A entrada \u00e9 gratuita para visitar os estandes e participar das demais atividades programadas, sendo que as vagas s\u00e3o limitadas de acordo com a lota\u00e7\u00e3o do espa\u00e7o.<br><br>Rep\u00f3rter Anderson Oliveira<\/p>\n\n\n\n<figure class=\"wp-block-embed is-type-video is-provider-youtube wp-block-embed-youtube wp-embed-aspect-16-9 wp-has-aspect-ratio\"><div class=\"wp-block-embed__wrapper\">\n<iframe title=\"ILH\u00c9US: 30\u00b0 Edi\u00e7\u00e3o do Chocolat Festival \u00e9 aberta na cidade.\" width=\"640\" height=\"360\" src=\"https:\/\/www.youtube.com\/embed\/XnmMTmTbbFc?feature=oembed\" frameborder=\"0\" allow=\"accelerometer; autoplay; clipboard-write; encrypted-media; gyroscope; picture-in-picture; web-share\" allowfullscreen><\/iframe>\n<\/div><\/figure>\n","protected":false},"excerpt":{"rendered":"<p>At\u00e9 domingo (23), a cidade de Ilh\u00e9us, no Sul do estado, um dos destinos tur\u00edsticos&#8230;<\/p>\n","protected":false},"author":1,"featured_media":2267,"comment_status":"open","ping_status":"open","sticky":false,"template":"","format":"standard","meta":{"footnotes":""},"categories":[18,11],"tags":[254,905,906,37],"yoast_head":"<!-- This site is optimized with the Yoast SEO plugin v21.7 - https:\/\/yoast.com\/wordpress\/plugins\/seo\/ -->\n<title>Chocolat Bahia Festival de Ilh\u00e9us \u00e9 aberto nesta quinta (20); governador participa do evento. - Cacau News<\/title>\n<meta name=\"robots\" content=\"index, follow, max-snippet:-1, max-image-preview:large, max-video-preview:-1\" \/>\n<link rel=\"canonical\" href=\"https:\/\/cacaunews.com\/?p=2268\" \/>\n<meta property=\"og:locale\" content=\"pt_BR\" \/>\n<meta property=\"og:type\" content=\"article\" \/>\n<meta property=\"og:title\" content=\"Chocolat Bahia Festival de Ilh\u00e9us \u00e9 aberto nesta quinta (20); governador participa do evento. - Cacau News\" \/>\n<meta property=\"og:description\" content=\"At\u00e9 domingo (23), a cidade de Ilh\u00e9us, no Sul do estado, um dos destinos tur\u00edsticos...\" \/>\n<meta property=\"og:url\" content=\"https:\/\/cacaunews.com\/?p=2268\" \/>\n<meta property=\"og:site_name\" content=\"Cacau News\" \/>\n<meta property=\"article:published_time\" content=\"2023-07-21T11:54:06+00:00\" \/>\n<meta property=\"article:modified_time\" content=\"2023-07-21T15:30:41+00:00\" \/>\n<meta property=\"og:image\" content=\"https:\/\/cacaunews.com\/wp-content\/uploads\/2023\/07\/IMG-20230721-WA0063.jpg\" \/>\n\t<meta property=\"og:image:width\" content=\"1600\" \/>\n\t<meta property=\"og:image:height\" content=\"1128\" \/>\n\t<meta property=\"og:image:type\" content=\"image\/jpeg\" \/>\n<meta name=\"author\" content=\"Reda\u00e7\u00e3o Cacau News\" \/>\n<meta name=\"twitter:card\" content=\"summary_large_image\" \/>\n<meta name=\"twitter:label1\" content=\"Escrito por\" \/>\n\t<meta name=\"twitter:data1\" content=\"Reda\u00e7\u00e3o Cacau News\" \/>\n\t<meta name=\"twitter:label2\" content=\"Est. tempo de leitura\" \/>\n\t<meta name=\"twitter:data2\" content=\"3 minutos\" \/>\n<script type=\"application\/ld+json\" class=\"yoast-schema-graph\">{\"@context\":\"https:\/\/schema.org\",\"@graph\":[{\"@type\":\"Article\",\"@id\":\"https:\/\/cacaunews.com\/?p=2268#article\",\"isPartOf\":{\"@id\":\"https:\/\/cacaunews.com\/?p=2268\"},\"author\":{\"name\":\"Reda\u00e7\u00e3o Cacau News\",\"@id\":\"https:\/\/cacaunews.com\/#\/schema\/person\/ea69703103e606ad347ccd64bd72ef79\"},\"headline\":\"Chocolat Bahia Festival de Ilh\u00e9us \u00e9 aberto nesta quinta (20); governador participa do evento.\",\"datePublished\":\"2023-07-21T11:54:06+00:00\",\"dateModified\":\"2023-07-21T15:30:41+00:00\",\"mainEntityOfPage\":{\"@id\":\"https:\/\/cacaunews.com\/?p=2268\"},\"wordCount\":569,\"commentCount\":0,\"publisher\":{\"@id\":\"https:\/\/cacaunews.com\/#organization\"},\"keywords\":[\"abertura\",\"Chocolat Festival\",\"eventos\",\"ilheus\"],\"articleSection\":[\"cidades\",\"Jornalismo\"],\"inLanguage\":\"pt-BR\",\"potentialAction\":[{\"@type\":\"CommentAction\",\"name\":\"Comment\",\"target\":[\"https:\/\/cacaunews.com\/?p=2268#respond\"]}]},{\"@type\":\"WebPage\",\"@id\":\"https:\/\/cacaunews.com\/?p=2268\",\"url\":\"https:\/\/cacaunews.com\/?p=2268\",\"name\":\"Chocolat Bahia Festival de Ilh\u00e9us \u00e9 aberto nesta quinta (20); governador participa do evento. - Cacau News\",\"isPartOf\":{\"@id\":\"https:\/\/cacaunews.com\/#website\"},\"datePublished\":\"2023-07-21T11:54:06+00:00\",\"dateModified\":\"2023-07-21T15:30:41+00:00\",\"breadcrumb\":{\"@id\":\"https:\/\/cacaunews.com\/?p=2268#breadcrumb\"},\"inLanguage\":\"pt-BR\",\"potentialAction\":[{\"@type\":\"ReadAction\",\"target\":[\"https:\/\/cacaunews.com\/?p=2268\"]}]},{\"@type\":\"BreadcrumbList\",\"@id\":\"https:\/\/cacaunews.com\/?p=2268#breadcrumb\",\"itemListElement\":[{\"@type\":\"ListItem\",\"position\":1,\"name\":\"In\u00edcio\",\"item\":\"https:\/\/cacaunews.com\/\"},{\"@type\":\"ListItem\",\"position\":2,\"name\":\"Chocolat Bahia Festival de Ilh\u00e9us \u00e9 aberto nesta quinta (20); governador participa do evento.\"}]},{\"@type\":\"WebSite\",\"@id\":\"https:\/\/cacaunews.com\/#website\",\"url\":\"https:\/\/cacaunews.com\/\",\"name\":\"Cacau News\",\"description\":\"A Informa\u00e7\u00e3o que voc\u00ea precisa!\",\"publisher\":{\"@id\":\"https:\/\/cacaunews.com\/#organization\"},\"potentialAction\":[{\"@type\":\"SearchAction\",\"target\":{\"@type\":\"EntryPoint\",\"urlTemplate\":\"https:\/\/cacaunews.com\/?s={search_term_string}\"},\"query-input\":\"required name=search_term_string\"}],\"inLanguage\":\"pt-BR\"},{\"@type\":\"Organization\",\"@id\":\"https:\/\/cacaunews.com\/#organization\",\"name\":\"Cacau News\",\"url\":\"https:\/\/cacaunews.com\/\",\"logo\":{\"@type\":\"ImageObject\",\"inLanguage\":\"pt-BR\",\"@id\":\"https:\/\/cacaunews.com\/#\/schema\/logo\/image\/\",\"url\":\"https:\/\/cacaunews.com\/wp-content\/uploads\/2025\/01\/cropped-LOGO-NOVA.png\",\"contentUrl\":\"https:\/\/cacaunews.com\/wp-content\/uploads\/2025\/01\/cropped-LOGO-NOVA.png\",\"width\":813,\"height\":813,\"caption\":\"Cacau News\"},\"image\":{\"@id\":\"https:\/\/cacaunews.com\/#\/schema\/logo\/image\/\"},\"sameAs\":[\"https:\/\/www.instagram.com\/cacaunews.online\/\",\"https:\/\/youtube.com\/@cacaunews?si=0VXLnjl08SrWbVG9\"]},{\"@type\":\"Person\",\"@id\":\"https:\/\/cacaunews.com\/#\/schema\/person\/ea69703103e606ad347ccd64bd72ef79\",\"name\":\"Reda\u00e7\u00e3o Cacau News\",\"image\":{\"@type\":\"ImageObject\",\"inLanguage\":\"pt-BR\",\"@id\":\"https:\/\/cacaunews.com\/#\/schema\/person\/image\/\",\"url\":\"https:\/\/secure.gravatar.com\/avatar\/d79227a2a7b6cc42e8d7a8f7c284cd3a?s=96&d=mm&r=g\",\"contentUrl\":\"https:\/\/secure.gravatar.com\/avatar\/d79227a2a7b6cc42e8d7a8f7c284cd3a?s=96&d=mm&r=g\",\"caption\":\"Reda\u00e7\u00e3o Cacau News\"},\"sameAs\":[\"https:\/\/cacaunews.com\"],\"url\":\"https:\/\/cacaunews.com\/?author=1\"}]}<\/script>\n<!-- \/ Yoast SEO plugin. -->","yoast_head_json":{"title":"Chocolat Bahia Festival de Ilh\u00e9us \u00e9 aberto nesta quinta (20); governador participa do evento. - Cacau News","robots":{"index":"index","follow":"follow","max-snippet":"max-snippet:-1","max-image-preview":"max-image-preview:large","max-video-preview":"max-video-preview:-1"},"canonical":"https:\/\/cacaunews.com\/?p=2268","og_locale":"pt_BR","og_type":"article","og_title":"Chocolat Bahia Festival de Ilh\u00e9us \u00e9 aberto nesta quinta (20); governador participa do evento. - Cacau News","og_description":"At\u00e9 domingo (23), a cidade de Ilh\u00e9us, no Sul do estado, um dos destinos tur\u00edsticos...","og_url":"https:\/\/cacaunews.com\/?p=2268","og_site_name":"Cacau News","article_published_time":"2023-07-21T11:54:06+00:00","article_modified_time":"2023-07-21T15:30:41+00:00","og_image":[{"width":1600,"height":1128,"url":"https:\/\/cacaunews.com\/wp-content\/uploads\/2023\/07\/IMG-20230721-WA0063.jpg","type":"image\/jpeg"}],"author":"Reda\u00e7\u00e3o Cacau News","twitter_card":"summary_large_image","twitter_misc":{"Escrito por":"Reda\u00e7\u00e3o Cacau News","Est. tempo de leitura":"3 minutos"},"schema":{"@context":"https:\/\/schema.org","@graph":[{"@type":"Article","@id":"https:\/\/cacaunews.com\/?p=2268#article","isPartOf":{"@id":"https:\/\/cacaunews.com\/?p=2268"},"author":{"name":"Reda\u00e7\u00e3o Cacau News","@id":"https:\/\/cacaunews.com\/#\/schema\/person\/ea69703103e606ad347ccd64bd72ef79"},"headline":"Chocolat Bahia Festival de Ilh\u00e9us \u00e9 aberto nesta quinta (20); governador participa do evento.","datePublished":"2023-07-21T11:54:06+00:00","dateModified":"2023-07-21T15:30:41+00:00","mainEntityOfPage":{"@id":"https:\/\/cacaunews.com\/?p=2268"},"wordCount":569,"commentCount":0,"publisher":{"@id":"https:\/\/cacaunews.com\/#organization"},"keywords":["abertura","Chocolat Festival","eventos","ilheus"],"articleSection":["cidades","Jornalismo"],"inLanguage":"pt-BR","potentialAction":[{"@type":"CommentAction","name":"Comment","target":["https:\/\/cacaunews.com\/?p=2268#respond"]}]},{"@type":"WebPage","@id":"https:\/\/cacaunews.com\/?p=2268","url":"https:\/\/cacaunews.com\/?p=2268","name":"Chocolat Bahia Festival de Ilh\u00e9us \u00e9 aberto nesta quinta (20); governador participa do evento. - Cacau News","isPartOf":{"@id":"https:\/\/cacaunews.com\/#website"},"datePublished":"2023-07-21T11:54:06+00:00","dateModified":"2023-07-21T15:30:41+00:00","breadcrumb":{"@id":"https:\/\/cacaunews.com\/?p=2268#breadcrumb"},"inLanguage":"pt-BR","potentialAction":[{"@type":"ReadAction","target":["https:\/\/cacaunews.com\/?p=2268"]}]},{"@type":"BreadcrumbList","@id":"https:\/\/cacaunews.com\/?p=2268#breadcrumb","itemListElement":[{"@type":"ListItem","position":1,"name":"In\u00edcio","item":"https:\/\/cacaunews.com\/"},{"@type":"ListItem","position":2,"name":"Chocolat Bahia Festival de Ilh\u00e9us \u00e9 aberto nesta quinta (20); governador participa do evento."}]},{"@type":"WebSite","@id":"https:\/\/cacaunews.com\/#website","url":"https:\/\/cacaunews.com\/","name":"Cacau News","description":"A Informa\u00e7\u00e3o que voc\u00ea precisa!","publisher":{"@id":"https:\/\/cacaunews.com\/#organization"},"potentialAction":[{"@type":"SearchAction","target":{"@type":"EntryPoint","urlTemplate":"https:\/\/cacaunews.com\/?s={search_term_string}"},"query-input":"required name=search_term_string"}],"inLanguage":"pt-BR"},{"@type":"Organization","@id":"https:\/\/cacaunews.com\/#organization","name":"Cacau News","url":"https:\/\/cacaunews.com\/","logo":{"@type":"ImageObject","inLanguage":"pt-BR","@id":"https:\/\/cacaunews.com\/#\/schema\/logo\/image\/","url":"https:\/\/cacaunews.com\/wp-content\/uploads\/2025\/01\/cropped-LOGO-NOVA.png","contentUrl":"https:\/\/cacaunews.com\/wp-content\/uploads\/2025\/01\/cropped-LOGO-NOVA.png","width":813,"height":813,"caption":"Cacau News"},"image":{"@id":"https:\/\/cacaunews.com\/#\/schema\/logo\/image\/"},"sameAs":["https:\/\/www.instagram.com\/cacaunews.online\/","https:\/\/youtube.com\/@cacaunews?si=0VXLnjl08SrWbVG9"]},{"@type":"Person","@id":"https:\/\/cacaunews.com\/#\/schema\/person\/ea69703103e606ad347ccd64bd72ef79","name":"Reda\u00e7\u00e3o Cacau News","image":{"@type":"ImageObject","inLanguage":"pt-BR","@id":"https:\/\/cacaunews.com\/#\/schema\/person\/image\/","url":"https:\/\/secure.gravatar.com\/avatar\/d79227a2a7b6cc42e8d7a8f7c284cd3a?s=96&d=mm&r=g","contentUrl":"https:\/\/secure.gravatar.com\/avatar\/d79227a2a7b6cc42e8d7a8f7c284cd3a?s=96&d=mm&r=g","caption":"Reda\u00e7\u00e3o Cacau News"},"sameAs":["https:\/\/cacaunews.com"],"url":"https:\/\/cacaunews.com\/?author=1"}]}},"jetpack_sharing_enabled":true,"jetpack_featured_media_url":"https:\/\/cacaunews.com\/wp-content\/uploads\/2023\/07\/IMG-20230721-WA0063.jpg","_links":{"self":[{"href":"https:\/\/cacaunews.com\/index.php?rest_route=\/wp\/v2\/posts\/2268"}],"collection":[{"href":"https:\/\/cacaunews.com\/index.php?rest_route=\/wp\/v2\/posts"}],"about":[{"href":"https:\/\/cacaunews.com\/index.php?rest_route=\/wp\/v2\/types\/post"}],"author":[{"embeddable":true,"href":"https:\/\/cacaunews.com\/index.php?rest_route=\/wp\/v2\/users\/1"}],"replies":[{"embeddable":true,"href":"https:\/\/cacaunews.com\/index.php?rest_route=%2Fwp%2Fv2%2Fcomments&post=2268"}],"version-history":[{"count":2,"href":"https:\/\/cacaunews.com\/index.php?rest_route=\/wp\/v2\/posts\/2268\/revisions"}],"predecessor-version":[{"id":2270,"href":"https:\/\/cacaunews.com\/index.php?rest_route=\/wp\/v2\/posts\/2268\/revisions\/2270"}],"wp:featuredmedia":[{"embeddable":true,"href":"https:\/\/cacaunews.com\/index.php?rest_route=\/wp\/v2\/media\/2267"}],"wp:attachment":[{"href":"https:\/\/cacaunews.com\/index.php?rest_route=%2Fwp%2Fv2%2Fmedia&parent=2268"}],"wp:term":[{"taxonomy":"category","embeddable":true,"href":"https:\/\/cacaunews.com\/index.php?rest_route=%2Fwp%2Fv2%2Fcategories&post=2268"},{"taxonomy":"post_tag","embeddable":true,"href":"https:\/\/cacaunews.com\/index.php?rest_route=%2Fwp%2Fv2%2Ftags&post=2268"}],"curies":[{"name":"wp","href":"https:\/\/api.w.org\/{rel}","templated":true}]}}