{"id":2272,"date":"2023-07-21T21:27:45","date_gmt":"2023-07-21T21:27:45","guid":{"rendered":"https:\/\/cacaunews.com\/?p=2272"},"modified":"2023-07-21T21:26:53","modified_gmt":"2023-07-21T21:26:53","slug":"encontrada-a-ossada-da-aposentada-vera-lucia-vaz-apos-um-mes-desaparecida","status":"publish","type":"post","link":"https:\/\/cacaunews.com\/?p=2272","title":{"rendered":"Encontrada a ossada da aposentada Vera L\u00facia Vaz, ap\u00f3s um m\u00eas desaparecida."},"content":{"rendered":"\n<p>A aposentada Vera L\u00facia Vaz Vieira, que estava desde o dia 19\/06 desaparecida, foi encontrada. <br><br>Pol\u00edcia civil confirmou a morte mediante exames periciais numa ossada encontrada no Japu, uma \u00e1rea rural de Ilh\u00e9us. <\/p>\n\n\n\n<p>Uma hip\u00f3tese de extors\u00e3o mediante sequestro, est\u00e1 sendo analisada. E, mais informa\u00e7\u00f5es sobre o avan\u00e7o da investiga\u00e7\u00e3o n\u00e3o ser\u00e1 revelada, assim afirmou o  Delegado Evy Paternostro em uma coletiva de imprensa que durou cerca de trinta minutos na 6\u00aa COORPIN de Itabuna.<\/p>\n\n\n\n<p>Com Informa\u00e7\u00f5es Verdinho Itabuna.<\/p>\n","protected":false},"excerpt":{"rendered":"<p>A aposentada Vera L\u00facia Vaz Vieira, que estava desde o dia 19\/06 desaparecida, foi encontrada&#8230;.<\/p>\n","protected":false},"author":1,"featured_media":2271,"comment_status":"open","ping_status":"open","sticky":false,"template":"","format":"standard","meta":{"footnotes":""},"categories":[18,11],"tags":[907,37,27,908,909],"yoast_head":"<!-- This site is optimized with the Yoast SEO plugin v21.7 - https:\/\/yoast.com\/wordpress\/plugins\/seo\/ -->\n<title>Encontrada a ossada da aposentada Vera L\u00facia Vaz, ap\u00f3s um m\u00eas desaparecida. - Cacau News<\/title>\n<meta name=\"robots\" content=\"index, follow, max-snippet:-1, max-image-preview:large, max-video-preview:-1\" \/>\n<link rel=\"canonical\" href=\"https:\/\/cacaunews.com\/?p=2272\" \/>\n<meta property=\"og:locale\" content=\"pt_BR\" \/>\n<meta property=\"og:type\" content=\"article\" \/>\n<meta property=\"og:title\" content=\"Encontrada a ossada da aposentada Vera L\u00facia Vaz, ap\u00f3s um m\u00eas desaparecida. - Cacau News\" \/>\n<meta property=\"og:description\" content=\"A aposentada Vera L\u00facia Vaz Vieira, que estava desde o dia 19\/06 desaparecida, foi encontrada....\" \/>\n<meta property=\"og:url\" content=\"https:\/\/cacaunews.com\/?p=2272\" \/>\n<meta property=\"og:site_name\" content=\"Cacau News\" \/>\n<meta property=\"article:published_time\" content=\"2023-07-21T21:27:45+00:00\" \/>\n<meta property=\"article:modified_time\" content=\"2023-07-21T21:26:53+00:00\" \/>\n<meta property=\"og:image\" content=\"https:\/\/cacaunews.com\/wp-content\/uploads\/2023\/07\/IMG_20230721_182003.jpg\" \/>\n\t<meta property=\"og:image:width\" content=\"1022\" \/>\n\t<meta property=\"og:image:height\" content=\"1141\" \/>\n\t<meta property=\"og:image:type\" content=\"image\/jpeg\" \/>\n<meta name=\"author\" content=\"Reda\u00e7\u00e3o Cacau News\" \/>\n<meta name=\"twitter:card\" content=\"summary_large_image\" \/>\n<meta name=\"twitter:label1\" content=\"Escrito por\" \/>\n\t<meta name=\"twitter:data1\" content=\"Reda\u00e7\u00e3o Cacau News\" \/>\n<script type=\"application\/ld+json\" class=\"yoast-schema-graph\">{\"@context\":\"https:\/\/schema.org\",\"@graph\":[{\"@type\":\"Article\",\"@id\":\"https:\/\/cacaunews.com\/?p=2272#article\",\"isPartOf\":{\"@id\":\"https:\/\/cacaunews.com\/?p=2272\"},\"author\":{\"name\":\"Reda\u00e7\u00e3o Cacau News\",\"@id\":\"https:\/\/cacaunews.com\/#\/schema\/person\/ea69703103e606ad347ccd64bd72ef79\"},\"headline\":\"Encontrada a ossada da aposentada Vera L\u00facia Vaz, ap\u00f3s um m\u00eas desaparecida.\",\"datePublished\":\"2023-07-21T21:27:45+00:00\",\"dateModified\":\"2023-07-21T21:26:53+00:00\",\"mainEntityOfPage\":{\"@id\":\"https:\/\/cacaunews.com\/?p=2272\"},\"wordCount\":102,\"commentCount\":0,\"publisher\":{\"@id\":\"https:\/\/cacaunews.com\/#organization\"},\"keywords\":[\"encontrada\",\"ilheus\",\"itabuna\",\"ossada\",\"Vera L\u00facia\"],\"articleSection\":[\"cidades\",\"Jornalismo\"],\"inLanguage\":\"pt-BR\",\"potentialAction\":[{\"@type\":\"CommentAction\",\"name\":\"Comment\",\"target\":[\"https:\/\/cacaunews.com\/?p=2272#respond\"]}]},{\"@type\":\"WebPage\",\"@id\":\"https:\/\/cacaunews.com\/?p=2272\",\"url\":\"https:\/\/cacaunews.com\/?p=2272\",\"name\":\"Encontrada a ossada da aposentada Vera L\u00facia Vaz, ap\u00f3s um m\u00eas desaparecida. - Cacau News\",\"isPartOf\":{\"@id\":\"https:\/\/cacaunews.com\/#website\"},\"datePublished\":\"2023-07-21T21:27:45+00:00\",\"dateModified\":\"2023-07-21T21:26:53+00:00\",\"breadcrumb\":{\"@id\":\"https:\/\/cacaunews.com\/?p=2272#breadcrumb\"},\"inLanguage\":\"pt-BR\",\"potentialAction\":[{\"@type\":\"ReadAction\",\"target\":[\"https:\/\/cacaunews.com\/?p=2272\"]}]},{\"@type\":\"BreadcrumbList\",\"@id\":\"https:\/\/cacaunews.com\/?p=2272#breadcrumb\",\"itemListElement\":[{\"@type\":\"ListItem\",\"position\":1,\"name\":\"In\u00edcio\",\"item\":\"https:\/\/cacaunews.com\/\"},{\"@type\":\"ListItem\",\"position\":2,\"name\":\"Encontrada a ossada da aposentada Vera L\u00facia Vaz, ap\u00f3s um m\u00eas desaparecida.\"}]},{\"@type\":\"WebSite\",\"@id\":\"https:\/\/cacaunews.com\/#website\",\"url\":\"https:\/\/cacaunews.com\/\",\"name\":\"Cacau News\",\"description\":\"A Informa\u00e7\u00e3o que voc\u00ea precisa!\",\"publisher\":{\"@id\":\"https:\/\/cacaunews.com\/#organization\"},\"potentialAction\":[{\"@type\":\"SearchAction\",\"target\":{\"@type\":\"EntryPoint\",\"urlTemplate\":\"https:\/\/cacaunews.com\/?s={search_term_string}\"},\"query-input\":\"required name=search_term_string\"}],\"inLanguage\":\"pt-BR\"},{\"@type\":\"Organization\",\"@id\":\"https:\/\/cacaunews.com\/#organization\",\"name\":\"Cacau News\",\"url\":\"https:\/\/cacaunews.com\/\",\"logo\":{\"@type\":\"ImageObject\",\"inLanguage\":\"pt-BR\",\"@id\":\"https:\/\/cacaunews.com\/#\/schema\/logo\/image\/\",\"url\":\"https:\/\/cacaunews.com\/wp-content\/uploads\/2025\/01\/cropped-LOGO-NOVA.png\",\"contentUrl\":\"https:\/\/cacaunews.com\/wp-content\/uploads\/2025\/01\/cropped-LOGO-NOVA.png\",\"width\":813,\"height\":813,\"caption\":\"Cacau News\"},\"image\":{\"@id\":\"https:\/\/cacaunews.com\/#\/schema\/logo\/image\/\"},\"sameAs\":[\"https:\/\/www.instagram.com\/cacaunews.online\/\",\"https:\/\/youtube.com\/@cacaunews?si=0VXLnjl08SrWbVG9\"]},{\"@type\":\"Person\",\"@id\":\"https:\/\/cacaunews.com\/#\/schema\/person\/ea69703103e606ad347ccd64bd72ef79\",\"name\":\"Reda\u00e7\u00e3o Cacau News\",\"image\":{\"@type\":\"ImageObject\",\"inLanguage\":\"pt-BR\",\"@id\":\"https:\/\/cacaunews.com\/#\/schema\/person\/image\/\",\"url\":\"https:\/\/secure.gravatar.com\/avatar\/d79227a2a7b6cc42e8d7a8f7c284cd3a?s=96&d=mm&r=g\",\"contentUrl\":\"https:\/\/secure.gravatar.com\/avatar\/d79227a2a7b6cc42e8d7a8f7c284cd3a?s=96&d=mm&r=g\",\"caption\":\"Reda\u00e7\u00e3o Cacau News\"},\"sameAs\":[\"https:\/\/cacaunews.com\"],\"url\":\"https:\/\/cacaunews.com\/?author=1\"}]}<\/script>\n<!-- \/ Yoast SEO plugin. -->","yoast_head_json":{"title":"Encontrada a ossada da aposentada Vera L\u00facia Vaz, ap\u00f3s um m\u00eas desaparecida. - Cacau News","robots":{"index":"index","follow":"follow","max-snippet":"max-snippet:-1","max-image-preview":"max-image-preview:large","max-video-preview":"max-video-preview:-1"},"canonical":"https:\/\/cacaunews.com\/?p=2272","og_locale":"pt_BR","og_type":"article","og_title":"Encontrada a ossada da aposentada Vera L\u00facia Vaz, ap\u00f3s um m\u00eas desaparecida. - Cacau News","og_description":"A aposentada Vera L\u00facia Vaz Vieira, que estava desde o dia 19\/06 desaparecida, foi encontrada....","og_url":"https:\/\/cacaunews.com\/?p=2272","og_site_name":"Cacau News","article_published_time":"2023-07-21T21:27:45+00:00","article_modified_time":"2023-07-21T21:26:53+00:00","og_image":[{"width":1022,"height":1141,"url":"https:\/\/cacaunews.com\/wp-content\/uploads\/2023\/07\/IMG_20230721_182003.jpg","type":"image\/jpeg"}],"author":"Reda\u00e7\u00e3o Cacau News","twitter_card":"summary_large_image","twitter_misc":{"Escrito por":"Reda\u00e7\u00e3o Cacau News"},"schema":{"@context":"https:\/\/schema.org","@graph":[{"@type":"Article","@id":"https:\/\/cacaunews.com\/?p=2272#article","isPartOf":{"@id":"https:\/\/cacaunews.com\/?p=2272"},"author":{"name":"Reda\u00e7\u00e3o Cacau News","@id":"https:\/\/cacaunews.com\/#\/schema\/person\/ea69703103e606ad347ccd64bd72ef79"},"headline":"Encontrada a ossada da aposentada Vera L\u00facia Vaz, ap\u00f3s um m\u00eas desaparecida.","datePublished":"2023-07-21T21:27:45+00:00","dateModified":"2023-07-21T21:26:53+00:00","mainEntityOfPage":{"@id":"https:\/\/cacaunews.com\/?p=2272"},"wordCount":102,"commentCount":0,"publisher":{"@id":"https:\/\/cacaunews.com\/#organization"},"keywords":["encontrada","ilheus","itabuna","ossada","Vera L\u00facia"],"articleSection":["cidades","Jornalismo"],"inLanguage":"pt-BR","potentialAction":[{"@type":"CommentAction","name":"Comment","target":["https:\/\/cacaunews.com\/?p=2272#respond"]}]},{"@type":"WebPage","@id":"https:\/\/cacaunews.com\/?p=2272","url":"https:\/\/cacaunews.com\/?p=2272","name":"Encontrada a ossada da aposentada Vera L\u00facia Vaz, ap\u00f3s um m\u00eas desaparecida. - Cacau News","isPartOf":{"@id":"https:\/\/cacaunews.com\/#website"},"datePublished":"2023-07-21T21:27:45+00:00","dateModified":"2023-07-21T21:26:53+00:00","breadcrumb":{"@id":"https:\/\/cacaunews.com\/?p=2272#breadcrumb"},"inLanguage":"pt-BR","potentialAction":[{"@type":"ReadAction","target":["https:\/\/cacaunews.com\/?p=2272"]}]},{"@type":"BreadcrumbList","@id":"https:\/\/cacaunews.com\/?p=2272#breadcrumb","itemListElement":[{"@type":"ListItem","position":1,"name":"In\u00edcio","item":"https:\/\/cacaunews.com\/"},{"@type":"ListItem","position":2,"name":"Encontrada a ossada da aposentada Vera L\u00facia Vaz, ap\u00f3s um m\u00eas desaparecida."}]},{"@type":"WebSite","@id":"https:\/\/cacaunews.com\/#website","url":"https:\/\/cacaunews.com\/","name":"Cacau News","description":"A Informa\u00e7\u00e3o que voc\u00ea precisa!","publisher":{"@id":"https:\/\/cacaunews.com\/#organization"},"potentialAction":[{"@type":"SearchAction","target":{"@type":"EntryPoint","urlTemplate":"https:\/\/cacaunews.com\/?s={search_term_string}"},"query-input":"required name=search_term_string"}],"inLanguage":"pt-BR"},{"@type":"Organization","@id":"https:\/\/cacaunews.com\/#organization","name":"Cacau News","url":"https:\/\/cacaunews.com\/","logo":{"@type":"ImageObject","inLanguage":"pt-BR","@id":"https:\/\/cacaunews.com\/#\/schema\/logo\/image\/","url":"https:\/\/cacaunews.com\/wp-content\/uploads\/2025\/01\/cropped-LOGO-NOVA.png","contentUrl":"https:\/\/cacaunews.com\/wp-content\/uploads\/2025\/01\/cropped-LOGO-NOVA.png","width":813,"height":813,"caption":"Cacau News"},"image":{"@id":"https:\/\/cacaunews.com\/#\/schema\/logo\/image\/"},"sameAs":["https:\/\/www.instagram.com\/cacaunews.online\/","https:\/\/youtube.com\/@cacaunews?si=0VXLnjl08SrWbVG9"]},{"@type":"Person","@id":"https:\/\/cacaunews.com\/#\/schema\/person\/ea69703103e606ad347ccd64bd72ef79","name":"Reda\u00e7\u00e3o Cacau News","image":{"@type":"ImageObject","inLanguage":"pt-BR","@id":"https:\/\/cacaunews.com\/#\/schema\/person\/image\/","url":"https:\/\/secure.gravatar.com\/avatar\/d79227a2a7b6cc42e8d7a8f7c284cd3a?s=96&d=mm&r=g","contentUrl":"https:\/\/secure.gravatar.com\/avatar\/d79227a2a7b6cc42e8d7a8f7c284cd3a?s=96&d=mm&r=g","caption":"Reda\u00e7\u00e3o Cacau News"},"sameAs":["https:\/\/cacaunews.com"],"url":"https:\/\/cacaunews.com\/?author=1"}]}},"jetpack_sharing_enabled":true,"jetpack_featured_media_url":"https:\/\/cacaunews.com\/wp-content\/uploads\/2023\/07\/IMG_20230721_182003.jpg","_links":{"self":[{"href":"https:\/\/cacaunews.com\/index.php?rest_route=\/wp\/v2\/posts\/2272"}],"collection":[{"href":"https:\/\/cacaunews.com\/index.php?rest_route=\/wp\/v2\/posts"}],"about":[{"href":"https:\/\/cacaunews.com\/index.php?rest_route=\/wp\/v2\/types\/post"}],"author":[{"embeddable":true,"href":"https:\/\/cacaunews.com\/index.php?rest_route=\/wp\/v2\/users\/1"}],"replies":[{"embeddable":true,"href":"https:\/\/cacaunews.com\/index.php?rest_route=%2Fwp%2Fv2%2Fcomments&post=2272"}],"version-history":[{"count":1,"href":"https:\/\/cacaunews.com\/index.php?rest_route=\/wp\/v2\/posts\/2272\/revisions"}],"predecessor-version":[{"id":2273,"href":"https:\/\/cacaunews.com\/index.php?rest_route=\/wp\/v2\/posts\/2272\/revisions\/2273"}],"wp:featuredmedia":[{"embeddable":true,"href":"https:\/\/cacaunews.com\/index.php?rest_route=\/wp\/v2\/media\/2271"}],"wp:attachment":[{"href":"https:\/\/cacaunews.com\/index.php?rest_route=%2Fwp%2Fv2%2Fmedia&parent=2272"}],"wp:term":[{"taxonomy":"category","embeddable":true,"href":"https:\/\/cacaunews.com\/index.php?rest_route=%2Fwp%2Fv2%2Fcategories&post=2272"},{"taxonomy":"post_tag","embeddable":true,"href":"https:\/\/cacaunews.com\/index.php?rest_route=%2Fwp%2Fv2%2Ftags&post=2272"}],"curies":[{"name":"wp","href":"https:\/\/api.w.org\/{rel}","templated":true}]}}