{"id":2305,"date":"2023-07-26T19:31:55","date_gmt":"2023-07-26T19:31:55","guid":{"rendered":"https:\/\/cacaunews.com\/?p=2305"},"modified":"2023-07-26T19:31:01","modified_gmt":"2023-07-26T19:31:01","slug":"ilheus-camara-tera-sessao-especial-em-comemoracao-aos-21-anos-da-ceapa-nesta-quinta-feira-27","status":"publish","type":"post","link":"https:\/\/cacaunews.com\/?p=2305","title":{"rendered":"Ilh\u00e9us: C\u00e2mara ter\u00e1 sess\u00e3o especial em comemora\u00e7\u00e3o aos 21 anos da CEAPA nesta quinta-feira (27)."},"content":{"rendered":"\n<p>Na pr\u00f3xima quinta-feira (27), \u00e0s 14h, o plen\u00e1rio da C\u00e2mara de Vereadores de Ilh\u00e9us sediar\u00e1 uma sess\u00e3o especial em comemora\u00e7\u00e3o aos 21 anos da Central de Apoio e Acompanhamento \u00e0s Penas e Medidas Alternativas (CEAPA).<br><br>Essa entidade \u00e9 respons\u00e1vel pelo acompanhamento e execu\u00e7\u00e3o do Programa de Presta\u00e7\u00e3o de Servi\u00e7o \u00e0 Comunidade (PSC) e Presta\u00e7\u00e3o de Outra Natureza (PON), que encaminha apenados para diferentes institui\u00e7\u00f5es, onde cumprem a pena de acordo com a profiss\u00e3o, gradua\u00e7\u00e3o, conhecimentos ou habilidades que j\u00e1 possu\u00edam anteriormente.<br><br>Atualmente, o N\u00facleo Ilh\u00e9us \u00e9 respons\u00e1vel pelo acompanhamento de 330 pessoas que encontram-se em cumprimento das penas e medidas alternativas. Em 15 anos, j\u00e1 acompanhou mais de 3.200 pessoas das comarcas de Ilh\u00e9us, Itabuna e munic\u00edpios circunvizinhos.<br><br>Para o vereador Cl\u00e1udio Magalh\u00e3es (PCdoB), autor do requerimento e membro da Comiss\u00e3o de Defesa dos Direitos Humanos, Seguridade Social, Fam\u00edlia E Direitos Da Crian\u00e7a e do Adolescente da casa legislativa ilheense, \u00e9 fundamental reconhecer o trabalho da CEAPA para toda a sociedade brasileira.<br><br>\u201cEsse projeto criado pelo Minist\u00e9rio da Justi\u00e7a, em 2002, efetivado aqui na Bahia em 2007, tem um papel importante para esses apenados, dando dignidade e ajudando na ressocializa\u00e7\u00e3o dessas pessoas. Milhares j\u00e1 foram beneficiados com essa pol\u00edtica p\u00fablica, por tudo que a CEAPA representa, vamos homenagear os 21 anos desta institui\u00e7\u00e3o\u201d, justificou.<\/p>\n\n\n\n<p>Com Informa\u00e7\u00f5es Tribuna.<\/p>\n","protected":false},"excerpt":{"rendered":"<p>Na pr\u00f3xima quinta-feira (27), \u00e0s 14h, o plen\u00e1rio da C\u00e2mara de Vereadores de Ilh\u00e9us sediar\u00e1&#8230;<\/p>\n","protected":false},"author":1,"featured_media":2304,"comment_status":"open","ping_status":"open","sticky":false,"template":"","format":"standard","meta":{"footnotes":""},"categories":[18,11],"tags":[56,921,37,412],"yoast_head":"<!-- This site is optimized with the Yoast SEO plugin v21.7 - https:\/\/yoast.com\/wordpress\/plugins\/seo\/ -->\n<title>Ilh\u00e9us: C\u00e2mara ter\u00e1 sess\u00e3o especial em comemora\u00e7\u00e3o aos 21 anos da CEAPA nesta quinta-feira (27). - Cacau News<\/title>\n<meta name=\"robots\" content=\"index, follow, max-snippet:-1, max-image-preview:large, max-video-preview:-1\" \/>\n<link rel=\"canonical\" href=\"https:\/\/cacaunews.com\/?p=2305\" \/>\n<meta property=\"og:locale\" content=\"pt_BR\" \/>\n<meta property=\"og:type\" content=\"article\" \/>\n<meta property=\"og:title\" content=\"Ilh\u00e9us: C\u00e2mara ter\u00e1 sess\u00e3o especial em comemora\u00e7\u00e3o aos 21 anos da CEAPA nesta quinta-feira (27). - Cacau News\" \/>\n<meta property=\"og:description\" content=\"Na pr\u00f3xima quinta-feira (27), \u00e0s 14h, o plen\u00e1rio da C\u00e2mara de Vereadores de Ilh\u00e9us sediar\u00e1...\" \/>\n<meta property=\"og:url\" content=\"https:\/\/cacaunews.com\/?p=2305\" \/>\n<meta property=\"og:site_name\" content=\"Cacau News\" \/>\n<meta property=\"article:published_time\" content=\"2023-07-26T19:31:55+00:00\" \/>\n<meta property=\"article:modified_time\" content=\"2023-07-26T19:31:01+00:00\" \/>\n<meta property=\"og:image\" content=\"https:\/\/cacaunews.com\/wp-content\/uploads\/2023\/07\/45.jpg\" \/>\n\t<meta property=\"og:image:width\" content=\"738\" \/>\n\t<meta property=\"og:image:height\" content=\"416\" \/>\n\t<meta property=\"og:image:type\" content=\"image\/jpeg\" \/>\n<meta name=\"author\" content=\"Reda\u00e7\u00e3o Cacau News\" \/>\n<meta name=\"twitter:card\" content=\"summary_large_image\" \/>\n<meta name=\"twitter:label1\" content=\"Escrito por\" \/>\n\t<meta name=\"twitter:data1\" content=\"Reda\u00e7\u00e3o Cacau News\" \/>\n\t<meta name=\"twitter:label2\" content=\"Est. tempo de leitura\" \/>\n\t<meta name=\"twitter:data2\" content=\"1 minuto\" \/>\n<script type=\"application\/ld+json\" class=\"yoast-schema-graph\">{\"@context\":\"https:\/\/schema.org\",\"@graph\":[{\"@type\":\"Article\",\"@id\":\"https:\/\/cacaunews.com\/?p=2305#article\",\"isPartOf\":{\"@id\":\"https:\/\/cacaunews.com\/?p=2305\"},\"author\":{\"name\":\"Reda\u00e7\u00e3o Cacau News\",\"@id\":\"https:\/\/cacaunews.com\/#\/schema\/person\/ea69703103e606ad347ccd64bd72ef79\"},\"headline\":\"Ilh\u00e9us: C\u00e2mara ter\u00e1 sess\u00e3o especial em comemora\u00e7\u00e3o aos 21 anos da CEAPA nesta quinta-feira (27).\",\"datePublished\":\"2023-07-26T19:31:55+00:00\",\"dateModified\":\"2023-07-26T19:31:01+00:00\",\"mainEntityOfPage\":{\"@id\":\"https:\/\/cacaunews.com\/?p=2305\"},\"wordCount\":254,\"commentCount\":0,\"publisher\":{\"@id\":\"https:\/\/cacaunews.com\/#organization\"},\"keywords\":[\"c\u00e2mara\",\"ceapa\",\"ilheus\",\"sess\u00e3o\"],\"articleSection\":[\"cidades\",\"Jornalismo\"],\"inLanguage\":\"pt-BR\",\"potentialAction\":[{\"@type\":\"CommentAction\",\"name\":\"Comment\",\"target\":[\"https:\/\/cacaunews.com\/?p=2305#respond\"]}]},{\"@type\":\"WebPage\",\"@id\":\"https:\/\/cacaunews.com\/?p=2305\",\"url\":\"https:\/\/cacaunews.com\/?p=2305\",\"name\":\"Ilh\u00e9us: C\u00e2mara ter\u00e1 sess\u00e3o especial em comemora\u00e7\u00e3o aos 21 anos da CEAPA nesta quinta-feira (27). - Cacau News\",\"isPartOf\":{\"@id\":\"https:\/\/cacaunews.com\/#website\"},\"datePublished\":\"2023-07-26T19:31:55+00:00\",\"dateModified\":\"2023-07-26T19:31:01+00:00\",\"breadcrumb\":{\"@id\":\"https:\/\/cacaunews.com\/?p=2305#breadcrumb\"},\"inLanguage\":\"pt-BR\",\"potentialAction\":[{\"@type\":\"ReadAction\",\"target\":[\"https:\/\/cacaunews.com\/?p=2305\"]}]},{\"@type\":\"BreadcrumbList\",\"@id\":\"https:\/\/cacaunews.com\/?p=2305#breadcrumb\",\"itemListElement\":[{\"@type\":\"ListItem\",\"position\":1,\"name\":\"In\u00edcio\",\"item\":\"https:\/\/cacaunews.com\/\"},{\"@type\":\"ListItem\",\"position\":2,\"name\":\"Ilh\u00e9us: C\u00e2mara ter\u00e1 sess\u00e3o especial em comemora\u00e7\u00e3o aos 21 anos da CEAPA nesta quinta-feira (27).\"}]},{\"@type\":\"WebSite\",\"@id\":\"https:\/\/cacaunews.com\/#website\",\"url\":\"https:\/\/cacaunews.com\/\",\"name\":\"Cacau News\",\"description\":\"A Informa\u00e7\u00e3o que voc\u00ea precisa!\",\"publisher\":{\"@id\":\"https:\/\/cacaunews.com\/#organization\"},\"potentialAction\":[{\"@type\":\"SearchAction\",\"target\":{\"@type\":\"EntryPoint\",\"urlTemplate\":\"https:\/\/cacaunews.com\/?s={search_term_string}\"},\"query-input\":\"required name=search_term_string\"}],\"inLanguage\":\"pt-BR\"},{\"@type\":\"Organization\",\"@id\":\"https:\/\/cacaunews.com\/#organization\",\"name\":\"Cacau News\",\"url\":\"https:\/\/cacaunews.com\/\",\"logo\":{\"@type\":\"ImageObject\",\"inLanguage\":\"pt-BR\",\"@id\":\"https:\/\/cacaunews.com\/#\/schema\/logo\/image\/\",\"url\":\"https:\/\/cacaunews.com\/wp-content\/uploads\/2025\/01\/cropped-LOGO-NOVA.png\",\"contentUrl\":\"https:\/\/cacaunews.com\/wp-content\/uploads\/2025\/01\/cropped-LOGO-NOVA.png\",\"width\":813,\"height\":813,\"caption\":\"Cacau News\"},\"image\":{\"@id\":\"https:\/\/cacaunews.com\/#\/schema\/logo\/image\/\"},\"sameAs\":[\"https:\/\/www.instagram.com\/cacaunews.online\/\",\"https:\/\/youtube.com\/@cacaunews?si=0VXLnjl08SrWbVG9\"]},{\"@type\":\"Person\",\"@id\":\"https:\/\/cacaunews.com\/#\/schema\/person\/ea69703103e606ad347ccd64bd72ef79\",\"name\":\"Reda\u00e7\u00e3o Cacau News\",\"image\":{\"@type\":\"ImageObject\",\"inLanguage\":\"pt-BR\",\"@id\":\"https:\/\/cacaunews.com\/#\/schema\/person\/image\/\",\"url\":\"https:\/\/secure.gravatar.com\/avatar\/d79227a2a7b6cc42e8d7a8f7c284cd3a?s=96&d=mm&r=g\",\"contentUrl\":\"https:\/\/secure.gravatar.com\/avatar\/d79227a2a7b6cc42e8d7a8f7c284cd3a?s=96&d=mm&r=g\",\"caption\":\"Reda\u00e7\u00e3o Cacau News\"},\"sameAs\":[\"https:\/\/cacaunews.com\"],\"url\":\"https:\/\/cacaunews.com\/?author=1\"}]}<\/script>\n<!-- \/ Yoast SEO plugin. -->","yoast_head_json":{"title":"Ilh\u00e9us: C\u00e2mara ter\u00e1 sess\u00e3o especial em comemora\u00e7\u00e3o aos 21 anos da CEAPA nesta quinta-feira (27). - Cacau News","robots":{"index":"index","follow":"follow","max-snippet":"max-snippet:-1","max-image-preview":"max-image-preview:large","max-video-preview":"max-video-preview:-1"},"canonical":"https:\/\/cacaunews.com\/?p=2305","og_locale":"pt_BR","og_type":"article","og_title":"Ilh\u00e9us: C\u00e2mara ter\u00e1 sess\u00e3o especial em comemora\u00e7\u00e3o aos 21 anos da CEAPA nesta quinta-feira (27). - Cacau News","og_description":"Na pr\u00f3xima quinta-feira (27), \u00e0s 14h, o plen\u00e1rio da C\u00e2mara de Vereadores de Ilh\u00e9us sediar\u00e1...","og_url":"https:\/\/cacaunews.com\/?p=2305","og_site_name":"Cacau News","article_published_time":"2023-07-26T19:31:55+00:00","article_modified_time":"2023-07-26T19:31:01+00:00","og_image":[{"width":738,"height":416,"url":"https:\/\/cacaunews.com\/wp-content\/uploads\/2023\/07\/45.jpg","type":"image\/jpeg"}],"author":"Reda\u00e7\u00e3o Cacau News","twitter_card":"summary_large_image","twitter_misc":{"Escrito por":"Reda\u00e7\u00e3o Cacau News","Est. tempo de leitura":"1 minuto"},"schema":{"@context":"https:\/\/schema.org","@graph":[{"@type":"Article","@id":"https:\/\/cacaunews.com\/?p=2305#article","isPartOf":{"@id":"https:\/\/cacaunews.com\/?p=2305"},"author":{"name":"Reda\u00e7\u00e3o Cacau News","@id":"https:\/\/cacaunews.com\/#\/schema\/person\/ea69703103e606ad347ccd64bd72ef79"},"headline":"Ilh\u00e9us: C\u00e2mara ter\u00e1 sess\u00e3o especial em comemora\u00e7\u00e3o aos 21 anos da CEAPA nesta quinta-feira (27).","datePublished":"2023-07-26T19:31:55+00:00","dateModified":"2023-07-26T19:31:01+00:00","mainEntityOfPage":{"@id":"https:\/\/cacaunews.com\/?p=2305"},"wordCount":254,"commentCount":0,"publisher":{"@id":"https:\/\/cacaunews.com\/#organization"},"keywords":["c\u00e2mara","ceapa","ilheus","sess\u00e3o"],"articleSection":["cidades","Jornalismo"],"inLanguage":"pt-BR","potentialAction":[{"@type":"CommentAction","name":"Comment","target":["https:\/\/cacaunews.com\/?p=2305#respond"]}]},{"@type":"WebPage","@id":"https:\/\/cacaunews.com\/?p=2305","url":"https:\/\/cacaunews.com\/?p=2305","name":"Ilh\u00e9us: C\u00e2mara ter\u00e1 sess\u00e3o especial em comemora\u00e7\u00e3o aos 21 anos da CEAPA nesta quinta-feira (27). - Cacau News","isPartOf":{"@id":"https:\/\/cacaunews.com\/#website"},"datePublished":"2023-07-26T19:31:55+00:00","dateModified":"2023-07-26T19:31:01+00:00","breadcrumb":{"@id":"https:\/\/cacaunews.com\/?p=2305#breadcrumb"},"inLanguage":"pt-BR","potentialAction":[{"@type":"ReadAction","target":["https:\/\/cacaunews.com\/?p=2305"]}]},{"@type":"BreadcrumbList","@id":"https:\/\/cacaunews.com\/?p=2305#breadcrumb","itemListElement":[{"@type":"ListItem","position":1,"name":"In\u00edcio","item":"https:\/\/cacaunews.com\/"},{"@type":"ListItem","position":2,"name":"Ilh\u00e9us: C\u00e2mara ter\u00e1 sess\u00e3o especial em comemora\u00e7\u00e3o aos 21 anos da CEAPA nesta quinta-feira (27)."}]},{"@type":"WebSite","@id":"https:\/\/cacaunews.com\/#website","url":"https:\/\/cacaunews.com\/","name":"Cacau News","description":"A Informa\u00e7\u00e3o que voc\u00ea precisa!","publisher":{"@id":"https:\/\/cacaunews.com\/#organization"},"potentialAction":[{"@type":"SearchAction","target":{"@type":"EntryPoint","urlTemplate":"https:\/\/cacaunews.com\/?s={search_term_string}"},"query-input":"required name=search_term_string"}],"inLanguage":"pt-BR"},{"@type":"Organization","@id":"https:\/\/cacaunews.com\/#organization","name":"Cacau News","url":"https:\/\/cacaunews.com\/","logo":{"@type":"ImageObject","inLanguage":"pt-BR","@id":"https:\/\/cacaunews.com\/#\/schema\/logo\/image\/","url":"https:\/\/cacaunews.com\/wp-content\/uploads\/2025\/01\/cropped-LOGO-NOVA.png","contentUrl":"https:\/\/cacaunews.com\/wp-content\/uploads\/2025\/01\/cropped-LOGO-NOVA.png","width":813,"height":813,"caption":"Cacau News"},"image":{"@id":"https:\/\/cacaunews.com\/#\/schema\/logo\/image\/"},"sameAs":["https:\/\/www.instagram.com\/cacaunews.online\/","https:\/\/youtube.com\/@cacaunews?si=0VXLnjl08SrWbVG9"]},{"@type":"Person","@id":"https:\/\/cacaunews.com\/#\/schema\/person\/ea69703103e606ad347ccd64bd72ef79","name":"Reda\u00e7\u00e3o Cacau News","image":{"@type":"ImageObject","inLanguage":"pt-BR","@id":"https:\/\/cacaunews.com\/#\/schema\/person\/image\/","url":"https:\/\/secure.gravatar.com\/avatar\/d79227a2a7b6cc42e8d7a8f7c284cd3a?s=96&d=mm&r=g","contentUrl":"https:\/\/secure.gravatar.com\/avatar\/d79227a2a7b6cc42e8d7a8f7c284cd3a?s=96&d=mm&r=g","caption":"Reda\u00e7\u00e3o Cacau News"},"sameAs":["https:\/\/cacaunews.com"],"url":"https:\/\/cacaunews.com\/?author=1"}]}},"jetpack_sharing_enabled":true,"jetpack_featured_media_url":"https:\/\/cacaunews.com\/wp-content\/uploads\/2023\/07\/45.jpg","_links":{"self":[{"href":"https:\/\/cacaunews.com\/index.php?rest_route=\/wp\/v2\/posts\/2305"}],"collection":[{"href":"https:\/\/cacaunews.com\/index.php?rest_route=\/wp\/v2\/posts"}],"about":[{"href":"https:\/\/cacaunews.com\/index.php?rest_route=\/wp\/v2\/types\/post"}],"author":[{"embeddable":true,"href":"https:\/\/cacaunews.com\/index.php?rest_route=\/wp\/v2\/users\/1"}],"replies":[{"embeddable":true,"href":"https:\/\/cacaunews.com\/index.php?rest_route=%2Fwp%2Fv2%2Fcomments&post=2305"}],"version-history":[{"count":1,"href":"https:\/\/cacaunews.com\/index.php?rest_route=\/wp\/v2\/posts\/2305\/revisions"}],"predecessor-version":[{"id":2306,"href":"https:\/\/cacaunews.com\/index.php?rest_route=\/wp\/v2\/posts\/2305\/revisions\/2306"}],"wp:featuredmedia":[{"embeddable":true,"href":"https:\/\/cacaunews.com\/index.php?rest_route=\/wp\/v2\/media\/2304"}],"wp:attachment":[{"href":"https:\/\/cacaunews.com\/index.php?rest_route=%2Fwp%2Fv2%2Fmedia&parent=2305"}],"wp:term":[{"taxonomy":"category","embeddable":true,"href":"https:\/\/cacaunews.com\/index.php?rest_route=%2Fwp%2Fv2%2Fcategories&post=2305"},{"taxonomy":"post_tag","embeddable":true,"href":"https:\/\/cacaunews.com\/index.php?rest_route=%2Fwp%2Fv2%2Ftags&post=2305"}],"curies":[{"name":"wp","href":"https:\/\/api.w.org\/{rel}","templated":true}]}}